{"id":2674,"date":"2024-05-17T18:04:00","date_gmt":"2024-05-17T18:04:00","guid":{"rendered":"https:\/\/anam.org.gt\/inicio\/?p=2674"},"modified":"2024-10-29T18:59:15","modified_gmt":"2024-10-29T18:59:15","slug":"convenio-corte-de-constitucionalidad","status":"publish","type":"post","link":"https:\/\/anam.org.gt\/inicio\/convenio-corte-de-constitucionalidad\/","title":{"rendered":"Convenio Corte de Constitucionalidad"},"content":{"rendered":"\t\t<div data-elementor-type=\"wp-post\" data-elementor-id=\"2674\" class=\"elementor elementor-2674\">\n\t\t\t\t<section class=\"elementor-section elementor-top-section elementor-element elementor-element-fd57462 elementor-section-boxed elementor-section-height-default elementor-section-height-default\" data-id=\"fd57462\" data-element_type=\"section\">\n\t\t\t\t\t\t<div class=\"elementor-container elementor-column-gap-default\">\n\t\t\t\t\t<div class=\"elementor-column elementor-col-100 elementor-top-column elementor-element elementor-element-68496fb\" data-id=\"68496fb\" data-element_type=\"column\">\n\t\t\t<div class=\"elementor-widget-wrap elementor-element-populated\">\n\t\t\t\t\t\t<div class=\"elementor-element elementor-element-c732e5c elementor-widget elementor-widget-text-editor\" data-id=\"c732e5c\" data-element_type=\"widget\" data-widget_type=\"text-editor.default\">\n\t\t\t\t<div class=\"elementor-widget-container\">\n\t\t\t\t\t\t\t\t\t<p><\/p><h2>ANAM y la Corte de Constitucionalidad suscriben Convenio para fortalecer la gesti\u00f3n municipal<\/h2><p>En un acto protocolario celebrado entre la Asociaci\u00f3n Nacional de Municipalidades (ANAM) y la Corte de Constitucionalidad firmaron un importante Convenio de Cooperaci\u00f3n.<\/p><p>El convenio fue suscrito por el Presidente de la ANAM, Sebasti\u00e1n Siero, que beneficia directamente a las 340 municipalidades que conforman la asociaci\u00f3n. Este acuerdo busca fortalecer las capacidades institucionales de los gobiernos locales mediante la promoci\u00f3n de una gesti\u00f3n municipal m\u00e1s eficiente y efectiva, basada en el conocimiento y la aplicaci\u00f3n de los principios constitucionales.<\/p><p>Durante el evento, el presidente de la ANAM, Sebasti\u00e1n Siero, resalt\u00f3 la importancia de este convenio para las municipalidades, subrayando que su gesti\u00f3n ha estado enfocada en brindar herramientas para mejorar la administraci\u00f3n p\u00fablica municipal y garantizar que las decisiones locales est\u00e9n alineadas con los preceptos constitucionales. \u00abEste convenio no solo refuerza el compromiso de las municipalidades con el respeto a la Constituci\u00f3n, sino que tambi\u00e9n es un paso clave para garantizar que cada municipio tenga las capacidades necesarias para enfrentar los desaf\u00edos de la gesti\u00f3n p\u00fablica\u00bb, destac\u00f3 Siero.<\/p><p>Con esta firma, ANAM contin\u00faa su labor de impulsar el desarrollo municipal y fortalecer el liderazgo local, bajo la gesti\u00f3n visionaria del Presidente Sebasti\u00e1n Siero.<\/p><p><\/p>\t\t\t\t\t\t\t\t<\/div>\n\t\t\t\t<\/div>\n\t\t\t\t\t<\/div>\n\t\t<\/div>\n\t\t\t\t\t<\/div>\n\t\t<\/section>\t\t<\/div>\n\t\t","protected":false},"excerpt":{"rendered":"<p>ANAM y la Corte de Constitucionalidad suscriben Convenio para fortalecer la gesti\u00f3n municipal En un acto protocolario celebrado entre la Asociaci\u00f3n Nacional de Municipalidades (ANAM) y la Corte de Constitucionalidad firmaron un importante Convenio de Cooperaci\u00f3n. El convenio fue suscrito por el Presidente de la ANAM, Sebasti\u00e1n Siero, que beneficia directamente a las 340 municipalidades [&hellip;]<\/p>\n","protected":false},"author":7,"featured_media":2680,"comment_status":"open","ping_status":"open","sticky":false,"template":"","format":"standard","meta":{"footnotes":""},"categories":[1],"tags":[],"class_list":["post-2674","post","type-post","status-publish","format-standard","has-post-thumbnail","hentry","category-anam"],"yoast_head":"<!-- This site is optimized with the Yoast SEO plugin v27.0 - https:\/\/yoast.com\/product\/yoast-seo-wordpress\/ -->\n<title>Convenio Corte de Constitucionalidad - ANAM<\/title>\n<meta name=\"robots\" content=\"index, follow, max-snippet:-1, max-image-preview:large, max-video-preview:-1\" \/>\n<link rel=\"canonical\" href=\"https:\/\/anam.org.gt\/inicio\/convenio-corte-de-constitucionalidad\/\" \/>\n<meta property=\"og:locale\" content=\"es_ES\" \/>\n<meta property=\"og:type\" content=\"article\" \/>\n<meta property=\"og:title\" content=\"Convenio Corte de Constitucionalidad - ANAM\" \/>\n<meta property=\"og:description\" content=\"ANAM y la Corte de Constitucionalidad suscriben Convenio para fortalecer la gesti\u00f3n municipal En un acto protocolario celebrado entre la Asociaci\u00f3n Nacional de Municipalidades (ANAM) y la Corte de Constitucionalidad firmaron un importante Convenio de Cooperaci\u00f3n. El convenio fue suscrito por el Presidente de la ANAM, Sebasti\u00e1n Siero, que beneficia directamente a las 340 municipalidades [&hellip;]\" \/>\n<meta property=\"og:url\" content=\"https:\/\/anam.org.gt\/inicio\/convenio-corte-de-constitucionalidad\/\" \/>\n<meta property=\"og:site_name\" content=\"ANAM\" \/>\n<meta property=\"article:publisher\" content=\"https:\/\/www.facebook.com\/ANAMGuatemala.org.gt\" \/>\n<meta property=\"article:published_time\" content=\"2024-05-17T18:04:00+00:00\" \/>\n<meta property=\"article:modified_time\" content=\"2024-10-29T18:59:15+00:00\" \/>\n<meta property=\"og:image\" content=\"https:\/\/anam.org.gt\/inicio\/wp-content\/uploads\/2024\/09\/1.jpg\" \/>\n\t<meta property=\"og:image:width\" content=\"1600\" \/>\n\t<meta property=\"og:image:height\" content=\"1066\" \/>\n\t<meta property=\"og:image:type\" content=\"image\/jpeg\" \/>\n<meta name=\"author\" content=\"Redacci\u00f3n ANAM\" \/>\n<meta name=\"twitter:card\" content=\"summary_large_image\" \/>\n<meta name=\"twitter:creator\" content=\"@ANAM_Guatemala\" \/>\n<meta name=\"twitter:site\" content=\"@ANAM_Guatemala\" \/>\n<meta name=\"twitter:label1\" content=\"Escrito por\" \/>\n\t<meta name=\"twitter:data1\" content=\"Redacci\u00f3n ANAM\" \/>\n\t<meta name=\"twitter:label2\" content=\"Tiempo de lectura\" \/>\n\t<meta name=\"twitter:data2\" content=\"1 minuto\" \/>\n<script type=\"application\/ld+json\" class=\"yoast-schema-graph\">{\"@context\":\"https:\/\/schema.org\",\"@graph\":[{\"@type\":\"Article\",\"@id\":\"https:\/\/anam.org.gt\/inicio\/convenio-corte-de-constitucionalidad\/#article\",\"isPartOf\":{\"@id\":\"https:\/\/anam.org.gt\/inicio\/convenio-corte-de-constitucionalidad\/\"},\"author\":{\"name\":\"Redacci\u00f3n ANAM\",\"@id\":\"https:\/\/anam.org.gt\/inicio\/#\/schema\/person\/414b1b5634500f1c6a9b3a2fd14b09ae\"},\"headline\":\"Convenio Corte de Constitucionalidad\",\"datePublished\":\"2024-05-17T18:04:00+00:00\",\"dateModified\":\"2024-10-29T18:59:15+00:00\",\"mainEntityOfPage\":{\"@id\":\"https:\/\/anam.org.gt\/inicio\/convenio-corte-de-constitucionalidad\/\"},\"wordCount\":231,\"commentCount\":0,\"publisher\":{\"@id\":\"https:\/\/anam.org.gt\/inicio\/#organization\"},\"image\":{\"@id\":\"https:\/\/anam.org.gt\/inicio\/convenio-corte-de-constitucionalidad\/#primaryimage\"},\"thumbnailUrl\":\"https:\/\/anam.org.gt\/inicio\/wp-content\/uploads\/2024\/09\/1.jpg\",\"articleSection\":[\"ANAM\"],\"inLanguage\":\"es\",\"potentialAction\":[{\"@type\":\"CommentAction\",\"name\":\"Comment\",\"target\":[\"https:\/\/anam.org.gt\/inicio\/convenio-corte-de-constitucionalidad\/#respond\"]}]},{\"@type\":\"WebPage\",\"@id\":\"https:\/\/anam.org.gt\/inicio\/convenio-corte-de-constitucionalidad\/\",\"url\":\"https:\/\/anam.org.gt\/inicio\/convenio-corte-de-constitucionalidad\/\",\"name\":\"Convenio Corte de Constitucionalidad - ANAM\",\"isPartOf\":{\"@id\":\"https:\/\/anam.org.gt\/inicio\/#website\"},\"primaryImageOfPage\":{\"@id\":\"https:\/\/anam.org.gt\/inicio\/convenio-corte-de-constitucionalidad\/#primaryimage\"},\"image\":{\"@id\":\"https:\/\/anam.org.gt\/inicio\/convenio-corte-de-constitucionalidad\/#primaryimage\"},\"thumbnailUrl\":\"https:\/\/anam.org.gt\/inicio\/wp-content\/uploads\/2024\/09\/1.jpg\",\"datePublished\":\"2024-05-17T18:04:00+00:00\",\"dateModified\":\"2024-10-29T18:59:15+00:00\",\"breadcrumb\":{\"@id\":\"https:\/\/anam.org.gt\/inicio\/convenio-corte-de-constitucionalidad\/#breadcrumb\"},\"inLanguage\":\"es\",\"potentialAction\":[{\"@type\":\"ReadAction\",\"target\":[\"https:\/\/anam.org.gt\/inicio\/convenio-corte-de-constitucionalidad\/\"]}]},{\"@type\":\"ImageObject\",\"inLanguage\":\"es\",\"@id\":\"https:\/\/anam.org.gt\/inicio\/convenio-corte-de-constitucionalidad\/#primaryimage\",\"url\":\"https:\/\/anam.org.gt\/inicio\/wp-content\/uploads\/2024\/09\/1.jpg\",\"contentUrl\":\"https:\/\/anam.org.gt\/inicio\/wp-content\/uploads\/2024\/09\/1.jpg\",\"width\":1600,\"height\":1066},{\"@type\":\"BreadcrumbList\",\"@id\":\"https:\/\/anam.org.gt\/inicio\/convenio-corte-de-constitucionalidad\/#breadcrumb\",\"itemListElement\":[{\"@type\":\"ListItem\",\"position\":1,\"name\":\"Portada\",\"item\":\"https:\/\/anam.org.gt\/inicio\/\"},{\"@type\":\"ListItem\",\"position\":2,\"name\":\"Convenio Corte de Constitucionalidad\"}]},{\"@type\":\"WebSite\",\"@id\":\"https:\/\/anam.org.gt\/inicio\/#website\",\"url\":\"https:\/\/anam.org.gt\/inicio\/\",\"name\":\"ANAM\",\"description\":\"Asociaci\u00f3n Nacional de Municipalidades de la Rep\u00fablica de Guatemala\",\"publisher\":{\"@id\":\"https:\/\/anam.org.gt\/inicio\/#organization\"},\"potentialAction\":[{\"@type\":\"SearchAction\",\"target\":{\"@type\":\"EntryPoint\",\"urlTemplate\":\"https:\/\/anam.org.gt\/inicio\/?s={search_term_string}\"},\"query-input\":{\"@type\":\"PropertyValueSpecification\",\"valueRequired\":true,\"valueName\":\"search_term_string\"}}],\"inLanguage\":\"es\"},{\"@type\":\"Organization\",\"@id\":\"https:\/\/anam.org.gt\/inicio\/#organization\",\"name\":\"Asociaci\u00f3n Nacional de Municipalidades de la Rep\u00fablica de Guatemala\",\"url\":\"https:\/\/anam.org.gt\/inicio\/\",\"logo\":{\"@type\":\"ImageObject\",\"inLanguage\":\"es\",\"@id\":\"https:\/\/anam.org.gt\/inicio\/#\/schema\/logo\/image\/\",\"url\":\"https:\/\/anam.org.gt\/inicio\/wp-content\/uploads\/2026\/02\/logo-anam-central-1.png\",\"contentUrl\":\"https:\/\/anam.org.gt\/inicio\/wp-content\/uploads\/2026\/02\/logo-anam-central-1.png\",\"width\":600,\"height\":280,\"caption\":\"Asociaci\u00f3n Nacional de Municipalidades de la Rep\u00fablica de Guatemala\"},\"image\":{\"@id\":\"https:\/\/anam.org.gt\/inicio\/#\/schema\/logo\/image\/\"},\"sameAs\":[\"https:\/\/www.facebook.com\/ANAMGuatemala.org.gt\",\"https:\/\/x.com\/ANAM_Guatemala\",\"https:\/\/www.instagram.com\/anam_guatemala\/?hl=es\"]},{\"@type\":\"Person\",\"@id\":\"https:\/\/anam.org.gt\/inicio\/#\/schema\/person\/414b1b5634500f1c6a9b3a2fd14b09ae\",\"name\":\"Redacci\u00f3n ANAM\",\"image\":{\"@type\":\"ImageObject\",\"inLanguage\":\"es\",\"@id\":\"https:\/\/anam.org.gt\/inicio\/#\/schema\/person\/image\/\",\"url\":\"https:\/\/secure.gravatar.com\/avatar\/0932cae5df2e01a8bfd567ed2bbb9506a207e748a2fc5b69edc148b2ea83c2cc?s=96&d=mm&r=g\",\"contentUrl\":\"https:\/\/secure.gravatar.com\/avatar\/0932cae5df2e01a8bfd567ed2bbb9506a207e748a2fc5b69edc148b2ea83c2cc?s=96&d=mm&r=g\",\"caption\":\"Redacci\u00f3n ANAM\"},\"url\":\"https:\/\/anam.org.gt\/inicio\/author\/redaccion\/\"}]}<\/script>\n<!-- \/ Yoast SEO plugin. -->","yoast_head_json":{"title":"Convenio Corte de Constitucionalidad - ANAM","robots":{"index":"index","follow":"follow","max-snippet":"max-snippet:-1","max-image-preview":"max-image-preview:large","max-video-preview":"max-video-preview:-1"},"canonical":"https:\/\/anam.org.gt\/inicio\/convenio-corte-de-constitucionalidad\/","og_locale":"es_ES","og_type":"article","og_title":"Convenio Corte de Constitucionalidad - ANAM","og_description":"ANAM y la Corte de Constitucionalidad suscriben Convenio para fortalecer la gesti\u00f3n municipal En un acto protocolario celebrado entre la Asociaci\u00f3n Nacional de Municipalidades (ANAM) y la Corte de Constitucionalidad firmaron un importante Convenio de Cooperaci\u00f3n. El convenio fue suscrito por el Presidente de la ANAM, Sebasti\u00e1n Siero, que beneficia directamente a las 340 municipalidades [&hellip;]","og_url":"https:\/\/anam.org.gt\/inicio\/convenio-corte-de-constitucionalidad\/","og_site_name":"ANAM","article_publisher":"https:\/\/www.facebook.com\/ANAMGuatemala.org.gt","article_published_time":"2024-05-17T18:04:00+00:00","article_modified_time":"2024-10-29T18:59:15+00:00","og_image":[{"width":1600,"height":1066,"url":"https:\/\/anam.org.gt\/inicio\/wp-content\/uploads\/2024\/09\/1.jpg","type":"image\/jpeg"}],"author":"Redacci\u00f3n ANAM","twitter_card":"summary_large_image","twitter_creator":"@ANAM_Guatemala","twitter_site":"@ANAM_Guatemala","twitter_misc":{"Escrito por":"Redacci\u00f3n ANAM","Tiempo de lectura":"1 minuto"},"schema":{"@context":"https:\/\/schema.org","@graph":[{"@type":"Article","@id":"https:\/\/anam.org.gt\/inicio\/convenio-corte-de-constitucionalidad\/#article","isPartOf":{"@id":"https:\/\/anam.org.gt\/inicio\/convenio-corte-de-constitucionalidad\/"},"author":{"name":"Redacci\u00f3n ANAM","@id":"https:\/\/anam.org.gt\/inicio\/#\/schema\/person\/414b1b5634500f1c6a9b3a2fd14b09ae"},"headline":"Convenio Corte de Constitucionalidad","datePublished":"2024-05-17T18:04:00+00:00","dateModified":"2024-10-29T18:59:15+00:00","mainEntityOfPage":{"@id":"https:\/\/anam.org.gt\/inicio\/convenio-corte-de-constitucionalidad\/"},"wordCount":231,"commentCount":0,"publisher":{"@id":"https:\/\/anam.org.gt\/inicio\/#organization"},"image":{"@id":"https:\/\/anam.org.gt\/inicio\/convenio-corte-de-constitucionalidad\/#primaryimage"},"thumbnailUrl":"https:\/\/anam.org.gt\/inicio\/wp-content\/uploads\/2024\/09\/1.jpg","articleSection":["ANAM"],"inLanguage":"es","potentialAction":[{"@type":"CommentAction","name":"Comment","target":["https:\/\/anam.org.gt\/inicio\/convenio-corte-de-constitucionalidad\/#respond"]}]},{"@type":"WebPage","@id":"https:\/\/anam.org.gt\/inicio\/convenio-corte-de-constitucionalidad\/","url":"https:\/\/anam.org.gt\/inicio\/convenio-corte-de-constitucionalidad\/","name":"Convenio Corte de Constitucionalidad - ANAM","isPartOf":{"@id":"https:\/\/anam.org.gt\/inicio\/#website"},"primaryImageOfPage":{"@id":"https:\/\/anam.org.gt\/inicio\/convenio-corte-de-constitucionalidad\/#primaryimage"},"image":{"@id":"https:\/\/anam.org.gt\/inicio\/convenio-corte-de-constitucionalidad\/#primaryimage"},"thumbnailUrl":"https:\/\/anam.org.gt\/inicio\/wp-content\/uploads\/2024\/09\/1.jpg","datePublished":"2024-05-17T18:04:00+00:00","dateModified":"2024-10-29T18:59:15+00:00","breadcrumb":{"@id":"https:\/\/anam.org.gt\/inicio\/convenio-corte-de-constitucionalidad\/#breadcrumb"},"inLanguage":"es","potentialAction":[{"@type":"ReadAction","target":["https:\/\/anam.org.gt\/inicio\/convenio-corte-de-constitucionalidad\/"]}]},{"@type":"ImageObject","inLanguage":"es","@id":"https:\/\/anam.org.gt\/inicio\/convenio-corte-de-constitucionalidad\/#primaryimage","url":"https:\/\/anam.org.gt\/inicio\/wp-content\/uploads\/2024\/09\/1.jpg","contentUrl":"https:\/\/anam.org.gt\/inicio\/wp-content\/uploads\/2024\/09\/1.jpg","width":1600,"height":1066},{"@type":"BreadcrumbList","@id":"https:\/\/anam.org.gt\/inicio\/convenio-corte-de-constitucionalidad\/#breadcrumb","itemListElement":[{"@type":"ListItem","position":1,"name":"Portada","item":"https:\/\/anam.org.gt\/inicio\/"},{"@type":"ListItem","position":2,"name":"Convenio Corte de Constitucionalidad"}]},{"@type":"WebSite","@id":"https:\/\/anam.org.gt\/inicio\/#website","url":"https:\/\/anam.org.gt\/inicio\/","name":"ANAM","description":"Asociaci\u00f3n Nacional de Municipalidades de la Rep\u00fablica de Guatemala","publisher":{"@id":"https:\/\/anam.org.gt\/inicio\/#organization"},"potentialAction":[{"@type":"SearchAction","target":{"@type":"EntryPoint","urlTemplate":"https:\/\/anam.org.gt\/inicio\/?s={search_term_string}"},"query-input":{"@type":"PropertyValueSpecification","valueRequired":true,"valueName":"search_term_string"}}],"inLanguage":"es"},{"@type":"Organization","@id":"https:\/\/anam.org.gt\/inicio\/#organization","name":"Asociaci\u00f3n Nacional de Municipalidades de la Rep\u00fablica de Guatemala","url":"https:\/\/anam.org.gt\/inicio\/","logo":{"@type":"ImageObject","inLanguage":"es","@id":"https:\/\/anam.org.gt\/inicio\/#\/schema\/logo\/image\/","url":"https:\/\/anam.org.gt\/inicio\/wp-content\/uploads\/2026\/02\/logo-anam-central-1.png","contentUrl":"https:\/\/anam.org.gt\/inicio\/wp-content\/uploads\/2026\/02\/logo-anam-central-1.png","width":600,"height":280,"caption":"Asociaci\u00f3n Nacional de Municipalidades de la Rep\u00fablica de Guatemala"},"image":{"@id":"https:\/\/anam.org.gt\/inicio\/#\/schema\/logo\/image\/"},"sameAs":["https:\/\/www.facebook.com\/ANAMGuatemala.org.gt","https:\/\/x.com\/ANAM_Guatemala","https:\/\/www.instagram.com\/anam_guatemala\/?hl=es"]},{"@type":"Person","@id":"https:\/\/anam.org.gt\/inicio\/#\/schema\/person\/414b1b5634500f1c6a9b3a2fd14b09ae","name":"Redacci\u00f3n ANAM","image":{"@type":"ImageObject","inLanguage":"es","@id":"https:\/\/anam.org.gt\/inicio\/#\/schema\/person\/image\/","url":"https:\/\/secure.gravatar.com\/avatar\/0932cae5df2e01a8bfd567ed2bbb9506a207e748a2fc5b69edc148b2ea83c2cc?s=96&d=mm&r=g","contentUrl":"https:\/\/secure.gravatar.com\/avatar\/0932cae5df2e01a8bfd567ed2bbb9506a207e748a2fc5b69edc148b2ea83c2cc?s=96&d=mm&r=g","caption":"Redacci\u00f3n ANAM"},"url":"https:\/\/anam.org.gt\/inicio\/author\/redaccion\/"}]}},"_links":{"self":[{"href":"https:\/\/anam.org.gt\/inicio\/wp-json\/wp\/v2\/posts\/2674","targetHints":{"allow":["GET"]}}],"collection":[{"href":"https:\/\/anam.org.gt\/inicio\/wp-json\/wp\/v2\/posts"}],"about":[{"href":"https:\/\/anam.org.gt\/inicio\/wp-json\/wp\/v2\/types\/post"}],"author":[{"embeddable":true,"href":"https:\/\/anam.org.gt\/inicio\/wp-json\/wp\/v2\/users\/7"}],"replies":[{"embeddable":true,"href":"https:\/\/anam.org.gt\/inicio\/wp-json\/wp\/v2\/comments?post=2674"}],"version-history":[{"count":6,"href":"https:\/\/anam.org.gt\/inicio\/wp-json\/wp\/v2\/posts\/2674\/revisions"}],"predecessor-version":[{"id":2722,"href":"https:\/\/anam.org.gt\/inicio\/wp-json\/wp\/v2\/posts\/2674\/revisions\/2722"}],"wp:featuredmedia":[{"embeddable":true,"href":"https:\/\/anam.org.gt\/inicio\/wp-json\/wp\/v2\/media\/2680"}],"wp:attachment":[{"href":"https:\/\/anam.org.gt\/inicio\/wp-json\/wp\/v2\/media?parent=2674"}],"wp:term":[{"taxonomy":"category","embeddable":true,"href":"https:\/\/anam.org.gt\/inicio\/wp-json\/wp\/v2\/categories?post=2674"},{"taxonomy":"post_tag","embeddable":true,"href":"https:\/\/anam.org.gt\/inicio\/wp-json\/wp\/v2\/tags?post=2674"}],"curies":[{"name":"wp","href":"https:\/\/api.w.org\/{rel}","templated":true}]}}