{"id":2735,"date":"2024-09-30T16:24:05","date_gmt":"2024-09-30T16:24:05","guid":{"rendered":"https:\/\/anam.org.gt\/inicio\/?p=2735"},"modified":"2024-10-29T18:59:06","modified_gmt":"2024-10-29T18:59:06","slug":"convenio-diario-de-centro-america","status":"publish","type":"post","link":"https:\/\/anam.org.gt\/inicio\/convenio-diario-de-centro-america\/","title":{"rendered":"Convenio Diario De Centro Am\u00e9rica"},"content":{"rendered":"\t\t<div data-elementor-type=\"wp-post\" data-elementor-id=\"2735\" class=\"elementor elementor-2735\">\n\t\t\t\t<section class=\"elementor-section elementor-top-section elementor-element elementor-element-2439478 elementor-section-boxed elementor-section-height-default elementor-section-height-default\" data-id=\"2439478\" data-element_type=\"section\">\n\t\t\t\t\t\t<div class=\"elementor-container elementor-column-gap-default\">\n\t\t\t\t\t<div class=\"elementor-column elementor-col-100 elementor-top-column elementor-element elementor-element-5b40ab1\" data-id=\"5b40ab1\" data-element_type=\"column\">\n\t\t\t<div class=\"elementor-widget-wrap elementor-element-populated\">\n\t\t\t\t\t\t<div class=\"elementor-element elementor-element-a26b3db elementor-widget elementor-widget-text-editor\" data-id=\"a26b3db\" data-element_type=\"widget\" data-widget_type=\"text-editor.default\">\n\t\t\t\t<div class=\"elementor-widget-container\">\n\t\t\t\t\t\t\t\t\t<p><\/p><h2>ANAM firma convenio con el Diario de Centro Am\u00e9rica para la publicaci\u00f3n de acuerdos municipales<\/h2><p>El Presidente de la Asociaci\u00f3n Nacional de Municipalidades de la Rep\u00fablica de Guatemala (ANAM), Sebasti\u00e1n Siero, firm\u00f3 hoy un importante convenio interinstitucional con el Diario de Centro Am\u00e9rica. Este acuerdo permitir\u00e1 que las municipalidades del pa\u00eds puedan publicar gratuitamente acuerdos y reglamentos de observancia general, facilitando la difusi\u00f3n de normativas locales y garantizando un mayor acceso a la informaci\u00f3n p\u00fablica.<\/p><p>El convenio busca fortalecer la transparencia y la eficiencia de las municipalidades, brind\u00e1ndoles una plataforma accesible para dar a conocer sus disposiciones a la ciudadan\u00eda. Adem\u00e1s, reafirma el compromiso de ANAM de apoyar a las municipalidades en su labor de servicio y en la promoci\u00f3n del bienestar de sus comunidades.<\/p><p>\u201cUnidos podemos hacer municipalidades fuertes y pr\u00f3speras para todos\u201d, expres\u00f3 Sebasti\u00e1n Siero durante la firma del convenio, destacando la importancia de esta alianza para el desarrollo local.<\/p><p><\/p>\t\t\t\t\t\t\t\t<\/div>\n\t\t\t\t<\/div>\n\t\t\t\t\t<\/div>\n\t\t<\/div>\n\t\t\t\t\t<\/div>\n\t\t<\/section>\t\t<\/div>\n\t\t","protected":false},"excerpt":{"rendered":"<p>ANAM firma convenio con el Diario de Centro Am\u00e9rica para la publicaci\u00f3n de acuerdos municipales El Presidente de la Asociaci\u00f3n Nacional de Municipalidades de la Rep\u00fablica de Guatemala (ANAM), Sebasti\u00e1n Siero, firm\u00f3 hoy un importante convenio interinstitucional con el Diario de Centro Am\u00e9rica. Este acuerdo permitir\u00e1 que las municipalidades del pa\u00eds puedan publicar gratuitamente acuerdos [&hellip;]<\/p>\n","protected":false},"author":7,"featured_media":2740,"comment_status":"open","ping_status":"open","sticky":false,"template":"","format":"standard","meta":{"footnotes":""},"categories":[1],"tags":[],"class_list":["post-2735","post","type-post","status-publish","format-standard","has-post-thumbnail","hentry","category-anam"],"yoast_head":"<!-- This site is optimized with the Yoast SEO plugin v27.0 - https:\/\/yoast.com\/product\/yoast-seo-wordpress\/ -->\n<title>Convenio Diario De Centro Am\u00e9rica - ANAM<\/title>\n<meta name=\"robots\" content=\"index, follow, max-snippet:-1, max-image-preview:large, max-video-preview:-1\" \/>\n<link rel=\"canonical\" href=\"https:\/\/anam.org.gt\/inicio\/convenio-diario-de-centro-america\/\" \/>\n<meta property=\"og:locale\" content=\"es_ES\" \/>\n<meta property=\"og:type\" content=\"article\" \/>\n<meta property=\"og:title\" content=\"Convenio Diario De Centro Am\u00e9rica - ANAM\" \/>\n<meta property=\"og:description\" content=\"ANAM firma convenio con el Diario de Centro Am\u00e9rica para la publicaci\u00f3n de acuerdos municipales El Presidente de la Asociaci\u00f3n Nacional de Municipalidades de la Rep\u00fablica de Guatemala (ANAM), Sebasti\u00e1n Siero, firm\u00f3 hoy un importante convenio interinstitucional con el Diario de Centro Am\u00e9rica. Este acuerdo permitir\u00e1 que las municipalidades del pa\u00eds puedan publicar gratuitamente acuerdos [&hellip;]\" \/>\n<meta property=\"og:url\" content=\"https:\/\/anam.org.gt\/inicio\/convenio-diario-de-centro-america\/\" \/>\n<meta property=\"og:site_name\" content=\"ANAM\" \/>\n<meta property=\"article:publisher\" content=\"https:\/\/www.facebook.com\/ANAMGuatemala.org.gt\" \/>\n<meta property=\"article:published_time\" content=\"2024-09-30T16:24:05+00:00\" \/>\n<meta property=\"article:modified_time\" content=\"2024-10-29T18:59:06+00:00\" \/>\n<meta property=\"og:image\" content=\"https:\/\/anam.org.gt\/inicio\/wp-content\/uploads\/2024\/09\/dc.jpg\" \/>\n\t<meta property=\"og:image:width\" content=\"1440\" \/>\n\t<meta property=\"og:image:height\" content=\"960\" \/>\n\t<meta property=\"og:image:type\" content=\"image\/jpeg\" \/>\n<meta name=\"author\" content=\"Redacci\u00f3n ANAM\" \/>\n<meta name=\"twitter:card\" content=\"summary_large_image\" \/>\n<meta name=\"twitter:creator\" content=\"@ANAM_Guatemala\" \/>\n<meta name=\"twitter:site\" content=\"@ANAM_Guatemala\" \/>\n<meta name=\"twitter:label1\" content=\"Escrito por\" \/>\n\t<meta name=\"twitter:data1\" content=\"Redacci\u00f3n ANAM\" \/>\n\t<meta name=\"twitter:label2\" content=\"Tiempo de lectura\" \/>\n\t<meta name=\"twitter:data2\" content=\"1 minuto\" \/>\n<script type=\"application\/ld+json\" class=\"yoast-schema-graph\">{\"@context\":\"https:\/\/schema.org\",\"@graph\":[{\"@type\":\"Article\",\"@id\":\"https:\/\/anam.org.gt\/inicio\/convenio-diario-de-centro-america\/#article\",\"isPartOf\":{\"@id\":\"https:\/\/anam.org.gt\/inicio\/convenio-diario-de-centro-america\/\"},\"author\":{\"name\":\"Redacci\u00f3n ANAM\",\"@id\":\"https:\/\/anam.org.gt\/inicio\/#\/schema\/person\/414b1b5634500f1c6a9b3a2fd14b09ae\"},\"headline\":\"Convenio Diario De Centro Am\u00e9rica\",\"datePublished\":\"2024-09-30T16:24:05+00:00\",\"dateModified\":\"2024-10-29T18:59:06+00:00\",\"mainEntityOfPage\":{\"@id\":\"https:\/\/anam.org.gt\/inicio\/convenio-diario-de-centro-america\/\"},\"wordCount\":174,\"commentCount\":0,\"publisher\":{\"@id\":\"https:\/\/anam.org.gt\/inicio\/#organization\"},\"image\":{\"@id\":\"https:\/\/anam.org.gt\/inicio\/convenio-diario-de-centro-america\/#primaryimage\"},\"thumbnailUrl\":\"https:\/\/anam.org.gt\/inicio\/wp-content\/uploads\/2024\/09\/dc.jpg\",\"articleSection\":[\"ANAM\"],\"inLanguage\":\"es\",\"potentialAction\":[{\"@type\":\"CommentAction\",\"name\":\"Comment\",\"target\":[\"https:\/\/anam.org.gt\/inicio\/convenio-diario-de-centro-america\/#respond\"]}]},{\"@type\":\"WebPage\",\"@id\":\"https:\/\/anam.org.gt\/inicio\/convenio-diario-de-centro-america\/\",\"url\":\"https:\/\/anam.org.gt\/inicio\/convenio-diario-de-centro-america\/\",\"name\":\"Convenio Diario De Centro Am\u00e9rica - ANAM\",\"isPartOf\":{\"@id\":\"https:\/\/anam.org.gt\/inicio\/#website\"},\"primaryImageOfPage\":{\"@id\":\"https:\/\/anam.org.gt\/inicio\/convenio-diario-de-centro-america\/#primaryimage\"},\"image\":{\"@id\":\"https:\/\/anam.org.gt\/inicio\/convenio-diario-de-centro-america\/#primaryimage\"},\"thumbnailUrl\":\"https:\/\/anam.org.gt\/inicio\/wp-content\/uploads\/2024\/09\/dc.jpg\",\"datePublished\":\"2024-09-30T16:24:05+00:00\",\"dateModified\":\"2024-10-29T18:59:06+00:00\",\"breadcrumb\":{\"@id\":\"https:\/\/anam.org.gt\/inicio\/convenio-diario-de-centro-america\/#breadcrumb\"},\"inLanguage\":\"es\",\"potentialAction\":[{\"@type\":\"ReadAction\",\"target\":[\"https:\/\/anam.org.gt\/inicio\/convenio-diario-de-centro-america\/\"]}]},{\"@type\":\"ImageObject\",\"inLanguage\":\"es\",\"@id\":\"https:\/\/anam.org.gt\/inicio\/convenio-diario-de-centro-america\/#primaryimage\",\"url\":\"https:\/\/anam.org.gt\/inicio\/wp-content\/uploads\/2024\/09\/dc.jpg\",\"contentUrl\":\"https:\/\/anam.org.gt\/inicio\/wp-content\/uploads\/2024\/09\/dc.jpg\",\"width\":1440,\"height\":960},{\"@type\":\"BreadcrumbList\",\"@id\":\"https:\/\/anam.org.gt\/inicio\/convenio-diario-de-centro-america\/#breadcrumb\",\"itemListElement\":[{\"@type\":\"ListItem\",\"position\":1,\"name\":\"Portada\",\"item\":\"https:\/\/anam.org.gt\/inicio\/\"},{\"@type\":\"ListItem\",\"position\":2,\"name\":\"Convenio Diario De Centro Am\u00e9rica\"}]},{\"@type\":\"WebSite\",\"@id\":\"https:\/\/anam.org.gt\/inicio\/#website\",\"url\":\"https:\/\/anam.org.gt\/inicio\/\",\"name\":\"ANAM\",\"description\":\"Asociaci\u00f3n Nacional de Municipalidades de la Rep\u00fablica de Guatemala\",\"publisher\":{\"@id\":\"https:\/\/anam.org.gt\/inicio\/#organization\"},\"potentialAction\":[{\"@type\":\"SearchAction\",\"target\":{\"@type\":\"EntryPoint\",\"urlTemplate\":\"https:\/\/anam.org.gt\/inicio\/?s={search_term_string}\"},\"query-input\":{\"@type\":\"PropertyValueSpecification\",\"valueRequired\":true,\"valueName\":\"search_term_string\"}}],\"inLanguage\":\"es\"},{\"@type\":\"Organization\",\"@id\":\"https:\/\/anam.org.gt\/inicio\/#organization\",\"name\":\"Asociaci\u00f3n Nacional de Municipalidades de la Rep\u00fablica de Guatemala\",\"url\":\"https:\/\/anam.org.gt\/inicio\/\",\"logo\":{\"@type\":\"ImageObject\",\"inLanguage\":\"es\",\"@id\":\"https:\/\/anam.org.gt\/inicio\/#\/schema\/logo\/image\/\",\"url\":\"https:\/\/anam.org.gt\/inicio\/wp-content\/uploads\/2026\/02\/logo-anam-central-1.png\",\"contentUrl\":\"https:\/\/anam.org.gt\/inicio\/wp-content\/uploads\/2026\/02\/logo-anam-central-1.png\",\"width\":600,\"height\":280,\"caption\":\"Asociaci\u00f3n Nacional de Municipalidades de la Rep\u00fablica de Guatemala\"},\"image\":{\"@id\":\"https:\/\/anam.org.gt\/inicio\/#\/schema\/logo\/image\/\"},\"sameAs\":[\"https:\/\/www.facebook.com\/ANAMGuatemala.org.gt\",\"https:\/\/x.com\/ANAM_Guatemala\",\"https:\/\/www.instagram.com\/anam_guatemala\/?hl=es\"]},{\"@type\":\"Person\",\"@id\":\"https:\/\/anam.org.gt\/inicio\/#\/schema\/person\/414b1b5634500f1c6a9b3a2fd14b09ae\",\"name\":\"Redacci\u00f3n ANAM\",\"image\":{\"@type\":\"ImageObject\",\"inLanguage\":\"es\",\"@id\":\"https:\/\/anam.org.gt\/inicio\/#\/schema\/person\/image\/\",\"url\":\"https:\/\/secure.gravatar.com\/avatar\/0932cae5df2e01a8bfd567ed2bbb9506a207e748a2fc5b69edc148b2ea83c2cc?s=96&d=mm&r=g\",\"contentUrl\":\"https:\/\/secure.gravatar.com\/avatar\/0932cae5df2e01a8bfd567ed2bbb9506a207e748a2fc5b69edc148b2ea83c2cc?s=96&d=mm&r=g\",\"caption\":\"Redacci\u00f3n ANAM\"},\"url\":\"https:\/\/anam.org.gt\/inicio\/author\/redaccion\/\"}]}<\/script>\n<!-- \/ Yoast SEO plugin. -->","yoast_head_json":{"title":"Convenio Diario De Centro Am\u00e9rica - ANAM","robots":{"index":"index","follow":"follow","max-snippet":"max-snippet:-1","max-image-preview":"max-image-preview:large","max-video-preview":"max-video-preview:-1"},"canonical":"https:\/\/anam.org.gt\/inicio\/convenio-diario-de-centro-america\/","og_locale":"es_ES","og_type":"article","og_title":"Convenio Diario De Centro Am\u00e9rica - ANAM","og_description":"ANAM firma convenio con el Diario de Centro Am\u00e9rica para la publicaci\u00f3n de acuerdos municipales El Presidente de la Asociaci\u00f3n Nacional de Municipalidades de la Rep\u00fablica de Guatemala (ANAM), Sebasti\u00e1n Siero, firm\u00f3 hoy un importante convenio interinstitucional con el Diario de Centro Am\u00e9rica. Este acuerdo permitir\u00e1 que las municipalidades del pa\u00eds puedan publicar gratuitamente acuerdos [&hellip;]","og_url":"https:\/\/anam.org.gt\/inicio\/convenio-diario-de-centro-america\/","og_site_name":"ANAM","article_publisher":"https:\/\/www.facebook.com\/ANAMGuatemala.org.gt","article_published_time":"2024-09-30T16:24:05+00:00","article_modified_time":"2024-10-29T18:59:06+00:00","og_image":[{"width":1440,"height":960,"url":"https:\/\/anam.org.gt\/inicio\/wp-content\/uploads\/2024\/09\/dc.jpg","type":"image\/jpeg"}],"author":"Redacci\u00f3n ANAM","twitter_card":"summary_large_image","twitter_creator":"@ANAM_Guatemala","twitter_site":"@ANAM_Guatemala","twitter_misc":{"Escrito por":"Redacci\u00f3n ANAM","Tiempo de lectura":"1 minuto"},"schema":{"@context":"https:\/\/schema.org","@graph":[{"@type":"Article","@id":"https:\/\/anam.org.gt\/inicio\/convenio-diario-de-centro-america\/#article","isPartOf":{"@id":"https:\/\/anam.org.gt\/inicio\/convenio-diario-de-centro-america\/"},"author":{"name":"Redacci\u00f3n ANAM","@id":"https:\/\/anam.org.gt\/inicio\/#\/schema\/person\/414b1b5634500f1c6a9b3a2fd14b09ae"},"headline":"Convenio Diario De Centro Am\u00e9rica","datePublished":"2024-09-30T16:24:05+00:00","dateModified":"2024-10-29T18:59:06+00:00","mainEntityOfPage":{"@id":"https:\/\/anam.org.gt\/inicio\/convenio-diario-de-centro-america\/"},"wordCount":174,"commentCount":0,"publisher":{"@id":"https:\/\/anam.org.gt\/inicio\/#organization"},"image":{"@id":"https:\/\/anam.org.gt\/inicio\/convenio-diario-de-centro-america\/#primaryimage"},"thumbnailUrl":"https:\/\/anam.org.gt\/inicio\/wp-content\/uploads\/2024\/09\/dc.jpg","articleSection":["ANAM"],"inLanguage":"es","potentialAction":[{"@type":"CommentAction","name":"Comment","target":["https:\/\/anam.org.gt\/inicio\/convenio-diario-de-centro-america\/#respond"]}]},{"@type":"WebPage","@id":"https:\/\/anam.org.gt\/inicio\/convenio-diario-de-centro-america\/","url":"https:\/\/anam.org.gt\/inicio\/convenio-diario-de-centro-america\/","name":"Convenio Diario De Centro Am\u00e9rica - ANAM","isPartOf":{"@id":"https:\/\/anam.org.gt\/inicio\/#website"},"primaryImageOfPage":{"@id":"https:\/\/anam.org.gt\/inicio\/convenio-diario-de-centro-america\/#primaryimage"},"image":{"@id":"https:\/\/anam.org.gt\/inicio\/convenio-diario-de-centro-america\/#primaryimage"},"thumbnailUrl":"https:\/\/anam.org.gt\/inicio\/wp-content\/uploads\/2024\/09\/dc.jpg","datePublished":"2024-09-30T16:24:05+00:00","dateModified":"2024-10-29T18:59:06+00:00","breadcrumb":{"@id":"https:\/\/anam.org.gt\/inicio\/convenio-diario-de-centro-america\/#breadcrumb"},"inLanguage":"es","potentialAction":[{"@type":"ReadAction","target":["https:\/\/anam.org.gt\/inicio\/convenio-diario-de-centro-america\/"]}]},{"@type":"ImageObject","inLanguage":"es","@id":"https:\/\/anam.org.gt\/inicio\/convenio-diario-de-centro-america\/#primaryimage","url":"https:\/\/anam.org.gt\/inicio\/wp-content\/uploads\/2024\/09\/dc.jpg","contentUrl":"https:\/\/anam.org.gt\/inicio\/wp-content\/uploads\/2024\/09\/dc.jpg","width":1440,"height":960},{"@type":"BreadcrumbList","@id":"https:\/\/anam.org.gt\/inicio\/convenio-diario-de-centro-america\/#breadcrumb","itemListElement":[{"@type":"ListItem","position":1,"name":"Portada","item":"https:\/\/anam.org.gt\/inicio\/"},{"@type":"ListItem","position":2,"name":"Convenio Diario De Centro Am\u00e9rica"}]},{"@type":"WebSite","@id":"https:\/\/anam.org.gt\/inicio\/#website","url":"https:\/\/anam.org.gt\/inicio\/","name":"ANAM","description":"Asociaci\u00f3n Nacional de Municipalidades de la Rep\u00fablica de Guatemala","publisher":{"@id":"https:\/\/anam.org.gt\/inicio\/#organization"},"potentialAction":[{"@type":"SearchAction","target":{"@type":"EntryPoint","urlTemplate":"https:\/\/anam.org.gt\/inicio\/?s={search_term_string}"},"query-input":{"@type":"PropertyValueSpecification","valueRequired":true,"valueName":"search_term_string"}}],"inLanguage":"es"},{"@type":"Organization","@id":"https:\/\/anam.org.gt\/inicio\/#organization","name":"Asociaci\u00f3n Nacional de Municipalidades de la Rep\u00fablica de Guatemala","url":"https:\/\/anam.org.gt\/inicio\/","logo":{"@type":"ImageObject","inLanguage":"es","@id":"https:\/\/anam.org.gt\/inicio\/#\/schema\/logo\/image\/","url":"https:\/\/anam.org.gt\/inicio\/wp-content\/uploads\/2026\/02\/logo-anam-central-1.png","contentUrl":"https:\/\/anam.org.gt\/inicio\/wp-content\/uploads\/2026\/02\/logo-anam-central-1.png","width":600,"height":280,"caption":"Asociaci\u00f3n Nacional de Municipalidades de la Rep\u00fablica de Guatemala"},"image":{"@id":"https:\/\/anam.org.gt\/inicio\/#\/schema\/logo\/image\/"},"sameAs":["https:\/\/www.facebook.com\/ANAMGuatemala.org.gt","https:\/\/x.com\/ANAM_Guatemala","https:\/\/www.instagram.com\/anam_guatemala\/?hl=es"]},{"@type":"Person","@id":"https:\/\/anam.org.gt\/inicio\/#\/schema\/person\/414b1b5634500f1c6a9b3a2fd14b09ae","name":"Redacci\u00f3n ANAM","image":{"@type":"ImageObject","inLanguage":"es","@id":"https:\/\/anam.org.gt\/inicio\/#\/schema\/person\/image\/","url":"https:\/\/secure.gravatar.com\/avatar\/0932cae5df2e01a8bfd567ed2bbb9506a207e748a2fc5b69edc148b2ea83c2cc?s=96&d=mm&r=g","contentUrl":"https:\/\/secure.gravatar.com\/avatar\/0932cae5df2e01a8bfd567ed2bbb9506a207e748a2fc5b69edc148b2ea83c2cc?s=96&d=mm&r=g","caption":"Redacci\u00f3n ANAM"},"url":"https:\/\/anam.org.gt\/inicio\/author\/redaccion\/"}]}},"_links":{"self":[{"href":"https:\/\/anam.org.gt\/inicio\/wp-json\/wp\/v2\/posts\/2735","targetHints":{"allow":["GET"]}}],"collection":[{"href":"https:\/\/anam.org.gt\/inicio\/wp-json\/wp\/v2\/posts"}],"about":[{"href":"https:\/\/anam.org.gt\/inicio\/wp-json\/wp\/v2\/types\/post"}],"author":[{"embeddable":true,"href":"https:\/\/anam.org.gt\/inicio\/wp-json\/wp\/v2\/users\/7"}],"replies":[{"embeddable":true,"href":"https:\/\/anam.org.gt\/inicio\/wp-json\/wp\/v2\/comments?post=2735"}],"version-history":[{"count":4,"href":"https:\/\/anam.org.gt\/inicio\/wp-json\/wp\/v2\/posts\/2735\/revisions"}],"predecessor-version":[{"id":2739,"href":"https:\/\/anam.org.gt\/inicio\/wp-json\/wp\/v2\/posts\/2735\/revisions\/2739"}],"wp:featuredmedia":[{"embeddable":true,"href":"https:\/\/anam.org.gt\/inicio\/wp-json\/wp\/v2\/media\/2740"}],"wp:attachment":[{"href":"https:\/\/anam.org.gt\/inicio\/wp-json\/wp\/v2\/media?parent=2735"}],"wp:term":[{"taxonomy":"category","embeddable":true,"href":"https:\/\/anam.org.gt\/inicio\/wp-json\/wp\/v2\/categories?post=2735"},{"taxonomy":"post_tag","embeddable":true,"href":"https:\/\/anam.org.gt\/inicio\/wp-json\/wp\/v2\/tags?post=2735"}],"curies":[{"name":"wp","href":"https:\/\/api.w.org\/{rel}","templated":true}]}}