{"id":2742,"date":"2024-09-30T16:29:05","date_gmt":"2024-09-30T16:29:05","guid":{"rendered":"https:\/\/anam.org.gt\/inicio\/?p=2742"},"modified":"2024-10-29T18:58:55","modified_gmt":"2024-10-29T18:58:55","slug":"anam-fortalece-vinculos-con-el-ministerio-publico-para-acercar-la-justicia-a-los-municipios","status":"publish","type":"post","link":"https:\/\/anam.org.gt\/inicio\/anam-fortalece-vinculos-con-el-ministerio-publico-para-acercar-la-justicia-a-los-municipios\/","title":{"rendered":"Anam Fortalece V\u00ednculos Con El Ministerio P\u00fablico para acercar la justicia A Los Municipios"},"content":{"rendered":"\t\t<div data-elementor-type=\"wp-post\" data-elementor-id=\"2742\" class=\"elementor elementor-2742\">\n\t\t\t\t<section class=\"elementor-section elementor-top-section elementor-element elementor-element-51f8964 elementor-section-boxed elementor-section-height-default elementor-section-height-default\" data-id=\"51f8964\" data-element_type=\"section\">\n\t\t\t\t\t\t<div class=\"elementor-container elementor-column-gap-default\">\n\t\t\t\t\t<div class=\"elementor-column elementor-col-100 elementor-top-column elementor-element elementor-element-c77a077\" data-id=\"c77a077\" data-element_type=\"column\">\n\t\t\t<div class=\"elementor-widget-wrap elementor-element-populated\">\n\t\t\t\t\t\t<div class=\"elementor-element elementor-element-112c490 elementor-widget elementor-widget-text-editor\" data-id=\"112c490\" data-element_type=\"widget\" data-widget_type=\"text-editor.default\">\n\t\t\t\t<div class=\"elementor-widget-container\">\n\t\t\t\t\t\t\t\t\t<p><\/p><h2>Anam Fortalece V\u00ednculos Con El Ministerio P\u00fablico Para Acercar La Justicia A Los Municipios<\/h2><p>En el marco de un compromiso continuo para acercar la justicia a las comunidades guatemaltecas, el Presidente de la Asociaci\u00f3n Nacional de Municipalidades de la Rep\u00fablica de Guatemala (ANAM), Ingeniero Sebasti\u00e1n Siero Asturias, lider\u00f3 una reuni\u00f3n clave con el Ministerio P\u00fablico, representado por la Fiscal General, Dra. Mar\u00eda Consuelo Porras Argueta. Esta reuni\u00f3n marca un nuevo hito en la coordinaci\u00f3n interinstitucional, encaminada a fortalecer la comunicaci\u00f3n y la cooperaci\u00f3n en todo el pa\u00eds.<\/p><p>El punto culminante del encuentro fue la firma del Convenio de Cooperaci\u00f3n Interinstitucional entre la ANAM y el Ministerio P\u00fablico, que tiene como objetivo primordial asegurar el acceso a la justicia en los municipios a trav\u00e9s de la colaboraci\u00f3n estrecha con l\u00edderes comunitarios, el apoyo de la red de int\u00e9rpretes del Ministerio P\u00fablico en idiomas mayas y la integraci\u00f3n con las redes de derivaci\u00f3n locales para garantizar que las v\u00edctimas del delito puedan acceder a los programas municipales.<\/p><p>El Presidente de la ANAM, Ing. Sebasti\u00e1n Siero Asturias, subray\u00f3 la relevancia de este convenio como una herramienta fundamental para la mejora de las condiciones en las comunidades. \u201cEste convenio es un paso crucial hacia un sistema de justicia m\u00e1s inclusivo y cercano a la realidad de nuestros pueblos. Desde la ANAM, seguiremos trabajando mano a mano con el Ministerio P\u00fablico para garantizar que cada guatemalteco, sin importar d\u00f3nde viva, tenga acceso a una justicia eficiente y equitativa\u00bb, declar\u00f3 Siero.<\/p><p><\/p>\t\t\t\t\t\t\t\t<\/div>\n\t\t\t\t<\/div>\n\t\t\t\t\t<\/div>\n\t\t<\/div>\n\t\t\t\t\t<\/div>\n\t\t<\/section>\t\t<\/div>\n\t\t","protected":false},"excerpt":{"rendered":"<p>Anam Fortalece V\u00ednculos Con El Ministerio P\u00fablico Para Acercar La Justicia A Los Municipios En el marco de un compromiso continuo para acercar la justicia a las comunidades guatemaltecas, el Presidente de la Asociaci\u00f3n Nacional de Municipalidades de la Rep\u00fablica de Guatemala (ANAM), Ingeniero Sebasti\u00e1n Siero Asturias, lider\u00f3 una reuni\u00f3n clave con el Ministerio P\u00fablico, [&hellip;]<\/p>\n","protected":false},"author":7,"featured_media":2743,"comment_status":"open","ping_status":"open","sticky":false,"template":"","format":"standard","meta":{"footnotes":""},"categories":[1],"tags":[],"class_list":["post-2742","post","type-post","status-publish","format-standard","has-post-thumbnail","hentry","category-anam"],"yoast_head":"<!-- This site is optimized with the Yoast SEO plugin v27.0 - https:\/\/yoast.com\/product\/yoast-seo-wordpress\/ -->\n<title>Anam Fortalece V\u00ednculos Con El Ministerio P\u00fablico para acercar la justicia A Los Municipios - ANAM<\/title>\n<meta name=\"robots\" content=\"index, follow, max-snippet:-1, max-image-preview:large, max-video-preview:-1\" \/>\n<link rel=\"canonical\" href=\"https:\/\/anam.org.gt\/inicio\/anam-fortalece-vinculos-con-el-ministerio-publico-para-acercar-la-justicia-a-los-municipios\/\" \/>\n<meta property=\"og:locale\" content=\"es_ES\" \/>\n<meta property=\"og:type\" content=\"article\" \/>\n<meta property=\"og:title\" content=\"Anam Fortalece V\u00ednculos Con El Ministerio P\u00fablico para acercar la justicia A Los Municipios - ANAM\" \/>\n<meta property=\"og:description\" content=\"Anam Fortalece V\u00ednculos Con El Ministerio P\u00fablico Para Acercar La Justicia A Los Municipios En el marco de un compromiso continuo para acercar la justicia a las comunidades guatemaltecas, el Presidente de la Asociaci\u00f3n Nacional de Municipalidades de la Rep\u00fablica de Guatemala (ANAM), Ingeniero Sebasti\u00e1n Siero Asturias, lider\u00f3 una reuni\u00f3n clave con el Ministerio P\u00fablico, [&hellip;]\" \/>\n<meta property=\"og:url\" content=\"https:\/\/anam.org.gt\/inicio\/anam-fortalece-vinculos-con-el-ministerio-publico-para-acercar-la-justicia-a-los-municipios\/\" \/>\n<meta property=\"og:site_name\" content=\"ANAM\" \/>\n<meta property=\"article:publisher\" content=\"https:\/\/www.facebook.com\/ANAMGuatemala.org.gt\" \/>\n<meta property=\"article:published_time\" content=\"2024-09-30T16:29:05+00:00\" \/>\n<meta property=\"article:modified_time\" content=\"2024-10-29T18:58:55+00:00\" \/>\n<meta property=\"og:image\" content=\"https:\/\/anam.org.gt\/inicio\/wp-content\/uploads\/2024\/09\/WhatsApp-Image-2024-04-01-at-12.42.18-PM-1.jpeg\" \/>\n\t<meta property=\"og:image:width\" content=\"1600\" \/>\n\t<meta property=\"og:image:height\" content=\"898\" \/>\n\t<meta property=\"og:image:type\" content=\"image\/jpeg\" \/>\n<meta name=\"author\" content=\"Redacci\u00f3n ANAM\" \/>\n<meta name=\"twitter:card\" content=\"summary_large_image\" \/>\n<meta name=\"twitter:creator\" content=\"@ANAM_Guatemala\" \/>\n<meta name=\"twitter:site\" content=\"@ANAM_Guatemala\" \/>\n<meta name=\"twitter:label1\" content=\"Escrito por\" \/>\n\t<meta name=\"twitter:data1\" content=\"Redacci\u00f3n ANAM\" \/>\n\t<meta name=\"twitter:label2\" content=\"Tiempo de lectura\" \/>\n\t<meta name=\"twitter:data2\" content=\"1 minuto\" \/>\n<script type=\"application\/ld+json\" class=\"yoast-schema-graph\">{\"@context\":\"https:\/\/schema.org\",\"@graph\":[{\"@type\":\"Article\",\"@id\":\"https:\/\/anam.org.gt\/inicio\/anam-fortalece-vinculos-con-el-ministerio-publico-para-acercar-la-justicia-a-los-municipios\/#article\",\"isPartOf\":{\"@id\":\"https:\/\/anam.org.gt\/inicio\/anam-fortalece-vinculos-con-el-ministerio-publico-para-acercar-la-justicia-a-los-municipios\/\"},\"author\":{\"name\":\"Redacci\u00f3n ANAM\",\"@id\":\"https:\/\/anam.org.gt\/inicio\/#\/schema\/person\/414b1b5634500f1c6a9b3a2fd14b09ae\"},\"headline\":\"Anam Fortalece V\u00ednculos Con El Ministerio P\u00fablico para acercar la justicia A Los Municipios\",\"datePublished\":\"2024-09-30T16:29:05+00:00\",\"dateModified\":\"2024-10-29T18:58:55+00:00\",\"mainEntityOfPage\":{\"@id\":\"https:\/\/anam.org.gt\/inicio\/anam-fortalece-vinculos-con-el-ministerio-publico-para-acercar-la-justicia-a-los-municipios\/\"},\"wordCount\":288,\"commentCount\":0,\"publisher\":{\"@id\":\"https:\/\/anam.org.gt\/inicio\/#organization\"},\"image\":{\"@id\":\"https:\/\/anam.org.gt\/inicio\/anam-fortalece-vinculos-con-el-ministerio-publico-para-acercar-la-justicia-a-los-municipios\/#primaryimage\"},\"thumbnailUrl\":\"https:\/\/anam.org.gt\/inicio\/wp-content\/uploads\/2024\/09\/WhatsApp-Image-2024-04-01-at-12.42.18-PM-1.jpeg\",\"articleSection\":[\"ANAM\"],\"inLanguage\":\"es\",\"potentialAction\":[{\"@type\":\"CommentAction\",\"name\":\"Comment\",\"target\":[\"https:\/\/anam.org.gt\/inicio\/anam-fortalece-vinculos-con-el-ministerio-publico-para-acercar-la-justicia-a-los-municipios\/#respond\"]}]},{\"@type\":\"WebPage\",\"@id\":\"https:\/\/anam.org.gt\/inicio\/anam-fortalece-vinculos-con-el-ministerio-publico-para-acercar-la-justicia-a-los-municipios\/\",\"url\":\"https:\/\/anam.org.gt\/inicio\/anam-fortalece-vinculos-con-el-ministerio-publico-para-acercar-la-justicia-a-los-municipios\/\",\"name\":\"Anam Fortalece V\u00ednculos Con El Ministerio P\u00fablico para acercar la justicia A Los Municipios - ANAM\",\"isPartOf\":{\"@id\":\"https:\/\/anam.org.gt\/inicio\/#website\"},\"primaryImageOfPage\":{\"@id\":\"https:\/\/anam.org.gt\/inicio\/anam-fortalece-vinculos-con-el-ministerio-publico-para-acercar-la-justicia-a-los-municipios\/#primaryimage\"},\"image\":{\"@id\":\"https:\/\/anam.org.gt\/inicio\/anam-fortalece-vinculos-con-el-ministerio-publico-para-acercar-la-justicia-a-los-municipios\/#primaryimage\"},\"thumbnailUrl\":\"https:\/\/anam.org.gt\/inicio\/wp-content\/uploads\/2024\/09\/WhatsApp-Image-2024-04-01-at-12.42.18-PM-1.jpeg\",\"datePublished\":\"2024-09-30T16:29:05+00:00\",\"dateModified\":\"2024-10-29T18:58:55+00:00\",\"breadcrumb\":{\"@id\":\"https:\/\/anam.org.gt\/inicio\/anam-fortalece-vinculos-con-el-ministerio-publico-para-acercar-la-justicia-a-los-municipios\/#breadcrumb\"},\"inLanguage\":\"es\",\"potentialAction\":[{\"@type\":\"ReadAction\",\"target\":[\"https:\/\/anam.org.gt\/inicio\/anam-fortalece-vinculos-con-el-ministerio-publico-para-acercar-la-justicia-a-los-municipios\/\"]}]},{\"@type\":\"ImageObject\",\"inLanguage\":\"es\",\"@id\":\"https:\/\/anam.org.gt\/inicio\/anam-fortalece-vinculos-con-el-ministerio-publico-para-acercar-la-justicia-a-los-municipios\/#primaryimage\",\"url\":\"https:\/\/anam.org.gt\/inicio\/wp-content\/uploads\/2024\/09\/WhatsApp-Image-2024-04-01-at-12.42.18-PM-1.jpeg\",\"contentUrl\":\"https:\/\/anam.org.gt\/inicio\/wp-content\/uploads\/2024\/09\/WhatsApp-Image-2024-04-01-at-12.42.18-PM-1.jpeg\",\"width\":1600,\"height\":898},{\"@type\":\"BreadcrumbList\",\"@id\":\"https:\/\/anam.org.gt\/inicio\/anam-fortalece-vinculos-con-el-ministerio-publico-para-acercar-la-justicia-a-los-municipios\/#breadcrumb\",\"itemListElement\":[{\"@type\":\"ListItem\",\"position\":1,\"name\":\"Portada\",\"item\":\"https:\/\/anam.org.gt\/inicio\/\"},{\"@type\":\"ListItem\",\"position\":2,\"name\":\"Anam Fortalece V\u00ednculos Con El Ministerio P\u00fablico para acercar la justicia A Los Municipios\"}]},{\"@type\":\"WebSite\",\"@id\":\"https:\/\/anam.org.gt\/inicio\/#website\",\"url\":\"https:\/\/anam.org.gt\/inicio\/\",\"name\":\"ANAM\",\"description\":\"Asociaci\u00f3n Nacional de Municipalidades de la Rep\u00fablica de Guatemala\",\"publisher\":{\"@id\":\"https:\/\/anam.org.gt\/inicio\/#organization\"},\"potentialAction\":[{\"@type\":\"SearchAction\",\"target\":{\"@type\":\"EntryPoint\",\"urlTemplate\":\"https:\/\/anam.org.gt\/inicio\/?s={search_term_string}\"},\"query-input\":{\"@type\":\"PropertyValueSpecification\",\"valueRequired\":true,\"valueName\":\"search_term_string\"}}],\"inLanguage\":\"es\"},{\"@type\":\"Organization\",\"@id\":\"https:\/\/anam.org.gt\/inicio\/#organization\",\"name\":\"Asociaci\u00f3n Nacional de Municipalidades de la Rep\u00fablica de Guatemala\",\"url\":\"https:\/\/anam.org.gt\/inicio\/\",\"logo\":{\"@type\":\"ImageObject\",\"inLanguage\":\"es\",\"@id\":\"https:\/\/anam.org.gt\/inicio\/#\/schema\/logo\/image\/\",\"url\":\"https:\/\/anam.org.gt\/inicio\/wp-content\/uploads\/2026\/02\/logo-anam-central-1.png\",\"contentUrl\":\"https:\/\/anam.org.gt\/inicio\/wp-content\/uploads\/2026\/02\/logo-anam-central-1.png\",\"width\":600,\"height\":280,\"caption\":\"Asociaci\u00f3n Nacional de Municipalidades de la Rep\u00fablica de Guatemala\"},\"image\":{\"@id\":\"https:\/\/anam.org.gt\/inicio\/#\/schema\/logo\/image\/\"},\"sameAs\":[\"https:\/\/www.facebook.com\/ANAMGuatemala.org.gt\",\"https:\/\/x.com\/ANAM_Guatemala\",\"https:\/\/www.instagram.com\/anam_guatemala\/?hl=es\"]},{\"@type\":\"Person\",\"@id\":\"https:\/\/anam.org.gt\/inicio\/#\/schema\/person\/414b1b5634500f1c6a9b3a2fd14b09ae\",\"name\":\"Redacci\u00f3n ANAM\",\"image\":{\"@type\":\"ImageObject\",\"inLanguage\":\"es\",\"@id\":\"https:\/\/anam.org.gt\/inicio\/#\/schema\/person\/image\/\",\"url\":\"https:\/\/secure.gravatar.com\/avatar\/0932cae5df2e01a8bfd567ed2bbb9506a207e748a2fc5b69edc148b2ea83c2cc?s=96&d=mm&r=g\",\"contentUrl\":\"https:\/\/secure.gravatar.com\/avatar\/0932cae5df2e01a8bfd567ed2bbb9506a207e748a2fc5b69edc148b2ea83c2cc?s=96&d=mm&r=g\",\"caption\":\"Redacci\u00f3n ANAM\"},\"url\":\"https:\/\/anam.org.gt\/inicio\/author\/redaccion\/\"}]}<\/script>\n<!-- \/ Yoast SEO plugin. -->","yoast_head_json":{"title":"Anam Fortalece V\u00ednculos Con El Ministerio P\u00fablico para acercar la justicia A Los Municipios - ANAM","robots":{"index":"index","follow":"follow","max-snippet":"max-snippet:-1","max-image-preview":"max-image-preview:large","max-video-preview":"max-video-preview:-1"},"canonical":"https:\/\/anam.org.gt\/inicio\/anam-fortalece-vinculos-con-el-ministerio-publico-para-acercar-la-justicia-a-los-municipios\/","og_locale":"es_ES","og_type":"article","og_title":"Anam Fortalece V\u00ednculos Con El Ministerio P\u00fablico para acercar la justicia A Los Municipios - ANAM","og_description":"Anam Fortalece V\u00ednculos Con El Ministerio P\u00fablico Para Acercar La Justicia A Los Municipios En el marco de un compromiso continuo para acercar la justicia a las comunidades guatemaltecas, el Presidente de la Asociaci\u00f3n Nacional de Municipalidades de la Rep\u00fablica de Guatemala (ANAM), Ingeniero Sebasti\u00e1n Siero Asturias, lider\u00f3 una reuni\u00f3n clave con el Ministerio P\u00fablico, [&hellip;]","og_url":"https:\/\/anam.org.gt\/inicio\/anam-fortalece-vinculos-con-el-ministerio-publico-para-acercar-la-justicia-a-los-municipios\/","og_site_name":"ANAM","article_publisher":"https:\/\/www.facebook.com\/ANAMGuatemala.org.gt","article_published_time":"2024-09-30T16:29:05+00:00","article_modified_time":"2024-10-29T18:58:55+00:00","og_image":[{"width":1600,"height":898,"url":"https:\/\/anam.org.gt\/inicio\/wp-content\/uploads\/2024\/09\/WhatsApp-Image-2024-04-01-at-12.42.18-PM-1.jpeg","type":"image\/jpeg"}],"author":"Redacci\u00f3n ANAM","twitter_card":"summary_large_image","twitter_creator":"@ANAM_Guatemala","twitter_site":"@ANAM_Guatemala","twitter_misc":{"Escrito por":"Redacci\u00f3n ANAM","Tiempo de lectura":"1 minuto"},"schema":{"@context":"https:\/\/schema.org","@graph":[{"@type":"Article","@id":"https:\/\/anam.org.gt\/inicio\/anam-fortalece-vinculos-con-el-ministerio-publico-para-acercar-la-justicia-a-los-municipios\/#article","isPartOf":{"@id":"https:\/\/anam.org.gt\/inicio\/anam-fortalece-vinculos-con-el-ministerio-publico-para-acercar-la-justicia-a-los-municipios\/"},"author":{"name":"Redacci\u00f3n ANAM","@id":"https:\/\/anam.org.gt\/inicio\/#\/schema\/person\/414b1b5634500f1c6a9b3a2fd14b09ae"},"headline":"Anam Fortalece V\u00ednculos Con El Ministerio P\u00fablico para acercar la justicia A Los Municipios","datePublished":"2024-09-30T16:29:05+00:00","dateModified":"2024-10-29T18:58:55+00:00","mainEntityOfPage":{"@id":"https:\/\/anam.org.gt\/inicio\/anam-fortalece-vinculos-con-el-ministerio-publico-para-acercar-la-justicia-a-los-municipios\/"},"wordCount":288,"commentCount":0,"publisher":{"@id":"https:\/\/anam.org.gt\/inicio\/#organization"},"image":{"@id":"https:\/\/anam.org.gt\/inicio\/anam-fortalece-vinculos-con-el-ministerio-publico-para-acercar-la-justicia-a-los-municipios\/#primaryimage"},"thumbnailUrl":"https:\/\/anam.org.gt\/inicio\/wp-content\/uploads\/2024\/09\/WhatsApp-Image-2024-04-01-at-12.42.18-PM-1.jpeg","articleSection":["ANAM"],"inLanguage":"es","potentialAction":[{"@type":"CommentAction","name":"Comment","target":["https:\/\/anam.org.gt\/inicio\/anam-fortalece-vinculos-con-el-ministerio-publico-para-acercar-la-justicia-a-los-municipios\/#respond"]}]},{"@type":"WebPage","@id":"https:\/\/anam.org.gt\/inicio\/anam-fortalece-vinculos-con-el-ministerio-publico-para-acercar-la-justicia-a-los-municipios\/","url":"https:\/\/anam.org.gt\/inicio\/anam-fortalece-vinculos-con-el-ministerio-publico-para-acercar-la-justicia-a-los-municipios\/","name":"Anam Fortalece V\u00ednculos Con El Ministerio P\u00fablico para acercar la justicia A Los Municipios - ANAM","isPartOf":{"@id":"https:\/\/anam.org.gt\/inicio\/#website"},"primaryImageOfPage":{"@id":"https:\/\/anam.org.gt\/inicio\/anam-fortalece-vinculos-con-el-ministerio-publico-para-acercar-la-justicia-a-los-municipios\/#primaryimage"},"image":{"@id":"https:\/\/anam.org.gt\/inicio\/anam-fortalece-vinculos-con-el-ministerio-publico-para-acercar-la-justicia-a-los-municipios\/#primaryimage"},"thumbnailUrl":"https:\/\/anam.org.gt\/inicio\/wp-content\/uploads\/2024\/09\/WhatsApp-Image-2024-04-01-at-12.42.18-PM-1.jpeg","datePublished":"2024-09-30T16:29:05+00:00","dateModified":"2024-10-29T18:58:55+00:00","breadcrumb":{"@id":"https:\/\/anam.org.gt\/inicio\/anam-fortalece-vinculos-con-el-ministerio-publico-para-acercar-la-justicia-a-los-municipios\/#breadcrumb"},"inLanguage":"es","potentialAction":[{"@type":"ReadAction","target":["https:\/\/anam.org.gt\/inicio\/anam-fortalece-vinculos-con-el-ministerio-publico-para-acercar-la-justicia-a-los-municipios\/"]}]},{"@type":"ImageObject","inLanguage":"es","@id":"https:\/\/anam.org.gt\/inicio\/anam-fortalece-vinculos-con-el-ministerio-publico-para-acercar-la-justicia-a-los-municipios\/#primaryimage","url":"https:\/\/anam.org.gt\/inicio\/wp-content\/uploads\/2024\/09\/WhatsApp-Image-2024-04-01-at-12.42.18-PM-1.jpeg","contentUrl":"https:\/\/anam.org.gt\/inicio\/wp-content\/uploads\/2024\/09\/WhatsApp-Image-2024-04-01-at-12.42.18-PM-1.jpeg","width":1600,"height":898},{"@type":"BreadcrumbList","@id":"https:\/\/anam.org.gt\/inicio\/anam-fortalece-vinculos-con-el-ministerio-publico-para-acercar-la-justicia-a-los-municipios\/#breadcrumb","itemListElement":[{"@type":"ListItem","position":1,"name":"Portada","item":"https:\/\/anam.org.gt\/inicio\/"},{"@type":"ListItem","position":2,"name":"Anam Fortalece V\u00ednculos Con El Ministerio P\u00fablico para acercar la justicia A Los Municipios"}]},{"@type":"WebSite","@id":"https:\/\/anam.org.gt\/inicio\/#website","url":"https:\/\/anam.org.gt\/inicio\/","name":"ANAM","description":"Asociaci\u00f3n Nacional de Municipalidades de la Rep\u00fablica de Guatemala","publisher":{"@id":"https:\/\/anam.org.gt\/inicio\/#organization"},"potentialAction":[{"@type":"SearchAction","target":{"@type":"EntryPoint","urlTemplate":"https:\/\/anam.org.gt\/inicio\/?s={search_term_string}"},"query-input":{"@type":"PropertyValueSpecification","valueRequired":true,"valueName":"search_term_string"}}],"inLanguage":"es"},{"@type":"Organization","@id":"https:\/\/anam.org.gt\/inicio\/#organization","name":"Asociaci\u00f3n Nacional de Municipalidades de la Rep\u00fablica de Guatemala","url":"https:\/\/anam.org.gt\/inicio\/","logo":{"@type":"ImageObject","inLanguage":"es","@id":"https:\/\/anam.org.gt\/inicio\/#\/schema\/logo\/image\/","url":"https:\/\/anam.org.gt\/inicio\/wp-content\/uploads\/2026\/02\/logo-anam-central-1.png","contentUrl":"https:\/\/anam.org.gt\/inicio\/wp-content\/uploads\/2026\/02\/logo-anam-central-1.png","width":600,"height":280,"caption":"Asociaci\u00f3n Nacional de Municipalidades de la Rep\u00fablica de Guatemala"},"image":{"@id":"https:\/\/anam.org.gt\/inicio\/#\/schema\/logo\/image\/"},"sameAs":["https:\/\/www.facebook.com\/ANAMGuatemala.org.gt","https:\/\/x.com\/ANAM_Guatemala","https:\/\/www.instagram.com\/anam_guatemala\/?hl=es"]},{"@type":"Person","@id":"https:\/\/anam.org.gt\/inicio\/#\/schema\/person\/414b1b5634500f1c6a9b3a2fd14b09ae","name":"Redacci\u00f3n ANAM","image":{"@type":"ImageObject","inLanguage":"es","@id":"https:\/\/anam.org.gt\/inicio\/#\/schema\/person\/image\/","url":"https:\/\/secure.gravatar.com\/avatar\/0932cae5df2e01a8bfd567ed2bbb9506a207e748a2fc5b69edc148b2ea83c2cc?s=96&d=mm&r=g","contentUrl":"https:\/\/secure.gravatar.com\/avatar\/0932cae5df2e01a8bfd567ed2bbb9506a207e748a2fc5b69edc148b2ea83c2cc?s=96&d=mm&r=g","caption":"Redacci\u00f3n ANAM"},"url":"https:\/\/anam.org.gt\/inicio\/author\/redaccion\/"}]}},"_links":{"self":[{"href":"https:\/\/anam.org.gt\/inicio\/wp-json\/wp\/v2\/posts\/2742","targetHints":{"allow":["GET"]}}],"collection":[{"href":"https:\/\/anam.org.gt\/inicio\/wp-json\/wp\/v2\/posts"}],"about":[{"href":"https:\/\/anam.org.gt\/inicio\/wp-json\/wp\/v2\/types\/post"}],"author":[{"embeddable":true,"href":"https:\/\/anam.org.gt\/inicio\/wp-json\/wp\/v2\/users\/7"}],"replies":[{"embeddable":true,"href":"https:\/\/anam.org.gt\/inicio\/wp-json\/wp\/v2\/comments?post=2742"}],"version-history":[{"count":4,"href":"https:\/\/anam.org.gt\/inicio\/wp-json\/wp\/v2\/posts\/2742\/revisions"}],"predecessor-version":[{"id":2747,"href":"https:\/\/anam.org.gt\/inicio\/wp-json\/wp\/v2\/posts\/2742\/revisions\/2747"}],"wp:featuredmedia":[{"embeddable":true,"href":"https:\/\/anam.org.gt\/inicio\/wp-json\/wp\/v2\/media\/2743"}],"wp:attachment":[{"href":"https:\/\/anam.org.gt\/inicio\/wp-json\/wp\/v2\/media?parent=2742"}],"wp:term":[{"taxonomy":"category","embeddable":true,"href":"https:\/\/anam.org.gt\/inicio\/wp-json\/wp\/v2\/categories?post=2742"},{"taxonomy":"post_tag","embeddable":true,"href":"https:\/\/anam.org.gt\/inicio\/wp-json\/wp\/v2\/tags?post=2742"}],"curies":[{"name":"wp","href":"https:\/\/api.w.org\/{rel}","templated":true}]}}