{"id":3032,"date":"2024-10-06T18:50:00","date_gmt":"2024-10-06T18:50:00","guid":{"rendered":"https:\/\/anam.org.gt\/inicio\/?p=3032"},"modified":"2024-10-29T18:58:49","modified_gmt":"2024-10-29T18:58:49","slug":"reunion-solola","status":"publish","type":"post","link":"https:\/\/anam.org.gt\/inicio\/reunion-solola\/","title":{"rendered":"El Presidente de ANAM, \u00e9l Ingeniero Sebastian Siero, se re\u00fane con Alcaldes de Solol\u00e1  para Fortalecer la Administraci\u00f3n Municipal"},"content":{"rendered":"<p>Esta semana, el Presidente de la Asociaci\u00f3n Nacional de Municipalidades de la Rep\u00fablica de Guatemala (ANAM), Ingeniero Sebasti\u00e1n Siero, se reuni\u00f3 con los alcaldes de Solol\u00e1 con el objetivo de dise\u00f1ar acciones concretas que fortalezcan la administraci\u00f3n municipal en la regi\u00f3n.<\/p><p>Durante el encuentro, se discutieron estrategias clave para optimizar recursos y garantizar una planificaci\u00f3n eficiente de los proyectos y actividades para el pr\u00f3ximo a\u00f1o. El Presidente Siero destac\u00f3 la importancia de la colaboraci\u00f3n entre municipios para enfrentar los desaf\u00edos administrativos y financieros que enfrentan las comunidades.<\/p><p><strong>\u201cEs fundamental que trabajemos juntos para mejorar la gesti\u00f3n municipal y asegurar que nuestros recursos se utilicen de la manera m\u00e1s efectiva posible. La planificaci\u00f3n anticipada y la cooperaci\u00f3n son esenciales para lograr un desarrollo sostenible en nuestros municipios\u201d, expres\u00f3 Siero.<\/strong><\/p><p>ANAM reafirma su compromiso de apoyar a los gobiernos locales en la b\u00fasqueda de soluciones innovadoras y eficientes para mejorar la calidad de vida de los guatemaltecos.<\/p>","protected":false},"excerpt":{"rendered":"<p>Esta semana, el Presidente de la Asociaci\u00f3n Nacional de Municipalidades de la Rep\u00fablica de Guatemala (ANAM), Ingeniero Sebasti\u00e1n Siero, se reuni\u00f3 con los alcaldes de Solol\u00e1 con el objetivo de dise\u00f1ar acciones concretas que fortalezcan la administraci\u00f3n municipal en la regi\u00f3n. Durante el encuentro, se discutieron estrategias clave para optimizar recursos y garantizar una planificaci\u00f3n [&hellip;]<\/p>\n","protected":false},"author":7,"featured_media":3033,"comment_status":"open","ping_status":"open","sticky":false,"template":"","format":"standard","meta":{"footnotes":""},"categories":[1],"tags":[],"class_list":["post-3032","post","type-post","status-publish","format-standard","has-post-thumbnail","hentry","category-anam"],"yoast_head":"<!-- This site is optimized with the Yoast SEO plugin v27.0 - https:\/\/yoast.com\/product\/yoast-seo-wordpress\/ -->\n<title>El Presidente de ANAM, \u00e9l Ingeniero Sebastian Siero, se re\u00fane con Alcaldes de Solol\u00e1 para Fortalecer la Administraci\u00f3n Municipal - ANAM<\/title>\n<meta name=\"robots\" content=\"index, follow, max-snippet:-1, max-image-preview:large, max-video-preview:-1\" \/>\n<link rel=\"canonical\" href=\"https:\/\/anam.org.gt\/inicio\/reunion-solola\/\" \/>\n<meta property=\"og:locale\" content=\"es_ES\" \/>\n<meta property=\"og:type\" content=\"article\" \/>\n<meta property=\"og:title\" content=\"El Presidente de ANAM, \u00e9l Ingeniero Sebastian Siero, se re\u00fane con Alcaldes de Solol\u00e1 para Fortalecer la Administraci\u00f3n Municipal - ANAM\" \/>\n<meta property=\"og:description\" content=\"Esta semana, el Presidente de la Asociaci\u00f3n Nacional de Municipalidades de la Rep\u00fablica de Guatemala (ANAM), Ingeniero Sebasti\u00e1n Siero, se reuni\u00f3 con los alcaldes de Solol\u00e1 con el objetivo de dise\u00f1ar acciones concretas que fortalezcan la administraci\u00f3n municipal en la regi\u00f3n. Durante el encuentro, se discutieron estrategias clave para optimizar recursos y garantizar una planificaci\u00f3n [&hellip;]\" \/>\n<meta property=\"og:url\" content=\"https:\/\/anam.org.gt\/inicio\/reunion-solola\/\" \/>\n<meta property=\"og:site_name\" content=\"ANAM\" \/>\n<meta property=\"article:publisher\" content=\"https:\/\/www.facebook.com\/ANAMGuatemala.org.gt\" \/>\n<meta property=\"article:published_time\" content=\"2024-10-06T18:50:00+00:00\" \/>\n<meta property=\"article:modified_time\" content=\"2024-10-29T18:58:49+00:00\" \/>\n<meta property=\"og:image\" content=\"https:\/\/anam.org.gt\/inicio\/wp-content\/uploads\/2024\/10\/solola-sebastian-siero.jpg\" \/>\n\t<meta property=\"og:image:width\" content=\"1440\" \/>\n\t<meta property=\"og:image:height\" content=\"1080\" \/>\n\t<meta property=\"og:image:type\" content=\"image\/jpeg\" \/>\n<meta name=\"author\" content=\"Redacci\u00f3n ANAM\" \/>\n<meta name=\"twitter:card\" content=\"summary_large_image\" \/>\n<meta name=\"twitter:creator\" content=\"@ANAM_Guatemala\" \/>\n<meta name=\"twitter:site\" content=\"@ANAM_Guatemala\" \/>\n<meta name=\"twitter:label1\" content=\"Escrito por\" \/>\n\t<meta name=\"twitter:data1\" content=\"Redacci\u00f3n ANAM\" \/>\n\t<meta name=\"twitter:label2\" content=\"Tiempo de lectura\" \/>\n\t<meta name=\"twitter:data2\" content=\"1 minuto\" \/>\n<script type=\"application\/ld+json\" class=\"yoast-schema-graph\">{\"@context\":\"https:\/\/schema.org\",\"@graph\":[{\"@type\":\"Article\",\"@id\":\"https:\/\/anam.org.gt\/inicio\/reunion-solola\/#article\",\"isPartOf\":{\"@id\":\"https:\/\/anam.org.gt\/inicio\/reunion-solola\/\"},\"author\":{\"name\":\"Redacci\u00f3n ANAM\",\"@id\":\"https:\/\/anam.org.gt\/inicio\/#\/schema\/person\/414b1b5634500f1c6a9b3a2fd14b09ae\"},\"headline\":\"El Presidente de ANAM, \u00e9l Ingeniero Sebastian Siero, se re\u00fane con Alcaldes de Solol\u00e1 para Fortalecer la Administraci\u00f3n Municipal\",\"datePublished\":\"2024-10-06T18:50:00+00:00\",\"dateModified\":\"2024-10-29T18:58:49+00:00\",\"mainEntityOfPage\":{\"@id\":\"https:\/\/anam.org.gt\/inicio\/reunion-solola\/\"},\"wordCount\":192,\"commentCount\":0,\"publisher\":{\"@id\":\"https:\/\/anam.org.gt\/inicio\/#organization\"},\"image\":{\"@id\":\"https:\/\/anam.org.gt\/inicio\/reunion-solola\/#primaryimage\"},\"thumbnailUrl\":\"https:\/\/anam.org.gt\/inicio\/wp-content\/uploads\/2024\/10\/solola-sebastian-siero.jpg\",\"articleSection\":[\"ANAM\"],\"inLanguage\":\"es\",\"potentialAction\":[{\"@type\":\"CommentAction\",\"name\":\"Comment\",\"target\":[\"https:\/\/anam.org.gt\/inicio\/reunion-solola\/#respond\"]}]},{\"@type\":\"WebPage\",\"@id\":\"https:\/\/anam.org.gt\/inicio\/reunion-solola\/\",\"url\":\"https:\/\/anam.org.gt\/inicio\/reunion-solola\/\",\"name\":\"El Presidente de ANAM, \u00e9l Ingeniero Sebastian Siero, se re\u00fane con Alcaldes de Solol\u00e1 para Fortalecer la Administraci\u00f3n Municipal - ANAM\",\"isPartOf\":{\"@id\":\"https:\/\/anam.org.gt\/inicio\/#website\"},\"primaryImageOfPage\":{\"@id\":\"https:\/\/anam.org.gt\/inicio\/reunion-solola\/#primaryimage\"},\"image\":{\"@id\":\"https:\/\/anam.org.gt\/inicio\/reunion-solola\/#primaryimage\"},\"thumbnailUrl\":\"https:\/\/anam.org.gt\/inicio\/wp-content\/uploads\/2024\/10\/solola-sebastian-siero.jpg\",\"datePublished\":\"2024-10-06T18:50:00+00:00\",\"dateModified\":\"2024-10-29T18:58:49+00:00\",\"breadcrumb\":{\"@id\":\"https:\/\/anam.org.gt\/inicio\/reunion-solola\/#breadcrumb\"},\"inLanguage\":\"es\",\"potentialAction\":[{\"@type\":\"ReadAction\",\"target\":[\"https:\/\/anam.org.gt\/inicio\/reunion-solola\/\"]}]},{\"@type\":\"ImageObject\",\"inLanguage\":\"es\",\"@id\":\"https:\/\/anam.org.gt\/inicio\/reunion-solola\/#primaryimage\",\"url\":\"https:\/\/anam.org.gt\/inicio\/wp-content\/uploads\/2024\/10\/solola-sebastian-siero.jpg\",\"contentUrl\":\"https:\/\/anam.org.gt\/inicio\/wp-content\/uploads\/2024\/10\/solola-sebastian-siero.jpg\",\"width\":1440,\"height\":1080},{\"@type\":\"BreadcrumbList\",\"@id\":\"https:\/\/anam.org.gt\/inicio\/reunion-solola\/#breadcrumb\",\"itemListElement\":[{\"@type\":\"ListItem\",\"position\":1,\"name\":\"Portada\",\"item\":\"https:\/\/anam.org.gt\/inicio\/\"},{\"@type\":\"ListItem\",\"position\":2,\"name\":\"El Presidente de ANAM, \u00e9l Ingeniero Sebastian Siero, se re\u00fane con Alcaldes de Solol\u00e1 para Fortalecer la Administraci\u00f3n Municipal\"}]},{\"@type\":\"WebSite\",\"@id\":\"https:\/\/anam.org.gt\/inicio\/#website\",\"url\":\"https:\/\/anam.org.gt\/inicio\/\",\"name\":\"ANAM\",\"description\":\"Asociaci\u00f3n Nacional de Municipalidades de la Rep\u00fablica de Guatemala\",\"publisher\":{\"@id\":\"https:\/\/anam.org.gt\/inicio\/#organization\"},\"potentialAction\":[{\"@type\":\"SearchAction\",\"target\":{\"@type\":\"EntryPoint\",\"urlTemplate\":\"https:\/\/anam.org.gt\/inicio\/?s={search_term_string}\"},\"query-input\":{\"@type\":\"PropertyValueSpecification\",\"valueRequired\":true,\"valueName\":\"search_term_string\"}}],\"inLanguage\":\"es\"},{\"@type\":\"Organization\",\"@id\":\"https:\/\/anam.org.gt\/inicio\/#organization\",\"name\":\"Asociaci\u00f3n Nacional de Municipalidades de la Rep\u00fablica de Guatemala\",\"url\":\"https:\/\/anam.org.gt\/inicio\/\",\"logo\":{\"@type\":\"ImageObject\",\"inLanguage\":\"es\",\"@id\":\"https:\/\/anam.org.gt\/inicio\/#\/schema\/logo\/image\/\",\"url\":\"https:\/\/anam.org.gt\/inicio\/wp-content\/uploads\/2026\/02\/logo-anam-central-1.png\",\"contentUrl\":\"https:\/\/anam.org.gt\/inicio\/wp-content\/uploads\/2026\/02\/logo-anam-central-1.png\",\"width\":600,\"height\":280,\"caption\":\"Asociaci\u00f3n Nacional de Municipalidades de la Rep\u00fablica de Guatemala\"},\"image\":{\"@id\":\"https:\/\/anam.org.gt\/inicio\/#\/schema\/logo\/image\/\"},\"sameAs\":[\"https:\/\/www.facebook.com\/ANAMGuatemala.org.gt\",\"https:\/\/x.com\/ANAM_Guatemala\",\"https:\/\/www.instagram.com\/anam_guatemala\/?hl=es\"]},{\"@type\":\"Person\",\"@id\":\"https:\/\/anam.org.gt\/inicio\/#\/schema\/person\/414b1b5634500f1c6a9b3a2fd14b09ae\",\"name\":\"Redacci\u00f3n ANAM\",\"image\":{\"@type\":\"ImageObject\",\"inLanguage\":\"es\",\"@id\":\"https:\/\/anam.org.gt\/inicio\/#\/schema\/person\/image\/\",\"url\":\"https:\/\/secure.gravatar.com\/avatar\/0932cae5df2e01a8bfd567ed2bbb9506a207e748a2fc5b69edc148b2ea83c2cc?s=96&d=mm&r=g\",\"contentUrl\":\"https:\/\/secure.gravatar.com\/avatar\/0932cae5df2e01a8bfd567ed2bbb9506a207e748a2fc5b69edc148b2ea83c2cc?s=96&d=mm&r=g\",\"caption\":\"Redacci\u00f3n ANAM\"},\"url\":\"https:\/\/anam.org.gt\/inicio\/author\/redaccion\/\"}]}<\/script>\n<!-- \/ Yoast SEO plugin. -->","yoast_head_json":{"title":"El Presidente de ANAM, \u00e9l Ingeniero Sebastian Siero, se re\u00fane con Alcaldes de Solol\u00e1 para Fortalecer la Administraci\u00f3n Municipal - ANAM","robots":{"index":"index","follow":"follow","max-snippet":"max-snippet:-1","max-image-preview":"max-image-preview:large","max-video-preview":"max-video-preview:-1"},"canonical":"https:\/\/anam.org.gt\/inicio\/reunion-solola\/","og_locale":"es_ES","og_type":"article","og_title":"El Presidente de ANAM, \u00e9l Ingeniero Sebastian Siero, se re\u00fane con Alcaldes de Solol\u00e1 para Fortalecer la Administraci\u00f3n Municipal - ANAM","og_description":"Esta semana, el Presidente de la Asociaci\u00f3n Nacional de Municipalidades de la Rep\u00fablica de Guatemala (ANAM), Ingeniero Sebasti\u00e1n Siero, se reuni\u00f3 con los alcaldes de Solol\u00e1 con el objetivo de dise\u00f1ar acciones concretas que fortalezcan la administraci\u00f3n municipal en la regi\u00f3n. Durante el encuentro, se discutieron estrategias clave para optimizar recursos y garantizar una planificaci\u00f3n [&hellip;]","og_url":"https:\/\/anam.org.gt\/inicio\/reunion-solola\/","og_site_name":"ANAM","article_publisher":"https:\/\/www.facebook.com\/ANAMGuatemala.org.gt","article_published_time":"2024-10-06T18:50:00+00:00","article_modified_time":"2024-10-29T18:58:49+00:00","og_image":[{"width":1440,"height":1080,"url":"https:\/\/anam.org.gt\/inicio\/wp-content\/uploads\/2024\/10\/solola-sebastian-siero.jpg","type":"image\/jpeg"}],"author":"Redacci\u00f3n ANAM","twitter_card":"summary_large_image","twitter_creator":"@ANAM_Guatemala","twitter_site":"@ANAM_Guatemala","twitter_misc":{"Escrito por":"Redacci\u00f3n ANAM","Tiempo de lectura":"1 minuto"},"schema":{"@context":"https:\/\/schema.org","@graph":[{"@type":"Article","@id":"https:\/\/anam.org.gt\/inicio\/reunion-solola\/#article","isPartOf":{"@id":"https:\/\/anam.org.gt\/inicio\/reunion-solola\/"},"author":{"name":"Redacci\u00f3n ANAM","@id":"https:\/\/anam.org.gt\/inicio\/#\/schema\/person\/414b1b5634500f1c6a9b3a2fd14b09ae"},"headline":"El Presidente de ANAM, \u00e9l Ingeniero Sebastian Siero, se re\u00fane con Alcaldes de Solol\u00e1 para Fortalecer la Administraci\u00f3n Municipal","datePublished":"2024-10-06T18:50:00+00:00","dateModified":"2024-10-29T18:58:49+00:00","mainEntityOfPage":{"@id":"https:\/\/anam.org.gt\/inicio\/reunion-solola\/"},"wordCount":192,"commentCount":0,"publisher":{"@id":"https:\/\/anam.org.gt\/inicio\/#organization"},"image":{"@id":"https:\/\/anam.org.gt\/inicio\/reunion-solola\/#primaryimage"},"thumbnailUrl":"https:\/\/anam.org.gt\/inicio\/wp-content\/uploads\/2024\/10\/solola-sebastian-siero.jpg","articleSection":["ANAM"],"inLanguage":"es","potentialAction":[{"@type":"CommentAction","name":"Comment","target":["https:\/\/anam.org.gt\/inicio\/reunion-solola\/#respond"]}]},{"@type":"WebPage","@id":"https:\/\/anam.org.gt\/inicio\/reunion-solola\/","url":"https:\/\/anam.org.gt\/inicio\/reunion-solola\/","name":"El Presidente de ANAM, \u00e9l Ingeniero Sebastian Siero, se re\u00fane con Alcaldes de Solol\u00e1 para Fortalecer la Administraci\u00f3n Municipal - ANAM","isPartOf":{"@id":"https:\/\/anam.org.gt\/inicio\/#website"},"primaryImageOfPage":{"@id":"https:\/\/anam.org.gt\/inicio\/reunion-solola\/#primaryimage"},"image":{"@id":"https:\/\/anam.org.gt\/inicio\/reunion-solola\/#primaryimage"},"thumbnailUrl":"https:\/\/anam.org.gt\/inicio\/wp-content\/uploads\/2024\/10\/solola-sebastian-siero.jpg","datePublished":"2024-10-06T18:50:00+00:00","dateModified":"2024-10-29T18:58:49+00:00","breadcrumb":{"@id":"https:\/\/anam.org.gt\/inicio\/reunion-solola\/#breadcrumb"},"inLanguage":"es","potentialAction":[{"@type":"ReadAction","target":["https:\/\/anam.org.gt\/inicio\/reunion-solola\/"]}]},{"@type":"ImageObject","inLanguage":"es","@id":"https:\/\/anam.org.gt\/inicio\/reunion-solola\/#primaryimage","url":"https:\/\/anam.org.gt\/inicio\/wp-content\/uploads\/2024\/10\/solola-sebastian-siero.jpg","contentUrl":"https:\/\/anam.org.gt\/inicio\/wp-content\/uploads\/2024\/10\/solola-sebastian-siero.jpg","width":1440,"height":1080},{"@type":"BreadcrumbList","@id":"https:\/\/anam.org.gt\/inicio\/reunion-solola\/#breadcrumb","itemListElement":[{"@type":"ListItem","position":1,"name":"Portada","item":"https:\/\/anam.org.gt\/inicio\/"},{"@type":"ListItem","position":2,"name":"El Presidente de ANAM, \u00e9l Ingeniero Sebastian Siero, se re\u00fane con Alcaldes de Solol\u00e1 para Fortalecer la Administraci\u00f3n Municipal"}]},{"@type":"WebSite","@id":"https:\/\/anam.org.gt\/inicio\/#website","url":"https:\/\/anam.org.gt\/inicio\/","name":"ANAM","description":"Asociaci\u00f3n Nacional de Municipalidades de la Rep\u00fablica de Guatemala","publisher":{"@id":"https:\/\/anam.org.gt\/inicio\/#organization"},"potentialAction":[{"@type":"SearchAction","target":{"@type":"EntryPoint","urlTemplate":"https:\/\/anam.org.gt\/inicio\/?s={search_term_string}"},"query-input":{"@type":"PropertyValueSpecification","valueRequired":true,"valueName":"search_term_string"}}],"inLanguage":"es"},{"@type":"Organization","@id":"https:\/\/anam.org.gt\/inicio\/#organization","name":"Asociaci\u00f3n Nacional de Municipalidades de la Rep\u00fablica de Guatemala","url":"https:\/\/anam.org.gt\/inicio\/","logo":{"@type":"ImageObject","inLanguage":"es","@id":"https:\/\/anam.org.gt\/inicio\/#\/schema\/logo\/image\/","url":"https:\/\/anam.org.gt\/inicio\/wp-content\/uploads\/2026\/02\/logo-anam-central-1.png","contentUrl":"https:\/\/anam.org.gt\/inicio\/wp-content\/uploads\/2026\/02\/logo-anam-central-1.png","width":600,"height":280,"caption":"Asociaci\u00f3n Nacional de Municipalidades de la Rep\u00fablica de Guatemala"},"image":{"@id":"https:\/\/anam.org.gt\/inicio\/#\/schema\/logo\/image\/"},"sameAs":["https:\/\/www.facebook.com\/ANAMGuatemala.org.gt","https:\/\/x.com\/ANAM_Guatemala","https:\/\/www.instagram.com\/anam_guatemala\/?hl=es"]},{"@type":"Person","@id":"https:\/\/anam.org.gt\/inicio\/#\/schema\/person\/414b1b5634500f1c6a9b3a2fd14b09ae","name":"Redacci\u00f3n ANAM","image":{"@type":"ImageObject","inLanguage":"es","@id":"https:\/\/anam.org.gt\/inicio\/#\/schema\/person\/image\/","url":"https:\/\/secure.gravatar.com\/avatar\/0932cae5df2e01a8bfd567ed2bbb9506a207e748a2fc5b69edc148b2ea83c2cc?s=96&d=mm&r=g","contentUrl":"https:\/\/secure.gravatar.com\/avatar\/0932cae5df2e01a8bfd567ed2bbb9506a207e748a2fc5b69edc148b2ea83c2cc?s=96&d=mm&r=g","caption":"Redacci\u00f3n ANAM"},"url":"https:\/\/anam.org.gt\/inicio\/author\/redaccion\/"}]}},"_links":{"self":[{"href":"https:\/\/anam.org.gt\/inicio\/wp-json\/wp\/v2\/posts\/3032","targetHints":{"allow":["GET"]}}],"collection":[{"href":"https:\/\/anam.org.gt\/inicio\/wp-json\/wp\/v2\/posts"}],"about":[{"href":"https:\/\/anam.org.gt\/inicio\/wp-json\/wp\/v2\/types\/post"}],"author":[{"embeddable":true,"href":"https:\/\/anam.org.gt\/inicio\/wp-json\/wp\/v2\/users\/7"}],"replies":[{"embeddable":true,"href":"https:\/\/anam.org.gt\/inicio\/wp-json\/wp\/v2\/comments?post=3032"}],"version-history":[{"count":1,"href":"https:\/\/anam.org.gt\/inicio\/wp-json\/wp\/v2\/posts\/3032\/revisions"}],"predecessor-version":[{"id":3034,"href":"https:\/\/anam.org.gt\/inicio\/wp-json\/wp\/v2\/posts\/3032\/revisions\/3034"}],"wp:featuredmedia":[{"embeddable":true,"href":"https:\/\/anam.org.gt\/inicio\/wp-json\/wp\/v2\/media\/3033"}],"wp:attachment":[{"href":"https:\/\/anam.org.gt\/inicio\/wp-json\/wp\/v2\/media?parent=3032"}],"wp:term":[{"taxonomy":"category","embeddable":true,"href":"https:\/\/anam.org.gt\/inicio\/wp-json\/wp\/v2\/categories?post=3032"},{"taxonomy":"post_tag","embeddable":true,"href":"https:\/\/anam.org.gt\/inicio\/wp-json\/wp\/v2\/tags?post=3032"}],"curies":[{"name":"wp","href":"https:\/\/api.w.org\/{rel}","templated":true}]}}