{"id":3035,"date":"2024-10-09T18:59:57","date_gmt":"2024-10-09T18:59:57","guid":{"rendered":"https:\/\/anam.org.gt\/inicio\/?p=3035"},"modified":"2024-10-29T19:33:25","modified_gmt":"2024-10-29T19:33:25","slug":"anam-reunion-ministra-educacion","status":"publish","type":"post","link":"https:\/\/anam.org.gt\/inicio\/anam-reunion-ministra-educacion\/","title":{"rendered":"Alcalde de San Crist\u00f3bal Cucho Se Re\u00fane con la Ministra de Educaci\u00f3n para Mejorar la Infraestructura Escolar"},"content":{"rendered":"<p>El Alcalde de San Crist\u00f3bal Cucho, Osmar L\u00f3pez Ram\u00edrez, se reuni\u00f3 recientemente con la Ministra de Educaci\u00f3n, Anabella Giracca, con el objetivo de gestionar y mejorar los edificios educativos en la regi\u00f3n. Este encuentro se centr\u00f3 en la imperante necesidad de invertir en infraestructura escolar para garantizar un entorno adecuado y seguro para el aprendizaje de los estudiantes.<\/p><p>Durante la reuni\u00f3n, el Alcalde L\u00f3pez Ram\u00edrez destac\u00f3 la importancia de contar con instalaciones educativas que cumplan con los est\u00e1ndares necesarios para ofrecer una educaci\u00f3n de calidad. \u201cEs fundamental que nuestros ni\u00f1os y j\u00f3venes tengan acceso a un ambiente escolar que propicie su desarrollo integral. Juntos, podemos hacer de San Crist\u00f3bal Cucho un lugar pr\u00f3spero para todos\u201d, afirm\u00f3.<\/p><p>La Ministra Giracca se mostr\u00f3 receptiva a las propuestas del Alcalde y coincidi\u00f3 en la necesidad de priorizar la inversi\u00f3n en infraestructura educativa. \u201cEstamos comprometidos en trabajar de la mano con las municipalidades para mejorar las condiciones de las escuelas en todo el pa\u00eds. La educaci\u00f3n es una prioridad, y su infraestructura es clave para el \u00e9xito de nuestros estudiantes\u201d, expres\u00f3.<\/p>","protected":false},"excerpt":{"rendered":"<p>El Alcalde de San Crist\u00f3bal Cucho, Osmar L\u00f3pez Ram\u00edrez, se reuni\u00f3 recientemente con la Ministra de Educaci\u00f3n, Anabella Giracca, con el objetivo de gestionar y mejorar los edificios educativos en la regi\u00f3n. Este encuentro se centr\u00f3 en la imperante necesidad de invertir en infraestructura escolar para garantizar un entorno adecuado y seguro para el aprendizaje [&hellip;]<\/p>\n","protected":false},"author":7,"featured_media":3036,"comment_status":"open","ping_status":"open","sticky":false,"template":"","format":"standard","meta":{"footnotes":""},"categories":[1],"tags":[],"class_list":["post-3035","post","type-post","status-publish","format-standard","has-post-thumbnail","hentry","category-anam"],"yoast_head":"<!-- This site is optimized with the Yoast SEO plugin v27.0 - https:\/\/yoast.com\/product\/yoast-seo-wordpress\/ -->\n<title>Alcalde de San Crist\u00f3bal Cucho Se Re\u00fane con la Ministra de Educaci\u00f3n para Mejorar la Infraestructura Escolar - ANAM<\/title>\n<meta name=\"robots\" content=\"index, follow, max-snippet:-1, max-image-preview:large, max-video-preview:-1\" \/>\n<link rel=\"canonical\" href=\"https:\/\/anam.org.gt\/inicio\/anam-reunion-ministra-educacion\/\" \/>\n<meta property=\"og:locale\" content=\"es_ES\" \/>\n<meta property=\"og:type\" content=\"article\" \/>\n<meta property=\"og:title\" content=\"Alcalde de San Crist\u00f3bal Cucho Se Re\u00fane con la Ministra de Educaci\u00f3n para Mejorar la Infraestructura Escolar - ANAM\" \/>\n<meta property=\"og:description\" content=\"El Alcalde de San Crist\u00f3bal Cucho, Osmar L\u00f3pez Ram\u00edrez, se reuni\u00f3 recientemente con la Ministra de Educaci\u00f3n, Anabella Giracca, con el objetivo de gestionar y mejorar los edificios educativos en la regi\u00f3n. Este encuentro se centr\u00f3 en la imperante necesidad de invertir en infraestructura escolar para garantizar un entorno adecuado y seguro para el aprendizaje [&hellip;]\" \/>\n<meta property=\"og:url\" content=\"https:\/\/anam.org.gt\/inicio\/anam-reunion-ministra-educacion\/\" \/>\n<meta property=\"og:site_name\" content=\"ANAM\" \/>\n<meta property=\"article:publisher\" content=\"https:\/\/www.facebook.com\/ANAMGuatemala.org.gt\" \/>\n<meta property=\"article:published_time\" content=\"2024-10-09T18:59:57+00:00\" \/>\n<meta property=\"article:modified_time\" content=\"2024-10-29T19:33:25+00:00\" \/>\n<meta property=\"og:image\" content=\"https:\/\/anam.org.gt\/inicio\/wp-content\/uploads\/2024\/10\/reunion-anam-educacion.jpg\" \/>\n\t<meta property=\"og:image:width\" content=\"1440\" \/>\n\t<meta property=\"og:image:height\" content=\"1080\" \/>\n\t<meta property=\"og:image:type\" content=\"image\/jpeg\" \/>\n<meta name=\"author\" content=\"Redacci\u00f3n ANAM\" \/>\n<meta name=\"twitter:card\" content=\"summary_large_image\" \/>\n<meta name=\"twitter:creator\" content=\"@ANAM_Guatemala\" \/>\n<meta name=\"twitter:site\" content=\"@ANAM_Guatemala\" \/>\n<meta name=\"twitter:label1\" content=\"Escrito por\" \/>\n\t<meta name=\"twitter:data1\" content=\"Redacci\u00f3n ANAM\" \/>\n\t<meta name=\"twitter:label2\" content=\"Tiempo de lectura\" \/>\n\t<meta name=\"twitter:data2\" content=\"1 minuto\" \/>\n<script type=\"application\/ld+json\" class=\"yoast-schema-graph\">{\"@context\":\"https:\/\/schema.org\",\"@graph\":[{\"@type\":\"Article\",\"@id\":\"https:\/\/anam.org.gt\/inicio\/anam-reunion-ministra-educacion\/#article\",\"isPartOf\":{\"@id\":\"https:\/\/anam.org.gt\/inicio\/anam-reunion-ministra-educacion\/\"},\"author\":{\"name\":\"Redacci\u00f3n ANAM\",\"@id\":\"https:\/\/anam.org.gt\/inicio\/#\/schema\/person\/414b1b5634500f1c6a9b3a2fd14b09ae\"},\"headline\":\"Alcalde de San Crist\u00f3bal Cucho Se Re\u00fane con la Ministra de Educaci\u00f3n para Mejorar la Infraestructura Escolar\",\"datePublished\":\"2024-10-09T18:59:57+00:00\",\"dateModified\":\"2024-10-29T19:33:25+00:00\",\"mainEntityOfPage\":{\"@id\":\"https:\/\/anam.org.gt\/inicio\/anam-reunion-ministra-educacion\/\"},\"wordCount\":214,\"commentCount\":0,\"publisher\":{\"@id\":\"https:\/\/anam.org.gt\/inicio\/#organization\"},\"image\":{\"@id\":\"https:\/\/anam.org.gt\/inicio\/anam-reunion-ministra-educacion\/#primaryimage\"},\"thumbnailUrl\":\"https:\/\/anam.org.gt\/inicio\/wp-content\/uploads\/2024\/10\/reunion-anam-educacion.jpg\",\"articleSection\":[\"ANAM\"],\"inLanguage\":\"es\",\"potentialAction\":[{\"@type\":\"CommentAction\",\"name\":\"Comment\",\"target\":[\"https:\/\/anam.org.gt\/inicio\/anam-reunion-ministra-educacion\/#respond\"]}]},{\"@type\":\"WebPage\",\"@id\":\"https:\/\/anam.org.gt\/inicio\/anam-reunion-ministra-educacion\/\",\"url\":\"https:\/\/anam.org.gt\/inicio\/anam-reunion-ministra-educacion\/\",\"name\":\"Alcalde de San Crist\u00f3bal Cucho Se Re\u00fane con la Ministra de Educaci\u00f3n para Mejorar la Infraestructura Escolar - ANAM\",\"isPartOf\":{\"@id\":\"https:\/\/anam.org.gt\/inicio\/#website\"},\"primaryImageOfPage\":{\"@id\":\"https:\/\/anam.org.gt\/inicio\/anam-reunion-ministra-educacion\/#primaryimage\"},\"image\":{\"@id\":\"https:\/\/anam.org.gt\/inicio\/anam-reunion-ministra-educacion\/#primaryimage\"},\"thumbnailUrl\":\"https:\/\/anam.org.gt\/inicio\/wp-content\/uploads\/2024\/10\/reunion-anam-educacion.jpg\",\"datePublished\":\"2024-10-09T18:59:57+00:00\",\"dateModified\":\"2024-10-29T19:33:25+00:00\",\"breadcrumb\":{\"@id\":\"https:\/\/anam.org.gt\/inicio\/anam-reunion-ministra-educacion\/#breadcrumb\"},\"inLanguage\":\"es\",\"potentialAction\":[{\"@type\":\"ReadAction\",\"target\":[\"https:\/\/anam.org.gt\/inicio\/anam-reunion-ministra-educacion\/\"]}]},{\"@type\":\"ImageObject\",\"inLanguage\":\"es\",\"@id\":\"https:\/\/anam.org.gt\/inicio\/anam-reunion-ministra-educacion\/#primaryimage\",\"url\":\"https:\/\/anam.org.gt\/inicio\/wp-content\/uploads\/2024\/10\/reunion-anam-educacion.jpg\",\"contentUrl\":\"https:\/\/anam.org.gt\/inicio\/wp-content\/uploads\/2024\/10\/reunion-anam-educacion.jpg\",\"width\":1440,\"height\":1080},{\"@type\":\"BreadcrumbList\",\"@id\":\"https:\/\/anam.org.gt\/inicio\/anam-reunion-ministra-educacion\/#breadcrumb\",\"itemListElement\":[{\"@type\":\"ListItem\",\"position\":1,\"name\":\"Portada\",\"item\":\"https:\/\/anam.org.gt\/inicio\/\"},{\"@type\":\"ListItem\",\"position\":2,\"name\":\"Alcalde de San Crist\u00f3bal Cucho Se Re\u00fane con la Ministra de Educaci\u00f3n para Mejorar la Infraestructura Escolar\"}]},{\"@type\":\"WebSite\",\"@id\":\"https:\/\/anam.org.gt\/inicio\/#website\",\"url\":\"https:\/\/anam.org.gt\/inicio\/\",\"name\":\"ANAM\",\"description\":\"Asociaci\u00f3n Nacional de Municipalidades de la Rep\u00fablica de Guatemala\",\"publisher\":{\"@id\":\"https:\/\/anam.org.gt\/inicio\/#organization\"},\"potentialAction\":[{\"@type\":\"SearchAction\",\"target\":{\"@type\":\"EntryPoint\",\"urlTemplate\":\"https:\/\/anam.org.gt\/inicio\/?s={search_term_string}\"},\"query-input\":{\"@type\":\"PropertyValueSpecification\",\"valueRequired\":true,\"valueName\":\"search_term_string\"}}],\"inLanguage\":\"es\"},{\"@type\":\"Organization\",\"@id\":\"https:\/\/anam.org.gt\/inicio\/#organization\",\"name\":\"Asociaci\u00f3n Nacional de Municipalidades de la Rep\u00fablica de Guatemala\",\"url\":\"https:\/\/anam.org.gt\/inicio\/\",\"logo\":{\"@type\":\"ImageObject\",\"inLanguage\":\"es\",\"@id\":\"https:\/\/anam.org.gt\/inicio\/#\/schema\/logo\/image\/\",\"url\":\"https:\/\/anam.org.gt\/inicio\/wp-content\/uploads\/2026\/02\/logo-anam-central-1.png\",\"contentUrl\":\"https:\/\/anam.org.gt\/inicio\/wp-content\/uploads\/2026\/02\/logo-anam-central-1.png\",\"width\":600,\"height\":280,\"caption\":\"Asociaci\u00f3n Nacional de Municipalidades de la Rep\u00fablica de Guatemala\"},\"image\":{\"@id\":\"https:\/\/anam.org.gt\/inicio\/#\/schema\/logo\/image\/\"},\"sameAs\":[\"https:\/\/www.facebook.com\/ANAMGuatemala.org.gt\",\"https:\/\/x.com\/ANAM_Guatemala\",\"https:\/\/www.instagram.com\/anam_guatemala\/?hl=es\"]},{\"@type\":\"Person\",\"@id\":\"https:\/\/anam.org.gt\/inicio\/#\/schema\/person\/414b1b5634500f1c6a9b3a2fd14b09ae\",\"name\":\"Redacci\u00f3n ANAM\",\"image\":{\"@type\":\"ImageObject\",\"inLanguage\":\"es\",\"@id\":\"https:\/\/anam.org.gt\/inicio\/#\/schema\/person\/image\/\",\"url\":\"https:\/\/secure.gravatar.com\/avatar\/0932cae5df2e01a8bfd567ed2bbb9506a207e748a2fc5b69edc148b2ea83c2cc?s=96&d=mm&r=g\",\"contentUrl\":\"https:\/\/secure.gravatar.com\/avatar\/0932cae5df2e01a8bfd567ed2bbb9506a207e748a2fc5b69edc148b2ea83c2cc?s=96&d=mm&r=g\",\"caption\":\"Redacci\u00f3n ANAM\"},\"url\":\"https:\/\/anam.org.gt\/inicio\/author\/redaccion\/\"}]}<\/script>\n<!-- \/ Yoast SEO plugin. -->","yoast_head_json":{"title":"Alcalde de San Crist\u00f3bal Cucho Se Re\u00fane con la Ministra de Educaci\u00f3n para Mejorar la Infraestructura Escolar - ANAM","robots":{"index":"index","follow":"follow","max-snippet":"max-snippet:-1","max-image-preview":"max-image-preview:large","max-video-preview":"max-video-preview:-1"},"canonical":"https:\/\/anam.org.gt\/inicio\/anam-reunion-ministra-educacion\/","og_locale":"es_ES","og_type":"article","og_title":"Alcalde de San Crist\u00f3bal Cucho Se Re\u00fane con la Ministra de Educaci\u00f3n para Mejorar la Infraestructura Escolar - ANAM","og_description":"El Alcalde de San Crist\u00f3bal Cucho, Osmar L\u00f3pez Ram\u00edrez, se reuni\u00f3 recientemente con la Ministra de Educaci\u00f3n, Anabella Giracca, con el objetivo de gestionar y mejorar los edificios educativos en la regi\u00f3n. Este encuentro se centr\u00f3 en la imperante necesidad de invertir en infraestructura escolar para garantizar un entorno adecuado y seguro para el aprendizaje [&hellip;]","og_url":"https:\/\/anam.org.gt\/inicio\/anam-reunion-ministra-educacion\/","og_site_name":"ANAM","article_publisher":"https:\/\/www.facebook.com\/ANAMGuatemala.org.gt","article_published_time":"2024-10-09T18:59:57+00:00","article_modified_time":"2024-10-29T19:33:25+00:00","og_image":[{"width":1440,"height":1080,"url":"https:\/\/anam.org.gt\/inicio\/wp-content\/uploads\/2024\/10\/reunion-anam-educacion.jpg","type":"image\/jpeg"}],"author":"Redacci\u00f3n ANAM","twitter_card":"summary_large_image","twitter_creator":"@ANAM_Guatemala","twitter_site":"@ANAM_Guatemala","twitter_misc":{"Escrito por":"Redacci\u00f3n ANAM","Tiempo de lectura":"1 minuto"},"schema":{"@context":"https:\/\/schema.org","@graph":[{"@type":"Article","@id":"https:\/\/anam.org.gt\/inicio\/anam-reunion-ministra-educacion\/#article","isPartOf":{"@id":"https:\/\/anam.org.gt\/inicio\/anam-reunion-ministra-educacion\/"},"author":{"name":"Redacci\u00f3n ANAM","@id":"https:\/\/anam.org.gt\/inicio\/#\/schema\/person\/414b1b5634500f1c6a9b3a2fd14b09ae"},"headline":"Alcalde de San Crist\u00f3bal Cucho Se Re\u00fane con la Ministra de Educaci\u00f3n para Mejorar la Infraestructura Escolar","datePublished":"2024-10-09T18:59:57+00:00","dateModified":"2024-10-29T19:33:25+00:00","mainEntityOfPage":{"@id":"https:\/\/anam.org.gt\/inicio\/anam-reunion-ministra-educacion\/"},"wordCount":214,"commentCount":0,"publisher":{"@id":"https:\/\/anam.org.gt\/inicio\/#organization"},"image":{"@id":"https:\/\/anam.org.gt\/inicio\/anam-reunion-ministra-educacion\/#primaryimage"},"thumbnailUrl":"https:\/\/anam.org.gt\/inicio\/wp-content\/uploads\/2024\/10\/reunion-anam-educacion.jpg","articleSection":["ANAM"],"inLanguage":"es","potentialAction":[{"@type":"CommentAction","name":"Comment","target":["https:\/\/anam.org.gt\/inicio\/anam-reunion-ministra-educacion\/#respond"]}]},{"@type":"WebPage","@id":"https:\/\/anam.org.gt\/inicio\/anam-reunion-ministra-educacion\/","url":"https:\/\/anam.org.gt\/inicio\/anam-reunion-ministra-educacion\/","name":"Alcalde de San Crist\u00f3bal Cucho Se Re\u00fane con la Ministra de Educaci\u00f3n para Mejorar la Infraestructura Escolar - ANAM","isPartOf":{"@id":"https:\/\/anam.org.gt\/inicio\/#website"},"primaryImageOfPage":{"@id":"https:\/\/anam.org.gt\/inicio\/anam-reunion-ministra-educacion\/#primaryimage"},"image":{"@id":"https:\/\/anam.org.gt\/inicio\/anam-reunion-ministra-educacion\/#primaryimage"},"thumbnailUrl":"https:\/\/anam.org.gt\/inicio\/wp-content\/uploads\/2024\/10\/reunion-anam-educacion.jpg","datePublished":"2024-10-09T18:59:57+00:00","dateModified":"2024-10-29T19:33:25+00:00","breadcrumb":{"@id":"https:\/\/anam.org.gt\/inicio\/anam-reunion-ministra-educacion\/#breadcrumb"},"inLanguage":"es","potentialAction":[{"@type":"ReadAction","target":["https:\/\/anam.org.gt\/inicio\/anam-reunion-ministra-educacion\/"]}]},{"@type":"ImageObject","inLanguage":"es","@id":"https:\/\/anam.org.gt\/inicio\/anam-reunion-ministra-educacion\/#primaryimage","url":"https:\/\/anam.org.gt\/inicio\/wp-content\/uploads\/2024\/10\/reunion-anam-educacion.jpg","contentUrl":"https:\/\/anam.org.gt\/inicio\/wp-content\/uploads\/2024\/10\/reunion-anam-educacion.jpg","width":1440,"height":1080},{"@type":"BreadcrumbList","@id":"https:\/\/anam.org.gt\/inicio\/anam-reunion-ministra-educacion\/#breadcrumb","itemListElement":[{"@type":"ListItem","position":1,"name":"Portada","item":"https:\/\/anam.org.gt\/inicio\/"},{"@type":"ListItem","position":2,"name":"Alcalde de San Crist\u00f3bal Cucho Se Re\u00fane con la Ministra de Educaci\u00f3n para Mejorar la Infraestructura Escolar"}]},{"@type":"WebSite","@id":"https:\/\/anam.org.gt\/inicio\/#website","url":"https:\/\/anam.org.gt\/inicio\/","name":"ANAM","description":"Asociaci\u00f3n Nacional de Municipalidades de la Rep\u00fablica de Guatemala","publisher":{"@id":"https:\/\/anam.org.gt\/inicio\/#organization"},"potentialAction":[{"@type":"SearchAction","target":{"@type":"EntryPoint","urlTemplate":"https:\/\/anam.org.gt\/inicio\/?s={search_term_string}"},"query-input":{"@type":"PropertyValueSpecification","valueRequired":true,"valueName":"search_term_string"}}],"inLanguage":"es"},{"@type":"Organization","@id":"https:\/\/anam.org.gt\/inicio\/#organization","name":"Asociaci\u00f3n Nacional de Municipalidades de la Rep\u00fablica de Guatemala","url":"https:\/\/anam.org.gt\/inicio\/","logo":{"@type":"ImageObject","inLanguage":"es","@id":"https:\/\/anam.org.gt\/inicio\/#\/schema\/logo\/image\/","url":"https:\/\/anam.org.gt\/inicio\/wp-content\/uploads\/2026\/02\/logo-anam-central-1.png","contentUrl":"https:\/\/anam.org.gt\/inicio\/wp-content\/uploads\/2026\/02\/logo-anam-central-1.png","width":600,"height":280,"caption":"Asociaci\u00f3n Nacional de Municipalidades de la Rep\u00fablica de Guatemala"},"image":{"@id":"https:\/\/anam.org.gt\/inicio\/#\/schema\/logo\/image\/"},"sameAs":["https:\/\/www.facebook.com\/ANAMGuatemala.org.gt","https:\/\/x.com\/ANAM_Guatemala","https:\/\/www.instagram.com\/anam_guatemala\/?hl=es"]},{"@type":"Person","@id":"https:\/\/anam.org.gt\/inicio\/#\/schema\/person\/414b1b5634500f1c6a9b3a2fd14b09ae","name":"Redacci\u00f3n ANAM","image":{"@type":"ImageObject","inLanguage":"es","@id":"https:\/\/anam.org.gt\/inicio\/#\/schema\/person\/image\/","url":"https:\/\/secure.gravatar.com\/avatar\/0932cae5df2e01a8bfd567ed2bbb9506a207e748a2fc5b69edc148b2ea83c2cc?s=96&d=mm&r=g","contentUrl":"https:\/\/secure.gravatar.com\/avatar\/0932cae5df2e01a8bfd567ed2bbb9506a207e748a2fc5b69edc148b2ea83c2cc?s=96&d=mm&r=g","caption":"Redacci\u00f3n ANAM"},"url":"https:\/\/anam.org.gt\/inicio\/author\/redaccion\/"}]}},"_links":{"self":[{"href":"https:\/\/anam.org.gt\/inicio\/wp-json\/wp\/v2\/posts\/3035","targetHints":{"allow":["GET"]}}],"collection":[{"href":"https:\/\/anam.org.gt\/inicio\/wp-json\/wp\/v2\/posts"}],"about":[{"href":"https:\/\/anam.org.gt\/inicio\/wp-json\/wp\/v2\/types\/post"}],"author":[{"embeddable":true,"href":"https:\/\/anam.org.gt\/inicio\/wp-json\/wp\/v2\/users\/7"}],"replies":[{"embeddable":true,"href":"https:\/\/anam.org.gt\/inicio\/wp-json\/wp\/v2\/comments?post=3035"}],"version-history":[{"count":1,"href":"https:\/\/anam.org.gt\/inicio\/wp-json\/wp\/v2\/posts\/3035\/revisions"}],"predecessor-version":[{"id":3037,"href":"https:\/\/anam.org.gt\/inicio\/wp-json\/wp\/v2\/posts\/3035\/revisions\/3037"}],"wp:featuredmedia":[{"embeddable":true,"href":"https:\/\/anam.org.gt\/inicio\/wp-json\/wp\/v2\/media\/3036"}],"wp:attachment":[{"href":"https:\/\/anam.org.gt\/inicio\/wp-json\/wp\/v2\/media?parent=3035"}],"wp:term":[{"taxonomy":"category","embeddable":true,"href":"https:\/\/anam.org.gt\/inicio\/wp-json\/wp\/v2\/categories?post=3035"},{"taxonomy":"post_tag","embeddable":true,"href":"https:\/\/anam.org.gt\/inicio\/wp-json\/wp\/v2\/tags?post=3035"}],"curies":[{"name":"wp","href":"https:\/\/api.w.org\/{rel}","templated":true}]}}