{"id":3045,"date":"2024-10-22T19:33:53","date_gmt":"2024-10-22T19:33:53","guid":{"rendered":"https:\/\/anam.org.gt\/inicio\/?p=3045"},"modified":"2024-10-29T19:50:45","modified_gmt":"2024-10-29T19:50:45","slug":"anam-aborda-la-crisis-de-carreteras-en-reunion-con-el-congreso-y-el-viceministro-de-comunicaciones","status":"publish","type":"post","link":"https:\/\/anam.org.gt\/inicio\/anam-aborda-la-crisis-de-carreteras-en-reunion-con-el-congreso-y-el-viceministro-de-comunicaciones\/","title":{"rendered":"ANAM Aborda la Crisis de Carreteras en Reuni\u00f3n con el Congreso y el Viceministro de Comunicaciones"},"content":{"rendered":"<p>En cumplimiento de las instrucciones del Presidente de la Asociaci\u00f3n Nacional de Municipalidades de la Rep\u00fablica de Guatemala (ANAM), Ingeniero Sebasti\u00e1n Siero, el Director Ejecutivo Patric Gramajo, junto con varios alcaldes, se reuni\u00f3 con la Comisi\u00f3n de Comunicaciones, Transporte y Obras P\u00fablicas del Congreso de la Rep\u00fablica de Guatemala y el Viceministro de Comunicaciones. El encuentro tuvo como objetivo abordar la preocupante situaci\u00f3n del estado de las carreteras del pa\u00eds y discutir posibles soluciones para su desarrollo y mantenimiento.<\/p><p>Durante la reuni\u00f3n, se expusieron las condiciones cr\u00edticas de muchas v\u00edas que afectan la movilidad y la seguridad de los ciudadanos. Los alcaldes presentes destacaron la importancia de contar con una infraestructura vial adecuada que facilite el acceso a servicios b\u00e1sicos y fomente el desarrollo econ\u00f3mico de las comunidades.<\/p><p>El Viceministro de Comunicaciones escuch\u00f3 atentamente las inquietudes planteadas y se comprometi\u00f3 a colaborar con ANAM y los alcaldes en la b\u00fasqueda de soluciones efectivas. Ambas partes acordaron continuar el di\u00e1logo y establecer una hoja de ruta que permita priorizar los proyectos m\u00e1s urgentes en el \u00e1mbito de las comunicaciones y el transporte.<\/p><p>ANAM reafirma su compromiso de trabajar en conjunto con el gobierno central y las municipalidades para garantizar una infraestructura vial que responda a las necesidades de la poblaci\u00f3n guatemalteca.<\/p>","protected":false},"excerpt":{"rendered":"<p>En cumplimiento de las instrucciones del Presidente de la Asociaci\u00f3n Nacional de Municipalidades de la Rep\u00fablica de Guatemala (ANAM), Ingeniero Sebasti\u00e1n Siero, el Director Ejecutivo Patric Gramajo, junto con varios alcaldes, se reuni\u00f3 con la Comisi\u00f3n de Comunicaciones, Transporte y Obras P\u00fablicas del Congreso de la Rep\u00fablica de Guatemala y el Viceministro de Comunicaciones. El [&hellip;]<\/p>\n","protected":false},"author":7,"featured_media":3046,"comment_status":"open","ping_status":"open","sticky":false,"template":"","format":"standard","meta":{"footnotes":""},"categories":[1],"tags":[],"class_list":["post-3045","post","type-post","status-publish","format-standard","has-post-thumbnail","hentry","category-anam"],"yoast_head":"<!-- This site is optimized with the Yoast SEO plugin v27.0 - https:\/\/yoast.com\/product\/yoast-seo-wordpress\/ -->\n<title>ANAM Aborda la Crisis de Carreteras en Reuni\u00f3n con el Congreso y el Viceministro de Comunicaciones - ANAM<\/title>\n<meta name=\"robots\" content=\"index, follow, max-snippet:-1, max-image-preview:large, max-video-preview:-1\" \/>\n<link rel=\"canonical\" href=\"https:\/\/anam.org.gt\/inicio\/anam-aborda-la-crisis-de-carreteras-en-reunion-con-el-congreso-y-el-viceministro-de-comunicaciones\/\" \/>\n<meta property=\"og:locale\" content=\"es_ES\" \/>\n<meta property=\"og:type\" content=\"article\" \/>\n<meta property=\"og:title\" content=\"ANAM Aborda la Crisis de Carreteras en Reuni\u00f3n con el Congreso y el Viceministro de Comunicaciones - ANAM\" \/>\n<meta property=\"og:description\" content=\"En cumplimiento de las instrucciones del Presidente de la Asociaci\u00f3n Nacional de Municipalidades de la Rep\u00fablica de Guatemala (ANAM), Ingeniero Sebasti\u00e1n Siero, el Director Ejecutivo Patric Gramajo, junto con varios alcaldes, se reuni\u00f3 con la Comisi\u00f3n de Comunicaciones, Transporte y Obras P\u00fablicas del Congreso de la Rep\u00fablica de Guatemala y el Viceministro de Comunicaciones. El [&hellip;]\" \/>\n<meta property=\"og:url\" content=\"https:\/\/anam.org.gt\/inicio\/anam-aborda-la-crisis-de-carreteras-en-reunion-con-el-congreso-y-el-viceministro-de-comunicaciones\/\" \/>\n<meta property=\"og:site_name\" content=\"ANAM\" \/>\n<meta property=\"article:publisher\" content=\"https:\/\/www.facebook.com\/ANAMGuatemala.org.gt\" \/>\n<meta property=\"article:published_time\" content=\"2024-10-22T19:33:53+00:00\" \/>\n<meta property=\"article:modified_time\" content=\"2024-10-29T19:50:45+00:00\" \/>\n<meta property=\"og:image\" content=\"https:\/\/anam.org.gt\/inicio\/wp-content\/uploads\/2024\/10\/congreso-siero.jpg\" \/>\n\t<meta property=\"og:image:width\" content=\"1200\" \/>\n\t<meta property=\"og:image:height\" content=\"800\" \/>\n\t<meta property=\"og:image:type\" content=\"image\/jpeg\" \/>\n<meta name=\"author\" content=\"Redacci\u00f3n ANAM\" \/>\n<meta name=\"twitter:card\" content=\"summary_large_image\" \/>\n<meta name=\"twitter:creator\" content=\"@ANAM_Guatemala\" \/>\n<meta name=\"twitter:site\" content=\"@ANAM_Guatemala\" \/>\n<meta name=\"twitter:label1\" content=\"Escrito por\" \/>\n\t<meta name=\"twitter:data1\" content=\"Redacci\u00f3n ANAM\" \/>\n\t<meta name=\"twitter:label2\" content=\"Tiempo de lectura\" \/>\n\t<meta name=\"twitter:data2\" content=\"1 minuto\" \/>\n<script type=\"application\/ld+json\" class=\"yoast-schema-graph\">{\"@context\":\"https:\/\/schema.org\",\"@graph\":[{\"@type\":\"Article\",\"@id\":\"https:\/\/anam.org.gt\/inicio\/anam-aborda-la-crisis-de-carreteras-en-reunion-con-el-congreso-y-el-viceministro-de-comunicaciones\/#article\",\"isPartOf\":{\"@id\":\"https:\/\/anam.org.gt\/inicio\/anam-aborda-la-crisis-de-carreteras-en-reunion-con-el-congreso-y-el-viceministro-de-comunicaciones\/\"},\"author\":{\"name\":\"Redacci\u00f3n ANAM\",\"@id\":\"https:\/\/anam.org.gt\/inicio\/#\/schema\/person\/414b1b5634500f1c6a9b3a2fd14b09ae\"},\"headline\":\"ANAM Aborda la Crisis de Carreteras en Reuni\u00f3n con el Congreso y el Viceministro de Comunicaciones\",\"datePublished\":\"2024-10-22T19:33:53+00:00\",\"dateModified\":\"2024-10-29T19:50:45+00:00\",\"mainEntityOfPage\":{\"@id\":\"https:\/\/anam.org.gt\/inicio\/anam-aborda-la-crisis-de-carreteras-en-reunion-con-el-congreso-y-el-viceministro-de-comunicaciones\/\"},\"wordCount\":244,\"commentCount\":0,\"publisher\":{\"@id\":\"https:\/\/anam.org.gt\/inicio\/#organization\"},\"image\":{\"@id\":\"https:\/\/anam.org.gt\/inicio\/anam-aborda-la-crisis-de-carreteras-en-reunion-con-el-congreso-y-el-viceministro-de-comunicaciones\/#primaryimage\"},\"thumbnailUrl\":\"https:\/\/anam.org.gt\/inicio\/wp-content\/uploads\/2024\/10\/congreso-siero.jpg\",\"articleSection\":[\"ANAM\"],\"inLanguage\":\"es\",\"potentialAction\":[{\"@type\":\"CommentAction\",\"name\":\"Comment\",\"target\":[\"https:\/\/anam.org.gt\/inicio\/anam-aborda-la-crisis-de-carreteras-en-reunion-con-el-congreso-y-el-viceministro-de-comunicaciones\/#respond\"]}]},{\"@type\":\"WebPage\",\"@id\":\"https:\/\/anam.org.gt\/inicio\/anam-aborda-la-crisis-de-carreteras-en-reunion-con-el-congreso-y-el-viceministro-de-comunicaciones\/\",\"url\":\"https:\/\/anam.org.gt\/inicio\/anam-aborda-la-crisis-de-carreteras-en-reunion-con-el-congreso-y-el-viceministro-de-comunicaciones\/\",\"name\":\"ANAM Aborda la Crisis de Carreteras en Reuni\u00f3n con el Congreso y el Viceministro de Comunicaciones - ANAM\",\"isPartOf\":{\"@id\":\"https:\/\/anam.org.gt\/inicio\/#website\"},\"primaryImageOfPage\":{\"@id\":\"https:\/\/anam.org.gt\/inicio\/anam-aborda-la-crisis-de-carreteras-en-reunion-con-el-congreso-y-el-viceministro-de-comunicaciones\/#primaryimage\"},\"image\":{\"@id\":\"https:\/\/anam.org.gt\/inicio\/anam-aborda-la-crisis-de-carreteras-en-reunion-con-el-congreso-y-el-viceministro-de-comunicaciones\/#primaryimage\"},\"thumbnailUrl\":\"https:\/\/anam.org.gt\/inicio\/wp-content\/uploads\/2024\/10\/congreso-siero.jpg\",\"datePublished\":\"2024-10-22T19:33:53+00:00\",\"dateModified\":\"2024-10-29T19:50:45+00:00\",\"breadcrumb\":{\"@id\":\"https:\/\/anam.org.gt\/inicio\/anam-aborda-la-crisis-de-carreteras-en-reunion-con-el-congreso-y-el-viceministro-de-comunicaciones\/#breadcrumb\"},\"inLanguage\":\"es\",\"potentialAction\":[{\"@type\":\"ReadAction\",\"target\":[\"https:\/\/anam.org.gt\/inicio\/anam-aborda-la-crisis-de-carreteras-en-reunion-con-el-congreso-y-el-viceministro-de-comunicaciones\/\"]}]},{\"@type\":\"ImageObject\",\"inLanguage\":\"es\",\"@id\":\"https:\/\/anam.org.gt\/inicio\/anam-aborda-la-crisis-de-carreteras-en-reunion-con-el-congreso-y-el-viceministro-de-comunicaciones\/#primaryimage\",\"url\":\"https:\/\/anam.org.gt\/inicio\/wp-content\/uploads\/2024\/10\/congreso-siero.jpg\",\"contentUrl\":\"https:\/\/anam.org.gt\/inicio\/wp-content\/uploads\/2024\/10\/congreso-siero.jpg\",\"width\":1200,\"height\":800},{\"@type\":\"BreadcrumbList\",\"@id\":\"https:\/\/anam.org.gt\/inicio\/anam-aborda-la-crisis-de-carreteras-en-reunion-con-el-congreso-y-el-viceministro-de-comunicaciones\/#breadcrumb\",\"itemListElement\":[{\"@type\":\"ListItem\",\"position\":1,\"name\":\"Portada\",\"item\":\"https:\/\/anam.org.gt\/inicio\/\"},{\"@type\":\"ListItem\",\"position\":2,\"name\":\"ANAM Aborda la Crisis de Carreteras en Reuni\u00f3n con el Congreso y el Viceministro de Comunicaciones\"}]},{\"@type\":\"WebSite\",\"@id\":\"https:\/\/anam.org.gt\/inicio\/#website\",\"url\":\"https:\/\/anam.org.gt\/inicio\/\",\"name\":\"ANAM\",\"description\":\"Asociaci\u00f3n Nacional de Municipalidades de la Rep\u00fablica de Guatemala\",\"publisher\":{\"@id\":\"https:\/\/anam.org.gt\/inicio\/#organization\"},\"potentialAction\":[{\"@type\":\"SearchAction\",\"target\":{\"@type\":\"EntryPoint\",\"urlTemplate\":\"https:\/\/anam.org.gt\/inicio\/?s={search_term_string}\"},\"query-input\":{\"@type\":\"PropertyValueSpecification\",\"valueRequired\":true,\"valueName\":\"search_term_string\"}}],\"inLanguage\":\"es\"},{\"@type\":\"Organization\",\"@id\":\"https:\/\/anam.org.gt\/inicio\/#organization\",\"name\":\"Asociaci\u00f3n Nacional de Municipalidades de la Rep\u00fablica de Guatemala\",\"url\":\"https:\/\/anam.org.gt\/inicio\/\",\"logo\":{\"@type\":\"ImageObject\",\"inLanguage\":\"es\",\"@id\":\"https:\/\/anam.org.gt\/inicio\/#\/schema\/logo\/image\/\",\"url\":\"https:\/\/anam.org.gt\/inicio\/wp-content\/uploads\/2026\/02\/logo-anam-central-1.png\",\"contentUrl\":\"https:\/\/anam.org.gt\/inicio\/wp-content\/uploads\/2026\/02\/logo-anam-central-1.png\",\"width\":600,\"height\":280,\"caption\":\"Asociaci\u00f3n Nacional de Municipalidades de la Rep\u00fablica de Guatemala\"},\"image\":{\"@id\":\"https:\/\/anam.org.gt\/inicio\/#\/schema\/logo\/image\/\"},\"sameAs\":[\"https:\/\/www.facebook.com\/ANAMGuatemala.org.gt\",\"https:\/\/x.com\/ANAM_Guatemala\",\"https:\/\/www.instagram.com\/anam_guatemala\/?hl=es\"]},{\"@type\":\"Person\",\"@id\":\"https:\/\/anam.org.gt\/inicio\/#\/schema\/person\/414b1b5634500f1c6a9b3a2fd14b09ae\",\"name\":\"Redacci\u00f3n ANAM\",\"image\":{\"@type\":\"ImageObject\",\"inLanguage\":\"es\",\"@id\":\"https:\/\/anam.org.gt\/inicio\/#\/schema\/person\/image\/\",\"url\":\"https:\/\/secure.gravatar.com\/avatar\/0932cae5df2e01a8bfd567ed2bbb9506a207e748a2fc5b69edc148b2ea83c2cc?s=96&d=mm&r=g\",\"contentUrl\":\"https:\/\/secure.gravatar.com\/avatar\/0932cae5df2e01a8bfd567ed2bbb9506a207e748a2fc5b69edc148b2ea83c2cc?s=96&d=mm&r=g\",\"caption\":\"Redacci\u00f3n ANAM\"},\"url\":\"https:\/\/anam.org.gt\/inicio\/author\/redaccion\/\"}]}<\/script>\n<!-- \/ Yoast SEO plugin. -->","yoast_head_json":{"title":"ANAM Aborda la Crisis de Carreteras en Reuni\u00f3n con el Congreso y el Viceministro de Comunicaciones - ANAM","robots":{"index":"index","follow":"follow","max-snippet":"max-snippet:-1","max-image-preview":"max-image-preview:large","max-video-preview":"max-video-preview:-1"},"canonical":"https:\/\/anam.org.gt\/inicio\/anam-aborda-la-crisis-de-carreteras-en-reunion-con-el-congreso-y-el-viceministro-de-comunicaciones\/","og_locale":"es_ES","og_type":"article","og_title":"ANAM Aborda la Crisis de Carreteras en Reuni\u00f3n con el Congreso y el Viceministro de Comunicaciones - ANAM","og_description":"En cumplimiento de las instrucciones del Presidente de la Asociaci\u00f3n Nacional de Municipalidades de la Rep\u00fablica de Guatemala (ANAM), Ingeniero Sebasti\u00e1n Siero, el Director Ejecutivo Patric Gramajo, junto con varios alcaldes, se reuni\u00f3 con la Comisi\u00f3n de Comunicaciones, Transporte y Obras P\u00fablicas del Congreso de la Rep\u00fablica de Guatemala y el Viceministro de Comunicaciones. El [&hellip;]","og_url":"https:\/\/anam.org.gt\/inicio\/anam-aborda-la-crisis-de-carreteras-en-reunion-con-el-congreso-y-el-viceministro-de-comunicaciones\/","og_site_name":"ANAM","article_publisher":"https:\/\/www.facebook.com\/ANAMGuatemala.org.gt","article_published_time":"2024-10-22T19:33:53+00:00","article_modified_time":"2024-10-29T19:50:45+00:00","og_image":[{"width":1200,"height":800,"url":"https:\/\/anam.org.gt\/inicio\/wp-content\/uploads\/2024\/10\/congreso-siero.jpg","type":"image\/jpeg"}],"author":"Redacci\u00f3n ANAM","twitter_card":"summary_large_image","twitter_creator":"@ANAM_Guatemala","twitter_site":"@ANAM_Guatemala","twitter_misc":{"Escrito por":"Redacci\u00f3n ANAM","Tiempo de lectura":"1 minuto"},"schema":{"@context":"https:\/\/schema.org","@graph":[{"@type":"Article","@id":"https:\/\/anam.org.gt\/inicio\/anam-aborda-la-crisis-de-carreteras-en-reunion-con-el-congreso-y-el-viceministro-de-comunicaciones\/#article","isPartOf":{"@id":"https:\/\/anam.org.gt\/inicio\/anam-aborda-la-crisis-de-carreteras-en-reunion-con-el-congreso-y-el-viceministro-de-comunicaciones\/"},"author":{"name":"Redacci\u00f3n ANAM","@id":"https:\/\/anam.org.gt\/inicio\/#\/schema\/person\/414b1b5634500f1c6a9b3a2fd14b09ae"},"headline":"ANAM Aborda la Crisis de Carreteras en Reuni\u00f3n con el Congreso y el Viceministro de Comunicaciones","datePublished":"2024-10-22T19:33:53+00:00","dateModified":"2024-10-29T19:50:45+00:00","mainEntityOfPage":{"@id":"https:\/\/anam.org.gt\/inicio\/anam-aborda-la-crisis-de-carreteras-en-reunion-con-el-congreso-y-el-viceministro-de-comunicaciones\/"},"wordCount":244,"commentCount":0,"publisher":{"@id":"https:\/\/anam.org.gt\/inicio\/#organization"},"image":{"@id":"https:\/\/anam.org.gt\/inicio\/anam-aborda-la-crisis-de-carreteras-en-reunion-con-el-congreso-y-el-viceministro-de-comunicaciones\/#primaryimage"},"thumbnailUrl":"https:\/\/anam.org.gt\/inicio\/wp-content\/uploads\/2024\/10\/congreso-siero.jpg","articleSection":["ANAM"],"inLanguage":"es","potentialAction":[{"@type":"CommentAction","name":"Comment","target":["https:\/\/anam.org.gt\/inicio\/anam-aborda-la-crisis-de-carreteras-en-reunion-con-el-congreso-y-el-viceministro-de-comunicaciones\/#respond"]}]},{"@type":"WebPage","@id":"https:\/\/anam.org.gt\/inicio\/anam-aborda-la-crisis-de-carreteras-en-reunion-con-el-congreso-y-el-viceministro-de-comunicaciones\/","url":"https:\/\/anam.org.gt\/inicio\/anam-aborda-la-crisis-de-carreteras-en-reunion-con-el-congreso-y-el-viceministro-de-comunicaciones\/","name":"ANAM Aborda la Crisis de Carreteras en Reuni\u00f3n con el Congreso y el Viceministro de Comunicaciones - ANAM","isPartOf":{"@id":"https:\/\/anam.org.gt\/inicio\/#website"},"primaryImageOfPage":{"@id":"https:\/\/anam.org.gt\/inicio\/anam-aborda-la-crisis-de-carreteras-en-reunion-con-el-congreso-y-el-viceministro-de-comunicaciones\/#primaryimage"},"image":{"@id":"https:\/\/anam.org.gt\/inicio\/anam-aborda-la-crisis-de-carreteras-en-reunion-con-el-congreso-y-el-viceministro-de-comunicaciones\/#primaryimage"},"thumbnailUrl":"https:\/\/anam.org.gt\/inicio\/wp-content\/uploads\/2024\/10\/congreso-siero.jpg","datePublished":"2024-10-22T19:33:53+00:00","dateModified":"2024-10-29T19:50:45+00:00","breadcrumb":{"@id":"https:\/\/anam.org.gt\/inicio\/anam-aborda-la-crisis-de-carreteras-en-reunion-con-el-congreso-y-el-viceministro-de-comunicaciones\/#breadcrumb"},"inLanguage":"es","potentialAction":[{"@type":"ReadAction","target":["https:\/\/anam.org.gt\/inicio\/anam-aborda-la-crisis-de-carreteras-en-reunion-con-el-congreso-y-el-viceministro-de-comunicaciones\/"]}]},{"@type":"ImageObject","inLanguage":"es","@id":"https:\/\/anam.org.gt\/inicio\/anam-aborda-la-crisis-de-carreteras-en-reunion-con-el-congreso-y-el-viceministro-de-comunicaciones\/#primaryimage","url":"https:\/\/anam.org.gt\/inicio\/wp-content\/uploads\/2024\/10\/congreso-siero.jpg","contentUrl":"https:\/\/anam.org.gt\/inicio\/wp-content\/uploads\/2024\/10\/congreso-siero.jpg","width":1200,"height":800},{"@type":"BreadcrumbList","@id":"https:\/\/anam.org.gt\/inicio\/anam-aborda-la-crisis-de-carreteras-en-reunion-con-el-congreso-y-el-viceministro-de-comunicaciones\/#breadcrumb","itemListElement":[{"@type":"ListItem","position":1,"name":"Portada","item":"https:\/\/anam.org.gt\/inicio\/"},{"@type":"ListItem","position":2,"name":"ANAM Aborda la Crisis de Carreteras en Reuni\u00f3n con el Congreso y el Viceministro de Comunicaciones"}]},{"@type":"WebSite","@id":"https:\/\/anam.org.gt\/inicio\/#website","url":"https:\/\/anam.org.gt\/inicio\/","name":"ANAM","description":"Asociaci\u00f3n Nacional de Municipalidades de la Rep\u00fablica de Guatemala","publisher":{"@id":"https:\/\/anam.org.gt\/inicio\/#organization"},"potentialAction":[{"@type":"SearchAction","target":{"@type":"EntryPoint","urlTemplate":"https:\/\/anam.org.gt\/inicio\/?s={search_term_string}"},"query-input":{"@type":"PropertyValueSpecification","valueRequired":true,"valueName":"search_term_string"}}],"inLanguage":"es"},{"@type":"Organization","@id":"https:\/\/anam.org.gt\/inicio\/#organization","name":"Asociaci\u00f3n Nacional de Municipalidades de la Rep\u00fablica de Guatemala","url":"https:\/\/anam.org.gt\/inicio\/","logo":{"@type":"ImageObject","inLanguage":"es","@id":"https:\/\/anam.org.gt\/inicio\/#\/schema\/logo\/image\/","url":"https:\/\/anam.org.gt\/inicio\/wp-content\/uploads\/2026\/02\/logo-anam-central-1.png","contentUrl":"https:\/\/anam.org.gt\/inicio\/wp-content\/uploads\/2026\/02\/logo-anam-central-1.png","width":600,"height":280,"caption":"Asociaci\u00f3n Nacional de Municipalidades de la Rep\u00fablica de Guatemala"},"image":{"@id":"https:\/\/anam.org.gt\/inicio\/#\/schema\/logo\/image\/"},"sameAs":["https:\/\/www.facebook.com\/ANAMGuatemala.org.gt","https:\/\/x.com\/ANAM_Guatemala","https:\/\/www.instagram.com\/anam_guatemala\/?hl=es"]},{"@type":"Person","@id":"https:\/\/anam.org.gt\/inicio\/#\/schema\/person\/414b1b5634500f1c6a9b3a2fd14b09ae","name":"Redacci\u00f3n ANAM","image":{"@type":"ImageObject","inLanguage":"es","@id":"https:\/\/anam.org.gt\/inicio\/#\/schema\/person\/image\/","url":"https:\/\/secure.gravatar.com\/avatar\/0932cae5df2e01a8bfd567ed2bbb9506a207e748a2fc5b69edc148b2ea83c2cc?s=96&d=mm&r=g","contentUrl":"https:\/\/secure.gravatar.com\/avatar\/0932cae5df2e01a8bfd567ed2bbb9506a207e748a2fc5b69edc148b2ea83c2cc?s=96&d=mm&r=g","caption":"Redacci\u00f3n ANAM"},"url":"https:\/\/anam.org.gt\/inicio\/author\/redaccion\/"}]}},"_links":{"self":[{"href":"https:\/\/anam.org.gt\/inicio\/wp-json\/wp\/v2\/posts\/3045","targetHints":{"allow":["GET"]}}],"collection":[{"href":"https:\/\/anam.org.gt\/inicio\/wp-json\/wp\/v2\/posts"}],"about":[{"href":"https:\/\/anam.org.gt\/inicio\/wp-json\/wp\/v2\/types\/post"}],"author":[{"embeddable":true,"href":"https:\/\/anam.org.gt\/inicio\/wp-json\/wp\/v2\/users\/7"}],"replies":[{"embeddable":true,"href":"https:\/\/anam.org.gt\/inicio\/wp-json\/wp\/v2\/comments?post=3045"}],"version-history":[{"count":1,"href":"https:\/\/anam.org.gt\/inicio\/wp-json\/wp\/v2\/posts\/3045\/revisions"}],"predecessor-version":[{"id":3047,"href":"https:\/\/anam.org.gt\/inicio\/wp-json\/wp\/v2\/posts\/3045\/revisions\/3047"}],"wp:featuredmedia":[{"embeddable":true,"href":"https:\/\/anam.org.gt\/inicio\/wp-json\/wp\/v2\/media\/3046"}],"wp:attachment":[{"href":"https:\/\/anam.org.gt\/inicio\/wp-json\/wp\/v2\/media?parent=3045"}],"wp:term":[{"taxonomy":"category","embeddable":true,"href":"https:\/\/anam.org.gt\/inicio\/wp-json\/wp\/v2\/categories?post=3045"},{"taxonomy":"post_tag","embeddable":true,"href":"https:\/\/anam.org.gt\/inicio\/wp-json\/wp\/v2\/tags?post=3045"}],"curies":[{"name":"wp","href":"https:\/\/api.w.org\/{rel}","templated":true}]}}