{"id":3079,"date":"2024-10-30T23:49:00","date_gmt":"2024-10-30T23:49:00","guid":{"rendered":"https:\/\/anam.org.gt\/inicio\/?p=3079"},"modified":"2024-11-24T23:49:47","modified_gmt":"2024-11-24T23:49:47","slug":"presidente-siero-en-usac-mazatenango","status":"publish","type":"post","link":"https:\/\/anam.org.gt\/inicio\/presidente-siero-en-usac-mazatenango\/","title":{"rendered":"El Presidente de ANAM, Sebasti\u00e1n Siero, visita la Universidad San Carlos de Guatemala en Mazatenango y comparte avances en proyectos ambientales"},"content":{"rendered":"<p>El Presidente de la Asociaci\u00f3n Nacional de \u00c1rboles y Medio Ambiente (ANAM), Sebasti\u00e1n Siero, visit\u00f3 la sede de la Universidad San Carlos de Guatemala (USAC) en Mazatenango, donde sostuvo un enriquecedor encuentro con los estudiantes de Ingenier\u00eda Ambiental. Durante la charla, Siero destac\u00f3 los logros alcanzados por la instituci\u00f3n en pro de la protecci\u00f3n del medio ambiente, as\u00ed como los avances en diversos proyectos de impacto positivo para la comunidad, como el impulso de iniciativas sostenibles en el municipio de Santa Catarina Pinula.<\/p><p>En su intervenci\u00f3n, Siero present\u00f3 los resultados de varios proyectos emblem\u00e1ticos que han sido ejecutados bajo el liderazgo como alcalde en Santa Catarina Pinula. Entre los logros m\u00e1s significativos, destac\u00f3 la implementaci\u00f3n de <strong>buses el\u00e9ctricos<\/strong> como una alternativa ecol\u00f3gica al transporte p\u00fablico, contribuyendo a la reducci\u00f3n de la huella de carbono en la ciudad. Tambi\u00e9n destac\u00f3 las <strong>plantas de tratamiento de aguas residuales<\/strong> y la mejora de los sistemas de <strong>drenaje<\/strong> en diversas zonas del pa\u00eds, lo cual ha permitido una gesti\u00f3n m\u00e1s eficiente de los recursos h\u00eddricos y la reducci\u00f3n de la contaminaci\u00f3n.<\/p><p>Otro de los proyectos destacados fue la <strong>eliminaci\u00f3n de cables obsoletos<\/strong> que colgaban de los postes de electricidad, una medida que ha mejorado la est\u00e9tica urbana, reducido riesgos de accidentes y mejorado la eficiencia en el uso de infraestructura p\u00fablica.<\/p><p>\u201cEs fundamental que los j\u00f3venes estudiantes se involucren activamente en la construcci\u00f3n de un futuro m\u00e1s sostenible. Las iniciativas que estamos llevando a cabo tienen un impacto directo en la calidad de vida de las personas y en la preservaci\u00f3n de nuestro entorno\u201d, expres\u00f3 Sebasti\u00e1n Siero, Presidente de ANAM.<\/p><p>La visita a la USAC de Mazatenango es parte de una serie de encuentros organizados por ANAM para sensibilizar y motivar a la nueva generaci\u00f3n de ingenieros y l\u00edderes ambientales a seguir impulsando proyectos que contribuyan al desarrollo sostenible y a la protecci\u00f3n del medio ambiente.<\/p>","protected":false},"excerpt":{"rendered":"<p>El Presidente de la Asociaci\u00f3n Nacional de \u00c1rboles y Medio Ambiente (ANAM), Sebasti\u00e1n Siero, visit\u00f3 la sede de la Universidad San Carlos de Guatemala (USAC) en Mazatenango, donde sostuvo un enriquecedor encuentro con los estudiantes de Ingenier\u00eda Ambiental. Durante la charla, Siero destac\u00f3 los logros alcanzados por la instituci\u00f3n en pro de la protecci\u00f3n del [&hellip;]<\/p>\n","protected":false},"author":4,"featured_media":3080,"comment_status":"open","ping_status":"open","sticky":false,"template":"","format":"standard","meta":{"footnotes":""},"categories":[1],"tags":[],"class_list":["post-3079","post","type-post","status-publish","format-standard","has-post-thumbnail","hentry","category-anam"],"yoast_head":"<!-- This site is optimized with the Yoast SEO plugin v27.0 - https:\/\/yoast.com\/product\/yoast-seo-wordpress\/ -->\n<title>El Presidente de ANAM, Sebasti\u00e1n Siero, visita la Universidad San Carlos de Guatemala en Mazatenango y comparte avances en proyectos ambientales - ANAM<\/title>\n<meta name=\"robots\" content=\"index, follow, max-snippet:-1, max-image-preview:large, max-video-preview:-1\" \/>\n<link rel=\"canonical\" href=\"https:\/\/anam.org.gt\/inicio\/presidente-siero-en-usac-mazatenango\/\" \/>\n<meta property=\"og:locale\" content=\"es_ES\" \/>\n<meta property=\"og:type\" content=\"article\" \/>\n<meta property=\"og:title\" content=\"El Presidente de ANAM, Sebasti\u00e1n Siero, visita la Universidad San Carlos de Guatemala en Mazatenango y comparte avances en proyectos ambientales - ANAM\" \/>\n<meta property=\"og:description\" content=\"El Presidente de la Asociaci\u00f3n Nacional de \u00c1rboles y Medio Ambiente (ANAM), Sebasti\u00e1n Siero, visit\u00f3 la sede de la Universidad San Carlos de Guatemala (USAC) en Mazatenango, donde sostuvo un enriquecedor encuentro con los estudiantes de Ingenier\u00eda Ambiental. Durante la charla, Siero destac\u00f3 los logros alcanzados por la instituci\u00f3n en pro de la protecci\u00f3n del [&hellip;]\" \/>\n<meta property=\"og:url\" content=\"https:\/\/anam.org.gt\/inicio\/presidente-siero-en-usac-mazatenango\/\" \/>\n<meta property=\"og:site_name\" content=\"ANAM\" \/>\n<meta property=\"article:publisher\" content=\"https:\/\/www.facebook.com\/ANAMGuatemala.org.gt\" \/>\n<meta property=\"article:published_time\" content=\"2024-10-30T23:49:00+00:00\" \/>\n<meta property=\"article:modified_time\" content=\"2024-11-24T23:49:47+00:00\" \/>\n<meta property=\"og:image\" content=\"https:\/\/anam.org.gt\/inicio\/wp-content\/uploads\/2024\/11\/464705757_1145864800229651_7498263192615190295_n.jpg\" \/>\n\t<meta property=\"og:image:width\" content=\"1290\" \/>\n\t<meta property=\"og:image:height\" content=\"1632\" \/>\n\t<meta property=\"og:image:type\" content=\"image\/jpeg\" \/>\n<meta name=\"author\" content=\"admin\" \/>\n<meta name=\"twitter:card\" content=\"summary_large_image\" \/>\n<meta name=\"twitter:creator\" content=\"@ANAM_Guatemala\" \/>\n<meta name=\"twitter:site\" content=\"@ANAM_Guatemala\" \/>\n<meta name=\"twitter:label1\" content=\"Escrito por\" \/>\n\t<meta name=\"twitter:data1\" content=\"admin\" \/>\n\t<meta name=\"twitter:label2\" content=\"Tiempo de lectura\" \/>\n\t<meta name=\"twitter:data2\" content=\"2 minutos\" \/>\n<script type=\"application\/ld+json\" class=\"yoast-schema-graph\">{\"@context\":\"https:\/\/schema.org\",\"@graph\":[{\"@type\":\"Article\",\"@id\":\"https:\/\/anam.org.gt\/inicio\/presidente-siero-en-usac-mazatenango\/#article\",\"isPartOf\":{\"@id\":\"https:\/\/anam.org.gt\/inicio\/presidente-siero-en-usac-mazatenango\/\"},\"author\":{\"name\":\"admin\",\"@id\":\"https:\/\/anam.org.gt\/inicio\/#\/schema\/person\/568dcb3e3f73c87e66aedf646a399340\"},\"headline\":\"El Presidente de ANAM, Sebasti\u00e1n Siero, visita la Universidad San Carlos de Guatemala en Mazatenango y comparte avances en proyectos ambientales\",\"datePublished\":\"2024-10-30T23:49:00+00:00\",\"dateModified\":\"2024-11-24T23:49:47+00:00\",\"mainEntityOfPage\":{\"@id\":\"https:\/\/anam.org.gt\/inicio\/presidente-siero-en-usac-mazatenango\/\"},\"wordCount\":365,\"commentCount\":0,\"publisher\":{\"@id\":\"https:\/\/anam.org.gt\/inicio\/#organization\"},\"image\":{\"@id\":\"https:\/\/anam.org.gt\/inicio\/presidente-siero-en-usac-mazatenango\/#primaryimage\"},\"thumbnailUrl\":\"https:\/\/anam.org.gt\/inicio\/wp-content\/uploads\/2024\/11\/464705757_1145864800229651_7498263192615190295_n.jpg\",\"articleSection\":[\"ANAM\"],\"inLanguage\":\"es\",\"potentialAction\":[{\"@type\":\"CommentAction\",\"name\":\"Comment\",\"target\":[\"https:\/\/anam.org.gt\/inicio\/presidente-siero-en-usac-mazatenango\/#respond\"]}]},{\"@type\":\"WebPage\",\"@id\":\"https:\/\/anam.org.gt\/inicio\/presidente-siero-en-usac-mazatenango\/\",\"url\":\"https:\/\/anam.org.gt\/inicio\/presidente-siero-en-usac-mazatenango\/\",\"name\":\"El Presidente de ANAM, Sebasti\u00e1n Siero, visita la Universidad San Carlos de Guatemala en Mazatenango y comparte avances en proyectos ambientales - ANAM\",\"isPartOf\":{\"@id\":\"https:\/\/anam.org.gt\/inicio\/#website\"},\"primaryImageOfPage\":{\"@id\":\"https:\/\/anam.org.gt\/inicio\/presidente-siero-en-usac-mazatenango\/#primaryimage\"},\"image\":{\"@id\":\"https:\/\/anam.org.gt\/inicio\/presidente-siero-en-usac-mazatenango\/#primaryimage\"},\"thumbnailUrl\":\"https:\/\/anam.org.gt\/inicio\/wp-content\/uploads\/2024\/11\/464705757_1145864800229651_7498263192615190295_n.jpg\",\"datePublished\":\"2024-10-30T23:49:00+00:00\",\"dateModified\":\"2024-11-24T23:49:47+00:00\",\"breadcrumb\":{\"@id\":\"https:\/\/anam.org.gt\/inicio\/presidente-siero-en-usac-mazatenango\/#breadcrumb\"},\"inLanguage\":\"es\",\"potentialAction\":[{\"@type\":\"ReadAction\",\"target\":[\"https:\/\/anam.org.gt\/inicio\/presidente-siero-en-usac-mazatenango\/\"]}]},{\"@type\":\"ImageObject\",\"inLanguage\":\"es\",\"@id\":\"https:\/\/anam.org.gt\/inicio\/presidente-siero-en-usac-mazatenango\/#primaryimage\",\"url\":\"https:\/\/anam.org.gt\/inicio\/wp-content\/uploads\/2024\/11\/464705757_1145864800229651_7498263192615190295_n.jpg\",\"contentUrl\":\"https:\/\/anam.org.gt\/inicio\/wp-content\/uploads\/2024\/11\/464705757_1145864800229651_7498263192615190295_n.jpg\",\"width\":1290,\"height\":1632},{\"@type\":\"BreadcrumbList\",\"@id\":\"https:\/\/anam.org.gt\/inicio\/presidente-siero-en-usac-mazatenango\/#breadcrumb\",\"itemListElement\":[{\"@type\":\"ListItem\",\"position\":1,\"name\":\"Portada\",\"item\":\"https:\/\/anam.org.gt\/inicio\/\"},{\"@type\":\"ListItem\",\"position\":2,\"name\":\"El Presidente de ANAM, Sebasti\u00e1n Siero, visita la Universidad San Carlos de Guatemala en Mazatenango y comparte avances en proyectos ambientales\"}]},{\"@type\":\"WebSite\",\"@id\":\"https:\/\/anam.org.gt\/inicio\/#website\",\"url\":\"https:\/\/anam.org.gt\/inicio\/\",\"name\":\"ANAM\",\"description\":\"Asociaci\u00f3n Nacional de Municipalidades de la Rep\u00fablica de Guatemala\",\"publisher\":{\"@id\":\"https:\/\/anam.org.gt\/inicio\/#organization\"},\"potentialAction\":[{\"@type\":\"SearchAction\",\"target\":{\"@type\":\"EntryPoint\",\"urlTemplate\":\"https:\/\/anam.org.gt\/inicio\/?s={search_term_string}\"},\"query-input\":{\"@type\":\"PropertyValueSpecification\",\"valueRequired\":true,\"valueName\":\"search_term_string\"}}],\"inLanguage\":\"es\"},{\"@type\":\"Organization\",\"@id\":\"https:\/\/anam.org.gt\/inicio\/#organization\",\"name\":\"Asociaci\u00f3n Nacional de Municipalidades de la Rep\u00fablica de Guatemala\",\"url\":\"https:\/\/anam.org.gt\/inicio\/\",\"logo\":{\"@type\":\"ImageObject\",\"inLanguage\":\"es\",\"@id\":\"https:\/\/anam.org.gt\/inicio\/#\/schema\/logo\/image\/\",\"url\":\"https:\/\/anam.org.gt\/inicio\/wp-content\/uploads\/2026\/02\/logo-anam-central-1.png\",\"contentUrl\":\"https:\/\/anam.org.gt\/inicio\/wp-content\/uploads\/2026\/02\/logo-anam-central-1.png\",\"width\":600,\"height\":280,\"caption\":\"Asociaci\u00f3n Nacional de Municipalidades de la Rep\u00fablica de Guatemala\"},\"image\":{\"@id\":\"https:\/\/anam.org.gt\/inicio\/#\/schema\/logo\/image\/\"},\"sameAs\":[\"https:\/\/www.facebook.com\/ANAMGuatemala.org.gt\",\"https:\/\/x.com\/ANAM_Guatemala\",\"https:\/\/www.instagram.com\/anam_guatemala\/?hl=es\"]},{\"@type\":\"Person\",\"@id\":\"https:\/\/anam.org.gt\/inicio\/#\/schema\/person\/568dcb3e3f73c87e66aedf646a399340\",\"name\":\"admin\",\"image\":{\"@type\":\"ImageObject\",\"inLanguage\":\"es\",\"@id\":\"https:\/\/anam.org.gt\/inicio\/#\/schema\/person\/image\/\",\"url\":\"https:\/\/secure.gravatar.com\/avatar\/e28deb147a21fce7c80709f121c112cdeff455f99e5227e39053d3fdbf557402?s=96&d=mm&r=g\",\"contentUrl\":\"https:\/\/secure.gravatar.com\/avatar\/e28deb147a21fce7c80709f121c112cdeff455f99e5227e39053d3fdbf557402?s=96&d=mm&r=g\",\"caption\":\"admin\"},\"url\":\"https:\/\/anam.org.gt\/inicio\/author\/admin\/\"}]}<\/script>\n<!-- \/ Yoast SEO plugin. -->","yoast_head_json":{"title":"El Presidente de ANAM, Sebasti\u00e1n Siero, visita la Universidad San Carlos de Guatemala en Mazatenango y comparte avances en proyectos ambientales - ANAM","robots":{"index":"index","follow":"follow","max-snippet":"max-snippet:-1","max-image-preview":"max-image-preview:large","max-video-preview":"max-video-preview:-1"},"canonical":"https:\/\/anam.org.gt\/inicio\/presidente-siero-en-usac-mazatenango\/","og_locale":"es_ES","og_type":"article","og_title":"El Presidente de ANAM, Sebasti\u00e1n Siero, visita la Universidad San Carlos de Guatemala en Mazatenango y comparte avances en proyectos ambientales - ANAM","og_description":"El Presidente de la Asociaci\u00f3n Nacional de \u00c1rboles y Medio Ambiente (ANAM), Sebasti\u00e1n Siero, visit\u00f3 la sede de la Universidad San Carlos de Guatemala (USAC) en Mazatenango, donde sostuvo un enriquecedor encuentro con los estudiantes de Ingenier\u00eda Ambiental. Durante la charla, Siero destac\u00f3 los logros alcanzados por la instituci\u00f3n en pro de la protecci\u00f3n del [&hellip;]","og_url":"https:\/\/anam.org.gt\/inicio\/presidente-siero-en-usac-mazatenango\/","og_site_name":"ANAM","article_publisher":"https:\/\/www.facebook.com\/ANAMGuatemala.org.gt","article_published_time":"2024-10-30T23:49:00+00:00","article_modified_time":"2024-11-24T23:49:47+00:00","og_image":[{"width":1290,"height":1632,"url":"https:\/\/anam.org.gt\/inicio\/wp-content\/uploads\/2024\/11\/464705757_1145864800229651_7498263192615190295_n.jpg","type":"image\/jpeg"}],"author":"admin","twitter_card":"summary_large_image","twitter_creator":"@ANAM_Guatemala","twitter_site":"@ANAM_Guatemala","twitter_misc":{"Escrito por":"admin","Tiempo de lectura":"2 minutos"},"schema":{"@context":"https:\/\/schema.org","@graph":[{"@type":"Article","@id":"https:\/\/anam.org.gt\/inicio\/presidente-siero-en-usac-mazatenango\/#article","isPartOf":{"@id":"https:\/\/anam.org.gt\/inicio\/presidente-siero-en-usac-mazatenango\/"},"author":{"name":"admin","@id":"https:\/\/anam.org.gt\/inicio\/#\/schema\/person\/568dcb3e3f73c87e66aedf646a399340"},"headline":"El Presidente de ANAM, Sebasti\u00e1n Siero, visita la Universidad San Carlos de Guatemala en Mazatenango y comparte avances en proyectos ambientales","datePublished":"2024-10-30T23:49:00+00:00","dateModified":"2024-11-24T23:49:47+00:00","mainEntityOfPage":{"@id":"https:\/\/anam.org.gt\/inicio\/presidente-siero-en-usac-mazatenango\/"},"wordCount":365,"commentCount":0,"publisher":{"@id":"https:\/\/anam.org.gt\/inicio\/#organization"},"image":{"@id":"https:\/\/anam.org.gt\/inicio\/presidente-siero-en-usac-mazatenango\/#primaryimage"},"thumbnailUrl":"https:\/\/anam.org.gt\/inicio\/wp-content\/uploads\/2024\/11\/464705757_1145864800229651_7498263192615190295_n.jpg","articleSection":["ANAM"],"inLanguage":"es","potentialAction":[{"@type":"CommentAction","name":"Comment","target":["https:\/\/anam.org.gt\/inicio\/presidente-siero-en-usac-mazatenango\/#respond"]}]},{"@type":"WebPage","@id":"https:\/\/anam.org.gt\/inicio\/presidente-siero-en-usac-mazatenango\/","url":"https:\/\/anam.org.gt\/inicio\/presidente-siero-en-usac-mazatenango\/","name":"El Presidente de ANAM, Sebasti\u00e1n Siero, visita la Universidad San Carlos de Guatemala en Mazatenango y comparte avances en proyectos ambientales - ANAM","isPartOf":{"@id":"https:\/\/anam.org.gt\/inicio\/#website"},"primaryImageOfPage":{"@id":"https:\/\/anam.org.gt\/inicio\/presidente-siero-en-usac-mazatenango\/#primaryimage"},"image":{"@id":"https:\/\/anam.org.gt\/inicio\/presidente-siero-en-usac-mazatenango\/#primaryimage"},"thumbnailUrl":"https:\/\/anam.org.gt\/inicio\/wp-content\/uploads\/2024\/11\/464705757_1145864800229651_7498263192615190295_n.jpg","datePublished":"2024-10-30T23:49:00+00:00","dateModified":"2024-11-24T23:49:47+00:00","breadcrumb":{"@id":"https:\/\/anam.org.gt\/inicio\/presidente-siero-en-usac-mazatenango\/#breadcrumb"},"inLanguage":"es","potentialAction":[{"@type":"ReadAction","target":["https:\/\/anam.org.gt\/inicio\/presidente-siero-en-usac-mazatenango\/"]}]},{"@type":"ImageObject","inLanguage":"es","@id":"https:\/\/anam.org.gt\/inicio\/presidente-siero-en-usac-mazatenango\/#primaryimage","url":"https:\/\/anam.org.gt\/inicio\/wp-content\/uploads\/2024\/11\/464705757_1145864800229651_7498263192615190295_n.jpg","contentUrl":"https:\/\/anam.org.gt\/inicio\/wp-content\/uploads\/2024\/11\/464705757_1145864800229651_7498263192615190295_n.jpg","width":1290,"height":1632},{"@type":"BreadcrumbList","@id":"https:\/\/anam.org.gt\/inicio\/presidente-siero-en-usac-mazatenango\/#breadcrumb","itemListElement":[{"@type":"ListItem","position":1,"name":"Portada","item":"https:\/\/anam.org.gt\/inicio\/"},{"@type":"ListItem","position":2,"name":"El Presidente de ANAM, Sebasti\u00e1n Siero, visita la Universidad San Carlos de Guatemala en Mazatenango y comparte avances en proyectos ambientales"}]},{"@type":"WebSite","@id":"https:\/\/anam.org.gt\/inicio\/#website","url":"https:\/\/anam.org.gt\/inicio\/","name":"ANAM","description":"Asociaci\u00f3n Nacional de Municipalidades de la Rep\u00fablica de Guatemala","publisher":{"@id":"https:\/\/anam.org.gt\/inicio\/#organization"},"potentialAction":[{"@type":"SearchAction","target":{"@type":"EntryPoint","urlTemplate":"https:\/\/anam.org.gt\/inicio\/?s={search_term_string}"},"query-input":{"@type":"PropertyValueSpecification","valueRequired":true,"valueName":"search_term_string"}}],"inLanguage":"es"},{"@type":"Organization","@id":"https:\/\/anam.org.gt\/inicio\/#organization","name":"Asociaci\u00f3n Nacional de Municipalidades de la Rep\u00fablica de Guatemala","url":"https:\/\/anam.org.gt\/inicio\/","logo":{"@type":"ImageObject","inLanguage":"es","@id":"https:\/\/anam.org.gt\/inicio\/#\/schema\/logo\/image\/","url":"https:\/\/anam.org.gt\/inicio\/wp-content\/uploads\/2026\/02\/logo-anam-central-1.png","contentUrl":"https:\/\/anam.org.gt\/inicio\/wp-content\/uploads\/2026\/02\/logo-anam-central-1.png","width":600,"height":280,"caption":"Asociaci\u00f3n Nacional de Municipalidades de la Rep\u00fablica de Guatemala"},"image":{"@id":"https:\/\/anam.org.gt\/inicio\/#\/schema\/logo\/image\/"},"sameAs":["https:\/\/www.facebook.com\/ANAMGuatemala.org.gt","https:\/\/x.com\/ANAM_Guatemala","https:\/\/www.instagram.com\/anam_guatemala\/?hl=es"]},{"@type":"Person","@id":"https:\/\/anam.org.gt\/inicio\/#\/schema\/person\/568dcb3e3f73c87e66aedf646a399340","name":"admin","image":{"@type":"ImageObject","inLanguage":"es","@id":"https:\/\/anam.org.gt\/inicio\/#\/schema\/person\/image\/","url":"https:\/\/secure.gravatar.com\/avatar\/e28deb147a21fce7c80709f121c112cdeff455f99e5227e39053d3fdbf557402?s=96&d=mm&r=g","contentUrl":"https:\/\/secure.gravatar.com\/avatar\/e28deb147a21fce7c80709f121c112cdeff455f99e5227e39053d3fdbf557402?s=96&d=mm&r=g","caption":"admin"},"url":"https:\/\/anam.org.gt\/inicio\/author\/admin\/"}]}},"_links":{"self":[{"href":"https:\/\/anam.org.gt\/inicio\/wp-json\/wp\/v2\/posts\/3079","targetHints":{"allow":["GET"]}}],"collection":[{"href":"https:\/\/anam.org.gt\/inicio\/wp-json\/wp\/v2\/posts"}],"about":[{"href":"https:\/\/anam.org.gt\/inicio\/wp-json\/wp\/v2\/types\/post"}],"author":[{"embeddable":true,"href":"https:\/\/anam.org.gt\/inicio\/wp-json\/wp\/v2\/users\/4"}],"replies":[{"embeddable":true,"href":"https:\/\/anam.org.gt\/inicio\/wp-json\/wp\/v2\/comments?post=3079"}],"version-history":[{"count":1,"href":"https:\/\/anam.org.gt\/inicio\/wp-json\/wp\/v2\/posts\/3079\/revisions"}],"predecessor-version":[{"id":3081,"href":"https:\/\/anam.org.gt\/inicio\/wp-json\/wp\/v2\/posts\/3079\/revisions\/3081"}],"wp:featuredmedia":[{"embeddable":true,"href":"https:\/\/anam.org.gt\/inicio\/wp-json\/wp\/v2\/media\/3080"}],"wp:attachment":[{"href":"https:\/\/anam.org.gt\/inicio\/wp-json\/wp\/v2\/media?parent=3079"}],"wp:term":[{"taxonomy":"category","embeddable":true,"href":"https:\/\/anam.org.gt\/inicio\/wp-json\/wp\/v2\/categories?post=3079"},{"taxonomy":"post_tag","embeddable":true,"href":"https:\/\/anam.org.gt\/inicio\/wp-json\/wp\/v2\/tags?post=3079"}],"curies":[{"name":"wp","href":"https:\/\/api.w.org\/{rel}","templated":true}]}}