{"id":3082,"date":"2024-11-05T23:50:22","date_gmt":"2024-11-05T23:50:22","guid":{"rendered":"https:\/\/anam.org.gt\/inicio\/?p=3082"},"modified":"2024-11-25T00:03:52","modified_gmt":"2024-11-25T00:03:52","slug":"congreso-aprueba-utilizar-saldos","status":"publish","type":"post","link":"https:\/\/anam.org.gt\/inicio\/congreso-aprueba-utilizar-saldos\/","title":{"rendered":"El Congreso de la Rep\u00fablica de Guatemala aprueba ley que permitir\u00e1 usar los saldos no ejecutados de CODEDE en 2025"},"content":{"rendered":"<p>El Congreso de la Rep\u00fablica de Guatemala aprob\u00f3 recientemente una nueva ley impulsada por \u00e9l Presidente de la ANAM, Sebastian Siero, que permitir\u00e1 el uso de los saldos no ejecutados del Consejo de Desarrollo Departamental (CODEDE) del 2024 para el pr\u00f3ximo a\u00f1o fiscal, garantizando as\u00ed la disponibilidad de fondos para 2025. Este logro representa un avance significativo para el fortalecimiento del <strong>municipalismo<\/strong> en el pa\u00eds, promoviendo una gesti\u00f3n m\u00e1s eficiente y sostenible de los recursos destinados al desarrollo local.<\/p><p>La nueva ley permitir\u00e1 que los fondos no utilizados de los CODEDE sean trasladados al siguiente a\u00f1o fiscal, lo que asegurar\u00e1 que los municipios contin\u00faen ejecutando proyectos de desarrollo sin interrupciones, incluso en situaciones imprevistas o de ajuste presupuestario. Este mecanismo facilitar\u00e1 la planificaci\u00f3n a largo plazo y contribuir\u00e1 a la mejora de la infraestructura y servicios en las distintas comunidades del pa\u00eds.<\/p><p><strong>Avances en la agenda legislativa<\/strong><br>El Presidente de ANAM, Sebasti\u00e1n Siero, celebr\u00f3 esta aprobaci\u00f3n como un paso fundamental para el fortalecimiento del municipalismo en Guatemala. Adem\u00e1s, destac\u00f3 que el trabajo legislativo continuar\u00e1 avanzando en temas clave para el desarrollo local, incluyendo las reformas a la <strong>Ley de Contrataciones<\/strong>, la actualizaci\u00f3n de la <strong>Ley del Fondo Verde<\/strong>. Estas reformas buscan garantizar una mayor transparencia y eficiencia en la gesti\u00f3n de los recursos p\u00fablicos destinados a proyectos de desarrollo sostenible.<\/p><p><\/p>","protected":false},"excerpt":{"rendered":"<p>El Congreso de la Rep\u00fablica de Guatemala aprob\u00f3 recientemente una nueva ley impulsada por \u00e9l Presidente de la ANAM, Sebastian Siero, que permitir\u00e1 el uso de los saldos no ejecutados del Consejo de Desarrollo Departamental (CODEDE) del 2024 para el pr\u00f3ximo a\u00f1o fiscal, garantizando as\u00ed la disponibilidad de fondos para 2025. Este logro representa un [&hellip;]<\/p>\n","protected":false},"author":4,"featured_media":3083,"comment_status":"open","ping_status":"open","sticky":false,"template":"","format":"standard","meta":{"footnotes":""},"categories":[1],"tags":[],"class_list":["post-3082","post","type-post","status-publish","format-standard","has-post-thumbnail","hentry","category-anam"],"yoast_head":"<!-- This site is optimized with the Yoast SEO plugin v27.0 - https:\/\/yoast.com\/product\/yoast-seo-wordpress\/ -->\n<title>El Congreso de la Rep\u00fablica de Guatemala aprueba ley que permitir\u00e1 usar los saldos no ejecutados de CODEDE en 2025 - ANAM<\/title>\n<meta name=\"robots\" content=\"index, follow, max-snippet:-1, max-image-preview:large, max-video-preview:-1\" \/>\n<link rel=\"canonical\" href=\"https:\/\/anam.org.gt\/inicio\/congreso-aprueba-utilizar-saldos\/\" \/>\n<meta property=\"og:locale\" content=\"es_ES\" \/>\n<meta property=\"og:type\" content=\"article\" \/>\n<meta property=\"og:title\" content=\"El Congreso de la Rep\u00fablica de Guatemala aprueba ley que permitir\u00e1 usar los saldos no ejecutados de CODEDE en 2025 - ANAM\" \/>\n<meta property=\"og:description\" content=\"El Congreso de la Rep\u00fablica de Guatemala aprob\u00f3 recientemente una nueva ley impulsada por \u00e9l Presidente de la ANAM, Sebastian Siero, que permitir\u00e1 el uso de los saldos no ejecutados del Consejo de Desarrollo Departamental (CODEDE) del 2024 para el pr\u00f3ximo a\u00f1o fiscal, garantizando as\u00ed la disponibilidad de fondos para 2025. Este logro representa un [&hellip;]\" \/>\n<meta property=\"og:url\" content=\"https:\/\/anam.org.gt\/inicio\/congreso-aprueba-utilizar-saldos\/\" \/>\n<meta property=\"og:site_name\" content=\"ANAM\" \/>\n<meta property=\"article:publisher\" content=\"https:\/\/www.facebook.com\/ANAMGuatemala.org.gt\" \/>\n<meta property=\"article:published_time\" content=\"2024-11-05T23:50:22+00:00\" \/>\n<meta property=\"article:modified_time\" content=\"2024-11-25T00:03:52+00:00\" \/>\n<meta property=\"og:image\" content=\"https:\/\/anam.org.gt\/inicio\/wp-content\/uploads\/2024\/11\/465110487_971075848398065_3610251878770283490_n.jpg\" \/>\n\t<meta property=\"og:image:width\" content=\"1440\" \/>\n\t<meta property=\"og:image:height\" content=\"960\" \/>\n\t<meta property=\"og:image:type\" content=\"image\/jpeg\" \/>\n<meta name=\"author\" content=\"admin\" \/>\n<meta name=\"twitter:card\" content=\"summary_large_image\" \/>\n<meta name=\"twitter:creator\" content=\"@ANAM_Guatemala\" \/>\n<meta name=\"twitter:site\" content=\"@ANAM_Guatemala\" \/>\n<meta name=\"twitter:label1\" content=\"Escrito por\" \/>\n\t<meta name=\"twitter:data1\" content=\"admin\" \/>\n\t<meta name=\"twitter:label2\" content=\"Tiempo de lectura\" \/>\n\t<meta name=\"twitter:data2\" content=\"1 minuto\" \/>\n<script type=\"application\/ld+json\" class=\"yoast-schema-graph\">{\"@context\":\"https:\/\/schema.org\",\"@graph\":[{\"@type\":\"Article\",\"@id\":\"https:\/\/anam.org.gt\/inicio\/congreso-aprueba-utilizar-saldos\/#article\",\"isPartOf\":{\"@id\":\"https:\/\/anam.org.gt\/inicio\/congreso-aprueba-utilizar-saldos\/\"},\"author\":{\"name\":\"admin\",\"@id\":\"https:\/\/anam.org.gt\/inicio\/#\/schema\/person\/568dcb3e3f73c87e66aedf646a399340\"},\"headline\":\"El Congreso de la Rep\u00fablica de Guatemala aprueba ley que permitir\u00e1 usar los saldos no ejecutados de CODEDE en 2025\",\"datePublished\":\"2024-11-05T23:50:22+00:00\",\"dateModified\":\"2024-11-25T00:03:52+00:00\",\"mainEntityOfPage\":{\"@id\":\"https:\/\/anam.org.gt\/inicio\/congreso-aprueba-utilizar-saldos\/\"},\"wordCount\":254,\"commentCount\":0,\"publisher\":{\"@id\":\"https:\/\/anam.org.gt\/inicio\/#organization\"},\"image\":{\"@id\":\"https:\/\/anam.org.gt\/inicio\/congreso-aprueba-utilizar-saldos\/#primaryimage\"},\"thumbnailUrl\":\"https:\/\/anam.org.gt\/inicio\/wp-content\/uploads\/2024\/11\/465110487_971075848398065_3610251878770283490_n.jpg\",\"articleSection\":[\"ANAM\"],\"inLanguage\":\"es\",\"potentialAction\":[{\"@type\":\"CommentAction\",\"name\":\"Comment\",\"target\":[\"https:\/\/anam.org.gt\/inicio\/congreso-aprueba-utilizar-saldos\/#respond\"]}]},{\"@type\":\"WebPage\",\"@id\":\"https:\/\/anam.org.gt\/inicio\/congreso-aprueba-utilizar-saldos\/\",\"url\":\"https:\/\/anam.org.gt\/inicio\/congreso-aprueba-utilizar-saldos\/\",\"name\":\"El Congreso de la Rep\u00fablica de Guatemala aprueba ley que permitir\u00e1 usar los saldos no ejecutados de CODEDE en 2025 - ANAM\",\"isPartOf\":{\"@id\":\"https:\/\/anam.org.gt\/inicio\/#website\"},\"primaryImageOfPage\":{\"@id\":\"https:\/\/anam.org.gt\/inicio\/congreso-aprueba-utilizar-saldos\/#primaryimage\"},\"image\":{\"@id\":\"https:\/\/anam.org.gt\/inicio\/congreso-aprueba-utilizar-saldos\/#primaryimage\"},\"thumbnailUrl\":\"https:\/\/anam.org.gt\/inicio\/wp-content\/uploads\/2024\/11\/465110487_971075848398065_3610251878770283490_n.jpg\",\"datePublished\":\"2024-11-05T23:50:22+00:00\",\"dateModified\":\"2024-11-25T00:03:52+00:00\",\"breadcrumb\":{\"@id\":\"https:\/\/anam.org.gt\/inicio\/congreso-aprueba-utilizar-saldos\/#breadcrumb\"},\"inLanguage\":\"es\",\"potentialAction\":[{\"@type\":\"ReadAction\",\"target\":[\"https:\/\/anam.org.gt\/inicio\/congreso-aprueba-utilizar-saldos\/\"]}]},{\"@type\":\"ImageObject\",\"inLanguage\":\"es\",\"@id\":\"https:\/\/anam.org.gt\/inicio\/congreso-aprueba-utilizar-saldos\/#primaryimage\",\"url\":\"https:\/\/anam.org.gt\/inicio\/wp-content\/uploads\/2024\/11\/465110487_971075848398065_3610251878770283490_n.jpg\",\"contentUrl\":\"https:\/\/anam.org.gt\/inicio\/wp-content\/uploads\/2024\/11\/465110487_971075848398065_3610251878770283490_n.jpg\",\"width\":1440,\"height\":960},{\"@type\":\"BreadcrumbList\",\"@id\":\"https:\/\/anam.org.gt\/inicio\/congreso-aprueba-utilizar-saldos\/#breadcrumb\",\"itemListElement\":[{\"@type\":\"ListItem\",\"position\":1,\"name\":\"Portada\",\"item\":\"https:\/\/anam.org.gt\/inicio\/\"},{\"@type\":\"ListItem\",\"position\":2,\"name\":\"El Congreso de la Rep\u00fablica de Guatemala aprueba ley que permitir\u00e1 usar los saldos no ejecutados de CODEDE en 2025\"}]},{\"@type\":\"WebSite\",\"@id\":\"https:\/\/anam.org.gt\/inicio\/#website\",\"url\":\"https:\/\/anam.org.gt\/inicio\/\",\"name\":\"ANAM\",\"description\":\"Asociaci\u00f3n Nacional de Municipalidades de la Rep\u00fablica de Guatemala\",\"publisher\":{\"@id\":\"https:\/\/anam.org.gt\/inicio\/#organization\"},\"potentialAction\":[{\"@type\":\"SearchAction\",\"target\":{\"@type\":\"EntryPoint\",\"urlTemplate\":\"https:\/\/anam.org.gt\/inicio\/?s={search_term_string}\"},\"query-input\":{\"@type\":\"PropertyValueSpecification\",\"valueRequired\":true,\"valueName\":\"search_term_string\"}}],\"inLanguage\":\"es\"},{\"@type\":\"Organization\",\"@id\":\"https:\/\/anam.org.gt\/inicio\/#organization\",\"name\":\"Asociaci\u00f3n Nacional de Municipalidades de la Rep\u00fablica de Guatemala\",\"url\":\"https:\/\/anam.org.gt\/inicio\/\",\"logo\":{\"@type\":\"ImageObject\",\"inLanguage\":\"es\",\"@id\":\"https:\/\/anam.org.gt\/inicio\/#\/schema\/logo\/image\/\",\"url\":\"https:\/\/anam.org.gt\/inicio\/wp-content\/uploads\/2026\/02\/logo-anam-central-1.png\",\"contentUrl\":\"https:\/\/anam.org.gt\/inicio\/wp-content\/uploads\/2026\/02\/logo-anam-central-1.png\",\"width\":600,\"height\":280,\"caption\":\"Asociaci\u00f3n Nacional de Municipalidades de la Rep\u00fablica de Guatemala\"},\"image\":{\"@id\":\"https:\/\/anam.org.gt\/inicio\/#\/schema\/logo\/image\/\"},\"sameAs\":[\"https:\/\/www.facebook.com\/ANAMGuatemala.org.gt\",\"https:\/\/x.com\/ANAM_Guatemala\",\"https:\/\/www.instagram.com\/anam_guatemala\/?hl=es\"]},{\"@type\":\"Person\",\"@id\":\"https:\/\/anam.org.gt\/inicio\/#\/schema\/person\/568dcb3e3f73c87e66aedf646a399340\",\"name\":\"admin\",\"image\":{\"@type\":\"ImageObject\",\"inLanguage\":\"es\",\"@id\":\"https:\/\/anam.org.gt\/inicio\/#\/schema\/person\/image\/\",\"url\":\"https:\/\/secure.gravatar.com\/avatar\/e28deb147a21fce7c80709f121c112cdeff455f99e5227e39053d3fdbf557402?s=96&d=mm&r=g\",\"contentUrl\":\"https:\/\/secure.gravatar.com\/avatar\/e28deb147a21fce7c80709f121c112cdeff455f99e5227e39053d3fdbf557402?s=96&d=mm&r=g\",\"caption\":\"admin\"},\"url\":\"https:\/\/anam.org.gt\/inicio\/author\/admin\/\"}]}<\/script>\n<!-- \/ Yoast SEO plugin. -->","yoast_head_json":{"title":"El Congreso de la Rep\u00fablica de Guatemala aprueba ley que permitir\u00e1 usar los saldos no ejecutados de CODEDE en 2025 - ANAM","robots":{"index":"index","follow":"follow","max-snippet":"max-snippet:-1","max-image-preview":"max-image-preview:large","max-video-preview":"max-video-preview:-1"},"canonical":"https:\/\/anam.org.gt\/inicio\/congreso-aprueba-utilizar-saldos\/","og_locale":"es_ES","og_type":"article","og_title":"El Congreso de la Rep\u00fablica de Guatemala aprueba ley que permitir\u00e1 usar los saldos no ejecutados de CODEDE en 2025 - ANAM","og_description":"El Congreso de la Rep\u00fablica de Guatemala aprob\u00f3 recientemente una nueva ley impulsada por \u00e9l Presidente de la ANAM, Sebastian Siero, que permitir\u00e1 el uso de los saldos no ejecutados del Consejo de Desarrollo Departamental (CODEDE) del 2024 para el pr\u00f3ximo a\u00f1o fiscal, garantizando as\u00ed la disponibilidad de fondos para 2025. Este logro representa un [&hellip;]","og_url":"https:\/\/anam.org.gt\/inicio\/congreso-aprueba-utilizar-saldos\/","og_site_name":"ANAM","article_publisher":"https:\/\/www.facebook.com\/ANAMGuatemala.org.gt","article_published_time":"2024-11-05T23:50:22+00:00","article_modified_time":"2024-11-25T00:03:52+00:00","og_image":[{"width":1440,"height":960,"url":"https:\/\/anam.org.gt\/inicio\/wp-content\/uploads\/2024\/11\/465110487_971075848398065_3610251878770283490_n.jpg","type":"image\/jpeg"}],"author":"admin","twitter_card":"summary_large_image","twitter_creator":"@ANAM_Guatemala","twitter_site":"@ANAM_Guatemala","twitter_misc":{"Escrito por":"admin","Tiempo de lectura":"1 minuto"},"schema":{"@context":"https:\/\/schema.org","@graph":[{"@type":"Article","@id":"https:\/\/anam.org.gt\/inicio\/congreso-aprueba-utilizar-saldos\/#article","isPartOf":{"@id":"https:\/\/anam.org.gt\/inicio\/congreso-aprueba-utilizar-saldos\/"},"author":{"name":"admin","@id":"https:\/\/anam.org.gt\/inicio\/#\/schema\/person\/568dcb3e3f73c87e66aedf646a399340"},"headline":"El Congreso de la Rep\u00fablica de Guatemala aprueba ley que permitir\u00e1 usar los saldos no ejecutados de CODEDE en 2025","datePublished":"2024-11-05T23:50:22+00:00","dateModified":"2024-11-25T00:03:52+00:00","mainEntityOfPage":{"@id":"https:\/\/anam.org.gt\/inicio\/congreso-aprueba-utilizar-saldos\/"},"wordCount":254,"commentCount":0,"publisher":{"@id":"https:\/\/anam.org.gt\/inicio\/#organization"},"image":{"@id":"https:\/\/anam.org.gt\/inicio\/congreso-aprueba-utilizar-saldos\/#primaryimage"},"thumbnailUrl":"https:\/\/anam.org.gt\/inicio\/wp-content\/uploads\/2024\/11\/465110487_971075848398065_3610251878770283490_n.jpg","articleSection":["ANAM"],"inLanguage":"es","potentialAction":[{"@type":"CommentAction","name":"Comment","target":["https:\/\/anam.org.gt\/inicio\/congreso-aprueba-utilizar-saldos\/#respond"]}]},{"@type":"WebPage","@id":"https:\/\/anam.org.gt\/inicio\/congreso-aprueba-utilizar-saldos\/","url":"https:\/\/anam.org.gt\/inicio\/congreso-aprueba-utilizar-saldos\/","name":"El Congreso de la Rep\u00fablica de Guatemala aprueba ley que permitir\u00e1 usar los saldos no ejecutados de CODEDE en 2025 - ANAM","isPartOf":{"@id":"https:\/\/anam.org.gt\/inicio\/#website"},"primaryImageOfPage":{"@id":"https:\/\/anam.org.gt\/inicio\/congreso-aprueba-utilizar-saldos\/#primaryimage"},"image":{"@id":"https:\/\/anam.org.gt\/inicio\/congreso-aprueba-utilizar-saldos\/#primaryimage"},"thumbnailUrl":"https:\/\/anam.org.gt\/inicio\/wp-content\/uploads\/2024\/11\/465110487_971075848398065_3610251878770283490_n.jpg","datePublished":"2024-11-05T23:50:22+00:00","dateModified":"2024-11-25T00:03:52+00:00","breadcrumb":{"@id":"https:\/\/anam.org.gt\/inicio\/congreso-aprueba-utilizar-saldos\/#breadcrumb"},"inLanguage":"es","potentialAction":[{"@type":"ReadAction","target":["https:\/\/anam.org.gt\/inicio\/congreso-aprueba-utilizar-saldos\/"]}]},{"@type":"ImageObject","inLanguage":"es","@id":"https:\/\/anam.org.gt\/inicio\/congreso-aprueba-utilizar-saldos\/#primaryimage","url":"https:\/\/anam.org.gt\/inicio\/wp-content\/uploads\/2024\/11\/465110487_971075848398065_3610251878770283490_n.jpg","contentUrl":"https:\/\/anam.org.gt\/inicio\/wp-content\/uploads\/2024\/11\/465110487_971075848398065_3610251878770283490_n.jpg","width":1440,"height":960},{"@type":"BreadcrumbList","@id":"https:\/\/anam.org.gt\/inicio\/congreso-aprueba-utilizar-saldos\/#breadcrumb","itemListElement":[{"@type":"ListItem","position":1,"name":"Portada","item":"https:\/\/anam.org.gt\/inicio\/"},{"@type":"ListItem","position":2,"name":"El Congreso de la Rep\u00fablica de Guatemala aprueba ley que permitir\u00e1 usar los saldos no ejecutados de CODEDE en 2025"}]},{"@type":"WebSite","@id":"https:\/\/anam.org.gt\/inicio\/#website","url":"https:\/\/anam.org.gt\/inicio\/","name":"ANAM","description":"Asociaci\u00f3n Nacional de Municipalidades de la Rep\u00fablica de Guatemala","publisher":{"@id":"https:\/\/anam.org.gt\/inicio\/#organization"},"potentialAction":[{"@type":"SearchAction","target":{"@type":"EntryPoint","urlTemplate":"https:\/\/anam.org.gt\/inicio\/?s={search_term_string}"},"query-input":{"@type":"PropertyValueSpecification","valueRequired":true,"valueName":"search_term_string"}}],"inLanguage":"es"},{"@type":"Organization","@id":"https:\/\/anam.org.gt\/inicio\/#organization","name":"Asociaci\u00f3n Nacional de Municipalidades de la Rep\u00fablica de Guatemala","url":"https:\/\/anam.org.gt\/inicio\/","logo":{"@type":"ImageObject","inLanguage":"es","@id":"https:\/\/anam.org.gt\/inicio\/#\/schema\/logo\/image\/","url":"https:\/\/anam.org.gt\/inicio\/wp-content\/uploads\/2026\/02\/logo-anam-central-1.png","contentUrl":"https:\/\/anam.org.gt\/inicio\/wp-content\/uploads\/2026\/02\/logo-anam-central-1.png","width":600,"height":280,"caption":"Asociaci\u00f3n Nacional de Municipalidades de la Rep\u00fablica de Guatemala"},"image":{"@id":"https:\/\/anam.org.gt\/inicio\/#\/schema\/logo\/image\/"},"sameAs":["https:\/\/www.facebook.com\/ANAMGuatemala.org.gt","https:\/\/x.com\/ANAM_Guatemala","https:\/\/www.instagram.com\/anam_guatemala\/?hl=es"]},{"@type":"Person","@id":"https:\/\/anam.org.gt\/inicio\/#\/schema\/person\/568dcb3e3f73c87e66aedf646a399340","name":"admin","image":{"@type":"ImageObject","inLanguage":"es","@id":"https:\/\/anam.org.gt\/inicio\/#\/schema\/person\/image\/","url":"https:\/\/secure.gravatar.com\/avatar\/e28deb147a21fce7c80709f121c112cdeff455f99e5227e39053d3fdbf557402?s=96&d=mm&r=g","contentUrl":"https:\/\/secure.gravatar.com\/avatar\/e28deb147a21fce7c80709f121c112cdeff455f99e5227e39053d3fdbf557402?s=96&d=mm&r=g","caption":"admin"},"url":"https:\/\/anam.org.gt\/inicio\/author\/admin\/"}]}},"_links":{"self":[{"href":"https:\/\/anam.org.gt\/inicio\/wp-json\/wp\/v2\/posts\/3082","targetHints":{"allow":["GET"]}}],"collection":[{"href":"https:\/\/anam.org.gt\/inicio\/wp-json\/wp\/v2\/posts"}],"about":[{"href":"https:\/\/anam.org.gt\/inicio\/wp-json\/wp\/v2\/types\/post"}],"author":[{"embeddable":true,"href":"https:\/\/anam.org.gt\/inicio\/wp-json\/wp\/v2\/users\/4"}],"replies":[{"embeddable":true,"href":"https:\/\/anam.org.gt\/inicio\/wp-json\/wp\/v2\/comments?post=3082"}],"version-history":[{"count":1,"href":"https:\/\/anam.org.gt\/inicio\/wp-json\/wp\/v2\/posts\/3082\/revisions"}],"predecessor-version":[{"id":3084,"href":"https:\/\/anam.org.gt\/inicio\/wp-json\/wp\/v2\/posts\/3082\/revisions\/3084"}],"wp:featuredmedia":[{"embeddable":true,"href":"https:\/\/anam.org.gt\/inicio\/wp-json\/wp\/v2\/media\/3083"}],"wp:attachment":[{"href":"https:\/\/anam.org.gt\/inicio\/wp-json\/wp\/v2\/media?parent=3082"}],"wp:term":[{"taxonomy":"category","embeddable":true,"href":"https:\/\/anam.org.gt\/inicio\/wp-json\/wp\/v2\/categories?post=3082"},{"taxonomy":"post_tag","embeddable":true,"href":"https:\/\/anam.org.gt\/inicio\/wp-json\/wp\/v2\/tags?post=3082"}],"curies":[{"name":"wp","href":"https:\/\/api.w.org\/{rel}","templated":true}]}}