{"id":3089,"date":"2024-11-20T00:16:58","date_gmt":"2024-11-20T00:16:58","guid":{"rendered":"https:\/\/anam.org.gt\/inicio\/?p=3089"},"modified":"2024-11-25T00:19:24","modified_gmt":"2024-11-25T00:19:24","slug":"anam-presenta-el-plan-integral-de-movilidad-ciudadana-en-el-segundo-congreso-de-ciudades-activas","status":"publish","type":"post","link":"https:\/\/anam.org.gt\/inicio\/anam-presenta-el-plan-integral-de-movilidad-ciudadana-en-el-segundo-congreso-de-ciudades-activas\/","title":{"rendered":"ANAM presenta el Plan Integral de Movilidad Ciudadana en el Segundo Congreso de Ciudades Activas"},"content":{"rendered":"<p>En el marco del <strong>Segundo Congreso de Ciudades Activas<\/strong>, organizado para debatir sobre el futuro de la movilidad y el urbanismo sostenible, <strong>Patric Gramajo<\/strong>, Director Ejecutivo de la <strong>Asociaci\u00f3n Nacional de Municipalidades de la Rep\u00fablica de Guatemala (ANAM)<\/strong>, present\u00f3 el <strong>Plan Integral de Movilidad Ciudadana<\/strong>, una iniciativa desarrollada por ANAM bajo la directriz de su Presidente, Sebasti\u00e1n Siero. Este plan tiene como objetivo transformar la movilidad urbana en Guatemala, promoviendo la educaci\u00f3n ciudadana, la generaci\u00f3n de nuevas oportunidades y el fomento del desarrollo urbano sostenible en los municipios del pa\u00eds.<\/p><p>El <strong>Plan Integral de Movilidad Ciudadana<\/strong> es una propuesta integral que busca mejorar la calidad del transporte p\u00fablico, incentivar el uso de medios de transporte alternativos y promover una mayor conciencia sobre la importancia de una movilidad m\u00e1s eficiente y amigable con el medio ambiente. A trav\u00e9s de este plan, ANAM aspira a lograr un cambio cultural en las ciudades guatemaltecas, impulsando una movilidad que responda a las necesidades de todos los ciudadanos, independientemente de su nivel socioecon\u00f3mico.<\/p><p>Durante su intervenci\u00f3n en el Congreso, <strong>Patric Gramajo<\/strong> destac\u00f3 el <strong>compromiso de los 340 alcaldes de Guatemala<\/strong>, quienes est\u00e1n liderando iniciativas para mejorar la movilidad y el desarrollo urbano sostenible en sus respectivos municipios. \u00abLos alcaldes del pa\u00eds han asumido un compromiso firme con el bienestar de sus comunidades, y el Plan Integral de Movilidad Ciudadana es una herramienta clave para lograr ciudades m\u00e1s sostenibles y accesibles para todos. Este esfuerzo colectivo tiene un impacto directo en la calidad de vida de los guatemaltecos\u00bb, indic\u00f3 Gramajo.<\/p>","protected":false},"excerpt":{"rendered":"<p>En el marco del Segundo Congreso de Ciudades Activas, organizado para debatir sobre el futuro de la movilidad y el urbanismo sostenible, Patric Gramajo, Director Ejecutivo de la Asociaci\u00f3n Nacional de Municipalidades de la Rep\u00fablica de Guatemala (ANAM), present\u00f3 el Plan Integral de Movilidad Ciudadana, una iniciativa desarrollada por ANAM bajo la directriz de su [&hellip;]<\/p>\n","protected":false},"author":4,"featured_media":3090,"comment_status":"open","ping_status":"open","sticky":false,"template":"","format":"standard","meta":{"footnotes":""},"categories":[1],"tags":[],"class_list":["post-3089","post","type-post","status-publish","format-standard","has-post-thumbnail","hentry","category-anam"],"yoast_head":"<!-- This site is optimized with the Yoast SEO plugin v27.0 - https:\/\/yoast.com\/product\/yoast-seo-wordpress\/ -->\n<title>ANAM presenta el Plan Integral de Movilidad Ciudadana en el Segundo Congreso de Ciudades Activas - ANAM<\/title>\n<meta name=\"robots\" content=\"index, follow, max-snippet:-1, max-image-preview:large, max-video-preview:-1\" \/>\n<link rel=\"canonical\" href=\"https:\/\/anam.org.gt\/inicio\/anam-presenta-el-plan-integral-de-movilidad-ciudadana-en-el-segundo-congreso-de-ciudades-activas\/\" \/>\n<meta property=\"og:locale\" content=\"es_ES\" \/>\n<meta property=\"og:type\" content=\"article\" \/>\n<meta property=\"og:title\" content=\"ANAM presenta el Plan Integral de Movilidad Ciudadana en el Segundo Congreso de Ciudades Activas - ANAM\" \/>\n<meta property=\"og:description\" content=\"En el marco del Segundo Congreso de Ciudades Activas, organizado para debatir sobre el futuro de la movilidad y el urbanismo sostenible, Patric Gramajo, Director Ejecutivo de la Asociaci\u00f3n Nacional de Municipalidades de la Rep\u00fablica de Guatemala (ANAM), present\u00f3 el Plan Integral de Movilidad Ciudadana, una iniciativa desarrollada por ANAM bajo la directriz de su [&hellip;]\" \/>\n<meta property=\"og:url\" content=\"https:\/\/anam.org.gt\/inicio\/anam-presenta-el-plan-integral-de-movilidad-ciudadana-en-el-segundo-congreso-de-ciudades-activas\/\" \/>\n<meta property=\"og:site_name\" content=\"ANAM\" \/>\n<meta property=\"article:publisher\" content=\"https:\/\/www.facebook.com\/ANAMGuatemala.org.gt\" \/>\n<meta property=\"article:published_time\" content=\"2024-11-20T00:16:58+00:00\" \/>\n<meta property=\"article:modified_time\" content=\"2024-11-25T00:19:24+00:00\" \/>\n<meta property=\"og:image\" content=\"https:\/\/anam.org.gt\/inicio\/wp-content\/uploads\/2024\/11\/467767210_981810053991311_1217716098541709105_n.jpg\" \/>\n\t<meta property=\"og:image:width\" content=\"1440\" \/>\n\t<meta property=\"og:image:height\" content=\"960\" \/>\n\t<meta property=\"og:image:type\" content=\"image\/jpeg\" \/>\n<meta name=\"author\" content=\"admin\" \/>\n<meta name=\"twitter:card\" content=\"summary_large_image\" \/>\n<meta name=\"twitter:creator\" content=\"@ANAM_Guatemala\" \/>\n<meta name=\"twitter:site\" content=\"@ANAM_Guatemala\" \/>\n<meta name=\"twitter:label1\" content=\"Escrito por\" \/>\n\t<meta name=\"twitter:data1\" content=\"admin\" \/>\n\t<meta name=\"twitter:label2\" content=\"Tiempo de lectura\" \/>\n\t<meta name=\"twitter:data2\" content=\"1 minuto\" \/>\n<script type=\"application\/ld+json\" class=\"yoast-schema-graph\">{\"@context\":\"https:\/\/schema.org\",\"@graph\":[{\"@type\":\"Article\",\"@id\":\"https:\/\/anam.org.gt\/inicio\/anam-presenta-el-plan-integral-de-movilidad-ciudadana-en-el-segundo-congreso-de-ciudades-activas\/#article\",\"isPartOf\":{\"@id\":\"https:\/\/anam.org.gt\/inicio\/anam-presenta-el-plan-integral-de-movilidad-ciudadana-en-el-segundo-congreso-de-ciudades-activas\/\"},\"author\":{\"name\":\"admin\",\"@id\":\"https:\/\/anam.org.gt\/inicio\/#\/schema\/person\/568dcb3e3f73c87e66aedf646a399340\"},\"headline\":\"ANAM presenta el Plan Integral de Movilidad Ciudadana en el Segundo Congreso de Ciudades Activas\",\"datePublished\":\"2024-11-20T00:16:58+00:00\",\"dateModified\":\"2024-11-25T00:19:24+00:00\",\"mainEntityOfPage\":{\"@id\":\"https:\/\/anam.org.gt\/inicio\/anam-presenta-el-plan-integral-de-movilidad-ciudadana-en-el-segundo-congreso-de-ciudades-activas\/\"},\"wordCount\":282,\"commentCount\":0,\"publisher\":{\"@id\":\"https:\/\/anam.org.gt\/inicio\/#organization\"},\"image\":{\"@id\":\"https:\/\/anam.org.gt\/inicio\/anam-presenta-el-plan-integral-de-movilidad-ciudadana-en-el-segundo-congreso-de-ciudades-activas\/#primaryimage\"},\"thumbnailUrl\":\"https:\/\/anam.org.gt\/inicio\/wp-content\/uploads\/2024\/11\/467767210_981810053991311_1217716098541709105_n.jpg\",\"articleSection\":[\"ANAM\"],\"inLanguage\":\"es\",\"potentialAction\":[{\"@type\":\"CommentAction\",\"name\":\"Comment\",\"target\":[\"https:\/\/anam.org.gt\/inicio\/anam-presenta-el-plan-integral-de-movilidad-ciudadana-en-el-segundo-congreso-de-ciudades-activas\/#respond\"]}]},{\"@type\":\"WebPage\",\"@id\":\"https:\/\/anam.org.gt\/inicio\/anam-presenta-el-plan-integral-de-movilidad-ciudadana-en-el-segundo-congreso-de-ciudades-activas\/\",\"url\":\"https:\/\/anam.org.gt\/inicio\/anam-presenta-el-plan-integral-de-movilidad-ciudadana-en-el-segundo-congreso-de-ciudades-activas\/\",\"name\":\"ANAM presenta el Plan Integral de Movilidad Ciudadana en el Segundo Congreso de Ciudades Activas - ANAM\",\"isPartOf\":{\"@id\":\"https:\/\/anam.org.gt\/inicio\/#website\"},\"primaryImageOfPage\":{\"@id\":\"https:\/\/anam.org.gt\/inicio\/anam-presenta-el-plan-integral-de-movilidad-ciudadana-en-el-segundo-congreso-de-ciudades-activas\/#primaryimage\"},\"image\":{\"@id\":\"https:\/\/anam.org.gt\/inicio\/anam-presenta-el-plan-integral-de-movilidad-ciudadana-en-el-segundo-congreso-de-ciudades-activas\/#primaryimage\"},\"thumbnailUrl\":\"https:\/\/anam.org.gt\/inicio\/wp-content\/uploads\/2024\/11\/467767210_981810053991311_1217716098541709105_n.jpg\",\"datePublished\":\"2024-11-20T00:16:58+00:00\",\"dateModified\":\"2024-11-25T00:19:24+00:00\",\"breadcrumb\":{\"@id\":\"https:\/\/anam.org.gt\/inicio\/anam-presenta-el-plan-integral-de-movilidad-ciudadana-en-el-segundo-congreso-de-ciudades-activas\/#breadcrumb\"},\"inLanguage\":\"es\",\"potentialAction\":[{\"@type\":\"ReadAction\",\"target\":[\"https:\/\/anam.org.gt\/inicio\/anam-presenta-el-plan-integral-de-movilidad-ciudadana-en-el-segundo-congreso-de-ciudades-activas\/\"]}]},{\"@type\":\"ImageObject\",\"inLanguage\":\"es\",\"@id\":\"https:\/\/anam.org.gt\/inicio\/anam-presenta-el-plan-integral-de-movilidad-ciudadana-en-el-segundo-congreso-de-ciudades-activas\/#primaryimage\",\"url\":\"https:\/\/anam.org.gt\/inicio\/wp-content\/uploads\/2024\/11\/467767210_981810053991311_1217716098541709105_n.jpg\",\"contentUrl\":\"https:\/\/anam.org.gt\/inicio\/wp-content\/uploads\/2024\/11\/467767210_981810053991311_1217716098541709105_n.jpg\",\"width\":1440,\"height\":960},{\"@type\":\"BreadcrumbList\",\"@id\":\"https:\/\/anam.org.gt\/inicio\/anam-presenta-el-plan-integral-de-movilidad-ciudadana-en-el-segundo-congreso-de-ciudades-activas\/#breadcrumb\",\"itemListElement\":[{\"@type\":\"ListItem\",\"position\":1,\"name\":\"Portada\",\"item\":\"https:\/\/anam.org.gt\/inicio\/\"},{\"@type\":\"ListItem\",\"position\":2,\"name\":\"ANAM presenta el Plan Integral de Movilidad Ciudadana en el Segundo Congreso de Ciudades Activas\"}]},{\"@type\":\"WebSite\",\"@id\":\"https:\/\/anam.org.gt\/inicio\/#website\",\"url\":\"https:\/\/anam.org.gt\/inicio\/\",\"name\":\"ANAM\",\"description\":\"Asociaci\u00f3n Nacional de Municipalidades de la Rep\u00fablica de Guatemala\",\"publisher\":{\"@id\":\"https:\/\/anam.org.gt\/inicio\/#organization\"},\"potentialAction\":[{\"@type\":\"SearchAction\",\"target\":{\"@type\":\"EntryPoint\",\"urlTemplate\":\"https:\/\/anam.org.gt\/inicio\/?s={search_term_string}\"},\"query-input\":{\"@type\":\"PropertyValueSpecification\",\"valueRequired\":true,\"valueName\":\"search_term_string\"}}],\"inLanguage\":\"es\"},{\"@type\":\"Organization\",\"@id\":\"https:\/\/anam.org.gt\/inicio\/#organization\",\"name\":\"Asociaci\u00f3n Nacional de Municipalidades de la Rep\u00fablica de Guatemala\",\"url\":\"https:\/\/anam.org.gt\/inicio\/\",\"logo\":{\"@type\":\"ImageObject\",\"inLanguage\":\"es\",\"@id\":\"https:\/\/anam.org.gt\/inicio\/#\/schema\/logo\/image\/\",\"url\":\"https:\/\/anam.org.gt\/inicio\/wp-content\/uploads\/2026\/02\/logo-anam-central-1.png\",\"contentUrl\":\"https:\/\/anam.org.gt\/inicio\/wp-content\/uploads\/2026\/02\/logo-anam-central-1.png\",\"width\":600,\"height\":280,\"caption\":\"Asociaci\u00f3n Nacional de Municipalidades de la Rep\u00fablica de Guatemala\"},\"image\":{\"@id\":\"https:\/\/anam.org.gt\/inicio\/#\/schema\/logo\/image\/\"},\"sameAs\":[\"https:\/\/www.facebook.com\/ANAMGuatemala.org.gt\",\"https:\/\/x.com\/ANAM_Guatemala\",\"https:\/\/www.instagram.com\/anam_guatemala\/?hl=es\"]},{\"@type\":\"Person\",\"@id\":\"https:\/\/anam.org.gt\/inicio\/#\/schema\/person\/568dcb3e3f73c87e66aedf646a399340\",\"name\":\"admin\",\"image\":{\"@type\":\"ImageObject\",\"inLanguage\":\"es\",\"@id\":\"https:\/\/anam.org.gt\/inicio\/#\/schema\/person\/image\/\",\"url\":\"https:\/\/secure.gravatar.com\/avatar\/e28deb147a21fce7c80709f121c112cdeff455f99e5227e39053d3fdbf557402?s=96&d=mm&r=g\",\"contentUrl\":\"https:\/\/secure.gravatar.com\/avatar\/e28deb147a21fce7c80709f121c112cdeff455f99e5227e39053d3fdbf557402?s=96&d=mm&r=g\",\"caption\":\"admin\"},\"url\":\"https:\/\/anam.org.gt\/inicio\/author\/admin\/\"}]}<\/script>\n<!-- \/ Yoast SEO plugin. -->","yoast_head_json":{"title":"ANAM presenta el Plan Integral de Movilidad Ciudadana en el Segundo Congreso de Ciudades Activas - ANAM","robots":{"index":"index","follow":"follow","max-snippet":"max-snippet:-1","max-image-preview":"max-image-preview:large","max-video-preview":"max-video-preview:-1"},"canonical":"https:\/\/anam.org.gt\/inicio\/anam-presenta-el-plan-integral-de-movilidad-ciudadana-en-el-segundo-congreso-de-ciudades-activas\/","og_locale":"es_ES","og_type":"article","og_title":"ANAM presenta el Plan Integral de Movilidad Ciudadana en el Segundo Congreso de Ciudades Activas - ANAM","og_description":"En el marco del Segundo Congreso de Ciudades Activas, organizado para debatir sobre el futuro de la movilidad y el urbanismo sostenible, Patric Gramajo, Director Ejecutivo de la Asociaci\u00f3n Nacional de Municipalidades de la Rep\u00fablica de Guatemala (ANAM), present\u00f3 el Plan Integral de Movilidad Ciudadana, una iniciativa desarrollada por ANAM bajo la directriz de su [&hellip;]","og_url":"https:\/\/anam.org.gt\/inicio\/anam-presenta-el-plan-integral-de-movilidad-ciudadana-en-el-segundo-congreso-de-ciudades-activas\/","og_site_name":"ANAM","article_publisher":"https:\/\/www.facebook.com\/ANAMGuatemala.org.gt","article_published_time":"2024-11-20T00:16:58+00:00","article_modified_time":"2024-11-25T00:19:24+00:00","og_image":[{"width":1440,"height":960,"url":"https:\/\/anam.org.gt\/inicio\/wp-content\/uploads\/2024\/11\/467767210_981810053991311_1217716098541709105_n.jpg","type":"image\/jpeg"}],"author":"admin","twitter_card":"summary_large_image","twitter_creator":"@ANAM_Guatemala","twitter_site":"@ANAM_Guatemala","twitter_misc":{"Escrito por":"admin","Tiempo de lectura":"1 minuto"},"schema":{"@context":"https:\/\/schema.org","@graph":[{"@type":"Article","@id":"https:\/\/anam.org.gt\/inicio\/anam-presenta-el-plan-integral-de-movilidad-ciudadana-en-el-segundo-congreso-de-ciudades-activas\/#article","isPartOf":{"@id":"https:\/\/anam.org.gt\/inicio\/anam-presenta-el-plan-integral-de-movilidad-ciudadana-en-el-segundo-congreso-de-ciudades-activas\/"},"author":{"name":"admin","@id":"https:\/\/anam.org.gt\/inicio\/#\/schema\/person\/568dcb3e3f73c87e66aedf646a399340"},"headline":"ANAM presenta el Plan Integral de Movilidad Ciudadana en el Segundo Congreso de Ciudades Activas","datePublished":"2024-11-20T00:16:58+00:00","dateModified":"2024-11-25T00:19:24+00:00","mainEntityOfPage":{"@id":"https:\/\/anam.org.gt\/inicio\/anam-presenta-el-plan-integral-de-movilidad-ciudadana-en-el-segundo-congreso-de-ciudades-activas\/"},"wordCount":282,"commentCount":0,"publisher":{"@id":"https:\/\/anam.org.gt\/inicio\/#organization"},"image":{"@id":"https:\/\/anam.org.gt\/inicio\/anam-presenta-el-plan-integral-de-movilidad-ciudadana-en-el-segundo-congreso-de-ciudades-activas\/#primaryimage"},"thumbnailUrl":"https:\/\/anam.org.gt\/inicio\/wp-content\/uploads\/2024\/11\/467767210_981810053991311_1217716098541709105_n.jpg","articleSection":["ANAM"],"inLanguage":"es","potentialAction":[{"@type":"CommentAction","name":"Comment","target":["https:\/\/anam.org.gt\/inicio\/anam-presenta-el-plan-integral-de-movilidad-ciudadana-en-el-segundo-congreso-de-ciudades-activas\/#respond"]}]},{"@type":"WebPage","@id":"https:\/\/anam.org.gt\/inicio\/anam-presenta-el-plan-integral-de-movilidad-ciudadana-en-el-segundo-congreso-de-ciudades-activas\/","url":"https:\/\/anam.org.gt\/inicio\/anam-presenta-el-plan-integral-de-movilidad-ciudadana-en-el-segundo-congreso-de-ciudades-activas\/","name":"ANAM presenta el Plan Integral de Movilidad Ciudadana en el Segundo Congreso de Ciudades Activas - ANAM","isPartOf":{"@id":"https:\/\/anam.org.gt\/inicio\/#website"},"primaryImageOfPage":{"@id":"https:\/\/anam.org.gt\/inicio\/anam-presenta-el-plan-integral-de-movilidad-ciudadana-en-el-segundo-congreso-de-ciudades-activas\/#primaryimage"},"image":{"@id":"https:\/\/anam.org.gt\/inicio\/anam-presenta-el-plan-integral-de-movilidad-ciudadana-en-el-segundo-congreso-de-ciudades-activas\/#primaryimage"},"thumbnailUrl":"https:\/\/anam.org.gt\/inicio\/wp-content\/uploads\/2024\/11\/467767210_981810053991311_1217716098541709105_n.jpg","datePublished":"2024-11-20T00:16:58+00:00","dateModified":"2024-11-25T00:19:24+00:00","breadcrumb":{"@id":"https:\/\/anam.org.gt\/inicio\/anam-presenta-el-plan-integral-de-movilidad-ciudadana-en-el-segundo-congreso-de-ciudades-activas\/#breadcrumb"},"inLanguage":"es","potentialAction":[{"@type":"ReadAction","target":["https:\/\/anam.org.gt\/inicio\/anam-presenta-el-plan-integral-de-movilidad-ciudadana-en-el-segundo-congreso-de-ciudades-activas\/"]}]},{"@type":"ImageObject","inLanguage":"es","@id":"https:\/\/anam.org.gt\/inicio\/anam-presenta-el-plan-integral-de-movilidad-ciudadana-en-el-segundo-congreso-de-ciudades-activas\/#primaryimage","url":"https:\/\/anam.org.gt\/inicio\/wp-content\/uploads\/2024\/11\/467767210_981810053991311_1217716098541709105_n.jpg","contentUrl":"https:\/\/anam.org.gt\/inicio\/wp-content\/uploads\/2024\/11\/467767210_981810053991311_1217716098541709105_n.jpg","width":1440,"height":960},{"@type":"BreadcrumbList","@id":"https:\/\/anam.org.gt\/inicio\/anam-presenta-el-plan-integral-de-movilidad-ciudadana-en-el-segundo-congreso-de-ciudades-activas\/#breadcrumb","itemListElement":[{"@type":"ListItem","position":1,"name":"Portada","item":"https:\/\/anam.org.gt\/inicio\/"},{"@type":"ListItem","position":2,"name":"ANAM presenta el Plan Integral de Movilidad Ciudadana en el Segundo Congreso de Ciudades Activas"}]},{"@type":"WebSite","@id":"https:\/\/anam.org.gt\/inicio\/#website","url":"https:\/\/anam.org.gt\/inicio\/","name":"ANAM","description":"Asociaci\u00f3n Nacional de Municipalidades de la Rep\u00fablica de Guatemala","publisher":{"@id":"https:\/\/anam.org.gt\/inicio\/#organization"},"potentialAction":[{"@type":"SearchAction","target":{"@type":"EntryPoint","urlTemplate":"https:\/\/anam.org.gt\/inicio\/?s={search_term_string}"},"query-input":{"@type":"PropertyValueSpecification","valueRequired":true,"valueName":"search_term_string"}}],"inLanguage":"es"},{"@type":"Organization","@id":"https:\/\/anam.org.gt\/inicio\/#organization","name":"Asociaci\u00f3n Nacional de Municipalidades de la Rep\u00fablica de Guatemala","url":"https:\/\/anam.org.gt\/inicio\/","logo":{"@type":"ImageObject","inLanguage":"es","@id":"https:\/\/anam.org.gt\/inicio\/#\/schema\/logo\/image\/","url":"https:\/\/anam.org.gt\/inicio\/wp-content\/uploads\/2026\/02\/logo-anam-central-1.png","contentUrl":"https:\/\/anam.org.gt\/inicio\/wp-content\/uploads\/2026\/02\/logo-anam-central-1.png","width":600,"height":280,"caption":"Asociaci\u00f3n Nacional de Municipalidades de la Rep\u00fablica de Guatemala"},"image":{"@id":"https:\/\/anam.org.gt\/inicio\/#\/schema\/logo\/image\/"},"sameAs":["https:\/\/www.facebook.com\/ANAMGuatemala.org.gt","https:\/\/x.com\/ANAM_Guatemala","https:\/\/www.instagram.com\/anam_guatemala\/?hl=es"]},{"@type":"Person","@id":"https:\/\/anam.org.gt\/inicio\/#\/schema\/person\/568dcb3e3f73c87e66aedf646a399340","name":"admin","image":{"@type":"ImageObject","inLanguage":"es","@id":"https:\/\/anam.org.gt\/inicio\/#\/schema\/person\/image\/","url":"https:\/\/secure.gravatar.com\/avatar\/e28deb147a21fce7c80709f121c112cdeff455f99e5227e39053d3fdbf557402?s=96&d=mm&r=g","contentUrl":"https:\/\/secure.gravatar.com\/avatar\/e28deb147a21fce7c80709f121c112cdeff455f99e5227e39053d3fdbf557402?s=96&d=mm&r=g","caption":"admin"},"url":"https:\/\/anam.org.gt\/inicio\/author\/admin\/"}]}},"_links":{"self":[{"href":"https:\/\/anam.org.gt\/inicio\/wp-json\/wp\/v2\/posts\/3089","targetHints":{"allow":["GET"]}}],"collection":[{"href":"https:\/\/anam.org.gt\/inicio\/wp-json\/wp\/v2\/posts"}],"about":[{"href":"https:\/\/anam.org.gt\/inicio\/wp-json\/wp\/v2\/types\/post"}],"author":[{"embeddable":true,"href":"https:\/\/anam.org.gt\/inicio\/wp-json\/wp\/v2\/users\/4"}],"replies":[{"embeddable":true,"href":"https:\/\/anam.org.gt\/inicio\/wp-json\/wp\/v2\/comments?post=3089"}],"version-history":[{"count":1,"href":"https:\/\/anam.org.gt\/inicio\/wp-json\/wp\/v2\/posts\/3089\/revisions"}],"predecessor-version":[{"id":3091,"href":"https:\/\/anam.org.gt\/inicio\/wp-json\/wp\/v2\/posts\/3089\/revisions\/3091"}],"wp:featuredmedia":[{"embeddable":true,"href":"https:\/\/anam.org.gt\/inicio\/wp-json\/wp\/v2\/media\/3090"}],"wp:attachment":[{"href":"https:\/\/anam.org.gt\/inicio\/wp-json\/wp\/v2\/media?parent=3089"}],"wp:term":[{"taxonomy":"category","embeddable":true,"href":"https:\/\/anam.org.gt\/inicio\/wp-json\/wp\/v2\/categories?post=3089"},{"taxonomy":"post_tag","embeddable":true,"href":"https:\/\/anam.org.gt\/inicio\/wp-json\/wp\/v2\/tags?post=3089"}],"curies":[{"name":"wp","href":"https:\/\/api.w.org\/{rel}","templated":true}]}}