{"id":3209,"date":"2025-01-13T17:21:00","date_gmt":"2025-01-13T17:21:00","guid":{"rendered":"https:\/\/anam.org.gt\/inicio\/?p=3209"},"modified":"2025-01-21T05:24:53","modified_gmt":"2025-01-21T05:24:53","slug":"seguridad-alimentaria","status":"publish","type":"post","link":"https:\/\/anam.org.gt\/inicio\/seguridad-alimentaria\/","title":{"rendered":"Liderazgo del Presidente de la ANAM, Ingeniero Sebasti\u00e1n Siero, impulsa alianzas estrat\u00e9gicas para fortalecer la seguridad alimentaria en Guatemala"},"content":{"rendered":"<p>En un esfuerzo por avanzar en la seguridad alimentaria y nutricional del pa\u00eds, el Presidente de la Asociaci\u00f3n Nacional de Municipalidades de la Rep\u00fablica de Guatemala (ANAM), Ingeniero Sebasti\u00e1n Siero, contin\u00faa demostrando un liderazgo comprometido con el desarrollo con los programas municipalistas que puedan impulsar el bienestar de las comunidades de todo el territorio nacional. Bajo su direcci\u00f3n, la ANAM ha impulsado acciones decisivas para trabajar de manera conjunta con instituciones clave del gobierno, en beneficio de los agricultores y productores guatemaltecos.<\/p><p>En este contexto, el Director Ejecutivo de la ANAM, Patric Gramajo, sostuvo una importante reuni\u00f3n con la Viceministra de Seguridad Alimentaria y Nutricional, Kleemen Guadalupe Gamboa Beltet\u00f3n. El encuentro tuvo como objetivo consolidar alianzas estrat\u00e9gicas para implementar programas que garanticen la mejora de la seguridad alimentaria en el pa\u00eds, a trav\u00e9s de la modernizaci\u00f3n y tecnificaci\u00f3n del sector agr\u00edcola.<\/p><p><strong>Temas destacados de la reuni\u00f3n:<\/strong><\/p><p>\u2705 <strong>Implementaci\u00f3n de semillas mejoradas:<\/strong> Una iniciativa clave que permitir\u00e1 mejorar la calidad y resistencia de los cultivos en las diferentes regiones del pa\u00eds, beneficiando a miles de productores agr\u00edcolas con acceso a semillas de mayor rendimiento y adaptaci\u00f3n a diversos climas.<\/p><p>\u2705 <strong>Bono campesino:<\/strong> Un programa de apoyo directo a los agricultores m\u00e1s vulnerables, que busca proporcionar recursos para fortalecer la producci\u00f3n local y reducir la pobreza rural.<\/p><p>\u2705 <strong>Tecnificaci\u00f3n agr\u00edcola:<\/strong> La promoci\u00f3n de nuevas tecnolog\u00edas para optimizar los procesos productivos, incrementar la eficiencia y sostenibilidad de la agricultura guatemalteca.<\/p><p>Estas iniciativas, apoyadas por la ANAM bajo el liderazgo del Ingeniero Sebasti\u00e1n Siero, son fundamentales para garantizar la conservaci\u00f3n y el mejoramiento de las semillas, lo que no solo contribuir\u00e1 a la seguridad alimentaria, sino tambi\u00e9n al fortalecimiento de la econom\u00eda rural.<\/p><p>La reuni\u00f3n con la Viceministra Gamboa Beltet\u00f3n es solo una de las m\u00faltiples acciones que la ANAM sigue promoviendo para garantizar que los programas agr\u00edcolas sean efectivos y lleguen a quienes m\u00e1s lo necesitan, destac\u00e1ndose como un actor clave en la formulaci\u00f3n e implementaci\u00f3n de pol\u00edticas p\u00fablicas que buscan mejorar la calidad de vida de los guatemaltecos.<\/p>","protected":false},"excerpt":{"rendered":"<p>En un esfuerzo por avanzar en la seguridad alimentaria y nutricional del pa\u00eds, el Presidente de la Asociaci\u00f3n Nacional de Municipalidades de la Rep\u00fablica de Guatemala (ANAM), Ingeniero Sebasti\u00e1n Siero, contin\u00faa demostrando un liderazgo comprometido con el desarrollo con los programas municipalistas que puedan impulsar el bienestar de las comunidades de todo el territorio nacional. [&hellip;]<\/p>\n","protected":false},"author":4,"featured_media":3210,"comment_status":"open","ping_status":"open","sticky":false,"template":"","format":"standard","meta":{"footnotes":""},"categories":[1],"tags":[],"class_list":["post-3209","post","type-post","status-publish","format-standard","has-post-thumbnail","hentry","category-anam"],"yoast_head":"<!-- This site is optimized with the Yoast SEO plugin v27.0 - https:\/\/yoast.com\/product\/yoast-seo-wordpress\/ -->\n<title>Liderazgo del Presidente de la ANAM, Ingeniero Sebasti\u00e1n Siero, impulsa alianzas estrat\u00e9gicas para fortalecer la seguridad alimentaria en Guatemala - ANAM<\/title>\n<meta name=\"robots\" content=\"index, follow, max-snippet:-1, max-image-preview:large, max-video-preview:-1\" \/>\n<link rel=\"canonical\" href=\"https:\/\/anam.org.gt\/inicio\/seguridad-alimentaria\/\" \/>\n<meta property=\"og:locale\" content=\"es_ES\" \/>\n<meta property=\"og:type\" content=\"article\" \/>\n<meta property=\"og:title\" content=\"Liderazgo del Presidente de la ANAM, Ingeniero Sebasti\u00e1n Siero, impulsa alianzas estrat\u00e9gicas para fortalecer la seguridad alimentaria en Guatemala - ANAM\" \/>\n<meta property=\"og:description\" content=\"En un esfuerzo por avanzar en la seguridad alimentaria y nutricional del pa\u00eds, el Presidente de la Asociaci\u00f3n Nacional de Municipalidades de la Rep\u00fablica de Guatemala (ANAM), Ingeniero Sebasti\u00e1n Siero, contin\u00faa demostrando un liderazgo comprometido con el desarrollo con los programas municipalistas que puedan impulsar el bienestar de las comunidades de todo el territorio nacional. [&hellip;]\" \/>\n<meta property=\"og:url\" content=\"https:\/\/anam.org.gt\/inicio\/seguridad-alimentaria\/\" \/>\n<meta property=\"og:site_name\" content=\"ANAM\" \/>\n<meta property=\"article:publisher\" content=\"https:\/\/www.facebook.com\/ANAMGuatemala.org.gt\" \/>\n<meta property=\"article:published_time\" content=\"2025-01-13T17:21:00+00:00\" \/>\n<meta property=\"article:modified_time\" content=\"2025-01-21T05:24:53+00:00\" \/>\n<meta property=\"og:image\" content=\"https:\/\/anam.org.gt\/inicio\/wp-content\/uploads\/2025\/01\/473558719_1019810776857905_3825834978593761281_n.jpg\" \/>\n\t<meta property=\"og:image:width\" content=\"1359\" \/>\n\t<meta property=\"og:image:height\" content=\"960\" \/>\n\t<meta property=\"og:image:type\" content=\"image\/jpeg\" \/>\n<meta name=\"author\" content=\"admin\" \/>\n<meta name=\"twitter:card\" content=\"summary_large_image\" \/>\n<meta name=\"twitter:creator\" content=\"@ANAM_Guatemala\" \/>\n<meta name=\"twitter:site\" content=\"@ANAM_Guatemala\" \/>\n<meta name=\"twitter:label1\" content=\"Escrito por\" \/>\n\t<meta name=\"twitter:data1\" content=\"admin\" \/>\n\t<meta name=\"twitter:label2\" content=\"Tiempo de lectura\" \/>\n\t<meta name=\"twitter:data2\" content=\"2 minutos\" \/>\n<script type=\"application\/ld+json\" class=\"yoast-schema-graph\">{\"@context\":\"https:\/\/schema.org\",\"@graph\":[{\"@type\":\"Article\",\"@id\":\"https:\/\/anam.org.gt\/inicio\/seguridad-alimentaria\/#article\",\"isPartOf\":{\"@id\":\"https:\/\/anam.org.gt\/inicio\/seguridad-alimentaria\/\"},\"author\":{\"name\":\"admin\",\"@id\":\"https:\/\/anam.org.gt\/inicio\/#\/schema\/person\/568dcb3e3f73c87e66aedf646a399340\"},\"headline\":\"Liderazgo del Presidente de la ANAM, Ingeniero Sebasti\u00e1n Siero, impulsa alianzas estrat\u00e9gicas para fortalecer la seguridad alimentaria en Guatemala\",\"datePublished\":\"2025-01-13T17:21:00+00:00\",\"dateModified\":\"2025-01-21T05:24:53+00:00\",\"mainEntityOfPage\":{\"@id\":\"https:\/\/anam.org.gt\/inicio\/seguridad-alimentaria\/\"},\"wordCount\":393,\"commentCount\":0,\"publisher\":{\"@id\":\"https:\/\/anam.org.gt\/inicio\/#organization\"},\"image\":{\"@id\":\"https:\/\/anam.org.gt\/inicio\/seguridad-alimentaria\/#primaryimage\"},\"thumbnailUrl\":\"https:\/\/anam.org.gt\/inicio\/wp-content\/uploads\/2025\/01\/473558719_1019810776857905_3825834978593761281_n.jpg\",\"articleSection\":[\"ANAM\"],\"inLanguage\":\"es\",\"potentialAction\":[{\"@type\":\"CommentAction\",\"name\":\"Comment\",\"target\":[\"https:\/\/anam.org.gt\/inicio\/seguridad-alimentaria\/#respond\"]}]},{\"@type\":\"WebPage\",\"@id\":\"https:\/\/anam.org.gt\/inicio\/seguridad-alimentaria\/\",\"url\":\"https:\/\/anam.org.gt\/inicio\/seguridad-alimentaria\/\",\"name\":\"Liderazgo del Presidente de la ANAM, Ingeniero Sebasti\u00e1n Siero, impulsa alianzas estrat\u00e9gicas para fortalecer la seguridad alimentaria en Guatemala - ANAM\",\"isPartOf\":{\"@id\":\"https:\/\/anam.org.gt\/inicio\/#website\"},\"primaryImageOfPage\":{\"@id\":\"https:\/\/anam.org.gt\/inicio\/seguridad-alimentaria\/#primaryimage\"},\"image\":{\"@id\":\"https:\/\/anam.org.gt\/inicio\/seguridad-alimentaria\/#primaryimage\"},\"thumbnailUrl\":\"https:\/\/anam.org.gt\/inicio\/wp-content\/uploads\/2025\/01\/473558719_1019810776857905_3825834978593761281_n.jpg\",\"datePublished\":\"2025-01-13T17:21:00+00:00\",\"dateModified\":\"2025-01-21T05:24:53+00:00\",\"breadcrumb\":{\"@id\":\"https:\/\/anam.org.gt\/inicio\/seguridad-alimentaria\/#breadcrumb\"},\"inLanguage\":\"es\",\"potentialAction\":[{\"@type\":\"ReadAction\",\"target\":[\"https:\/\/anam.org.gt\/inicio\/seguridad-alimentaria\/\"]}]},{\"@type\":\"ImageObject\",\"inLanguage\":\"es\",\"@id\":\"https:\/\/anam.org.gt\/inicio\/seguridad-alimentaria\/#primaryimage\",\"url\":\"https:\/\/anam.org.gt\/inicio\/wp-content\/uploads\/2025\/01\/473558719_1019810776857905_3825834978593761281_n.jpg\",\"contentUrl\":\"https:\/\/anam.org.gt\/inicio\/wp-content\/uploads\/2025\/01\/473558719_1019810776857905_3825834978593761281_n.jpg\",\"width\":1359,\"height\":960},{\"@type\":\"BreadcrumbList\",\"@id\":\"https:\/\/anam.org.gt\/inicio\/seguridad-alimentaria\/#breadcrumb\",\"itemListElement\":[{\"@type\":\"ListItem\",\"position\":1,\"name\":\"Portada\",\"item\":\"https:\/\/anam.org.gt\/inicio\/\"},{\"@type\":\"ListItem\",\"position\":2,\"name\":\"Liderazgo del Presidente de la ANAM, Ingeniero Sebasti\u00e1n Siero, impulsa alianzas estrat\u00e9gicas para fortalecer la seguridad alimentaria en Guatemala\"}]},{\"@type\":\"WebSite\",\"@id\":\"https:\/\/anam.org.gt\/inicio\/#website\",\"url\":\"https:\/\/anam.org.gt\/inicio\/\",\"name\":\"ANAM\",\"description\":\"Asociaci\u00f3n Nacional de Municipalidades de la Rep\u00fablica de Guatemala\",\"publisher\":{\"@id\":\"https:\/\/anam.org.gt\/inicio\/#organization\"},\"potentialAction\":[{\"@type\":\"SearchAction\",\"target\":{\"@type\":\"EntryPoint\",\"urlTemplate\":\"https:\/\/anam.org.gt\/inicio\/?s={search_term_string}\"},\"query-input\":{\"@type\":\"PropertyValueSpecification\",\"valueRequired\":true,\"valueName\":\"search_term_string\"}}],\"inLanguage\":\"es\"},{\"@type\":\"Organization\",\"@id\":\"https:\/\/anam.org.gt\/inicio\/#organization\",\"name\":\"Asociaci\u00f3n Nacional de Municipalidades de la Rep\u00fablica de Guatemala\",\"url\":\"https:\/\/anam.org.gt\/inicio\/\",\"logo\":{\"@type\":\"ImageObject\",\"inLanguage\":\"es\",\"@id\":\"https:\/\/anam.org.gt\/inicio\/#\/schema\/logo\/image\/\",\"url\":\"https:\/\/anam.org.gt\/inicio\/wp-content\/uploads\/2026\/02\/logo-anam-central-1.png\",\"contentUrl\":\"https:\/\/anam.org.gt\/inicio\/wp-content\/uploads\/2026\/02\/logo-anam-central-1.png\",\"width\":600,\"height\":280,\"caption\":\"Asociaci\u00f3n Nacional de Municipalidades de la Rep\u00fablica de Guatemala\"},\"image\":{\"@id\":\"https:\/\/anam.org.gt\/inicio\/#\/schema\/logo\/image\/\"},\"sameAs\":[\"https:\/\/www.facebook.com\/ANAMGuatemala.org.gt\",\"https:\/\/x.com\/ANAM_Guatemala\",\"https:\/\/www.instagram.com\/anam_guatemala\/?hl=es\"]},{\"@type\":\"Person\",\"@id\":\"https:\/\/anam.org.gt\/inicio\/#\/schema\/person\/568dcb3e3f73c87e66aedf646a399340\",\"name\":\"admin\",\"image\":{\"@type\":\"ImageObject\",\"inLanguage\":\"es\",\"@id\":\"https:\/\/anam.org.gt\/inicio\/#\/schema\/person\/image\/\",\"url\":\"https:\/\/secure.gravatar.com\/avatar\/e28deb147a21fce7c80709f121c112cdeff455f99e5227e39053d3fdbf557402?s=96&d=mm&r=g\",\"contentUrl\":\"https:\/\/secure.gravatar.com\/avatar\/e28deb147a21fce7c80709f121c112cdeff455f99e5227e39053d3fdbf557402?s=96&d=mm&r=g\",\"caption\":\"admin\"},\"url\":\"https:\/\/anam.org.gt\/inicio\/author\/admin\/\"}]}<\/script>\n<!-- \/ Yoast SEO plugin. -->","yoast_head_json":{"title":"Liderazgo del Presidente de la ANAM, Ingeniero Sebasti\u00e1n Siero, impulsa alianzas estrat\u00e9gicas para fortalecer la seguridad alimentaria en Guatemala - ANAM","robots":{"index":"index","follow":"follow","max-snippet":"max-snippet:-1","max-image-preview":"max-image-preview:large","max-video-preview":"max-video-preview:-1"},"canonical":"https:\/\/anam.org.gt\/inicio\/seguridad-alimentaria\/","og_locale":"es_ES","og_type":"article","og_title":"Liderazgo del Presidente de la ANAM, Ingeniero Sebasti\u00e1n Siero, impulsa alianzas estrat\u00e9gicas para fortalecer la seguridad alimentaria en Guatemala - ANAM","og_description":"En un esfuerzo por avanzar en la seguridad alimentaria y nutricional del pa\u00eds, el Presidente de la Asociaci\u00f3n Nacional de Municipalidades de la Rep\u00fablica de Guatemala (ANAM), Ingeniero Sebasti\u00e1n Siero, contin\u00faa demostrando un liderazgo comprometido con el desarrollo con los programas municipalistas que puedan impulsar el bienestar de las comunidades de todo el territorio nacional. [&hellip;]","og_url":"https:\/\/anam.org.gt\/inicio\/seguridad-alimentaria\/","og_site_name":"ANAM","article_publisher":"https:\/\/www.facebook.com\/ANAMGuatemala.org.gt","article_published_time":"2025-01-13T17:21:00+00:00","article_modified_time":"2025-01-21T05:24:53+00:00","og_image":[{"width":1359,"height":960,"url":"https:\/\/anam.org.gt\/inicio\/wp-content\/uploads\/2025\/01\/473558719_1019810776857905_3825834978593761281_n.jpg","type":"image\/jpeg"}],"author":"admin","twitter_card":"summary_large_image","twitter_creator":"@ANAM_Guatemala","twitter_site":"@ANAM_Guatemala","twitter_misc":{"Escrito por":"admin","Tiempo de lectura":"2 minutos"},"schema":{"@context":"https:\/\/schema.org","@graph":[{"@type":"Article","@id":"https:\/\/anam.org.gt\/inicio\/seguridad-alimentaria\/#article","isPartOf":{"@id":"https:\/\/anam.org.gt\/inicio\/seguridad-alimentaria\/"},"author":{"name":"admin","@id":"https:\/\/anam.org.gt\/inicio\/#\/schema\/person\/568dcb3e3f73c87e66aedf646a399340"},"headline":"Liderazgo del Presidente de la ANAM, Ingeniero Sebasti\u00e1n Siero, impulsa alianzas estrat\u00e9gicas para fortalecer la seguridad alimentaria en Guatemala","datePublished":"2025-01-13T17:21:00+00:00","dateModified":"2025-01-21T05:24:53+00:00","mainEntityOfPage":{"@id":"https:\/\/anam.org.gt\/inicio\/seguridad-alimentaria\/"},"wordCount":393,"commentCount":0,"publisher":{"@id":"https:\/\/anam.org.gt\/inicio\/#organization"},"image":{"@id":"https:\/\/anam.org.gt\/inicio\/seguridad-alimentaria\/#primaryimage"},"thumbnailUrl":"https:\/\/anam.org.gt\/inicio\/wp-content\/uploads\/2025\/01\/473558719_1019810776857905_3825834978593761281_n.jpg","articleSection":["ANAM"],"inLanguage":"es","potentialAction":[{"@type":"CommentAction","name":"Comment","target":["https:\/\/anam.org.gt\/inicio\/seguridad-alimentaria\/#respond"]}]},{"@type":"WebPage","@id":"https:\/\/anam.org.gt\/inicio\/seguridad-alimentaria\/","url":"https:\/\/anam.org.gt\/inicio\/seguridad-alimentaria\/","name":"Liderazgo del Presidente de la ANAM, Ingeniero Sebasti\u00e1n Siero, impulsa alianzas estrat\u00e9gicas para fortalecer la seguridad alimentaria en Guatemala - ANAM","isPartOf":{"@id":"https:\/\/anam.org.gt\/inicio\/#website"},"primaryImageOfPage":{"@id":"https:\/\/anam.org.gt\/inicio\/seguridad-alimentaria\/#primaryimage"},"image":{"@id":"https:\/\/anam.org.gt\/inicio\/seguridad-alimentaria\/#primaryimage"},"thumbnailUrl":"https:\/\/anam.org.gt\/inicio\/wp-content\/uploads\/2025\/01\/473558719_1019810776857905_3825834978593761281_n.jpg","datePublished":"2025-01-13T17:21:00+00:00","dateModified":"2025-01-21T05:24:53+00:00","breadcrumb":{"@id":"https:\/\/anam.org.gt\/inicio\/seguridad-alimentaria\/#breadcrumb"},"inLanguage":"es","potentialAction":[{"@type":"ReadAction","target":["https:\/\/anam.org.gt\/inicio\/seguridad-alimentaria\/"]}]},{"@type":"ImageObject","inLanguage":"es","@id":"https:\/\/anam.org.gt\/inicio\/seguridad-alimentaria\/#primaryimage","url":"https:\/\/anam.org.gt\/inicio\/wp-content\/uploads\/2025\/01\/473558719_1019810776857905_3825834978593761281_n.jpg","contentUrl":"https:\/\/anam.org.gt\/inicio\/wp-content\/uploads\/2025\/01\/473558719_1019810776857905_3825834978593761281_n.jpg","width":1359,"height":960},{"@type":"BreadcrumbList","@id":"https:\/\/anam.org.gt\/inicio\/seguridad-alimentaria\/#breadcrumb","itemListElement":[{"@type":"ListItem","position":1,"name":"Portada","item":"https:\/\/anam.org.gt\/inicio\/"},{"@type":"ListItem","position":2,"name":"Liderazgo del Presidente de la ANAM, Ingeniero Sebasti\u00e1n Siero, impulsa alianzas estrat\u00e9gicas para fortalecer la seguridad alimentaria en Guatemala"}]},{"@type":"WebSite","@id":"https:\/\/anam.org.gt\/inicio\/#website","url":"https:\/\/anam.org.gt\/inicio\/","name":"ANAM","description":"Asociaci\u00f3n Nacional de Municipalidades de la Rep\u00fablica de Guatemala","publisher":{"@id":"https:\/\/anam.org.gt\/inicio\/#organization"},"potentialAction":[{"@type":"SearchAction","target":{"@type":"EntryPoint","urlTemplate":"https:\/\/anam.org.gt\/inicio\/?s={search_term_string}"},"query-input":{"@type":"PropertyValueSpecification","valueRequired":true,"valueName":"search_term_string"}}],"inLanguage":"es"},{"@type":"Organization","@id":"https:\/\/anam.org.gt\/inicio\/#organization","name":"Asociaci\u00f3n Nacional de Municipalidades de la Rep\u00fablica de Guatemala","url":"https:\/\/anam.org.gt\/inicio\/","logo":{"@type":"ImageObject","inLanguage":"es","@id":"https:\/\/anam.org.gt\/inicio\/#\/schema\/logo\/image\/","url":"https:\/\/anam.org.gt\/inicio\/wp-content\/uploads\/2026\/02\/logo-anam-central-1.png","contentUrl":"https:\/\/anam.org.gt\/inicio\/wp-content\/uploads\/2026\/02\/logo-anam-central-1.png","width":600,"height":280,"caption":"Asociaci\u00f3n Nacional de Municipalidades de la Rep\u00fablica de Guatemala"},"image":{"@id":"https:\/\/anam.org.gt\/inicio\/#\/schema\/logo\/image\/"},"sameAs":["https:\/\/www.facebook.com\/ANAMGuatemala.org.gt","https:\/\/x.com\/ANAM_Guatemala","https:\/\/www.instagram.com\/anam_guatemala\/?hl=es"]},{"@type":"Person","@id":"https:\/\/anam.org.gt\/inicio\/#\/schema\/person\/568dcb3e3f73c87e66aedf646a399340","name":"admin","image":{"@type":"ImageObject","inLanguage":"es","@id":"https:\/\/anam.org.gt\/inicio\/#\/schema\/person\/image\/","url":"https:\/\/secure.gravatar.com\/avatar\/e28deb147a21fce7c80709f121c112cdeff455f99e5227e39053d3fdbf557402?s=96&d=mm&r=g","contentUrl":"https:\/\/secure.gravatar.com\/avatar\/e28deb147a21fce7c80709f121c112cdeff455f99e5227e39053d3fdbf557402?s=96&d=mm&r=g","caption":"admin"},"url":"https:\/\/anam.org.gt\/inicio\/author\/admin\/"}]}},"_links":{"self":[{"href":"https:\/\/anam.org.gt\/inicio\/wp-json\/wp\/v2\/posts\/3209","targetHints":{"allow":["GET"]}}],"collection":[{"href":"https:\/\/anam.org.gt\/inicio\/wp-json\/wp\/v2\/posts"}],"about":[{"href":"https:\/\/anam.org.gt\/inicio\/wp-json\/wp\/v2\/types\/post"}],"author":[{"embeddable":true,"href":"https:\/\/anam.org.gt\/inicio\/wp-json\/wp\/v2\/users\/4"}],"replies":[{"embeddable":true,"href":"https:\/\/anam.org.gt\/inicio\/wp-json\/wp\/v2\/comments?post=3209"}],"version-history":[{"count":1,"href":"https:\/\/anam.org.gt\/inicio\/wp-json\/wp\/v2\/posts\/3209\/revisions"}],"predecessor-version":[{"id":3211,"href":"https:\/\/anam.org.gt\/inicio\/wp-json\/wp\/v2\/posts\/3209\/revisions\/3211"}],"wp:featuredmedia":[{"embeddable":true,"href":"https:\/\/anam.org.gt\/inicio\/wp-json\/wp\/v2\/media\/3210"}],"wp:attachment":[{"href":"https:\/\/anam.org.gt\/inicio\/wp-json\/wp\/v2\/media?parent=3209"}],"wp:term":[{"taxonomy":"category","embeddable":true,"href":"https:\/\/anam.org.gt\/inicio\/wp-json\/wp\/v2\/categories?post=3209"},{"taxonomy":"post_tag","embeddable":true,"href":"https:\/\/anam.org.gt\/inicio\/wp-json\/wp\/v2\/tags?post=3209"}],"curies":[{"name":"wp","href":"https:\/\/api.w.org\/{rel}","templated":true}]}}