{"id":3212,"date":"2025-01-08T16:01:00","date_gmt":"2025-01-08T16:01:00","guid":{"rendered":"https:\/\/anam.org.gt\/inicio\/?p=3212"},"modified":"2025-01-21T05:30:40","modified_gmt":"2025-01-21T05:30:40","slug":"anam-busca-mejorar-la-conectividad-en-guatemala","status":"publish","type":"post","link":"https:\/\/anam.org.gt\/inicio\/anam-busca-mejorar-la-conectividad-en-guatemala\/","title":{"rendered":"ANAM busca mejorar la Conectividad en Guatemala"},"content":{"rendered":"<p>En un esfuerzo por impulsar el desarrollo tecnol\u00f3gico y mejorar la conectividad en diversas regiones del pa\u00eds, el Director Ejecutivo de la Asociaci\u00f3n Nacional de Municipalidades de la Rep\u00fablica de Guatemala (ANAM), Patric Gramajo Matsui, sostuvo una reuni\u00f3n clave con altos funcionarios del Gobierno, incluyendo al Vice Ministro de Comunicaciones, Infraestructura y Vivienda (CIV), Ra\u00fal Solares; el Superintendente de Telecomunicaciones; y el Director del Ministerio de Comunicaciones, Infraestructura y Vivienda.<\/p><p>Este primer acercamiento tiene como objetivo establecer un convenio estrat\u00e9gico para mejorar la infraestructura de telecomunicaciones, con \u00e9nfasis en la conectividad en \u00e1reas rurales y de dif\u00edcil acceso. En la reuni\u00f3n, se discutieron diversas estrategias para garantizar que los guatemaltecos, sin importar su ubicaci\u00f3n, tengan acceso a internet de calidad, promoviendo la educaci\u00f3n, la inclusi\u00f3n social y el desarrollo econ\u00f3mico local.<\/p><p><strong>Objetivos del Convenio y Beneficios Esperados<\/strong><\/p><p>El acuerdo que se busca formalizar tiene como prop\u00f3sito que el Ministerio de Comunicaciones pueda impulsar proyectos en conjunto a las municipalidades para mejorar la infraestructura de telecomunicaciones, especialmente en regiones donde la conectividad es limitada o inexistente. Este avance facilitar\u00eda el acceso a internet de alta calidad, reduciendo la brecha digital que afecta a miles de guatemaltecos en \u00e1reas rurales.<\/p><p>La implementaci\u00f3n de este convenio no solo impactar\u00e1 positivamente en la educaci\u00f3n y la inclusi\u00f3n social, sino que tambi\u00e9n ser\u00e1 un motor para el desarrollo econ\u00f3mico de las comunidades locales, brindando nuevas oportunidades para el comercio, la capacitaci\u00f3n en nuevas tecnolog\u00edas y el acceso a servicios p\u00fablicos digitales.<\/p>","protected":false},"excerpt":{"rendered":"<p>En un esfuerzo por impulsar el desarrollo tecnol\u00f3gico y mejorar la conectividad en diversas regiones del pa\u00eds, el Director Ejecutivo de la Asociaci\u00f3n Nacional de Municipalidades de la Rep\u00fablica de Guatemala (ANAM), Patric Gramajo Matsui, sostuvo una reuni\u00f3n clave con altos funcionarios del Gobierno, incluyendo al Vice Ministro de Comunicaciones, Infraestructura y Vivienda (CIV), Ra\u00fal [&hellip;]<\/p>\n","protected":false},"author":4,"featured_media":3213,"comment_status":"open","ping_status":"open","sticky":false,"template":"","format":"standard","meta":{"footnotes":""},"categories":[1],"tags":[],"class_list":["post-3212","post","type-post","status-publish","format-standard","has-post-thumbnail","hentry","category-anam"],"yoast_head":"<!-- This site is optimized with the Yoast SEO plugin v27.0 - https:\/\/yoast.com\/product\/yoast-seo-wordpress\/ -->\n<title>ANAM busca mejorar la Conectividad en Guatemala - ANAM<\/title>\n<meta name=\"robots\" content=\"index, follow, max-snippet:-1, max-image-preview:large, max-video-preview:-1\" \/>\n<link rel=\"canonical\" href=\"https:\/\/anam.org.gt\/inicio\/anam-busca-mejorar-la-conectividad-en-guatemala\/\" \/>\n<meta property=\"og:locale\" content=\"es_ES\" \/>\n<meta property=\"og:type\" content=\"article\" \/>\n<meta property=\"og:title\" content=\"ANAM busca mejorar la Conectividad en Guatemala - ANAM\" \/>\n<meta property=\"og:description\" content=\"En un esfuerzo por impulsar el desarrollo tecnol\u00f3gico y mejorar la conectividad en diversas regiones del pa\u00eds, el Director Ejecutivo de la Asociaci\u00f3n Nacional de Municipalidades de la Rep\u00fablica de Guatemala (ANAM), Patric Gramajo Matsui, sostuvo una reuni\u00f3n clave con altos funcionarios del Gobierno, incluyendo al Vice Ministro de Comunicaciones, Infraestructura y Vivienda (CIV), Ra\u00fal [&hellip;]\" \/>\n<meta property=\"og:url\" content=\"https:\/\/anam.org.gt\/inicio\/anam-busca-mejorar-la-conectividad-en-guatemala\/\" \/>\n<meta property=\"og:site_name\" content=\"ANAM\" \/>\n<meta property=\"article:publisher\" content=\"https:\/\/www.facebook.com\/ANAMGuatemala.org.gt\" \/>\n<meta property=\"article:published_time\" content=\"2025-01-08T16:01:00+00:00\" \/>\n<meta property=\"article:modified_time\" content=\"2025-01-21T05:30:40+00:00\" \/>\n<meta property=\"og:image\" content=\"https:\/\/anam.org.gt\/inicio\/wp-content\/uploads\/2025\/01\/473077570_1016215743884075_7448865119561142915_n.jpg\" \/>\n\t<meta property=\"og:image:width\" content=\"1440\" \/>\n\t<meta property=\"og:image:height\" content=\"960\" \/>\n\t<meta property=\"og:image:type\" content=\"image\/jpeg\" \/>\n<meta name=\"author\" content=\"admin\" \/>\n<meta name=\"twitter:card\" content=\"summary_large_image\" \/>\n<meta name=\"twitter:creator\" content=\"@ANAM_Guatemala\" \/>\n<meta name=\"twitter:site\" content=\"@ANAM_Guatemala\" \/>\n<meta name=\"twitter:label1\" content=\"Escrito por\" \/>\n\t<meta name=\"twitter:data1\" content=\"admin\" \/>\n\t<meta name=\"twitter:label2\" content=\"Tiempo de lectura\" \/>\n\t<meta name=\"twitter:data2\" content=\"1 minuto\" \/>\n<script type=\"application\/ld+json\" class=\"yoast-schema-graph\">{\"@context\":\"https:\/\/schema.org\",\"@graph\":[{\"@type\":\"Article\",\"@id\":\"https:\/\/anam.org.gt\/inicio\/anam-busca-mejorar-la-conectividad-en-guatemala\/#article\",\"isPartOf\":{\"@id\":\"https:\/\/anam.org.gt\/inicio\/anam-busca-mejorar-la-conectividad-en-guatemala\/\"},\"author\":{\"name\":\"admin\",\"@id\":\"https:\/\/anam.org.gt\/inicio\/#\/schema\/person\/568dcb3e3f73c87e66aedf646a399340\"},\"headline\":\"ANAM busca mejorar la Conectividad en Guatemala\",\"datePublished\":\"2025-01-08T16:01:00+00:00\",\"dateModified\":\"2025-01-21T05:30:40+00:00\",\"mainEntityOfPage\":{\"@id\":\"https:\/\/anam.org.gt\/inicio\/anam-busca-mejorar-la-conectividad-en-guatemala\/\"},\"wordCount\":276,\"commentCount\":0,\"publisher\":{\"@id\":\"https:\/\/anam.org.gt\/inicio\/#organization\"},\"image\":{\"@id\":\"https:\/\/anam.org.gt\/inicio\/anam-busca-mejorar-la-conectividad-en-guatemala\/#primaryimage\"},\"thumbnailUrl\":\"https:\/\/anam.org.gt\/inicio\/wp-content\/uploads\/2025\/01\/473077570_1016215743884075_7448865119561142915_n.jpg\",\"articleSection\":[\"ANAM\"],\"inLanguage\":\"es\",\"potentialAction\":[{\"@type\":\"CommentAction\",\"name\":\"Comment\",\"target\":[\"https:\/\/anam.org.gt\/inicio\/anam-busca-mejorar-la-conectividad-en-guatemala\/#respond\"]}]},{\"@type\":\"WebPage\",\"@id\":\"https:\/\/anam.org.gt\/inicio\/anam-busca-mejorar-la-conectividad-en-guatemala\/\",\"url\":\"https:\/\/anam.org.gt\/inicio\/anam-busca-mejorar-la-conectividad-en-guatemala\/\",\"name\":\"ANAM busca mejorar la Conectividad en Guatemala - ANAM\",\"isPartOf\":{\"@id\":\"https:\/\/anam.org.gt\/inicio\/#website\"},\"primaryImageOfPage\":{\"@id\":\"https:\/\/anam.org.gt\/inicio\/anam-busca-mejorar-la-conectividad-en-guatemala\/#primaryimage\"},\"image\":{\"@id\":\"https:\/\/anam.org.gt\/inicio\/anam-busca-mejorar-la-conectividad-en-guatemala\/#primaryimage\"},\"thumbnailUrl\":\"https:\/\/anam.org.gt\/inicio\/wp-content\/uploads\/2025\/01\/473077570_1016215743884075_7448865119561142915_n.jpg\",\"datePublished\":\"2025-01-08T16:01:00+00:00\",\"dateModified\":\"2025-01-21T05:30:40+00:00\",\"breadcrumb\":{\"@id\":\"https:\/\/anam.org.gt\/inicio\/anam-busca-mejorar-la-conectividad-en-guatemala\/#breadcrumb\"},\"inLanguage\":\"es\",\"potentialAction\":[{\"@type\":\"ReadAction\",\"target\":[\"https:\/\/anam.org.gt\/inicio\/anam-busca-mejorar-la-conectividad-en-guatemala\/\"]}]},{\"@type\":\"ImageObject\",\"inLanguage\":\"es\",\"@id\":\"https:\/\/anam.org.gt\/inicio\/anam-busca-mejorar-la-conectividad-en-guatemala\/#primaryimage\",\"url\":\"https:\/\/anam.org.gt\/inicio\/wp-content\/uploads\/2025\/01\/473077570_1016215743884075_7448865119561142915_n.jpg\",\"contentUrl\":\"https:\/\/anam.org.gt\/inicio\/wp-content\/uploads\/2025\/01\/473077570_1016215743884075_7448865119561142915_n.jpg\",\"width\":1440,\"height\":960},{\"@type\":\"BreadcrumbList\",\"@id\":\"https:\/\/anam.org.gt\/inicio\/anam-busca-mejorar-la-conectividad-en-guatemala\/#breadcrumb\",\"itemListElement\":[{\"@type\":\"ListItem\",\"position\":1,\"name\":\"Portada\",\"item\":\"https:\/\/anam.org.gt\/inicio\/\"},{\"@type\":\"ListItem\",\"position\":2,\"name\":\"ANAM busca mejorar la Conectividad en Guatemala\"}]},{\"@type\":\"WebSite\",\"@id\":\"https:\/\/anam.org.gt\/inicio\/#website\",\"url\":\"https:\/\/anam.org.gt\/inicio\/\",\"name\":\"ANAM\",\"description\":\"Asociaci\u00f3n Nacional de Municipalidades de la Rep\u00fablica de Guatemala\",\"publisher\":{\"@id\":\"https:\/\/anam.org.gt\/inicio\/#organization\"},\"potentialAction\":[{\"@type\":\"SearchAction\",\"target\":{\"@type\":\"EntryPoint\",\"urlTemplate\":\"https:\/\/anam.org.gt\/inicio\/?s={search_term_string}\"},\"query-input\":{\"@type\":\"PropertyValueSpecification\",\"valueRequired\":true,\"valueName\":\"search_term_string\"}}],\"inLanguage\":\"es\"},{\"@type\":\"Organization\",\"@id\":\"https:\/\/anam.org.gt\/inicio\/#organization\",\"name\":\"Asociaci\u00f3n Nacional de Municipalidades de la Rep\u00fablica de Guatemala\",\"url\":\"https:\/\/anam.org.gt\/inicio\/\",\"logo\":{\"@type\":\"ImageObject\",\"inLanguage\":\"es\",\"@id\":\"https:\/\/anam.org.gt\/inicio\/#\/schema\/logo\/image\/\",\"url\":\"https:\/\/anam.org.gt\/inicio\/wp-content\/uploads\/2026\/02\/logo-anam-central-1.png\",\"contentUrl\":\"https:\/\/anam.org.gt\/inicio\/wp-content\/uploads\/2026\/02\/logo-anam-central-1.png\",\"width\":600,\"height\":280,\"caption\":\"Asociaci\u00f3n Nacional de Municipalidades de la Rep\u00fablica de Guatemala\"},\"image\":{\"@id\":\"https:\/\/anam.org.gt\/inicio\/#\/schema\/logo\/image\/\"},\"sameAs\":[\"https:\/\/www.facebook.com\/ANAMGuatemala.org.gt\",\"https:\/\/x.com\/ANAM_Guatemala\",\"https:\/\/www.instagram.com\/anam_guatemala\/?hl=es\"]},{\"@type\":\"Person\",\"@id\":\"https:\/\/anam.org.gt\/inicio\/#\/schema\/person\/568dcb3e3f73c87e66aedf646a399340\",\"name\":\"admin\",\"image\":{\"@type\":\"ImageObject\",\"inLanguage\":\"es\",\"@id\":\"https:\/\/anam.org.gt\/inicio\/#\/schema\/person\/image\/\",\"url\":\"https:\/\/secure.gravatar.com\/avatar\/e28deb147a21fce7c80709f121c112cdeff455f99e5227e39053d3fdbf557402?s=96&d=mm&r=g\",\"contentUrl\":\"https:\/\/secure.gravatar.com\/avatar\/e28deb147a21fce7c80709f121c112cdeff455f99e5227e39053d3fdbf557402?s=96&d=mm&r=g\",\"caption\":\"admin\"},\"url\":\"https:\/\/anam.org.gt\/inicio\/author\/admin\/\"}]}<\/script>\n<!-- \/ Yoast SEO plugin. -->","yoast_head_json":{"title":"ANAM busca mejorar la Conectividad en Guatemala - ANAM","robots":{"index":"index","follow":"follow","max-snippet":"max-snippet:-1","max-image-preview":"max-image-preview:large","max-video-preview":"max-video-preview:-1"},"canonical":"https:\/\/anam.org.gt\/inicio\/anam-busca-mejorar-la-conectividad-en-guatemala\/","og_locale":"es_ES","og_type":"article","og_title":"ANAM busca mejorar la Conectividad en Guatemala - ANAM","og_description":"En un esfuerzo por impulsar el desarrollo tecnol\u00f3gico y mejorar la conectividad en diversas regiones del pa\u00eds, el Director Ejecutivo de la Asociaci\u00f3n Nacional de Municipalidades de la Rep\u00fablica de Guatemala (ANAM), Patric Gramajo Matsui, sostuvo una reuni\u00f3n clave con altos funcionarios del Gobierno, incluyendo al Vice Ministro de Comunicaciones, Infraestructura y Vivienda (CIV), Ra\u00fal [&hellip;]","og_url":"https:\/\/anam.org.gt\/inicio\/anam-busca-mejorar-la-conectividad-en-guatemala\/","og_site_name":"ANAM","article_publisher":"https:\/\/www.facebook.com\/ANAMGuatemala.org.gt","article_published_time":"2025-01-08T16:01:00+00:00","article_modified_time":"2025-01-21T05:30:40+00:00","og_image":[{"width":1440,"height":960,"url":"https:\/\/anam.org.gt\/inicio\/wp-content\/uploads\/2025\/01\/473077570_1016215743884075_7448865119561142915_n.jpg","type":"image\/jpeg"}],"author":"admin","twitter_card":"summary_large_image","twitter_creator":"@ANAM_Guatemala","twitter_site":"@ANAM_Guatemala","twitter_misc":{"Escrito por":"admin","Tiempo de lectura":"1 minuto"},"schema":{"@context":"https:\/\/schema.org","@graph":[{"@type":"Article","@id":"https:\/\/anam.org.gt\/inicio\/anam-busca-mejorar-la-conectividad-en-guatemala\/#article","isPartOf":{"@id":"https:\/\/anam.org.gt\/inicio\/anam-busca-mejorar-la-conectividad-en-guatemala\/"},"author":{"name":"admin","@id":"https:\/\/anam.org.gt\/inicio\/#\/schema\/person\/568dcb3e3f73c87e66aedf646a399340"},"headline":"ANAM busca mejorar la Conectividad en Guatemala","datePublished":"2025-01-08T16:01:00+00:00","dateModified":"2025-01-21T05:30:40+00:00","mainEntityOfPage":{"@id":"https:\/\/anam.org.gt\/inicio\/anam-busca-mejorar-la-conectividad-en-guatemala\/"},"wordCount":276,"commentCount":0,"publisher":{"@id":"https:\/\/anam.org.gt\/inicio\/#organization"},"image":{"@id":"https:\/\/anam.org.gt\/inicio\/anam-busca-mejorar-la-conectividad-en-guatemala\/#primaryimage"},"thumbnailUrl":"https:\/\/anam.org.gt\/inicio\/wp-content\/uploads\/2025\/01\/473077570_1016215743884075_7448865119561142915_n.jpg","articleSection":["ANAM"],"inLanguage":"es","potentialAction":[{"@type":"CommentAction","name":"Comment","target":["https:\/\/anam.org.gt\/inicio\/anam-busca-mejorar-la-conectividad-en-guatemala\/#respond"]}]},{"@type":"WebPage","@id":"https:\/\/anam.org.gt\/inicio\/anam-busca-mejorar-la-conectividad-en-guatemala\/","url":"https:\/\/anam.org.gt\/inicio\/anam-busca-mejorar-la-conectividad-en-guatemala\/","name":"ANAM busca mejorar la Conectividad en Guatemala - ANAM","isPartOf":{"@id":"https:\/\/anam.org.gt\/inicio\/#website"},"primaryImageOfPage":{"@id":"https:\/\/anam.org.gt\/inicio\/anam-busca-mejorar-la-conectividad-en-guatemala\/#primaryimage"},"image":{"@id":"https:\/\/anam.org.gt\/inicio\/anam-busca-mejorar-la-conectividad-en-guatemala\/#primaryimage"},"thumbnailUrl":"https:\/\/anam.org.gt\/inicio\/wp-content\/uploads\/2025\/01\/473077570_1016215743884075_7448865119561142915_n.jpg","datePublished":"2025-01-08T16:01:00+00:00","dateModified":"2025-01-21T05:30:40+00:00","breadcrumb":{"@id":"https:\/\/anam.org.gt\/inicio\/anam-busca-mejorar-la-conectividad-en-guatemala\/#breadcrumb"},"inLanguage":"es","potentialAction":[{"@type":"ReadAction","target":["https:\/\/anam.org.gt\/inicio\/anam-busca-mejorar-la-conectividad-en-guatemala\/"]}]},{"@type":"ImageObject","inLanguage":"es","@id":"https:\/\/anam.org.gt\/inicio\/anam-busca-mejorar-la-conectividad-en-guatemala\/#primaryimage","url":"https:\/\/anam.org.gt\/inicio\/wp-content\/uploads\/2025\/01\/473077570_1016215743884075_7448865119561142915_n.jpg","contentUrl":"https:\/\/anam.org.gt\/inicio\/wp-content\/uploads\/2025\/01\/473077570_1016215743884075_7448865119561142915_n.jpg","width":1440,"height":960},{"@type":"BreadcrumbList","@id":"https:\/\/anam.org.gt\/inicio\/anam-busca-mejorar-la-conectividad-en-guatemala\/#breadcrumb","itemListElement":[{"@type":"ListItem","position":1,"name":"Portada","item":"https:\/\/anam.org.gt\/inicio\/"},{"@type":"ListItem","position":2,"name":"ANAM busca mejorar la Conectividad en Guatemala"}]},{"@type":"WebSite","@id":"https:\/\/anam.org.gt\/inicio\/#website","url":"https:\/\/anam.org.gt\/inicio\/","name":"ANAM","description":"Asociaci\u00f3n Nacional de Municipalidades de la Rep\u00fablica de Guatemala","publisher":{"@id":"https:\/\/anam.org.gt\/inicio\/#organization"},"potentialAction":[{"@type":"SearchAction","target":{"@type":"EntryPoint","urlTemplate":"https:\/\/anam.org.gt\/inicio\/?s={search_term_string}"},"query-input":{"@type":"PropertyValueSpecification","valueRequired":true,"valueName":"search_term_string"}}],"inLanguage":"es"},{"@type":"Organization","@id":"https:\/\/anam.org.gt\/inicio\/#organization","name":"Asociaci\u00f3n Nacional de Municipalidades de la Rep\u00fablica de Guatemala","url":"https:\/\/anam.org.gt\/inicio\/","logo":{"@type":"ImageObject","inLanguage":"es","@id":"https:\/\/anam.org.gt\/inicio\/#\/schema\/logo\/image\/","url":"https:\/\/anam.org.gt\/inicio\/wp-content\/uploads\/2026\/02\/logo-anam-central-1.png","contentUrl":"https:\/\/anam.org.gt\/inicio\/wp-content\/uploads\/2026\/02\/logo-anam-central-1.png","width":600,"height":280,"caption":"Asociaci\u00f3n Nacional de Municipalidades de la Rep\u00fablica de Guatemala"},"image":{"@id":"https:\/\/anam.org.gt\/inicio\/#\/schema\/logo\/image\/"},"sameAs":["https:\/\/www.facebook.com\/ANAMGuatemala.org.gt","https:\/\/x.com\/ANAM_Guatemala","https:\/\/www.instagram.com\/anam_guatemala\/?hl=es"]},{"@type":"Person","@id":"https:\/\/anam.org.gt\/inicio\/#\/schema\/person\/568dcb3e3f73c87e66aedf646a399340","name":"admin","image":{"@type":"ImageObject","inLanguage":"es","@id":"https:\/\/anam.org.gt\/inicio\/#\/schema\/person\/image\/","url":"https:\/\/secure.gravatar.com\/avatar\/e28deb147a21fce7c80709f121c112cdeff455f99e5227e39053d3fdbf557402?s=96&d=mm&r=g","contentUrl":"https:\/\/secure.gravatar.com\/avatar\/e28deb147a21fce7c80709f121c112cdeff455f99e5227e39053d3fdbf557402?s=96&d=mm&r=g","caption":"admin"},"url":"https:\/\/anam.org.gt\/inicio\/author\/admin\/"}]}},"_links":{"self":[{"href":"https:\/\/anam.org.gt\/inicio\/wp-json\/wp\/v2\/posts\/3212","targetHints":{"allow":["GET"]}}],"collection":[{"href":"https:\/\/anam.org.gt\/inicio\/wp-json\/wp\/v2\/posts"}],"about":[{"href":"https:\/\/anam.org.gt\/inicio\/wp-json\/wp\/v2\/types\/post"}],"author":[{"embeddable":true,"href":"https:\/\/anam.org.gt\/inicio\/wp-json\/wp\/v2\/users\/4"}],"replies":[{"embeddable":true,"href":"https:\/\/anam.org.gt\/inicio\/wp-json\/wp\/v2\/comments?post=3212"}],"version-history":[{"count":1,"href":"https:\/\/anam.org.gt\/inicio\/wp-json\/wp\/v2\/posts\/3212\/revisions"}],"predecessor-version":[{"id":3214,"href":"https:\/\/anam.org.gt\/inicio\/wp-json\/wp\/v2\/posts\/3212\/revisions\/3214"}],"wp:featuredmedia":[{"embeddable":true,"href":"https:\/\/anam.org.gt\/inicio\/wp-json\/wp\/v2\/media\/3213"}],"wp:attachment":[{"href":"https:\/\/anam.org.gt\/inicio\/wp-json\/wp\/v2\/media?parent=3212"}],"wp:term":[{"taxonomy":"category","embeddable":true,"href":"https:\/\/anam.org.gt\/inicio\/wp-json\/wp\/v2\/categories?post=3212"},{"taxonomy":"post_tag","embeddable":true,"href":"https:\/\/anam.org.gt\/inicio\/wp-json\/wp\/v2\/tags?post=3212"}],"curies":[{"name":"wp","href":"https:\/\/api.w.org\/{rel}","templated":true}]}}