{"id":3215,"date":"2025-01-06T18:56:00","date_gmt":"2025-01-06T18:56:00","guid":{"rendered":"https:\/\/anam.org.gt\/inicio\/?p=3215"},"modified":"2025-01-21T05:35:37","modified_gmt":"2025-01-21T05:35:37","slug":"el-presidente-de-anam-sebastian-siero-lidera-la-revision-de-la-distribucion-de-la-asignacion-constitucional-para-las-municipalidades-2025","status":"publish","type":"post","link":"https:\/\/anam.org.gt\/inicio\/el-presidente-de-anam-sebastian-siero-lidera-la-revision-de-la-distribucion-de-la-asignacion-constitucional-para-las-municipalidades-2025\/","title":{"rendered":"El Presidente de ANAM Sebastian Siero, lidera la revisi\u00f3n de la distribuci\u00f3n de la Asignaci\u00f3n Constitucional para las Municipalidades 2025"},"content":{"rendered":"<p>El Presidente de la Asociaci\u00f3n Nacional de Municipalidades (ANAM), Sebasti\u00e1n Siero, encabez\u00f3 recientemente una reuni\u00f3n clave para revisar el modelo de distribuci\u00f3n de la Asignaci\u00f3n Constitucional a las Municipalidades correspondiente al a\u00f1o 2025. El objetivo de este an\u00e1lisis fue asegurar que los recursos asignados a los gobiernos locales se distribuyan de manera justa, eficiente y alineada con las necesidades espec\u00edficas de cada municipio.<\/p><p>En la revisi\u00f3n, se reafirm\u00f3 la importancia de un c\u00e1lculo matem\u00e1tico transparente que garantice equidad y eficiencia en la distribuci\u00f3n de los fondos. El nuevo modelo de distribuci\u00f3n establece los siguientes criterios:<\/p><ol class=\"wp-block-list\"><li><strong>30% basado en la poblaci\u00f3n<\/strong> de cada municipio, asegurando que las localidades con mayor n\u00famero de habitantes reciban una parte proporcionalmente mayor de los recursos.<\/li>\n\n<li><strong>35% distribuido en partes iguales<\/strong>, lo que permite que todos los municipios reciban una porci\u00f3n equitativa, independientemente de su tama\u00f1o o poblaci\u00f3n.<\/li>\n\n<li><strong>25% seg\u00fan los ingresos propios per c\u00e1pita<\/strong>, lo que promueve un equilibrio entre la capacidad de recaudaci\u00f3n de cada municipio y sus necesidades.<\/li>\n\n<li><strong>10% destinado a aldeas y caser\u00edos<\/strong>, priorizando a las \u00e1reas rurales y de dif\u00edcil acceso, donde la inversi\u00f3n en infraestructura y servicios es m\u00e1s urgente.<\/li><\/ol><p>El modelo de distribuci\u00f3n revisado busca mejorar la equidad y la eficiencia en el uso de los recursos p\u00fablicos, asegurando que los fondos lleguen de manera efectiva a aquellos municipios que m\u00e1s los requieren. Con este enfoque, se promueve un proceso transparente y adecuado a las realidades econ\u00f3micas y sociales de cada municipio, permitiendo un desarrollo m\u00e1s equilibrado en todo el pa\u00eds.<\/p><p>El Presidente Siero destac\u00f3 que \u00abeste esfuerzo de revisi\u00f3n refleja nuestro compromiso con la justicia social y el desarrollo equitativo de todas las municipalidades del pa\u00eds, garantizando que los recursos lleguen a los lugares donde m\u00e1s se necesitan\u00bb.<\/p>","protected":false},"excerpt":{"rendered":"<p>El Presidente de la Asociaci\u00f3n Nacional de Municipalidades (ANAM), Sebasti\u00e1n Siero, encabez\u00f3 recientemente una reuni\u00f3n clave para revisar el modelo de distribuci\u00f3n de la Asignaci\u00f3n Constitucional a las Municipalidades correspondiente al a\u00f1o 2025. El objetivo de este an\u00e1lisis fue asegurar que los recursos asignados a los gobiernos locales se distribuyan de manera justa, eficiente y [&hellip;]<\/p>\n","protected":false},"author":4,"featured_media":3216,"comment_status":"open","ping_status":"open","sticky":false,"template":"","format":"standard","meta":{"footnotes":""},"categories":[1],"tags":[],"class_list":["post-3215","post","type-post","status-publish","format-standard","has-post-thumbnail","hentry","category-anam"],"yoast_head":"<!-- This site is optimized with the Yoast SEO plugin v27.0 - https:\/\/yoast.com\/product\/yoast-seo-wordpress\/ -->\n<title>El Presidente de ANAM Sebastian Siero, lidera la revisi\u00f3n de la distribuci\u00f3n de la Asignaci\u00f3n Constitucional para las Municipalidades 2025 - ANAM<\/title>\n<meta name=\"robots\" content=\"index, follow, max-snippet:-1, max-image-preview:large, max-video-preview:-1\" \/>\n<link rel=\"canonical\" href=\"https:\/\/anam.org.gt\/inicio\/el-presidente-de-anam-sebastian-siero-lidera-la-revision-de-la-distribucion-de-la-asignacion-constitucional-para-las-municipalidades-2025\/\" \/>\n<meta property=\"og:locale\" content=\"es_ES\" \/>\n<meta property=\"og:type\" content=\"article\" \/>\n<meta property=\"og:title\" content=\"El Presidente de ANAM Sebastian Siero, lidera la revisi\u00f3n de la distribuci\u00f3n de la Asignaci\u00f3n Constitucional para las Municipalidades 2025 - ANAM\" \/>\n<meta property=\"og:description\" content=\"El Presidente de la Asociaci\u00f3n Nacional de Municipalidades (ANAM), Sebasti\u00e1n Siero, encabez\u00f3 recientemente una reuni\u00f3n clave para revisar el modelo de distribuci\u00f3n de la Asignaci\u00f3n Constitucional a las Municipalidades correspondiente al a\u00f1o 2025. El objetivo de este an\u00e1lisis fue asegurar que los recursos asignados a los gobiernos locales se distribuyan de manera justa, eficiente y [&hellip;]\" \/>\n<meta property=\"og:url\" content=\"https:\/\/anam.org.gt\/inicio\/el-presidente-de-anam-sebastian-siero-lidera-la-revision-de-la-distribucion-de-la-asignacion-constitucional-para-las-municipalidades-2025\/\" \/>\n<meta property=\"og:site_name\" content=\"ANAM\" \/>\n<meta property=\"article:publisher\" content=\"https:\/\/www.facebook.com\/ANAMGuatemala.org.gt\" \/>\n<meta property=\"article:published_time\" content=\"2025-01-06T18:56:00+00:00\" \/>\n<meta property=\"article:modified_time\" content=\"2025-01-21T05:35:37+00:00\" \/>\n<meta property=\"og:image\" content=\"https:\/\/anam.org.gt\/inicio\/wp-content\/uploads\/2025\/01\/472814079_1014868984018751_7335439344444063447_n.jpg\" \/>\n\t<meta property=\"og:image:width\" content=\"1440\" \/>\n\t<meta property=\"og:image:height\" content=\"960\" \/>\n\t<meta property=\"og:image:type\" content=\"image\/jpeg\" \/>\n<meta name=\"author\" content=\"admin\" \/>\n<meta name=\"twitter:card\" content=\"summary_large_image\" \/>\n<meta name=\"twitter:creator\" content=\"@ANAM_Guatemala\" \/>\n<meta name=\"twitter:site\" content=\"@ANAM_Guatemala\" \/>\n<meta name=\"twitter:label1\" content=\"Escrito por\" \/>\n\t<meta name=\"twitter:data1\" content=\"admin\" \/>\n\t<meta name=\"twitter:label2\" content=\"Tiempo de lectura\" \/>\n\t<meta name=\"twitter:data2\" content=\"2 minutos\" \/>\n<script type=\"application\/ld+json\" class=\"yoast-schema-graph\">{\"@context\":\"https:\/\/schema.org\",\"@graph\":[{\"@type\":\"Article\",\"@id\":\"https:\/\/anam.org.gt\/inicio\/el-presidente-de-anam-sebastian-siero-lidera-la-revision-de-la-distribucion-de-la-asignacion-constitucional-para-las-municipalidades-2025\/#article\",\"isPartOf\":{\"@id\":\"https:\/\/anam.org.gt\/inicio\/el-presidente-de-anam-sebastian-siero-lidera-la-revision-de-la-distribucion-de-la-asignacion-constitucional-para-las-municipalidades-2025\/\"},\"author\":{\"name\":\"admin\",\"@id\":\"https:\/\/anam.org.gt\/inicio\/#\/schema\/person\/568dcb3e3f73c87e66aedf646a399340\"},\"headline\":\"El Presidente de ANAM Sebastian Siero, lidera la revisi\u00f3n de la distribuci\u00f3n de la Asignaci\u00f3n Constitucional para las Municipalidades 2025\",\"datePublished\":\"2025-01-06T18:56:00+00:00\",\"dateModified\":\"2025-01-21T05:35:37+00:00\",\"mainEntityOfPage\":{\"@id\":\"https:\/\/anam.org.gt\/inicio\/el-presidente-de-anam-sebastian-siero-lidera-la-revision-de-la-distribucion-de-la-asignacion-constitucional-para-las-municipalidades-2025\/\"},\"wordCount\":341,\"commentCount\":0,\"publisher\":{\"@id\":\"https:\/\/anam.org.gt\/inicio\/#organization\"},\"image\":{\"@id\":\"https:\/\/anam.org.gt\/inicio\/el-presidente-de-anam-sebastian-siero-lidera-la-revision-de-la-distribucion-de-la-asignacion-constitucional-para-las-municipalidades-2025\/#primaryimage\"},\"thumbnailUrl\":\"https:\/\/anam.org.gt\/inicio\/wp-content\/uploads\/2025\/01\/472814079_1014868984018751_7335439344444063447_n.jpg\",\"articleSection\":[\"ANAM\"],\"inLanguage\":\"es\",\"potentialAction\":[{\"@type\":\"CommentAction\",\"name\":\"Comment\",\"target\":[\"https:\/\/anam.org.gt\/inicio\/el-presidente-de-anam-sebastian-siero-lidera-la-revision-de-la-distribucion-de-la-asignacion-constitucional-para-las-municipalidades-2025\/#respond\"]}]},{\"@type\":\"WebPage\",\"@id\":\"https:\/\/anam.org.gt\/inicio\/el-presidente-de-anam-sebastian-siero-lidera-la-revision-de-la-distribucion-de-la-asignacion-constitucional-para-las-municipalidades-2025\/\",\"url\":\"https:\/\/anam.org.gt\/inicio\/el-presidente-de-anam-sebastian-siero-lidera-la-revision-de-la-distribucion-de-la-asignacion-constitucional-para-las-municipalidades-2025\/\",\"name\":\"El Presidente de ANAM Sebastian Siero, lidera la revisi\u00f3n de la distribuci\u00f3n de la Asignaci\u00f3n Constitucional para las Municipalidades 2025 - ANAM\",\"isPartOf\":{\"@id\":\"https:\/\/anam.org.gt\/inicio\/#website\"},\"primaryImageOfPage\":{\"@id\":\"https:\/\/anam.org.gt\/inicio\/el-presidente-de-anam-sebastian-siero-lidera-la-revision-de-la-distribucion-de-la-asignacion-constitucional-para-las-municipalidades-2025\/#primaryimage\"},\"image\":{\"@id\":\"https:\/\/anam.org.gt\/inicio\/el-presidente-de-anam-sebastian-siero-lidera-la-revision-de-la-distribucion-de-la-asignacion-constitucional-para-las-municipalidades-2025\/#primaryimage\"},\"thumbnailUrl\":\"https:\/\/anam.org.gt\/inicio\/wp-content\/uploads\/2025\/01\/472814079_1014868984018751_7335439344444063447_n.jpg\",\"datePublished\":\"2025-01-06T18:56:00+00:00\",\"dateModified\":\"2025-01-21T05:35:37+00:00\",\"breadcrumb\":{\"@id\":\"https:\/\/anam.org.gt\/inicio\/el-presidente-de-anam-sebastian-siero-lidera-la-revision-de-la-distribucion-de-la-asignacion-constitucional-para-las-municipalidades-2025\/#breadcrumb\"},\"inLanguage\":\"es\",\"potentialAction\":[{\"@type\":\"ReadAction\",\"target\":[\"https:\/\/anam.org.gt\/inicio\/el-presidente-de-anam-sebastian-siero-lidera-la-revision-de-la-distribucion-de-la-asignacion-constitucional-para-las-municipalidades-2025\/\"]}]},{\"@type\":\"ImageObject\",\"inLanguage\":\"es\",\"@id\":\"https:\/\/anam.org.gt\/inicio\/el-presidente-de-anam-sebastian-siero-lidera-la-revision-de-la-distribucion-de-la-asignacion-constitucional-para-las-municipalidades-2025\/#primaryimage\",\"url\":\"https:\/\/anam.org.gt\/inicio\/wp-content\/uploads\/2025\/01\/472814079_1014868984018751_7335439344444063447_n.jpg\",\"contentUrl\":\"https:\/\/anam.org.gt\/inicio\/wp-content\/uploads\/2025\/01\/472814079_1014868984018751_7335439344444063447_n.jpg\",\"width\":1440,\"height\":960},{\"@type\":\"BreadcrumbList\",\"@id\":\"https:\/\/anam.org.gt\/inicio\/el-presidente-de-anam-sebastian-siero-lidera-la-revision-de-la-distribucion-de-la-asignacion-constitucional-para-las-municipalidades-2025\/#breadcrumb\",\"itemListElement\":[{\"@type\":\"ListItem\",\"position\":1,\"name\":\"Portada\",\"item\":\"https:\/\/anam.org.gt\/inicio\/\"},{\"@type\":\"ListItem\",\"position\":2,\"name\":\"El Presidente de ANAM Sebastian Siero, lidera la revisi\u00f3n de la distribuci\u00f3n de la Asignaci\u00f3n Constitucional para las Municipalidades 2025\"}]},{\"@type\":\"WebSite\",\"@id\":\"https:\/\/anam.org.gt\/inicio\/#website\",\"url\":\"https:\/\/anam.org.gt\/inicio\/\",\"name\":\"ANAM\",\"description\":\"Asociaci\u00f3n Nacional de Municipalidades de la Rep\u00fablica de Guatemala\",\"publisher\":{\"@id\":\"https:\/\/anam.org.gt\/inicio\/#organization\"},\"potentialAction\":[{\"@type\":\"SearchAction\",\"target\":{\"@type\":\"EntryPoint\",\"urlTemplate\":\"https:\/\/anam.org.gt\/inicio\/?s={search_term_string}\"},\"query-input\":{\"@type\":\"PropertyValueSpecification\",\"valueRequired\":true,\"valueName\":\"search_term_string\"}}],\"inLanguage\":\"es\"},{\"@type\":\"Organization\",\"@id\":\"https:\/\/anam.org.gt\/inicio\/#organization\",\"name\":\"Asociaci\u00f3n Nacional de Municipalidades de la Rep\u00fablica de Guatemala\",\"url\":\"https:\/\/anam.org.gt\/inicio\/\",\"logo\":{\"@type\":\"ImageObject\",\"inLanguage\":\"es\",\"@id\":\"https:\/\/anam.org.gt\/inicio\/#\/schema\/logo\/image\/\",\"url\":\"https:\/\/anam.org.gt\/inicio\/wp-content\/uploads\/2026\/02\/logo-anam-central-1.png\",\"contentUrl\":\"https:\/\/anam.org.gt\/inicio\/wp-content\/uploads\/2026\/02\/logo-anam-central-1.png\",\"width\":600,\"height\":280,\"caption\":\"Asociaci\u00f3n Nacional de Municipalidades de la Rep\u00fablica de Guatemala\"},\"image\":{\"@id\":\"https:\/\/anam.org.gt\/inicio\/#\/schema\/logo\/image\/\"},\"sameAs\":[\"https:\/\/www.facebook.com\/ANAMGuatemala.org.gt\",\"https:\/\/x.com\/ANAM_Guatemala\",\"https:\/\/www.instagram.com\/anam_guatemala\/?hl=es\"]},{\"@type\":\"Person\",\"@id\":\"https:\/\/anam.org.gt\/inicio\/#\/schema\/person\/568dcb3e3f73c87e66aedf646a399340\",\"name\":\"admin\",\"image\":{\"@type\":\"ImageObject\",\"inLanguage\":\"es\",\"@id\":\"https:\/\/anam.org.gt\/inicio\/#\/schema\/person\/image\/\",\"url\":\"https:\/\/secure.gravatar.com\/avatar\/e28deb147a21fce7c80709f121c112cdeff455f99e5227e39053d3fdbf557402?s=96&d=mm&r=g\",\"contentUrl\":\"https:\/\/secure.gravatar.com\/avatar\/e28deb147a21fce7c80709f121c112cdeff455f99e5227e39053d3fdbf557402?s=96&d=mm&r=g\",\"caption\":\"admin\"},\"url\":\"https:\/\/anam.org.gt\/inicio\/author\/admin\/\"}]}<\/script>\n<!-- \/ Yoast SEO plugin. -->","yoast_head_json":{"title":"El Presidente de ANAM Sebastian Siero, lidera la revisi\u00f3n de la distribuci\u00f3n de la Asignaci\u00f3n Constitucional para las Municipalidades 2025 - ANAM","robots":{"index":"index","follow":"follow","max-snippet":"max-snippet:-1","max-image-preview":"max-image-preview:large","max-video-preview":"max-video-preview:-1"},"canonical":"https:\/\/anam.org.gt\/inicio\/el-presidente-de-anam-sebastian-siero-lidera-la-revision-de-la-distribucion-de-la-asignacion-constitucional-para-las-municipalidades-2025\/","og_locale":"es_ES","og_type":"article","og_title":"El Presidente de ANAM Sebastian Siero, lidera la revisi\u00f3n de la distribuci\u00f3n de la Asignaci\u00f3n Constitucional para las Municipalidades 2025 - ANAM","og_description":"El Presidente de la Asociaci\u00f3n Nacional de Municipalidades (ANAM), Sebasti\u00e1n Siero, encabez\u00f3 recientemente una reuni\u00f3n clave para revisar el modelo de distribuci\u00f3n de la Asignaci\u00f3n Constitucional a las Municipalidades correspondiente al a\u00f1o 2025. El objetivo de este an\u00e1lisis fue asegurar que los recursos asignados a los gobiernos locales se distribuyan de manera justa, eficiente y [&hellip;]","og_url":"https:\/\/anam.org.gt\/inicio\/el-presidente-de-anam-sebastian-siero-lidera-la-revision-de-la-distribucion-de-la-asignacion-constitucional-para-las-municipalidades-2025\/","og_site_name":"ANAM","article_publisher":"https:\/\/www.facebook.com\/ANAMGuatemala.org.gt","article_published_time":"2025-01-06T18:56:00+00:00","article_modified_time":"2025-01-21T05:35:37+00:00","og_image":[{"width":1440,"height":960,"url":"https:\/\/anam.org.gt\/inicio\/wp-content\/uploads\/2025\/01\/472814079_1014868984018751_7335439344444063447_n.jpg","type":"image\/jpeg"}],"author":"admin","twitter_card":"summary_large_image","twitter_creator":"@ANAM_Guatemala","twitter_site":"@ANAM_Guatemala","twitter_misc":{"Escrito por":"admin","Tiempo de lectura":"2 minutos"},"schema":{"@context":"https:\/\/schema.org","@graph":[{"@type":"Article","@id":"https:\/\/anam.org.gt\/inicio\/el-presidente-de-anam-sebastian-siero-lidera-la-revision-de-la-distribucion-de-la-asignacion-constitucional-para-las-municipalidades-2025\/#article","isPartOf":{"@id":"https:\/\/anam.org.gt\/inicio\/el-presidente-de-anam-sebastian-siero-lidera-la-revision-de-la-distribucion-de-la-asignacion-constitucional-para-las-municipalidades-2025\/"},"author":{"name":"admin","@id":"https:\/\/anam.org.gt\/inicio\/#\/schema\/person\/568dcb3e3f73c87e66aedf646a399340"},"headline":"El Presidente de ANAM Sebastian Siero, lidera la revisi\u00f3n de la distribuci\u00f3n de la Asignaci\u00f3n Constitucional para las Municipalidades 2025","datePublished":"2025-01-06T18:56:00+00:00","dateModified":"2025-01-21T05:35:37+00:00","mainEntityOfPage":{"@id":"https:\/\/anam.org.gt\/inicio\/el-presidente-de-anam-sebastian-siero-lidera-la-revision-de-la-distribucion-de-la-asignacion-constitucional-para-las-municipalidades-2025\/"},"wordCount":341,"commentCount":0,"publisher":{"@id":"https:\/\/anam.org.gt\/inicio\/#organization"},"image":{"@id":"https:\/\/anam.org.gt\/inicio\/el-presidente-de-anam-sebastian-siero-lidera-la-revision-de-la-distribucion-de-la-asignacion-constitucional-para-las-municipalidades-2025\/#primaryimage"},"thumbnailUrl":"https:\/\/anam.org.gt\/inicio\/wp-content\/uploads\/2025\/01\/472814079_1014868984018751_7335439344444063447_n.jpg","articleSection":["ANAM"],"inLanguage":"es","potentialAction":[{"@type":"CommentAction","name":"Comment","target":["https:\/\/anam.org.gt\/inicio\/el-presidente-de-anam-sebastian-siero-lidera-la-revision-de-la-distribucion-de-la-asignacion-constitucional-para-las-municipalidades-2025\/#respond"]}]},{"@type":"WebPage","@id":"https:\/\/anam.org.gt\/inicio\/el-presidente-de-anam-sebastian-siero-lidera-la-revision-de-la-distribucion-de-la-asignacion-constitucional-para-las-municipalidades-2025\/","url":"https:\/\/anam.org.gt\/inicio\/el-presidente-de-anam-sebastian-siero-lidera-la-revision-de-la-distribucion-de-la-asignacion-constitucional-para-las-municipalidades-2025\/","name":"El Presidente de ANAM Sebastian Siero, lidera la revisi\u00f3n de la distribuci\u00f3n de la Asignaci\u00f3n Constitucional para las Municipalidades 2025 - ANAM","isPartOf":{"@id":"https:\/\/anam.org.gt\/inicio\/#website"},"primaryImageOfPage":{"@id":"https:\/\/anam.org.gt\/inicio\/el-presidente-de-anam-sebastian-siero-lidera-la-revision-de-la-distribucion-de-la-asignacion-constitucional-para-las-municipalidades-2025\/#primaryimage"},"image":{"@id":"https:\/\/anam.org.gt\/inicio\/el-presidente-de-anam-sebastian-siero-lidera-la-revision-de-la-distribucion-de-la-asignacion-constitucional-para-las-municipalidades-2025\/#primaryimage"},"thumbnailUrl":"https:\/\/anam.org.gt\/inicio\/wp-content\/uploads\/2025\/01\/472814079_1014868984018751_7335439344444063447_n.jpg","datePublished":"2025-01-06T18:56:00+00:00","dateModified":"2025-01-21T05:35:37+00:00","breadcrumb":{"@id":"https:\/\/anam.org.gt\/inicio\/el-presidente-de-anam-sebastian-siero-lidera-la-revision-de-la-distribucion-de-la-asignacion-constitucional-para-las-municipalidades-2025\/#breadcrumb"},"inLanguage":"es","potentialAction":[{"@type":"ReadAction","target":["https:\/\/anam.org.gt\/inicio\/el-presidente-de-anam-sebastian-siero-lidera-la-revision-de-la-distribucion-de-la-asignacion-constitucional-para-las-municipalidades-2025\/"]}]},{"@type":"ImageObject","inLanguage":"es","@id":"https:\/\/anam.org.gt\/inicio\/el-presidente-de-anam-sebastian-siero-lidera-la-revision-de-la-distribucion-de-la-asignacion-constitucional-para-las-municipalidades-2025\/#primaryimage","url":"https:\/\/anam.org.gt\/inicio\/wp-content\/uploads\/2025\/01\/472814079_1014868984018751_7335439344444063447_n.jpg","contentUrl":"https:\/\/anam.org.gt\/inicio\/wp-content\/uploads\/2025\/01\/472814079_1014868984018751_7335439344444063447_n.jpg","width":1440,"height":960},{"@type":"BreadcrumbList","@id":"https:\/\/anam.org.gt\/inicio\/el-presidente-de-anam-sebastian-siero-lidera-la-revision-de-la-distribucion-de-la-asignacion-constitucional-para-las-municipalidades-2025\/#breadcrumb","itemListElement":[{"@type":"ListItem","position":1,"name":"Portada","item":"https:\/\/anam.org.gt\/inicio\/"},{"@type":"ListItem","position":2,"name":"El Presidente de ANAM Sebastian Siero, lidera la revisi\u00f3n de la distribuci\u00f3n de la Asignaci\u00f3n Constitucional para las Municipalidades 2025"}]},{"@type":"WebSite","@id":"https:\/\/anam.org.gt\/inicio\/#website","url":"https:\/\/anam.org.gt\/inicio\/","name":"ANAM","description":"Asociaci\u00f3n Nacional de Municipalidades de la Rep\u00fablica de Guatemala","publisher":{"@id":"https:\/\/anam.org.gt\/inicio\/#organization"},"potentialAction":[{"@type":"SearchAction","target":{"@type":"EntryPoint","urlTemplate":"https:\/\/anam.org.gt\/inicio\/?s={search_term_string}"},"query-input":{"@type":"PropertyValueSpecification","valueRequired":true,"valueName":"search_term_string"}}],"inLanguage":"es"},{"@type":"Organization","@id":"https:\/\/anam.org.gt\/inicio\/#organization","name":"Asociaci\u00f3n Nacional de Municipalidades de la Rep\u00fablica de Guatemala","url":"https:\/\/anam.org.gt\/inicio\/","logo":{"@type":"ImageObject","inLanguage":"es","@id":"https:\/\/anam.org.gt\/inicio\/#\/schema\/logo\/image\/","url":"https:\/\/anam.org.gt\/inicio\/wp-content\/uploads\/2026\/02\/logo-anam-central-1.png","contentUrl":"https:\/\/anam.org.gt\/inicio\/wp-content\/uploads\/2026\/02\/logo-anam-central-1.png","width":600,"height":280,"caption":"Asociaci\u00f3n Nacional de Municipalidades de la Rep\u00fablica de Guatemala"},"image":{"@id":"https:\/\/anam.org.gt\/inicio\/#\/schema\/logo\/image\/"},"sameAs":["https:\/\/www.facebook.com\/ANAMGuatemala.org.gt","https:\/\/x.com\/ANAM_Guatemala","https:\/\/www.instagram.com\/anam_guatemala\/?hl=es"]},{"@type":"Person","@id":"https:\/\/anam.org.gt\/inicio\/#\/schema\/person\/568dcb3e3f73c87e66aedf646a399340","name":"admin","image":{"@type":"ImageObject","inLanguage":"es","@id":"https:\/\/anam.org.gt\/inicio\/#\/schema\/person\/image\/","url":"https:\/\/secure.gravatar.com\/avatar\/e28deb147a21fce7c80709f121c112cdeff455f99e5227e39053d3fdbf557402?s=96&d=mm&r=g","contentUrl":"https:\/\/secure.gravatar.com\/avatar\/e28deb147a21fce7c80709f121c112cdeff455f99e5227e39053d3fdbf557402?s=96&d=mm&r=g","caption":"admin"},"url":"https:\/\/anam.org.gt\/inicio\/author\/admin\/"}]}},"_links":{"self":[{"href":"https:\/\/anam.org.gt\/inicio\/wp-json\/wp\/v2\/posts\/3215","targetHints":{"allow":["GET"]}}],"collection":[{"href":"https:\/\/anam.org.gt\/inicio\/wp-json\/wp\/v2\/posts"}],"about":[{"href":"https:\/\/anam.org.gt\/inicio\/wp-json\/wp\/v2\/types\/post"}],"author":[{"embeddable":true,"href":"https:\/\/anam.org.gt\/inicio\/wp-json\/wp\/v2\/users\/4"}],"replies":[{"embeddable":true,"href":"https:\/\/anam.org.gt\/inicio\/wp-json\/wp\/v2\/comments?post=3215"}],"version-history":[{"count":1,"href":"https:\/\/anam.org.gt\/inicio\/wp-json\/wp\/v2\/posts\/3215\/revisions"}],"predecessor-version":[{"id":3217,"href":"https:\/\/anam.org.gt\/inicio\/wp-json\/wp\/v2\/posts\/3215\/revisions\/3217"}],"wp:featuredmedia":[{"embeddable":true,"href":"https:\/\/anam.org.gt\/inicio\/wp-json\/wp\/v2\/media\/3216"}],"wp:attachment":[{"href":"https:\/\/anam.org.gt\/inicio\/wp-json\/wp\/v2\/media?parent=3215"}],"wp:term":[{"taxonomy":"category","embeddable":true,"href":"https:\/\/anam.org.gt\/inicio\/wp-json\/wp\/v2\/categories?post=3215"},{"taxonomy":"post_tag","embeddable":true,"href":"https:\/\/anam.org.gt\/inicio\/wp-json\/wp\/v2\/tags?post=3215"}],"curies":[{"name":"wp","href":"https:\/\/api.w.org\/{rel}","templated":true}]}}