{"id":3244,"date":"2025-02-06T16:57:00","date_gmt":"2025-02-06T16:57:00","guid":{"rendered":"https:\/\/anam.org.gt\/inicio\/?p=3244"},"modified":"2025-02-18T17:06:10","modified_gmt":"2025-02-18T17:06:10","slug":"reunion-entre-el-presidente-de-anam-sebastian-siero-y-los-alcaldes-de-peten","status":"publish","type":"post","link":"https:\/\/anam.org.gt\/inicio\/reunion-entre-el-presidente-de-anam-sebastian-siero-y-los-alcaldes-de-peten\/","title":{"rendered":"Reuni\u00f3n entre el Presidente de ANAM, Sebasti\u00e1n Siero, y los alcaldes de Pet\u00e9n"},"content":{"rendered":"<p>El Presidente de la Asociaci\u00f3n Nacional de Alcaldes de Guatemala (ANAM), Sebasti\u00e1n Siero, acompa\u00f1ado de su equipo t\u00e9cnico, sostuvo una importante reuni\u00f3n con los alcaldes del departamento de Pet\u00e9n. Este encuentro, que reuni\u00f3 a autoridades locales de la regi\u00f3n, permiti\u00f3 presentar los avances m\u00e1s recientes de la instituci\u00f3n en su misi\u00f3n de fortalecer y mejorar la gesti\u00f3n municipal.<\/p><p>Durante la reuni\u00f3n, se destac\u00f3 la presentaci\u00f3n de los logros alcanzados hasta la fecha por la ANAM, as\u00ed como las iniciativas en curso para optimizar la administraci\u00f3n local en los diferentes municipios del pa\u00eds. El Presidente Siero resalt\u00f3 el trabajo conjunto realizado entre la asociaci\u00f3n y los gobiernos locales, y subray\u00f3 el compromiso de ANAM en continuar apoyando a los alcaldes con herramientas, recursos y capacitaci\u00f3n que contribuyan al desarrollo de sus comunidades.<\/p><p>La reuni\u00f3n se centr\u00f3, adem\u00e1s, en discutir estrategias que permitan mejorar la eficiencia administrativa y en promover pol\u00edticas p\u00fablicas que respondan de manera efectiva a las necesidades de la poblaci\u00f3n petenera.<\/p><p>\u00abEste encuentro es una muestra m\u00e1s del trabajo que estamos realizando desde ANAM para fortalecer el gremio municipal, apoyando a los alcaldes en su labor y buscando siempre el bienestar de los guatemaltecos\u00bb, expres\u00f3 el Presidente Siero.<\/p><p>Con el compromiso de seguir avanzando en la mejora de los servicios p\u00fablicos y el fortalecimiento de los gobiernos locales, ANAM reafirma su disposici\u00f3n a continuar colaborando estrechamente con las autoridades municipales de todo el pa\u00eds.<\/p>","protected":false},"excerpt":{"rendered":"<p>El Presidente de la Asociaci\u00f3n Nacional de Alcaldes de Guatemala (ANAM), Sebasti\u00e1n Siero, acompa\u00f1ado de su equipo t\u00e9cnico, sostuvo una importante reuni\u00f3n con los alcaldes del departamento de Pet\u00e9n. Este encuentro, que reuni\u00f3 a autoridades locales de la regi\u00f3n, permiti\u00f3 presentar los avances m\u00e1s recientes de la instituci\u00f3n en su misi\u00f3n de fortalecer y mejorar [&hellip;]<\/p>\n","protected":false},"author":7,"featured_media":3245,"comment_status":"open","ping_status":"open","sticky":false,"template":"","format":"standard","meta":{"footnotes":""},"categories":[1],"tags":[],"class_list":["post-3244","post","type-post","status-publish","format-standard","has-post-thumbnail","hentry","category-anam"],"yoast_head":"<!-- This site is optimized with the Yoast SEO plugin v27.0 - https:\/\/yoast.com\/product\/yoast-seo-wordpress\/ -->\n<title>Reuni\u00f3n entre el Presidente de ANAM, Sebasti\u00e1n Siero, y los alcaldes de Pet\u00e9n - ANAM<\/title>\n<meta name=\"robots\" content=\"index, follow, max-snippet:-1, max-image-preview:large, max-video-preview:-1\" \/>\n<link rel=\"canonical\" href=\"https:\/\/anam.org.gt\/inicio\/reunion-entre-el-presidente-de-anam-sebastian-siero-y-los-alcaldes-de-peten\/\" \/>\n<meta property=\"og:locale\" content=\"es_ES\" \/>\n<meta property=\"og:type\" content=\"article\" \/>\n<meta property=\"og:title\" content=\"Reuni\u00f3n entre el Presidente de ANAM, Sebasti\u00e1n Siero, y los alcaldes de Pet\u00e9n - ANAM\" \/>\n<meta property=\"og:description\" content=\"El Presidente de la Asociaci\u00f3n Nacional de Alcaldes de Guatemala (ANAM), Sebasti\u00e1n Siero, acompa\u00f1ado de su equipo t\u00e9cnico, sostuvo una importante reuni\u00f3n con los alcaldes del departamento de Pet\u00e9n. Este encuentro, que reuni\u00f3 a autoridades locales de la regi\u00f3n, permiti\u00f3 presentar los avances m\u00e1s recientes de la instituci\u00f3n en su misi\u00f3n de fortalecer y mejorar [&hellip;]\" \/>\n<meta property=\"og:url\" content=\"https:\/\/anam.org.gt\/inicio\/reunion-entre-el-presidente-de-anam-sebastian-siero-y-los-alcaldes-de-peten\/\" \/>\n<meta property=\"og:site_name\" content=\"ANAM\" \/>\n<meta property=\"article:publisher\" content=\"https:\/\/www.facebook.com\/ANAMGuatemala.org.gt\" \/>\n<meta property=\"article:published_time\" content=\"2025-02-06T16:57:00+00:00\" \/>\n<meta property=\"article:modified_time\" content=\"2025-02-18T17:06:10+00:00\" \/>\n<meta property=\"og:image\" content=\"https:\/\/anam.org.gt\/inicio\/wp-content\/uploads\/2025\/02\/476609223_1037221355116847_6424544449883761111_n.jpg\" \/>\n\t<meta property=\"og:image:width\" content=\"1440\" \/>\n\t<meta property=\"og:image:height\" content=\"960\" \/>\n\t<meta property=\"og:image:type\" content=\"image\/jpeg\" \/>\n<meta name=\"author\" content=\"Redacci\u00f3n ANAM\" \/>\n<meta name=\"twitter:card\" content=\"summary_large_image\" \/>\n<meta name=\"twitter:creator\" content=\"@ANAM_Guatemala\" \/>\n<meta name=\"twitter:site\" content=\"@ANAM_Guatemala\" \/>\n<meta name=\"twitter:label1\" content=\"Escrito por\" \/>\n\t<meta name=\"twitter:data1\" content=\"Redacci\u00f3n ANAM\" \/>\n\t<meta name=\"twitter:label2\" content=\"Tiempo de lectura\" \/>\n\t<meta name=\"twitter:data2\" content=\"1 minuto\" \/>\n<script type=\"application\/ld+json\" class=\"yoast-schema-graph\">{\"@context\":\"https:\/\/schema.org\",\"@graph\":[{\"@type\":\"Article\",\"@id\":\"https:\/\/anam.org.gt\/inicio\/reunion-entre-el-presidente-de-anam-sebastian-siero-y-los-alcaldes-de-peten\/#article\",\"isPartOf\":{\"@id\":\"https:\/\/anam.org.gt\/inicio\/reunion-entre-el-presidente-de-anam-sebastian-siero-y-los-alcaldes-de-peten\/\"},\"author\":{\"name\":\"Redacci\u00f3n ANAM\",\"@id\":\"https:\/\/anam.org.gt\/inicio\/#\/schema\/person\/414b1b5634500f1c6a9b3a2fd14b09ae\"},\"headline\":\"Reuni\u00f3n entre el Presidente de ANAM, Sebasti\u00e1n Siero, y los alcaldes de Pet\u00e9n\",\"datePublished\":\"2025-02-06T16:57:00+00:00\",\"dateModified\":\"2025-02-18T17:06:10+00:00\",\"mainEntityOfPage\":{\"@id\":\"https:\/\/anam.org.gt\/inicio\/reunion-entre-el-presidente-de-anam-sebastian-siero-y-los-alcaldes-de-peten\/\"},\"wordCount\":277,\"commentCount\":0,\"publisher\":{\"@id\":\"https:\/\/anam.org.gt\/inicio\/#organization\"},\"image\":{\"@id\":\"https:\/\/anam.org.gt\/inicio\/reunion-entre-el-presidente-de-anam-sebastian-siero-y-los-alcaldes-de-peten\/#primaryimage\"},\"thumbnailUrl\":\"https:\/\/anam.org.gt\/inicio\/wp-content\/uploads\/2025\/02\/476609223_1037221355116847_6424544449883761111_n.jpg\",\"articleSection\":[\"ANAM\"],\"inLanguage\":\"es\",\"potentialAction\":[{\"@type\":\"CommentAction\",\"name\":\"Comment\",\"target\":[\"https:\/\/anam.org.gt\/inicio\/reunion-entre-el-presidente-de-anam-sebastian-siero-y-los-alcaldes-de-peten\/#respond\"]}]},{\"@type\":\"WebPage\",\"@id\":\"https:\/\/anam.org.gt\/inicio\/reunion-entre-el-presidente-de-anam-sebastian-siero-y-los-alcaldes-de-peten\/\",\"url\":\"https:\/\/anam.org.gt\/inicio\/reunion-entre-el-presidente-de-anam-sebastian-siero-y-los-alcaldes-de-peten\/\",\"name\":\"Reuni\u00f3n entre el Presidente de ANAM, Sebasti\u00e1n Siero, y los alcaldes de Pet\u00e9n - ANAM\",\"isPartOf\":{\"@id\":\"https:\/\/anam.org.gt\/inicio\/#website\"},\"primaryImageOfPage\":{\"@id\":\"https:\/\/anam.org.gt\/inicio\/reunion-entre-el-presidente-de-anam-sebastian-siero-y-los-alcaldes-de-peten\/#primaryimage\"},\"image\":{\"@id\":\"https:\/\/anam.org.gt\/inicio\/reunion-entre-el-presidente-de-anam-sebastian-siero-y-los-alcaldes-de-peten\/#primaryimage\"},\"thumbnailUrl\":\"https:\/\/anam.org.gt\/inicio\/wp-content\/uploads\/2025\/02\/476609223_1037221355116847_6424544449883761111_n.jpg\",\"datePublished\":\"2025-02-06T16:57:00+00:00\",\"dateModified\":\"2025-02-18T17:06:10+00:00\",\"breadcrumb\":{\"@id\":\"https:\/\/anam.org.gt\/inicio\/reunion-entre-el-presidente-de-anam-sebastian-siero-y-los-alcaldes-de-peten\/#breadcrumb\"},\"inLanguage\":\"es\",\"potentialAction\":[{\"@type\":\"ReadAction\",\"target\":[\"https:\/\/anam.org.gt\/inicio\/reunion-entre-el-presidente-de-anam-sebastian-siero-y-los-alcaldes-de-peten\/\"]}]},{\"@type\":\"ImageObject\",\"inLanguage\":\"es\",\"@id\":\"https:\/\/anam.org.gt\/inicio\/reunion-entre-el-presidente-de-anam-sebastian-siero-y-los-alcaldes-de-peten\/#primaryimage\",\"url\":\"https:\/\/anam.org.gt\/inicio\/wp-content\/uploads\/2025\/02\/476609223_1037221355116847_6424544449883761111_n.jpg\",\"contentUrl\":\"https:\/\/anam.org.gt\/inicio\/wp-content\/uploads\/2025\/02\/476609223_1037221355116847_6424544449883761111_n.jpg\",\"width\":1440,\"height\":960},{\"@type\":\"BreadcrumbList\",\"@id\":\"https:\/\/anam.org.gt\/inicio\/reunion-entre-el-presidente-de-anam-sebastian-siero-y-los-alcaldes-de-peten\/#breadcrumb\",\"itemListElement\":[{\"@type\":\"ListItem\",\"position\":1,\"name\":\"Portada\",\"item\":\"https:\/\/anam.org.gt\/inicio\/\"},{\"@type\":\"ListItem\",\"position\":2,\"name\":\"Reuni\u00f3n entre el Presidente de ANAM, Sebasti\u00e1n Siero, y los alcaldes de Pet\u00e9n\"}]},{\"@type\":\"WebSite\",\"@id\":\"https:\/\/anam.org.gt\/inicio\/#website\",\"url\":\"https:\/\/anam.org.gt\/inicio\/\",\"name\":\"ANAM\",\"description\":\"Asociaci\u00f3n Nacional de Municipalidades de la Rep\u00fablica de Guatemala\",\"publisher\":{\"@id\":\"https:\/\/anam.org.gt\/inicio\/#organization\"},\"potentialAction\":[{\"@type\":\"SearchAction\",\"target\":{\"@type\":\"EntryPoint\",\"urlTemplate\":\"https:\/\/anam.org.gt\/inicio\/?s={search_term_string}\"},\"query-input\":{\"@type\":\"PropertyValueSpecification\",\"valueRequired\":true,\"valueName\":\"search_term_string\"}}],\"inLanguage\":\"es\"},{\"@type\":\"Organization\",\"@id\":\"https:\/\/anam.org.gt\/inicio\/#organization\",\"name\":\"Asociaci\u00f3n Nacional de Municipalidades de la Rep\u00fablica de Guatemala\",\"url\":\"https:\/\/anam.org.gt\/inicio\/\",\"logo\":{\"@type\":\"ImageObject\",\"inLanguage\":\"es\",\"@id\":\"https:\/\/anam.org.gt\/inicio\/#\/schema\/logo\/image\/\",\"url\":\"https:\/\/anam.org.gt\/inicio\/wp-content\/uploads\/2026\/02\/logo-anam-central-1.png\",\"contentUrl\":\"https:\/\/anam.org.gt\/inicio\/wp-content\/uploads\/2026\/02\/logo-anam-central-1.png\",\"width\":600,\"height\":280,\"caption\":\"Asociaci\u00f3n Nacional de Municipalidades de la Rep\u00fablica de Guatemala\"},\"image\":{\"@id\":\"https:\/\/anam.org.gt\/inicio\/#\/schema\/logo\/image\/\"},\"sameAs\":[\"https:\/\/www.facebook.com\/ANAMGuatemala.org.gt\",\"https:\/\/x.com\/ANAM_Guatemala\",\"https:\/\/www.instagram.com\/anam_guatemala\/?hl=es\"]},{\"@type\":\"Person\",\"@id\":\"https:\/\/anam.org.gt\/inicio\/#\/schema\/person\/414b1b5634500f1c6a9b3a2fd14b09ae\",\"name\":\"Redacci\u00f3n ANAM\",\"image\":{\"@type\":\"ImageObject\",\"inLanguage\":\"es\",\"@id\":\"https:\/\/anam.org.gt\/inicio\/#\/schema\/person\/image\/\",\"url\":\"https:\/\/secure.gravatar.com\/avatar\/0932cae5df2e01a8bfd567ed2bbb9506a207e748a2fc5b69edc148b2ea83c2cc?s=96&d=mm&r=g\",\"contentUrl\":\"https:\/\/secure.gravatar.com\/avatar\/0932cae5df2e01a8bfd567ed2bbb9506a207e748a2fc5b69edc148b2ea83c2cc?s=96&d=mm&r=g\",\"caption\":\"Redacci\u00f3n ANAM\"},\"url\":\"https:\/\/anam.org.gt\/inicio\/author\/redaccion\/\"}]}<\/script>\n<!-- \/ Yoast SEO plugin. -->","yoast_head_json":{"title":"Reuni\u00f3n entre el Presidente de ANAM, Sebasti\u00e1n Siero, y los alcaldes de Pet\u00e9n - ANAM","robots":{"index":"index","follow":"follow","max-snippet":"max-snippet:-1","max-image-preview":"max-image-preview:large","max-video-preview":"max-video-preview:-1"},"canonical":"https:\/\/anam.org.gt\/inicio\/reunion-entre-el-presidente-de-anam-sebastian-siero-y-los-alcaldes-de-peten\/","og_locale":"es_ES","og_type":"article","og_title":"Reuni\u00f3n entre el Presidente de ANAM, Sebasti\u00e1n Siero, y los alcaldes de Pet\u00e9n - ANAM","og_description":"El Presidente de la Asociaci\u00f3n Nacional de Alcaldes de Guatemala (ANAM), Sebasti\u00e1n Siero, acompa\u00f1ado de su equipo t\u00e9cnico, sostuvo una importante reuni\u00f3n con los alcaldes del departamento de Pet\u00e9n. Este encuentro, que reuni\u00f3 a autoridades locales de la regi\u00f3n, permiti\u00f3 presentar los avances m\u00e1s recientes de la instituci\u00f3n en su misi\u00f3n de fortalecer y mejorar [&hellip;]","og_url":"https:\/\/anam.org.gt\/inicio\/reunion-entre-el-presidente-de-anam-sebastian-siero-y-los-alcaldes-de-peten\/","og_site_name":"ANAM","article_publisher":"https:\/\/www.facebook.com\/ANAMGuatemala.org.gt","article_published_time":"2025-02-06T16:57:00+00:00","article_modified_time":"2025-02-18T17:06:10+00:00","og_image":[{"width":1440,"height":960,"url":"https:\/\/anam.org.gt\/inicio\/wp-content\/uploads\/2025\/02\/476609223_1037221355116847_6424544449883761111_n.jpg","type":"image\/jpeg"}],"author":"Redacci\u00f3n ANAM","twitter_card":"summary_large_image","twitter_creator":"@ANAM_Guatemala","twitter_site":"@ANAM_Guatemala","twitter_misc":{"Escrito por":"Redacci\u00f3n ANAM","Tiempo de lectura":"1 minuto"},"schema":{"@context":"https:\/\/schema.org","@graph":[{"@type":"Article","@id":"https:\/\/anam.org.gt\/inicio\/reunion-entre-el-presidente-de-anam-sebastian-siero-y-los-alcaldes-de-peten\/#article","isPartOf":{"@id":"https:\/\/anam.org.gt\/inicio\/reunion-entre-el-presidente-de-anam-sebastian-siero-y-los-alcaldes-de-peten\/"},"author":{"name":"Redacci\u00f3n ANAM","@id":"https:\/\/anam.org.gt\/inicio\/#\/schema\/person\/414b1b5634500f1c6a9b3a2fd14b09ae"},"headline":"Reuni\u00f3n entre el Presidente de ANAM, Sebasti\u00e1n Siero, y los alcaldes de Pet\u00e9n","datePublished":"2025-02-06T16:57:00+00:00","dateModified":"2025-02-18T17:06:10+00:00","mainEntityOfPage":{"@id":"https:\/\/anam.org.gt\/inicio\/reunion-entre-el-presidente-de-anam-sebastian-siero-y-los-alcaldes-de-peten\/"},"wordCount":277,"commentCount":0,"publisher":{"@id":"https:\/\/anam.org.gt\/inicio\/#organization"},"image":{"@id":"https:\/\/anam.org.gt\/inicio\/reunion-entre-el-presidente-de-anam-sebastian-siero-y-los-alcaldes-de-peten\/#primaryimage"},"thumbnailUrl":"https:\/\/anam.org.gt\/inicio\/wp-content\/uploads\/2025\/02\/476609223_1037221355116847_6424544449883761111_n.jpg","articleSection":["ANAM"],"inLanguage":"es","potentialAction":[{"@type":"CommentAction","name":"Comment","target":["https:\/\/anam.org.gt\/inicio\/reunion-entre-el-presidente-de-anam-sebastian-siero-y-los-alcaldes-de-peten\/#respond"]}]},{"@type":"WebPage","@id":"https:\/\/anam.org.gt\/inicio\/reunion-entre-el-presidente-de-anam-sebastian-siero-y-los-alcaldes-de-peten\/","url":"https:\/\/anam.org.gt\/inicio\/reunion-entre-el-presidente-de-anam-sebastian-siero-y-los-alcaldes-de-peten\/","name":"Reuni\u00f3n entre el Presidente de ANAM, Sebasti\u00e1n Siero, y los alcaldes de Pet\u00e9n - ANAM","isPartOf":{"@id":"https:\/\/anam.org.gt\/inicio\/#website"},"primaryImageOfPage":{"@id":"https:\/\/anam.org.gt\/inicio\/reunion-entre-el-presidente-de-anam-sebastian-siero-y-los-alcaldes-de-peten\/#primaryimage"},"image":{"@id":"https:\/\/anam.org.gt\/inicio\/reunion-entre-el-presidente-de-anam-sebastian-siero-y-los-alcaldes-de-peten\/#primaryimage"},"thumbnailUrl":"https:\/\/anam.org.gt\/inicio\/wp-content\/uploads\/2025\/02\/476609223_1037221355116847_6424544449883761111_n.jpg","datePublished":"2025-02-06T16:57:00+00:00","dateModified":"2025-02-18T17:06:10+00:00","breadcrumb":{"@id":"https:\/\/anam.org.gt\/inicio\/reunion-entre-el-presidente-de-anam-sebastian-siero-y-los-alcaldes-de-peten\/#breadcrumb"},"inLanguage":"es","potentialAction":[{"@type":"ReadAction","target":["https:\/\/anam.org.gt\/inicio\/reunion-entre-el-presidente-de-anam-sebastian-siero-y-los-alcaldes-de-peten\/"]}]},{"@type":"ImageObject","inLanguage":"es","@id":"https:\/\/anam.org.gt\/inicio\/reunion-entre-el-presidente-de-anam-sebastian-siero-y-los-alcaldes-de-peten\/#primaryimage","url":"https:\/\/anam.org.gt\/inicio\/wp-content\/uploads\/2025\/02\/476609223_1037221355116847_6424544449883761111_n.jpg","contentUrl":"https:\/\/anam.org.gt\/inicio\/wp-content\/uploads\/2025\/02\/476609223_1037221355116847_6424544449883761111_n.jpg","width":1440,"height":960},{"@type":"BreadcrumbList","@id":"https:\/\/anam.org.gt\/inicio\/reunion-entre-el-presidente-de-anam-sebastian-siero-y-los-alcaldes-de-peten\/#breadcrumb","itemListElement":[{"@type":"ListItem","position":1,"name":"Portada","item":"https:\/\/anam.org.gt\/inicio\/"},{"@type":"ListItem","position":2,"name":"Reuni\u00f3n entre el Presidente de ANAM, Sebasti\u00e1n Siero, y los alcaldes de Pet\u00e9n"}]},{"@type":"WebSite","@id":"https:\/\/anam.org.gt\/inicio\/#website","url":"https:\/\/anam.org.gt\/inicio\/","name":"ANAM","description":"Asociaci\u00f3n Nacional de Municipalidades de la Rep\u00fablica de Guatemala","publisher":{"@id":"https:\/\/anam.org.gt\/inicio\/#organization"},"potentialAction":[{"@type":"SearchAction","target":{"@type":"EntryPoint","urlTemplate":"https:\/\/anam.org.gt\/inicio\/?s={search_term_string}"},"query-input":{"@type":"PropertyValueSpecification","valueRequired":true,"valueName":"search_term_string"}}],"inLanguage":"es"},{"@type":"Organization","@id":"https:\/\/anam.org.gt\/inicio\/#organization","name":"Asociaci\u00f3n Nacional de Municipalidades de la Rep\u00fablica de Guatemala","url":"https:\/\/anam.org.gt\/inicio\/","logo":{"@type":"ImageObject","inLanguage":"es","@id":"https:\/\/anam.org.gt\/inicio\/#\/schema\/logo\/image\/","url":"https:\/\/anam.org.gt\/inicio\/wp-content\/uploads\/2026\/02\/logo-anam-central-1.png","contentUrl":"https:\/\/anam.org.gt\/inicio\/wp-content\/uploads\/2026\/02\/logo-anam-central-1.png","width":600,"height":280,"caption":"Asociaci\u00f3n Nacional de Municipalidades de la Rep\u00fablica de Guatemala"},"image":{"@id":"https:\/\/anam.org.gt\/inicio\/#\/schema\/logo\/image\/"},"sameAs":["https:\/\/www.facebook.com\/ANAMGuatemala.org.gt","https:\/\/x.com\/ANAM_Guatemala","https:\/\/www.instagram.com\/anam_guatemala\/?hl=es"]},{"@type":"Person","@id":"https:\/\/anam.org.gt\/inicio\/#\/schema\/person\/414b1b5634500f1c6a9b3a2fd14b09ae","name":"Redacci\u00f3n ANAM","image":{"@type":"ImageObject","inLanguage":"es","@id":"https:\/\/anam.org.gt\/inicio\/#\/schema\/person\/image\/","url":"https:\/\/secure.gravatar.com\/avatar\/0932cae5df2e01a8bfd567ed2bbb9506a207e748a2fc5b69edc148b2ea83c2cc?s=96&d=mm&r=g","contentUrl":"https:\/\/secure.gravatar.com\/avatar\/0932cae5df2e01a8bfd567ed2bbb9506a207e748a2fc5b69edc148b2ea83c2cc?s=96&d=mm&r=g","caption":"Redacci\u00f3n ANAM"},"url":"https:\/\/anam.org.gt\/inicio\/author\/redaccion\/"}]}},"_links":{"self":[{"href":"https:\/\/anam.org.gt\/inicio\/wp-json\/wp\/v2\/posts\/3244","targetHints":{"allow":["GET"]}}],"collection":[{"href":"https:\/\/anam.org.gt\/inicio\/wp-json\/wp\/v2\/posts"}],"about":[{"href":"https:\/\/anam.org.gt\/inicio\/wp-json\/wp\/v2\/types\/post"}],"author":[{"embeddable":true,"href":"https:\/\/anam.org.gt\/inicio\/wp-json\/wp\/v2\/users\/7"}],"replies":[{"embeddable":true,"href":"https:\/\/anam.org.gt\/inicio\/wp-json\/wp\/v2\/comments?post=3244"}],"version-history":[{"count":1,"href":"https:\/\/anam.org.gt\/inicio\/wp-json\/wp\/v2\/posts\/3244\/revisions"}],"predecessor-version":[{"id":3246,"href":"https:\/\/anam.org.gt\/inicio\/wp-json\/wp\/v2\/posts\/3244\/revisions\/3246"}],"wp:featuredmedia":[{"embeddable":true,"href":"https:\/\/anam.org.gt\/inicio\/wp-json\/wp\/v2\/media\/3245"}],"wp:attachment":[{"href":"https:\/\/anam.org.gt\/inicio\/wp-json\/wp\/v2\/media?parent=3244"}],"wp:term":[{"taxonomy":"category","embeddable":true,"href":"https:\/\/anam.org.gt\/inicio\/wp-json\/wp\/v2\/categories?post=3244"},{"taxonomy":"post_tag","embeddable":true,"href":"https:\/\/anam.org.gt\/inicio\/wp-json\/wp\/v2\/tags?post=3244"}],"curies":[{"name":"wp","href":"https:\/\/api.w.org\/{rel}","templated":true}]}}