{"id":3247,"date":"2025-02-07T17:06:00","date_gmt":"2025-02-07T17:06:00","guid":{"rendered":"https:\/\/anam.org.gt\/inicio\/?p=3247"},"modified":"2025-02-18T17:19:26","modified_gmt":"2025-02-18T17:19:26","slug":"visita-izabal","status":"publish","type":"post","link":"https:\/\/anam.org.gt\/inicio\/visita-izabal\/","title":{"rendered":"El Presidente de ANAM, Sebasti\u00e1n Siero, se Re\u00fane con Alcaldes de Izabal para Reafirmar su Compromiso con la Autonom\u00eda y el Desarrollo Municipal"},"content":{"rendered":"<p>El Presidente de la Asociaci\u00f3n Nacional de Alcaldes de Guatemala (ANAM), Sebasti\u00e1n Siero, sostuvo recientemente una reuni\u00f3n con los alcaldes del departamento de Izabal, en un encuentro clave para reafirmar el compromiso de la instituci\u00f3n con la autonom\u00eda municipal y el desarrollo local.<\/p><p>Durante la reuni\u00f3n, el Presidente Siero destac\u00f3 los importantes logros alcanzados bajo su gesti\u00f3n, subrayando los avances en la implementaci\u00f3n de programas y proyectos que han tenido un impacto positivo en los municipios del pa\u00eds. Adem\u00e1s, present\u00f3 las iniciativas en marcha que buscan fortalecer la administraci\u00f3n municipal, mejorando la capacidad de los gobiernos locales para gestionar los recursos y brindar servicios de calidad a los ciudadanos.<\/p><p>Uno de los temas centrales abordados fue la promoci\u00f3n del crecimiento sostenible en los municipios de Izabal, con \u00e9nfasis en proyectos que impulsen el desarrollo econ\u00f3mico y social de la regi\u00f3n, respetando siempre el entorno y fomentando la inclusi\u00f3n.<\/p><p>\u201cEl trabajo conjunto con los alcaldes de Izabal es fundamental para alcanzar una gesti\u00f3n m\u00e1s eficiente, cercana a la gente y sostenible a largo plazo. Nuestro compromiso con la autonom\u00eda municipal sigue firme, y estamos trabajando para que cada municipio pueda gestionar sus recursos y tomar decisiones que respondan a las necesidades de sus poblaciones\u201d, manifest\u00f3 el Presidente Siero.<\/p><p>Este encuentro reafirma la voluntad de ANAM de continuar impulsando el fortalecimiento del gremio municipal, promoviendo pol\u00edticas p\u00fablicas que favorezcan el bienestar de las comunidades de todo el pa\u00eds.<\/p><p><\/p>","protected":false},"excerpt":{"rendered":"<p>El Presidente de la Asociaci\u00f3n Nacional de Alcaldes de Guatemala (ANAM), Sebasti\u00e1n Siero, sostuvo recientemente una reuni\u00f3n con los alcaldes del departamento de Izabal, en un encuentro clave para reafirmar el compromiso de la instituci\u00f3n con la autonom\u00eda municipal y el desarrollo local. Durante la reuni\u00f3n, el Presidente Siero destac\u00f3 los importantes logros alcanzados bajo [&hellip;]<\/p>\n","protected":false},"author":7,"featured_media":3248,"comment_status":"open","ping_status":"open","sticky":false,"template":"","format":"standard","meta":{"footnotes":""},"categories":[1],"tags":[],"class_list":["post-3247","post","type-post","status-publish","format-standard","has-post-thumbnail","hentry","category-anam"],"yoast_head":"<!-- This site is optimized with the Yoast SEO plugin v27.0 - https:\/\/yoast.com\/product\/yoast-seo-wordpress\/ -->\n<title>El Presidente de ANAM, Sebasti\u00e1n Siero, se Re\u00fane con Alcaldes de Izabal para Reafirmar su Compromiso con la Autonom\u00eda y el Desarrollo Municipal - ANAM<\/title>\n<meta name=\"robots\" content=\"index, follow, max-snippet:-1, max-image-preview:large, max-video-preview:-1\" \/>\n<link rel=\"canonical\" href=\"https:\/\/anam.org.gt\/inicio\/visita-izabal\/\" \/>\n<meta property=\"og:locale\" content=\"es_ES\" \/>\n<meta property=\"og:type\" content=\"article\" \/>\n<meta property=\"og:title\" content=\"El Presidente de ANAM, Sebasti\u00e1n Siero, se Re\u00fane con Alcaldes de Izabal para Reafirmar su Compromiso con la Autonom\u00eda y el Desarrollo Municipal - ANAM\" \/>\n<meta property=\"og:description\" content=\"El Presidente de la Asociaci\u00f3n Nacional de Alcaldes de Guatemala (ANAM), Sebasti\u00e1n Siero, sostuvo recientemente una reuni\u00f3n con los alcaldes del departamento de Izabal, en un encuentro clave para reafirmar el compromiso de la instituci\u00f3n con la autonom\u00eda municipal y el desarrollo local. Durante la reuni\u00f3n, el Presidente Siero destac\u00f3 los importantes logros alcanzados bajo [&hellip;]\" \/>\n<meta property=\"og:url\" content=\"https:\/\/anam.org.gt\/inicio\/visita-izabal\/\" \/>\n<meta property=\"og:site_name\" content=\"ANAM\" \/>\n<meta property=\"article:publisher\" content=\"https:\/\/www.facebook.com\/ANAMGuatemala.org.gt\" \/>\n<meta property=\"article:published_time\" content=\"2025-02-07T17:06:00+00:00\" \/>\n<meta property=\"article:modified_time\" content=\"2025-02-18T17:19:26+00:00\" \/>\n<meta property=\"og:image\" content=\"https:\/\/anam.org.gt\/inicio\/wp-content\/uploads\/2025\/02\/476323749_1037797878392528_1143955605060749968_n.jpg\" \/>\n\t<meta property=\"og:image:width\" content=\"1440\" \/>\n\t<meta property=\"og:image:height\" content=\"960\" \/>\n\t<meta property=\"og:image:type\" content=\"image\/jpeg\" \/>\n<meta name=\"author\" content=\"Redacci\u00f3n ANAM\" \/>\n<meta name=\"twitter:card\" content=\"summary_large_image\" \/>\n<meta name=\"twitter:creator\" content=\"@ANAM_Guatemala\" \/>\n<meta name=\"twitter:site\" content=\"@ANAM_Guatemala\" \/>\n<meta name=\"twitter:label1\" content=\"Escrito por\" \/>\n\t<meta name=\"twitter:data1\" content=\"Redacci\u00f3n ANAM\" \/>\n\t<meta name=\"twitter:label2\" content=\"Tiempo de lectura\" \/>\n\t<meta name=\"twitter:data2\" content=\"1 minuto\" \/>\n<script type=\"application\/ld+json\" class=\"yoast-schema-graph\">{\"@context\":\"https:\/\/schema.org\",\"@graph\":[{\"@type\":\"Article\",\"@id\":\"https:\/\/anam.org.gt\/inicio\/visita-izabal\/#article\",\"isPartOf\":{\"@id\":\"https:\/\/anam.org.gt\/inicio\/visita-izabal\/\"},\"author\":{\"name\":\"Redacci\u00f3n ANAM\",\"@id\":\"https:\/\/anam.org.gt\/inicio\/#\/schema\/person\/414b1b5634500f1c6a9b3a2fd14b09ae\"},\"headline\":\"El Presidente de ANAM, Sebasti\u00e1n Siero, se Re\u00fane con Alcaldes de Izabal para Reafirmar su Compromiso con la Autonom\u00eda y el Desarrollo Municipal\",\"datePublished\":\"2025-02-07T17:06:00+00:00\",\"dateModified\":\"2025-02-18T17:19:26+00:00\",\"mainEntityOfPage\":{\"@id\":\"https:\/\/anam.org.gt\/inicio\/visita-izabal\/\"},\"wordCount\":283,\"commentCount\":0,\"publisher\":{\"@id\":\"https:\/\/anam.org.gt\/inicio\/#organization\"},\"image\":{\"@id\":\"https:\/\/anam.org.gt\/inicio\/visita-izabal\/#primaryimage\"},\"thumbnailUrl\":\"https:\/\/anam.org.gt\/inicio\/wp-content\/uploads\/2025\/02\/476323749_1037797878392528_1143955605060749968_n.jpg\",\"articleSection\":[\"ANAM\"],\"inLanguage\":\"es\",\"potentialAction\":[{\"@type\":\"CommentAction\",\"name\":\"Comment\",\"target\":[\"https:\/\/anam.org.gt\/inicio\/visita-izabal\/#respond\"]}]},{\"@type\":\"WebPage\",\"@id\":\"https:\/\/anam.org.gt\/inicio\/visita-izabal\/\",\"url\":\"https:\/\/anam.org.gt\/inicio\/visita-izabal\/\",\"name\":\"El Presidente de ANAM, Sebasti\u00e1n Siero, se Re\u00fane con Alcaldes de Izabal para Reafirmar su Compromiso con la Autonom\u00eda y el Desarrollo Municipal - ANAM\",\"isPartOf\":{\"@id\":\"https:\/\/anam.org.gt\/inicio\/#website\"},\"primaryImageOfPage\":{\"@id\":\"https:\/\/anam.org.gt\/inicio\/visita-izabal\/#primaryimage\"},\"image\":{\"@id\":\"https:\/\/anam.org.gt\/inicio\/visita-izabal\/#primaryimage\"},\"thumbnailUrl\":\"https:\/\/anam.org.gt\/inicio\/wp-content\/uploads\/2025\/02\/476323749_1037797878392528_1143955605060749968_n.jpg\",\"datePublished\":\"2025-02-07T17:06:00+00:00\",\"dateModified\":\"2025-02-18T17:19:26+00:00\",\"breadcrumb\":{\"@id\":\"https:\/\/anam.org.gt\/inicio\/visita-izabal\/#breadcrumb\"},\"inLanguage\":\"es\",\"potentialAction\":[{\"@type\":\"ReadAction\",\"target\":[\"https:\/\/anam.org.gt\/inicio\/visita-izabal\/\"]}]},{\"@type\":\"ImageObject\",\"inLanguage\":\"es\",\"@id\":\"https:\/\/anam.org.gt\/inicio\/visita-izabal\/#primaryimage\",\"url\":\"https:\/\/anam.org.gt\/inicio\/wp-content\/uploads\/2025\/02\/476323749_1037797878392528_1143955605060749968_n.jpg\",\"contentUrl\":\"https:\/\/anam.org.gt\/inicio\/wp-content\/uploads\/2025\/02\/476323749_1037797878392528_1143955605060749968_n.jpg\",\"width\":1440,\"height\":960},{\"@type\":\"BreadcrumbList\",\"@id\":\"https:\/\/anam.org.gt\/inicio\/visita-izabal\/#breadcrumb\",\"itemListElement\":[{\"@type\":\"ListItem\",\"position\":1,\"name\":\"Portada\",\"item\":\"https:\/\/anam.org.gt\/inicio\/\"},{\"@type\":\"ListItem\",\"position\":2,\"name\":\"El Presidente de ANAM, Sebasti\u00e1n Siero, se Re\u00fane con Alcaldes de Izabal para Reafirmar su Compromiso con la Autonom\u00eda y el Desarrollo Municipal\"}]},{\"@type\":\"WebSite\",\"@id\":\"https:\/\/anam.org.gt\/inicio\/#website\",\"url\":\"https:\/\/anam.org.gt\/inicio\/\",\"name\":\"ANAM\",\"description\":\"Asociaci\u00f3n Nacional de Municipalidades de la Rep\u00fablica de Guatemala\",\"publisher\":{\"@id\":\"https:\/\/anam.org.gt\/inicio\/#organization\"},\"potentialAction\":[{\"@type\":\"SearchAction\",\"target\":{\"@type\":\"EntryPoint\",\"urlTemplate\":\"https:\/\/anam.org.gt\/inicio\/?s={search_term_string}\"},\"query-input\":{\"@type\":\"PropertyValueSpecification\",\"valueRequired\":true,\"valueName\":\"search_term_string\"}}],\"inLanguage\":\"es\"},{\"@type\":\"Organization\",\"@id\":\"https:\/\/anam.org.gt\/inicio\/#organization\",\"name\":\"Asociaci\u00f3n Nacional de Municipalidades de la Rep\u00fablica de Guatemala\",\"url\":\"https:\/\/anam.org.gt\/inicio\/\",\"logo\":{\"@type\":\"ImageObject\",\"inLanguage\":\"es\",\"@id\":\"https:\/\/anam.org.gt\/inicio\/#\/schema\/logo\/image\/\",\"url\":\"https:\/\/anam.org.gt\/inicio\/wp-content\/uploads\/2026\/02\/logo-anam-central-1.png\",\"contentUrl\":\"https:\/\/anam.org.gt\/inicio\/wp-content\/uploads\/2026\/02\/logo-anam-central-1.png\",\"width\":600,\"height\":280,\"caption\":\"Asociaci\u00f3n Nacional de Municipalidades de la Rep\u00fablica de Guatemala\"},\"image\":{\"@id\":\"https:\/\/anam.org.gt\/inicio\/#\/schema\/logo\/image\/\"},\"sameAs\":[\"https:\/\/www.facebook.com\/ANAMGuatemala.org.gt\",\"https:\/\/x.com\/ANAM_Guatemala\",\"https:\/\/www.instagram.com\/anam_guatemala\/?hl=es\"]},{\"@type\":\"Person\",\"@id\":\"https:\/\/anam.org.gt\/inicio\/#\/schema\/person\/414b1b5634500f1c6a9b3a2fd14b09ae\",\"name\":\"Redacci\u00f3n ANAM\",\"image\":{\"@type\":\"ImageObject\",\"inLanguage\":\"es\",\"@id\":\"https:\/\/anam.org.gt\/inicio\/#\/schema\/person\/image\/\",\"url\":\"https:\/\/secure.gravatar.com\/avatar\/0932cae5df2e01a8bfd567ed2bbb9506a207e748a2fc5b69edc148b2ea83c2cc?s=96&d=mm&r=g\",\"contentUrl\":\"https:\/\/secure.gravatar.com\/avatar\/0932cae5df2e01a8bfd567ed2bbb9506a207e748a2fc5b69edc148b2ea83c2cc?s=96&d=mm&r=g\",\"caption\":\"Redacci\u00f3n ANAM\"},\"url\":\"https:\/\/anam.org.gt\/inicio\/author\/redaccion\/\"}]}<\/script>\n<!-- \/ Yoast SEO plugin. -->","yoast_head_json":{"title":"El Presidente de ANAM, Sebasti\u00e1n Siero, se Re\u00fane con Alcaldes de Izabal para Reafirmar su Compromiso con la Autonom\u00eda y el Desarrollo Municipal - ANAM","robots":{"index":"index","follow":"follow","max-snippet":"max-snippet:-1","max-image-preview":"max-image-preview:large","max-video-preview":"max-video-preview:-1"},"canonical":"https:\/\/anam.org.gt\/inicio\/visita-izabal\/","og_locale":"es_ES","og_type":"article","og_title":"El Presidente de ANAM, Sebasti\u00e1n Siero, se Re\u00fane con Alcaldes de Izabal para Reafirmar su Compromiso con la Autonom\u00eda y el Desarrollo Municipal - ANAM","og_description":"El Presidente de la Asociaci\u00f3n Nacional de Alcaldes de Guatemala (ANAM), Sebasti\u00e1n Siero, sostuvo recientemente una reuni\u00f3n con los alcaldes del departamento de Izabal, en un encuentro clave para reafirmar el compromiso de la instituci\u00f3n con la autonom\u00eda municipal y el desarrollo local. Durante la reuni\u00f3n, el Presidente Siero destac\u00f3 los importantes logros alcanzados bajo [&hellip;]","og_url":"https:\/\/anam.org.gt\/inicio\/visita-izabal\/","og_site_name":"ANAM","article_publisher":"https:\/\/www.facebook.com\/ANAMGuatemala.org.gt","article_published_time":"2025-02-07T17:06:00+00:00","article_modified_time":"2025-02-18T17:19:26+00:00","og_image":[{"width":1440,"height":960,"url":"https:\/\/anam.org.gt\/inicio\/wp-content\/uploads\/2025\/02\/476323749_1037797878392528_1143955605060749968_n.jpg","type":"image\/jpeg"}],"author":"Redacci\u00f3n ANAM","twitter_card":"summary_large_image","twitter_creator":"@ANAM_Guatemala","twitter_site":"@ANAM_Guatemala","twitter_misc":{"Escrito por":"Redacci\u00f3n ANAM","Tiempo de lectura":"1 minuto"},"schema":{"@context":"https:\/\/schema.org","@graph":[{"@type":"Article","@id":"https:\/\/anam.org.gt\/inicio\/visita-izabal\/#article","isPartOf":{"@id":"https:\/\/anam.org.gt\/inicio\/visita-izabal\/"},"author":{"name":"Redacci\u00f3n ANAM","@id":"https:\/\/anam.org.gt\/inicio\/#\/schema\/person\/414b1b5634500f1c6a9b3a2fd14b09ae"},"headline":"El Presidente de ANAM, Sebasti\u00e1n Siero, se Re\u00fane con Alcaldes de Izabal para Reafirmar su Compromiso con la Autonom\u00eda y el Desarrollo Municipal","datePublished":"2025-02-07T17:06:00+00:00","dateModified":"2025-02-18T17:19:26+00:00","mainEntityOfPage":{"@id":"https:\/\/anam.org.gt\/inicio\/visita-izabal\/"},"wordCount":283,"commentCount":0,"publisher":{"@id":"https:\/\/anam.org.gt\/inicio\/#organization"},"image":{"@id":"https:\/\/anam.org.gt\/inicio\/visita-izabal\/#primaryimage"},"thumbnailUrl":"https:\/\/anam.org.gt\/inicio\/wp-content\/uploads\/2025\/02\/476323749_1037797878392528_1143955605060749968_n.jpg","articleSection":["ANAM"],"inLanguage":"es","potentialAction":[{"@type":"CommentAction","name":"Comment","target":["https:\/\/anam.org.gt\/inicio\/visita-izabal\/#respond"]}]},{"@type":"WebPage","@id":"https:\/\/anam.org.gt\/inicio\/visita-izabal\/","url":"https:\/\/anam.org.gt\/inicio\/visita-izabal\/","name":"El Presidente de ANAM, Sebasti\u00e1n Siero, se Re\u00fane con Alcaldes de Izabal para Reafirmar su Compromiso con la Autonom\u00eda y el Desarrollo Municipal - ANAM","isPartOf":{"@id":"https:\/\/anam.org.gt\/inicio\/#website"},"primaryImageOfPage":{"@id":"https:\/\/anam.org.gt\/inicio\/visita-izabal\/#primaryimage"},"image":{"@id":"https:\/\/anam.org.gt\/inicio\/visita-izabal\/#primaryimage"},"thumbnailUrl":"https:\/\/anam.org.gt\/inicio\/wp-content\/uploads\/2025\/02\/476323749_1037797878392528_1143955605060749968_n.jpg","datePublished":"2025-02-07T17:06:00+00:00","dateModified":"2025-02-18T17:19:26+00:00","breadcrumb":{"@id":"https:\/\/anam.org.gt\/inicio\/visita-izabal\/#breadcrumb"},"inLanguage":"es","potentialAction":[{"@type":"ReadAction","target":["https:\/\/anam.org.gt\/inicio\/visita-izabal\/"]}]},{"@type":"ImageObject","inLanguage":"es","@id":"https:\/\/anam.org.gt\/inicio\/visita-izabal\/#primaryimage","url":"https:\/\/anam.org.gt\/inicio\/wp-content\/uploads\/2025\/02\/476323749_1037797878392528_1143955605060749968_n.jpg","contentUrl":"https:\/\/anam.org.gt\/inicio\/wp-content\/uploads\/2025\/02\/476323749_1037797878392528_1143955605060749968_n.jpg","width":1440,"height":960},{"@type":"BreadcrumbList","@id":"https:\/\/anam.org.gt\/inicio\/visita-izabal\/#breadcrumb","itemListElement":[{"@type":"ListItem","position":1,"name":"Portada","item":"https:\/\/anam.org.gt\/inicio\/"},{"@type":"ListItem","position":2,"name":"El Presidente de ANAM, Sebasti\u00e1n Siero, se Re\u00fane con Alcaldes de Izabal para Reafirmar su Compromiso con la Autonom\u00eda y el Desarrollo Municipal"}]},{"@type":"WebSite","@id":"https:\/\/anam.org.gt\/inicio\/#website","url":"https:\/\/anam.org.gt\/inicio\/","name":"ANAM","description":"Asociaci\u00f3n Nacional de Municipalidades de la Rep\u00fablica de Guatemala","publisher":{"@id":"https:\/\/anam.org.gt\/inicio\/#organization"},"potentialAction":[{"@type":"SearchAction","target":{"@type":"EntryPoint","urlTemplate":"https:\/\/anam.org.gt\/inicio\/?s={search_term_string}"},"query-input":{"@type":"PropertyValueSpecification","valueRequired":true,"valueName":"search_term_string"}}],"inLanguage":"es"},{"@type":"Organization","@id":"https:\/\/anam.org.gt\/inicio\/#organization","name":"Asociaci\u00f3n Nacional de Municipalidades de la Rep\u00fablica de Guatemala","url":"https:\/\/anam.org.gt\/inicio\/","logo":{"@type":"ImageObject","inLanguage":"es","@id":"https:\/\/anam.org.gt\/inicio\/#\/schema\/logo\/image\/","url":"https:\/\/anam.org.gt\/inicio\/wp-content\/uploads\/2026\/02\/logo-anam-central-1.png","contentUrl":"https:\/\/anam.org.gt\/inicio\/wp-content\/uploads\/2026\/02\/logo-anam-central-1.png","width":600,"height":280,"caption":"Asociaci\u00f3n Nacional de Municipalidades de la Rep\u00fablica de Guatemala"},"image":{"@id":"https:\/\/anam.org.gt\/inicio\/#\/schema\/logo\/image\/"},"sameAs":["https:\/\/www.facebook.com\/ANAMGuatemala.org.gt","https:\/\/x.com\/ANAM_Guatemala","https:\/\/www.instagram.com\/anam_guatemala\/?hl=es"]},{"@type":"Person","@id":"https:\/\/anam.org.gt\/inicio\/#\/schema\/person\/414b1b5634500f1c6a9b3a2fd14b09ae","name":"Redacci\u00f3n ANAM","image":{"@type":"ImageObject","inLanguage":"es","@id":"https:\/\/anam.org.gt\/inicio\/#\/schema\/person\/image\/","url":"https:\/\/secure.gravatar.com\/avatar\/0932cae5df2e01a8bfd567ed2bbb9506a207e748a2fc5b69edc148b2ea83c2cc?s=96&d=mm&r=g","contentUrl":"https:\/\/secure.gravatar.com\/avatar\/0932cae5df2e01a8bfd567ed2bbb9506a207e748a2fc5b69edc148b2ea83c2cc?s=96&d=mm&r=g","caption":"Redacci\u00f3n ANAM"},"url":"https:\/\/anam.org.gt\/inicio\/author\/redaccion\/"}]}},"_links":{"self":[{"href":"https:\/\/anam.org.gt\/inicio\/wp-json\/wp\/v2\/posts\/3247","targetHints":{"allow":["GET"]}}],"collection":[{"href":"https:\/\/anam.org.gt\/inicio\/wp-json\/wp\/v2\/posts"}],"about":[{"href":"https:\/\/anam.org.gt\/inicio\/wp-json\/wp\/v2\/types\/post"}],"author":[{"embeddable":true,"href":"https:\/\/anam.org.gt\/inicio\/wp-json\/wp\/v2\/users\/7"}],"replies":[{"embeddable":true,"href":"https:\/\/anam.org.gt\/inicio\/wp-json\/wp\/v2\/comments?post=3247"}],"version-history":[{"count":1,"href":"https:\/\/anam.org.gt\/inicio\/wp-json\/wp\/v2\/posts\/3247\/revisions"}],"predecessor-version":[{"id":3249,"href":"https:\/\/anam.org.gt\/inicio\/wp-json\/wp\/v2\/posts\/3247\/revisions\/3249"}],"wp:featuredmedia":[{"embeddable":true,"href":"https:\/\/anam.org.gt\/inicio\/wp-json\/wp\/v2\/media\/3248"}],"wp:attachment":[{"href":"https:\/\/anam.org.gt\/inicio\/wp-json\/wp\/v2\/media?parent=3247"}],"wp:term":[{"taxonomy":"category","embeddable":true,"href":"https:\/\/anam.org.gt\/inicio\/wp-json\/wp\/v2\/categories?post=3247"},{"taxonomy":"post_tag","embeddable":true,"href":"https:\/\/anam.org.gt\/inicio\/wp-json\/wp\/v2\/tags?post=3247"}],"curies":[{"name":"wp","href":"https:\/\/api.w.org\/{rel}","templated":true}]}}