{"id":3250,"date":"2025-02-08T15:19:00","date_gmt":"2025-02-08T15:19:00","guid":{"rendered":"https:\/\/anam.org.gt\/inicio\/?p=3250"},"modified":"2025-02-18T17:27:59","modified_gmt":"2025-02-18T17:27:59","slug":"visita-zacapa","status":"publish","type":"post","link":"https:\/\/anam.org.gt\/inicio\/visita-zacapa\/","title":{"rendered":"Sebasti\u00e1n Siero, Presidente de ANAM, Presenta Avances y Logros del Primer A\u00f1o de Gesti\u00f3n a Alcaldes de Zacapa"},"content":{"rendered":"<p>El Presidente de la Asociaci\u00f3n Nacional de Alcaldes de Guatemala (ANAM), Sebasti\u00e1n Siero, sostuvo recientemente una reuni\u00f3n con los alcaldes del departamento de Zacapa, en la que present\u00f3 los principales avances y logros alcanzados durante su primer a\u00f1o al frente de la instituci\u00f3n. Este encuentro permiti\u00f3 destacar los resultados obtenidos a trav\u00e9s de diversas iniciativas y proyectos que buscan fortalecer la gesti\u00f3n municipal y mejorar las condiciones de vida de los ciudadanos.<\/p><p>Durante la reuni\u00f3n, el Presidente Siero comparti\u00f3 con los alcaldes de Zacapa los detalles de las acciones emprendidas por ANAM, las cuales han sido fundamentales para mejorar la eficiencia administrativa y optimizar los servicios p\u00fablicos en los municipios de todo el pa\u00eds. Tambi\u00e9n se discutieron las iniciativas en curso para continuar fortaleciendo el liderazgo municipal y promoviendo un desarrollo sostenible en cada comunidad.<\/p><p>Un aspecto destacado del encuentro fue la intervenci\u00f3n del Ministerio P\u00fablico de Guatemala, que present\u00f3 a los alcaldes estrategias preventivas para combatir el delito, brindando herramientas y asesor\u00eda t\u00e9cnica para que los gobiernos locales puedan implementar acciones concretas para proteger a sus comunidades de este delito.<\/p><p>\u201cEl trabajo conjunto con los alcaldes de Zacapa ha sido clave para continuar con el proceso de fortalecimiento de la gesti\u00f3n municipal. Estamos comprometidos en seguir apoyando el desarrollo de las comunidades y proporcionando a los municipios los recursos necesarios para enfrentar los desaf\u00edos que se presentan\u201d, expres\u00f3 Sebasti\u00e1n Siero.<\/p><p>Este encuentro resalta el compromiso de ANAM con la mejora continua de la gesti\u00f3n local y la seguridad en las comunidades, impulsando la cooperaci\u00f3n entre las autoridades locales, el Ministerio P\u00fablico y otras instituciones clave.<\/p>","protected":false},"excerpt":{"rendered":"<p>El Presidente de la Asociaci\u00f3n Nacional de Alcaldes de Guatemala (ANAM), Sebasti\u00e1n Siero, sostuvo recientemente una reuni\u00f3n con los alcaldes del departamento de Zacapa, en la que present\u00f3 los principales avances y logros alcanzados durante su primer a\u00f1o al frente de la instituci\u00f3n. Este encuentro permiti\u00f3 destacar los resultados obtenidos a trav\u00e9s de diversas iniciativas [&hellip;]<\/p>\n","protected":false},"author":7,"featured_media":3251,"comment_status":"open","ping_status":"open","sticky":false,"template":"","format":"standard","meta":{"footnotes":""},"categories":[1],"tags":[],"class_list":["post-3250","post","type-post","status-publish","format-standard","has-post-thumbnail","hentry","category-anam"],"yoast_head":"<!-- This site is optimized with the Yoast SEO plugin v27.0 - https:\/\/yoast.com\/product\/yoast-seo-wordpress\/ -->\n<title>Sebasti\u00e1n Siero, Presidente de ANAM, Presenta Avances y Logros del Primer A\u00f1o de Gesti\u00f3n a Alcaldes de Zacapa - ANAM<\/title>\n<meta name=\"robots\" content=\"index, follow, max-snippet:-1, max-image-preview:large, max-video-preview:-1\" \/>\n<link rel=\"canonical\" href=\"https:\/\/anam.org.gt\/inicio\/visita-zacapa\/\" \/>\n<meta property=\"og:locale\" content=\"es_ES\" \/>\n<meta property=\"og:type\" content=\"article\" \/>\n<meta property=\"og:title\" content=\"Sebasti\u00e1n Siero, Presidente de ANAM, Presenta Avances y Logros del Primer A\u00f1o de Gesti\u00f3n a Alcaldes de Zacapa - ANAM\" \/>\n<meta property=\"og:description\" content=\"El Presidente de la Asociaci\u00f3n Nacional de Alcaldes de Guatemala (ANAM), Sebasti\u00e1n Siero, sostuvo recientemente una reuni\u00f3n con los alcaldes del departamento de Zacapa, en la que present\u00f3 los principales avances y logros alcanzados durante su primer a\u00f1o al frente de la instituci\u00f3n. Este encuentro permiti\u00f3 destacar los resultados obtenidos a trav\u00e9s de diversas iniciativas [&hellip;]\" \/>\n<meta property=\"og:url\" content=\"https:\/\/anam.org.gt\/inicio\/visita-zacapa\/\" \/>\n<meta property=\"og:site_name\" content=\"ANAM\" \/>\n<meta property=\"article:publisher\" content=\"https:\/\/www.facebook.com\/ANAMGuatemala.org.gt\" \/>\n<meta property=\"article:published_time\" content=\"2025-02-08T15:19:00+00:00\" \/>\n<meta property=\"article:modified_time\" content=\"2025-02-18T17:27:59+00:00\" \/>\n<meta property=\"og:image\" content=\"https:\/\/anam.org.gt\/inicio\/wp-content\/uploads\/2025\/02\/476378743_1038476701657979_2658626484014061046_n.jpg\" \/>\n\t<meta property=\"og:image:width\" content=\"1440\" \/>\n\t<meta property=\"og:image:height\" content=\"960\" \/>\n\t<meta property=\"og:image:type\" content=\"image\/jpeg\" \/>\n<meta name=\"author\" content=\"Redacci\u00f3n ANAM\" \/>\n<meta name=\"twitter:card\" content=\"summary_large_image\" \/>\n<meta name=\"twitter:creator\" content=\"@ANAM_Guatemala\" \/>\n<meta name=\"twitter:site\" content=\"@ANAM_Guatemala\" \/>\n<meta name=\"twitter:label1\" content=\"Escrito por\" \/>\n\t<meta name=\"twitter:data1\" content=\"Redacci\u00f3n ANAM\" \/>\n\t<meta name=\"twitter:label2\" content=\"Tiempo de lectura\" \/>\n\t<meta name=\"twitter:data2\" content=\"1 minuto\" \/>\n<script type=\"application\/ld+json\" class=\"yoast-schema-graph\">{\"@context\":\"https:\/\/schema.org\",\"@graph\":[{\"@type\":\"Article\",\"@id\":\"https:\/\/anam.org.gt\/inicio\/visita-zacapa\/#article\",\"isPartOf\":{\"@id\":\"https:\/\/anam.org.gt\/inicio\/visita-zacapa\/\"},\"author\":{\"name\":\"Redacci\u00f3n ANAM\",\"@id\":\"https:\/\/anam.org.gt\/inicio\/#\/schema\/person\/414b1b5634500f1c6a9b3a2fd14b09ae\"},\"headline\":\"Sebasti\u00e1n Siero, Presidente de ANAM, Presenta Avances y Logros del Primer A\u00f1o de Gesti\u00f3n a Alcaldes de Zacapa\",\"datePublished\":\"2025-02-08T15:19:00+00:00\",\"dateModified\":\"2025-02-18T17:27:59+00:00\",\"mainEntityOfPage\":{\"@id\":\"https:\/\/anam.org.gt\/inicio\/visita-zacapa\/\"},\"wordCount\":308,\"commentCount\":0,\"publisher\":{\"@id\":\"https:\/\/anam.org.gt\/inicio\/#organization\"},\"image\":{\"@id\":\"https:\/\/anam.org.gt\/inicio\/visita-zacapa\/#primaryimage\"},\"thumbnailUrl\":\"https:\/\/anam.org.gt\/inicio\/wp-content\/uploads\/2025\/02\/476378743_1038476701657979_2658626484014061046_n.jpg\",\"articleSection\":[\"ANAM\"],\"inLanguage\":\"es\",\"potentialAction\":[{\"@type\":\"CommentAction\",\"name\":\"Comment\",\"target\":[\"https:\/\/anam.org.gt\/inicio\/visita-zacapa\/#respond\"]}]},{\"@type\":\"WebPage\",\"@id\":\"https:\/\/anam.org.gt\/inicio\/visita-zacapa\/\",\"url\":\"https:\/\/anam.org.gt\/inicio\/visita-zacapa\/\",\"name\":\"Sebasti\u00e1n Siero, Presidente de ANAM, Presenta Avances y Logros del Primer A\u00f1o de Gesti\u00f3n a Alcaldes de Zacapa - ANAM\",\"isPartOf\":{\"@id\":\"https:\/\/anam.org.gt\/inicio\/#website\"},\"primaryImageOfPage\":{\"@id\":\"https:\/\/anam.org.gt\/inicio\/visita-zacapa\/#primaryimage\"},\"image\":{\"@id\":\"https:\/\/anam.org.gt\/inicio\/visita-zacapa\/#primaryimage\"},\"thumbnailUrl\":\"https:\/\/anam.org.gt\/inicio\/wp-content\/uploads\/2025\/02\/476378743_1038476701657979_2658626484014061046_n.jpg\",\"datePublished\":\"2025-02-08T15:19:00+00:00\",\"dateModified\":\"2025-02-18T17:27:59+00:00\",\"breadcrumb\":{\"@id\":\"https:\/\/anam.org.gt\/inicio\/visita-zacapa\/#breadcrumb\"},\"inLanguage\":\"es\",\"potentialAction\":[{\"@type\":\"ReadAction\",\"target\":[\"https:\/\/anam.org.gt\/inicio\/visita-zacapa\/\"]}]},{\"@type\":\"ImageObject\",\"inLanguage\":\"es\",\"@id\":\"https:\/\/anam.org.gt\/inicio\/visita-zacapa\/#primaryimage\",\"url\":\"https:\/\/anam.org.gt\/inicio\/wp-content\/uploads\/2025\/02\/476378743_1038476701657979_2658626484014061046_n.jpg\",\"contentUrl\":\"https:\/\/anam.org.gt\/inicio\/wp-content\/uploads\/2025\/02\/476378743_1038476701657979_2658626484014061046_n.jpg\",\"width\":1440,\"height\":960},{\"@type\":\"BreadcrumbList\",\"@id\":\"https:\/\/anam.org.gt\/inicio\/visita-zacapa\/#breadcrumb\",\"itemListElement\":[{\"@type\":\"ListItem\",\"position\":1,\"name\":\"Portada\",\"item\":\"https:\/\/anam.org.gt\/inicio\/\"},{\"@type\":\"ListItem\",\"position\":2,\"name\":\"Sebasti\u00e1n Siero, Presidente de ANAM, Presenta Avances y Logros del Primer A\u00f1o de Gesti\u00f3n a Alcaldes de Zacapa\"}]},{\"@type\":\"WebSite\",\"@id\":\"https:\/\/anam.org.gt\/inicio\/#website\",\"url\":\"https:\/\/anam.org.gt\/inicio\/\",\"name\":\"ANAM\",\"description\":\"Asociaci\u00f3n Nacional de Municipalidades de la Rep\u00fablica de Guatemala\",\"publisher\":{\"@id\":\"https:\/\/anam.org.gt\/inicio\/#organization\"},\"potentialAction\":[{\"@type\":\"SearchAction\",\"target\":{\"@type\":\"EntryPoint\",\"urlTemplate\":\"https:\/\/anam.org.gt\/inicio\/?s={search_term_string}\"},\"query-input\":{\"@type\":\"PropertyValueSpecification\",\"valueRequired\":true,\"valueName\":\"search_term_string\"}}],\"inLanguage\":\"es\"},{\"@type\":\"Organization\",\"@id\":\"https:\/\/anam.org.gt\/inicio\/#organization\",\"name\":\"Asociaci\u00f3n Nacional de Municipalidades de la Rep\u00fablica de Guatemala\",\"url\":\"https:\/\/anam.org.gt\/inicio\/\",\"logo\":{\"@type\":\"ImageObject\",\"inLanguage\":\"es\",\"@id\":\"https:\/\/anam.org.gt\/inicio\/#\/schema\/logo\/image\/\",\"url\":\"https:\/\/anam.org.gt\/inicio\/wp-content\/uploads\/2026\/02\/logo-anam-central-1.png\",\"contentUrl\":\"https:\/\/anam.org.gt\/inicio\/wp-content\/uploads\/2026\/02\/logo-anam-central-1.png\",\"width\":600,\"height\":280,\"caption\":\"Asociaci\u00f3n Nacional de Municipalidades de la Rep\u00fablica de Guatemala\"},\"image\":{\"@id\":\"https:\/\/anam.org.gt\/inicio\/#\/schema\/logo\/image\/\"},\"sameAs\":[\"https:\/\/www.facebook.com\/ANAMGuatemala.org.gt\",\"https:\/\/x.com\/ANAM_Guatemala\",\"https:\/\/www.instagram.com\/anam_guatemala\/?hl=es\"]},{\"@type\":\"Person\",\"@id\":\"https:\/\/anam.org.gt\/inicio\/#\/schema\/person\/414b1b5634500f1c6a9b3a2fd14b09ae\",\"name\":\"Redacci\u00f3n ANAM\",\"image\":{\"@type\":\"ImageObject\",\"inLanguage\":\"es\",\"@id\":\"https:\/\/anam.org.gt\/inicio\/#\/schema\/person\/image\/\",\"url\":\"https:\/\/secure.gravatar.com\/avatar\/0932cae5df2e01a8bfd567ed2bbb9506a207e748a2fc5b69edc148b2ea83c2cc?s=96&d=mm&r=g\",\"contentUrl\":\"https:\/\/secure.gravatar.com\/avatar\/0932cae5df2e01a8bfd567ed2bbb9506a207e748a2fc5b69edc148b2ea83c2cc?s=96&d=mm&r=g\",\"caption\":\"Redacci\u00f3n ANAM\"},\"url\":\"https:\/\/anam.org.gt\/inicio\/author\/redaccion\/\"}]}<\/script>\n<!-- \/ Yoast SEO plugin. -->","yoast_head_json":{"title":"Sebasti\u00e1n Siero, Presidente de ANAM, Presenta Avances y Logros del Primer A\u00f1o de Gesti\u00f3n a Alcaldes de Zacapa - ANAM","robots":{"index":"index","follow":"follow","max-snippet":"max-snippet:-1","max-image-preview":"max-image-preview:large","max-video-preview":"max-video-preview:-1"},"canonical":"https:\/\/anam.org.gt\/inicio\/visita-zacapa\/","og_locale":"es_ES","og_type":"article","og_title":"Sebasti\u00e1n Siero, Presidente de ANAM, Presenta Avances y Logros del Primer A\u00f1o de Gesti\u00f3n a Alcaldes de Zacapa - ANAM","og_description":"El Presidente de la Asociaci\u00f3n Nacional de Alcaldes de Guatemala (ANAM), Sebasti\u00e1n Siero, sostuvo recientemente una reuni\u00f3n con los alcaldes del departamento de Zacapa, en la que present\u00f3 los principales avances y logros alcanzados durante su primer a\u00f1o al frente de la instituci\u00f3n. Este encuentro permiti\u00f3 destacar los resultados obtenidos a trav\u00e9s de diversas iniciativas [&hellip;]","og_url":"https:\/\/anam.org.gt\/inicio\/visita-zacapa\/","og_site_name":"ANAM","article_publisher":"https:\/\/www.facebook.com\/ANAMGuatemala.org.gt","article_published_time":"2025-02-08T15:19:00+00:00","article_modified_time":"2025-02-18T17:27:59+00:00","og_image":[{"width":1440,"height":960,"url":"https:\/\/anam.org.gt\/inicio\/wp-content\/uploads\/2025\/02\/476378743_1038476701657979_2658626484014061046_n.jpg","type":"image\/jpeg"}],"author":"Redacci\u00f3n ANAM","twitter_card":"summary_large_image","twitter_creator":"@ANAM_Guatemala","twitter_site":"@ANAM_Guatemala","twitter_misc":{"Escrito por":"Redacci\u00f3n ANAM","Tiempo de lectura":"1 minuto"},"schema":{"@context":"https:\/\/schema.org","@graph":[{"@type":"Article","@id":"https:\/\/anam.org.gt\/inicio\/visita-zacapa\/#article","isPartOf":{"@id":"https:\/\/anam.org.gt\/inicio\/visita-zacapa\/"},"author":{"name":"Redacci\u00f3n ANAM","@id":"https:\/\/anam.org.gt\/inicio\/#\/schema\/person\/414b1b5634500f1c6a9b3a2fd14b09ae"},"headline":"Sebasti\u00e1n Siero, Presidente de ANAM, Presenta Avances y Logros del Primer A\u00f1o de Gesti\u00f3n a Alcaldes de Zacapa","datePublished":"2025-02-08T15:19:00+00:00","dateModified":"2025-02-18T17:27:59+00:00","mainEntityOfPage":{"@id":"https:\/\/anam.org.gt\/inicio\/visita-zacapa\/"},"wordCount":308,"commentCount":0,"publisher":{"@id":"https:\/\/anam.org.gt\/inicio\/#organization"},"image":{"@id":"https:\/\/anam.org.gt\/inicio\/visita-zacapa\/#primaryimage"},"thumbnailUrl":"https:\/\/anam.org.gt\/inicio\/wp-content\/uploads\/2025\/02\/476378743_1038476701657979_2658626484014061046_n.jpg","articleSection":["ANAM"],"inLanguage":"es","potentialAction":[{"@type":"CommentAction","name":"Comment","target":["https:\/\/anam.org.gt\/inicio\/visita-zacapa\/#respond"]}]},{"@type":"WebPage","@id":"https:\/\/anam.org.gt\/inicio\/visita-zacapa\/","url":"https:\/\/anam.org.gt\/inicio\/visita-zacapa\/","name":"Sebasti\u00e1n Siero, Presidente de ANAM, Presenta Avances y Logros del Primer A\u00f1o de Gesti\u00f3n a Alcaldes de Zacapa - ANAM","isPartOf":{"@id":"https:\/\/anam.org.gt\/inicio\/#website"},"primaryImageOfPage":{"@id":"https:\/\/anam.org.gt\/inicio\/visita-zacapa\/#primaryimage"},"image":{"@id":"https:\/\/anam.org.gt\/inicio\/visita-zacapa\/#primaryimage"},"thumbnailUrl":"https:\/\/anam.org.gt\/inicio\/wp-content\/uploads\/2025\/02\/476378743_1038476701657979_2658626484014061046_n.jpg","datePublished":"2025-02-08T15:19:00+00:00","dateModified":"2025-02-18T17:27:59+00:00","breadcrumb":{"@id":"https:\/\/anam.org.gt\/inicio\/visita-zacapa\/#breadcrumb"},"inLanguage":"es","potentialAction":[{"@type":"ReadAction","target":["https:\/\/anam.org.gt\/inicio\/visita-zacapa\/"]}]},{"@type":"ImageObject","inLanguage":"es","@id":"https:\/\/anam.org.gt\/inicio\/visita-zacapa\/#primaryimage","url":"https:\/\/anam.org.gt\/inicio\/wp-content\/uploads\/2025\/02\/476378743_1038476701657979_2658626484014061046_n.jpg","contentUrl":"https:\/\/anam.org.gt\/inicio\/wp-content\/uploads\/2025\/02\/476378743_1038476701657979_2658626484014061046_n.jpg","width":1440,"height":960},{"@type":"BreadcrumbList","@id":"https:\/\/anam.org.gt\/inicio\/visita-zacapa\/#breadcrumb","itemListElement":[{"@type":"ListItem","position":1,"name":"Portada","item":"https:\/\/anam.org.gt\/inicio\/"},{"@type":"ListItem","position":2,"name":"Sebasti\u00e1n Siero, Presidente de ANAM, Presenta Avances y Logros del Primer A\u00f1o de Gesti\u00f3n a Alcaldes de Zacapa"}]},{"@type":"WebSite","@id":"https:\/\/anam.org.gt\/inicio\/#website","url":"https:\/\/anam.org.gt\/inicio\/","name":"ANAM","description":"Asociaci\u00f3n Nacional de Municipalidades de la Rep\u00fablica de Guatemala","publisher":{"@id":"https:\/\/anam.org.gt\/inicio\/#organization"},"potentialAction":[{"@type":"SearchAction","target":{"@type":"EntryPoint","urlTemplate":"https:\/\/anam.org.gt\/inicio\/?s={search_term_string}"},"query-input":{"@type":"PropertyValueSpecification","valueRequired":true,"valueName":"search_term_string"}}],"inLanguage":"es"},{"@type":"Organization","@id":"https:\/\/anam.org.gt\/inicio\/#organization","name":"Asociaci\u00f3n Nacional de Municipalidades de la Rep\u00fablica de Guatemala","url":"https:\/\/anam.org.gt\/inicio\/","logo":{"@type":"ImageObject","inLanguage":"es","@id":"https:\/\/anam.org.gt\/inicio\/#\/schema\/logo\/image\/","url":"https:\/\/anam.org.gt\/inicio\/wp-content\/uploads\/2026\/02\/logo-anam-central-1.png","contentUrl":"https:\/\/anam.org.gt\/inicio\/wp-content\/uploads\/2026\/02\/logo-anam-central-1.png","width":600,"height":280,"caption":"Asociaci\u00f3n Nacional de Municipalidades de la Rep\u00fablica de Guatemala"},"image":{"@id":"https:\/\/anam.org.gt\/inicio\/#\/schema\/logo\/image\/"},"sameAs":["https:\/\/www.facebook.com\/ANAMGuatemala.org.gt","https:\/\/x.com\/ANAM_Guatemala","https:\/\/www.instagram.com\/anam_guatemala\/?hl=es"]},{"@type":"Person","@id":"https:\/\/anam.org.gt\/inicio\/#\/schema\/person\/414b1b5634500f1c6a9b3a2fd14b09ae","name":"Redacci\u00f3n ANAM","image":{"@type":"ImageObject","inLanguage":"es","@id":"https:\/\/anam.org.gt\/inicio\/#\/schema\/person\/image\/","url":"https:\/\/secure.gravatar.com\/avatar\/0932cae5df2e01a8bfd567ed2bbb9506a207e748a2fc5b69edc148b2ea83c2cc?s=96&d=mm&r=g","contentUrl":"https:\/\/secure.gravatar.com\/avatar\/0932cae5df2e01a8bfd567ed2bbb9506a207e748a2fc5b69edc148b2ea83c2cc?s=96&d=mm&r=g","caption":"Redacci\u00f3n ANAM"},"url":"https:\/\/anam.org.gt\/inicio\/author\/redaccion\/"}]}},"_links":{"self":[{"href":"https:\/\/anam.org.gt\/inicio\/wp-json\/wp\/v2\/posts\/3250","targetHints":{"allow":["GET"]}}],"collection":[{"href":"https:\/\/anam.org.gt\/inicio\/wp-json\/wp\/v2\/posts"}],"about":[{"href":"https:\/\/anam.org.gt\/inicio\/wp-json\/wp\/v2\/types\/post"}],"author":[{"embeddable":true,"href":"https:\/\/anam.org.gt\/inicio\/wp-json\/wp\/v2\/users\/7"}],"replies":[{"embeddable":true,"href":"https:\/\/anam.org.gt\/inicio\/wp-json\/wp\/v2\/comments?post=3250"}],"version-history":[{"count":1,"href":"https:\/\/anam.org.gt\/inicio\/wp-json\/wp\/v2\/posts\/3250\/revisions"}],"predecessor-version":[{"id":3252,"href":"https:\/\/anam.org.gt\/inicio\/wp-json\/wp\/v2\/posts\/3250\/revisions\/3252"}],"wp:featuredmedia":[{"embeddable":true,"href":"https:\/\/anam.org.gt\/inicio\/wp-json\/wp\/v2\/media\/3251"}],"wp:attachment":[{"href":"https:\/\/anam.org.gt\/inicio\/wp-json\/wp\/v2\/media?parent=3250"}],"wp:term":[{"taxonomy":"category","embeddable":true,"href":"https:\/\/anam.org.gt\/inicio\/wp-json\/wp\/v2\/categories?post=3250"},{"taxonomy":"post_tag","embeddable":true,"href":"https:\/\/anam.org.gt\/inicio\/wp-json\/wp\/v2\/tags?post=3250"}],"curies":[{"name":"wp","href":"https:\/\/api.w.org\/{rel}","templated":true}]}}