{"id":3253,"date":"2025-02-11T17:30:00","date_gmt":"2025-02-11T17:30:00","guid":{"rendered":"https:\/\/anam.org.gt\/inicio\/?p=3253"},"modified":"2025-02-18T17:33:12","modified_gmt":"2025-02-18T17:33:12","slug":"reunion-mineduc-2025","status":"publish","type":"post","link":"https:\/\/anam.org.gt\/inicio\/reunion-mineduc-2025\/","title":{"rendered":"Alcaldes de Momostenango, Ixc\u00e1n y San Rafael Las Flores Solicitan Apoyo a la Ministra de Educaci\u00f3n para Mejorar la Infraestructura y los Recursos Educativos en sus Municipios"},"content":{"rendered":"<p>Los alcaldes de los municipios de Momostenango, Ixc\u00e1n y San Rafael Las Flores acompa\u00f1ados del Director Ejecutivo de la ANAM, Patric Gramajo, sostuvieron una importante reuni\u00f3n con la Ministra de Educaci\u00f3n, Anabella Giracca, en la que presentaron varias solicitudes clave para mejorar la calidad educativa en sus respectivas comunidades.<\/p><p>Durante el encuentro, los alcaldes expresaron la necesidad urgente de contratar maestros municipales para fortalecer la ense\u00f1anza en sus municipios y garantizar que los estudiantes reciban una educaci\u00f3n de calidad. Adem\u00e1s, solicitaron el apoyo en la entrega de pupitres, pizarras y escritorios, elementos esenciales para adecuar los espacios educativos y ofrecer a los estudiantes un entorno adecuado para su aprendizaje.<\/p><p>La Ministra Giracca se mostr\u00f3 receptiva a las solicitudes y se comprometi\u00f3 a brindar apoyo a los municipios en estos aspectos. En particular, anunci\u00f3 que se lanzar\u00e1 una convocatoria para la contrataci\u00f3n de m\u00e1s maestros municipales, quienes ser\u00e1n asignados en diferentes fases, con el objetivo de mejorar y ampliar la cobertura educativa en la regi\u00f3n.<\/p><p>\u00abEstamos comprometidos con el desarrollo de la educaci\u00f3n en todo el pa\u00eds, especialmente en las \u00e1reas rurales. Sabemos que contar con el personal docente adecuado y los recursos necesarios es fundamental para mejorar la calidad educativa y asegurar el futuro de nuestros ni\u00f1os y j\u00f3venes\u00bb, se\u00f1al\u00f3 la ministra Giracca.<\/p><p>Este acuerdo representa un paso importante para garantizar que las comunidades de Momostenango, Ixc\u00e1n y San Rafael Las Flores cuenten con los recursos y el personal necesario para proporcionar una educaci\u00f3n m\u00e1s inclusiva y de mejor calidad a sus estudiantes.<\/p>","protected":false},"excerpt":{"rendered":"<p>Los alcaldes de los municipios de Momostenango, Ixc\u00e1n y San Rafael Las Flores acompa\u00f1ados del Director Ejecutivo de la ANAM, Patric Gramajo, sostuvieron una importante reuni\u00f3n con la Ministra de Educaci\u00f3n, Anabella Giracca, en la que presentaron varias solicitudes clave para mejorar la calidad educativa en sus respectivas comunidades. Durante el encuentro, los alcaldes expresaron [&hellip;]<\/p>\n","protected":false},"author":4,"featured_media":3254,"comment_status":"open","ping_status":"open","sticky":false,"template":"","format":"standard","meta":{"footnotes":""},"categories":[1],"tags":[],"class_list":["post-3253","post","type-post","status-publish","format-standard","has-post-thumbnail","hentry","category-anam"],"yoast_head":"<!-- This site is optimized with the Yoast SEO plugin v27.0 - https:\/\/yoast.com\/product\/yoast-seo-wordpress\/ -->\n<title>Alcaldes de Momostenango, Ixc\u00e1n y San Rafael Las Flores Solicitan Apoyo a la Ministra de Educaci\u00f3n para Mejorar la Infraestructura y los Recursos Educativos en sus Municipios - ANAM<\/title>\n<meta name=\"robots\" content=\"index, follow, max-snippet:-1, max-image-preview:large, max-video-preview:-1\" \/>\n<link rel=\"canonical\" href=\"https:\/\/anam.org.gt\/inicio\/reunion-mineduc-2025\/\" \/>\n<meta property=\"og:locale\" content=\"es_ES\" \/>\n<meta property=\"og:type\" content=\"article\" \/>\n<meta property=\"og:title\" content=\"Alcaldes de Momostenango, Ixc\u00e1n y San Rafael Las Flores Solicitan Apoyo a la Ministra de Educaci\u00f3n para Mejorar la Infraestructura y los Recursos Educativos en sus Municipios - ANAM\" \/>\n<meta property=\"og:description\" content=\"Los alcaldes de los municipios de Momostenango, Ixc\u00e1n y San Rafael Las Flores acompa\u00f1ados del Director Ejecutivo de la ANAM, Patric Gramajo, sostuvieron una importante reuni\u00f3n con la Ministra de Educaci\u00f3n, Anabella Giracca, en la que presentaron varias solicitudes clave para mejorar la calidad educativa en sus respectivas comunidades. Durante el encuentro, los alcaldes expresaron [&hellip;]\" \/>\n<meta property=\"og:url\" content=\"https:\/\/anam.org.gt\/inicio\/reunion-mineduc-2025\/\" \/>\n<meta property=\"og:site_name\" content=\"ANAM\" \/>\n<meta property=\"article:publisher\" content=\"https:\/\/www.facebook.com\/ANAMGuatemala.org.gt\" \/>\n<meta property=\"article:published_time\" content=\"2025-02-11T17:30:00+00:00\" \/>\n<meta property=\"article:modified_time\" content=\"2025-02-18T17:33:12+00:00\" \/>\n<meta property=\"og:image\" content=\"https:\/\/anam.org.gt\/inicio\/wp-content\/uploads\/2025\/02\/476831006_1040567751448874_2870483301490501538_n.jpg\" \/>\n\t<meta property=\"og:image:width\" content=\"1440\" \/>\n\t<meta property=\"og:image:height\" content=\"960\" \/>\n\t<meta property=\"og:image:type\" content=\"image\/jpeg\" \/>\n<meta name=\"author\" content=\"admin\" \/>\n<meta name=\"twitter:card\" content=\"summary_large_image\" \/>\n<meta name=\"twitter:creator\" content=\"@ANAM_Guatemala\" \/>\n<meta name=\"twitter:site\" content=\"@ANAM_Guatemala\" \/>\n<meta name=\"twitter:label1\" content=\"Escrito por\" \/>\n\t<meta name=\"twitter:data1\" content=\"admin\" \/>\n\t<meta name=\"twitter:label2\" content=\"Tiempo de lectura\" \/>\n\t<meta name=\"twitter:data2\" content=\"1 minuto\" \/>\n<script type=\"application\/ld+json\" class=\"yoast-schema-graph\">{\"@context\":\"https:\/\/schema.org\",\"@graph\":[{\"@type\":\"Article\",\"@id\":\"https:\/\/anam.org.gt\/inicio\/reunion-mineduc-2025\/#article\",\"isPartOf\":{\"@id\":\"https:\/\/anam.org.gt\/inicio\/reunion-mineduc-2025\/\"},\"author\":{\"name\":\"admin\",\"@id\":\"https:\/\/anam.org.gt\/inicio\/#\/schema\/person\/568dcb3e3f73c87e66aedf646a399340\"},\"headline\":\"Alcaldes de Momostenango, Ixc\u00e1n y San Rafael Las Flores Solicitan Apoyo a la Ministra de Educaci\u00f3n para Mejorar la Infraestructura y los Recursos Educativos en sus Municipios\",\"datePublished\":\"2025-02-11T17:30:00+00:00\",\"dateModified\":\"2025-02-18T17:33:12+00:00\",\"mainEntityOfPage\":{\"@id\":\"https:\/\/anam.org.gt\/inicio\/reunion-mineduc-2025\/\"},\"wordCount\":301,\"commentCount\":0,\"publisher\":{\"@id\":\"https:\/\/anam.org.gt\/inicio\/#organization\"},\"image\":{\"@id\":\"https:\/\/anam.org.gt\/inicio\/reunion-mineduc-2025\/#primaryimage\"},\"thumbnailUrl\":\"https:\/\/anam.org.gt\/inicio\/wp-content\/uploads\/2025\/02\/476831006_1040567751448874_2870483301490501538_n.jpg\",\"articleSection\":[\"ANAM\"],\"inLanguage\":\"es\",\"potentialAction\":[{\"@type\":\"CommentAction\",\"name\":\"Comment\",\"target\":[\"https:\/\/anam.org.gt\/inicio\/reunion-mineduc-2025\/#respond\"]}]},{\"@type\":\"WebPage\",\"@id\":\"https:\/\/anam.org.gt\/inicio\/reunion-mineduc-2025\/\",\"url\":\"https:\/\/anam.org.gt\/inicio\/reunion-mineduc-2025\/\",\"name\":\"Alcaldes de Momostenango, Ixc\u00e1n y San Rafael Las Flores Solicitan Apoyo a la Ministra de Educaci\u00f3n para Mejorar la Infraestructura y los Recursos Educativos en sus Municipios - ANAM\",\"isPartOf\":{\"@id\":\"https:\/\/anam.org.gt\/inicio\/#website\"},\"primaryImageOfPage\":{\"@id\":\"https:\/\/anam.org.gt\/inicio\/reunion-mineduc-2025\/#primaryimage\"},\"image\":{\"@id\":\"https:\/\/anam.org.gt\/inicio\/reunion-mineduc-2025\/#primaryimage\"},\"thumbnailUrl\":\"https:\/\/anam.org.gt\/inicio\/wp-content\/uploads\/2025\/02\/476831006_1040567751448874_2870483301490501538_n.jpg\",\"datePublished\":\"2025-02-11T17:30:00+00:00\",\"dateModified\":\"2025-02-18T17:33:12+00:00\",\"breadcrumb\":{\"@id\":\"https:\/\/anam.org.gt\/inicio\/reunion-mineduc-2025\/#breadcrumb\"},\"inLanguage\":\"es\",\"potentialAction\":[{\"@type\":\"ReadAction\",\"target\":[\"https:\/\/anam.org.gt\/inicio\/reunion-mineduc-2025\/\"]}]},{\"@type\":\"ImageObject\",\"inLanguage\":\"es\",\"@id\":\"https:\/\/anam.org.gt\/inicio\/reunion-mineduc-2025\/#primaryimage\",\"url\":\"https:\/\/anam.org.gt\/inicio\/wp-content\/uploads\/2025\/02\/476831006_1040567751448874_2870483301490501538_n.jpg\",\"contentUrl\":\"https:\/\/anam.org.gt\/inicio\/wp-content\/uploads\/2025\/02\/476831006_1040567751448874_2870483301490501538_n.jpg\",\"width\":1440,\"height\":960},{\"@type\":\"BreadcrumbList\",\"@id\":\"https:\/\/anam.org.gt\/inicio\/reunion-mineduc-2025\/#breadcrumb\",\"itemListElement\":[{\"@type\":\"ListItem\",\"position\":1,\"name\":\"Portada\",\"item\":\"https:\/\/anam.org.gt\/inicio\/\"},{\"@type\":\"ListItem\",\"position\":2,\"name\":\"Alcaldes de Momostenango, Ixc\u00e1n y San Rafael Las Flores Solicitan Apoyo a la Ministra de Educaci\u00f3n para Mejorar la Infraestructura y los Recursos Educativos en sus Municipios\"}]},{\"@type\":\"WebSite\",\"@id\":\"https:\/\/anam.org.gt\/inicio\/#website\",\"url\":\"https:\/\/anam.org.gt\/inicio\/\",\"name\":\"ANAM\",\"description\":\"Asociaci\u00f3n Nacional de Municipalidades de la Rep\u00fablica de Guatemala\",\"publisher\":{\"@id\":\"https:\/\/anam.org.gt\/inicio\/#organization\"},\"potentialAction\":[{\"@type\":\"SearchAction\",\"target\":{\"@type\":\"EntryPoint\",\"urlTemplate\":\"https:\/\/anam.org.gt\/inicio\/?s={search_term_string}\"},\"query-input\":{\"@type\":\"PropertyValueSpecification\",\"valueRequired\":true,\"valueName\":\"search_term_string\"}}],\"inLanguage\":\"es\"},{\"@type\":\"Organization\",\"@id\":\"https:\/\/anam.org.gt\/inicio\/#organization\",\"name\":\"Asociaci\u00f3n Nacional de Municipalidades de la Rep\u00fablica de Guatemala\",\"url\":\"https:\/\/anam.org.gt\/inicio\/\",\"logo\":{\"@type\":\"ImageObject\",\"inLanguage\":\"es\",\"@id\":\"https:\/\/anam.org.gt\/inicio\/#\/schema\/logo\/image\/\",\"url\":\"https:\/\/anam.org.gt\/inicio\/wp-content\/uploads\/2026\/02\/logo-anam-central-1.png\",\"contentUrl\":\"https:\/\/anam.org.gt\/inicio\/wp-content\/uploads\/2026\/02\/logo-anam-central-1.png\",\"width\":600,\"height\":280,\"caption\":\"Asociaci\u00f3n Nacional de Municipalidades de la Rep\u00fablica de Guatemala\"},\"image\":{\"@id\":\"https:\/\/anam.org.gt\/inicio\/#\/schema\/logo\/image\/\"},\"sameAs\":[\"https:\/\/www.facebook.com\/ANAMGuatemala.org.gt\",\"https:\/\/x.com\/ANAM_Guatemala\",\"https:\/\/www.instagram.com\/anam_guatemala\/?hl=es\"]},{\"@type\":\"Person\",\"@id\":\"https:\/\/anam.org.gt\/inicio\/#\/schema\/person\/568dcb3e3f73c87e66aedf646a399340\",\"name\":\"admin\",\"image\":{\"@type\":\"ImageObject\",\"inLanguage\":\"es\",\"@id\":\"https:\/\/anam.org.gt\/inicio\/#\/schema\/person\/image\/\",\"url\":\"https:\/\/secure.gravatar.com\/avatar\/e28deb147a21fce7c80709f121c112cdeff455f99e5227e39053d3fdbf557402?s=96&d=mm&r=g\",\"contentUrl\":\"https:\/\/secure.gravatar.com\/avatar\/e28deb147a21fce7c80709f121c112cdeff455f99e5227e39053d3fdbf557402?s=96&d=mm&r=g\",\"caption\":\"admin\"},\"url\":\"https:\/\/anam.org.gt\/inicio\/author\/admin\/\"}]}<\/script>\n<!-- \/ Yoast SEO plugin. -->","yoast_head_json":{"title":"Alcaldes de Momostenango, Ixc\u00e1n y San Rafael Las Flores Solicitan Apoyo a la Ministra de Educaci\u00f3n para Mejorar la Infraestructura y los Recursos Educativos en sus Municipios - ANAM","robots":{"index":"index","follow":"follow","max-snippet":"max-snippet:-1","max-image-preview":"max-image-preview:large","max-video-preview":"max-video-preview:-1"},"canonical":"https:\/\/anam.org.gt\/inicio\/reunion-mineduc-2025\/","og_locale":"es_ES","og_type":"article","og_title":"Alcaldes de Momostenango, Ixc\u00e1n y San Rafael Las Flores Solicitan Apoyo a la Ministra de Educaci\u00f3n para Mejorar la Infraestructura y los Recursos Educativos en sus Municipios - ANAM","og_description":"Los alcaldes de los municipios de Momostenango, Ixc\u00e1n y San Rafael Las Flores acompa\u00f1ados del Director Ejecutivo de la ANAM, Patric Gramajo, sostuvieron una importante reuni\u00f3n con la Ministra de Educaci\u00f3n, Anabella Giracca, en la que presentaron varias solicitudes clave para mejorar la calidad educativa en sus respectivas comunidades. Durante el encuentro, los alcaldes expresaron [&hellip;]","og_url":"https:\/\/anam.org.gt\/inicio\/reunion-mineduc-2025\/","og_site_name":"ANAM","article_publisher":"https:\/\/www.facebook.com\/ANAMGuatemala.org.gt","article_published_time":"2025-02-11T17:30:00+00:00","article_modified_time":"2025-02-18T17:33:12+00:00","og_image":[{"width":1440,"height":960,"url":"https:\/\/anam.org.gt\/inicio\/wp-content\/uploads\/2025\/02\/476831006_1040567751448874_2870483301490501538_n.jpg","type":"image\/jpeg"}],"author":"admin","twitter_card":"summary_large_image","twitter_creator":"@ANAM_Guatemala","twitter_site":"@ANAM_Guatemala","twitter_misc":{"Escrito por":"admin","Tiempo de lectura":"1 minuto"},"schema":{"@context":"https:\/\/schema.org","@graph":[{"@type":"Article","@id":"https:\/\/anam.org.gt\/inicio\/reunion-mineduc-2025\/#article","isPartOf":{"@id":"https:\/\/anam.org.gt\/inicio\/reunion-mineduc-2025\/"},"author":{"name":"admin","@id":"https:\/\/anam.org.gt\/inicio\/#\/schema\/person\/568dcb3e3f73c87e66aedf646a399340"},"headline":"Alcaldes de Momostenango, Ixc\u00e1n y San Rafael Las Flores Solicitan Apoyo a la Ministra de Educaci\u00f3n para Mejorar la Infraestructura y los Recursos Educativos en sus Municipios","datePublished":"2025-02-11T17:30:00+00:00","dateModified":"2025-02-18T17:33:12+00:00","mainEntityOfPage":{"@id":"https:\/\/anam.org.gt\/inicio\/reunion-mineduc-2025\/"},"wordCount":301,"commentCount":0,"publisher":{"@id":"https:\/\/anam.org.gt\/inicio\/#organization"},"image":{"@id":"https:\/\/anam.org.gt\/inicio\/reunion-mineduc-2025\/#primaryimage"},"thumbnailUrl":"https:\/\/anam.org.gt\/inicio\/wp-content\/uploads\/2025\/02\/476831006_1040567751448874_2870483301490501538_n.jpg","articleSection":["ANAM"],"inLanguage":"es","potentialAction":[{"@type":"CommentAction","name":"Comment","target":["https:\/\/anam.org.gt\/inicio\/reunion-mineduc-2025\/#respond"]}]},{"@type":"WebPage","@id":"https:\/\/anam.org.gt\/inicio\/reunion-mineduc-2025\/","url":"https:\/\/anam.org.gt\/inicio\/reunion-mineduc-2025\/","name":"Alcaldes de Momostenango, Ixc\u00e1n y San Rafael Las Flores Solicitan Apoyo a la Ministra de Educaci\u00f3n para Mejorar la Infraestructura y los Recursos Educativos en sus Municipios - ANAM","isPartOf":{"@id":"https:\/\/anam.org.gt\/inicio\/#website"},"primaryImageOfPage":{"@id":"https:\/\/anam.org.gt\/inicio\/reunion-mineduc-2025\/#primaryimage"},"image":{"@id":"https:\/\/anam.org.gt\/inicio\/reunion-mineduc-2025\/#primaryimage"},"thumbnailUrl":"https:\/\/anam.org.gt\/inicio\/wp-content\/uploads\/2025\/02\/476831006_1040567751448874_2870483301490501538_n.jpg","datePublished":"2025-02-11T17:30:00+00:00","dateModified":"2025-02-18T17:33:12+00:00","breadcrumb":{"@id":"https:\/\/anam.org.gt\/inicio\/reunion-mineduc-2025\/#breadcrumb"},"inLanguage":"es","potentialAction":[{"@type":"ReadAction","target":["https:\/\/anam.org.gt\/inicio\/reunion-mineduc-2025\/"]}]},{"@type":"ImageObject","inLanguage":"es","@id":"https:\/\/anam.org.gt\/inicio\/reunion-mineduc-2025\/#primaryimage","url":"https:\/\/anam.org.gt\/inicio\/wp-content\/uploads\/2025\/02\/476831006_1040567751448874_2870483301490501538_n.jpg","contentUrl":"https:\/\/anam.org.gt\/inicio\/wp-content\/uploads\/2025\/02\/476831006_1040567751448874_2870483301490501538_n.jpg","width":1440,"height":960},{"@type":"BreadcrumbList","@id":"https:\/\/anam.org.gt\/inicio\/reunion-mineduc-2025\/#breadcrumb","itemListElement":[{"@type":"ListItem","position":1,"name":"Portada","item":"https:\/\/anam.org.gt\/inicio\/"},{"@type":"ListItem","position":2,"name":"Alcaldes de Momostenango, Ixc\u00e1n y San Rafael Las Flores Solicitan Apoyo a la Ministra de Educaci\u00f3n para Mejorar la Infraestructura y los Recursos Educativos en sus Municipios"}]},{"@type":"WebSite","@id":"https:\/\/anam.org.gt\/inicio\/#website","url":"https:\/\/anam.org.gt\/inicio\/","name":"ANAM","description":"Asociaci\u00f3n Nacional de Municipalidades de la Rep\u00fablica de Guatemala","publisher":{"@id":"https:\/\/anam.org.gt\/inicio\/#organization"},"potentialAction":[{"@type":"SearchAction","target":{"@type":"EntryPoint","urlTemplate":"https:\/\/anam.org.gt\/inicio\/?s={search_term_string}"},"query-input":{"@type":"PropertyValueSpecification","valueRequired":true,"valueName":"search_term_string"}}],"inLanguage":"es"},{"@type":"Organization","@id":"https:\/\/anam.org.gt\/inicio\/#organization","name":"Asociaci\u00f3n Nacional de Municipalidades de la Rep\u00fablica de Guatemala","url":"https:\/\/anam.org.gt\/inicio\/","logo":{"@type":"ImageObject","inLanguage":"es","@id":"https:\/\/anam.org.gt\/inicio\/#\/schema\/logo\/image\/","url":"https:\/\/anam.org.gt\/inicio\/wp-content\/uploads\/2026\/02\/logo-anam-central-1.png","contentUrl":"https:\/\/anam.org.gt\/inicio\/wp-content\/uploads\/2026\/02\/logo-anam-central-1.png","width":600,"height":280,"caption":"Asociaci\u00f3n Nacional de Municipalidades de la Rep\u00fablica de Guatemala"},"image":{"@id":"https:\/\/anam.org.gt\/inicio\/#\/schema\/logo\/image\/"},"sameAs":["https:\/\/www.facebook.com\/ANAMGuatemala.org.gt","https:\/\/x.com\/ANAM_Guatemala","https:\/\/www.instagram.com\/anam_guatemala\/?hl=es"]},{"@type":"Person","@id":"https:\/\/anam.org.gt\/inicio\/#\/schema\/person\/568dcb3e3f73c87e66aedf646a399340","name":"admin","image":{"@type":"ImageObject","inLanguage":"es","@id":"https:\/\/anam.org.gt\/inicio\/#\/schema\/person\/image\/","url":"https:\/\/secure.gravatar.com\/avatar\/e28deb147a21fce7c80709f121c112cdeff455f99e5227e39053d3fdbf557402?s=96&d=mm&r=g","contentUrl":"https:\/\/secure.gravatar.com\/avatar\/e28deb147a21fce7c80709f121c112cdeff455f99e5227e39053d3fdbf557402?s=96&d=mm&r=g","caption":"admin"},"url":"https:\/\/anam.org.gt\/inicio\/author\/admin\/"}]}},"_links":{"self":[{"href":"https:\/\/anam.org.gt\/inicio\/wp-json\/wp\/v2\/posts\/3253","targetHints":{"allow":["GET"]}}],"collection":[{"href":"https:\/\/anam.org.gt\/inicio\/wp-json\/wp\/v2\/posts"}],"about":[{"href":"https:\/\/anam.org.gt\/inicio\/wp-json\/wp\/v2\/types\/post"}],"author":[{"embeddable":true,"href":"https:\/\/anam.org.gt\/inicio\/wp-json\/wp\/v2\/users\/4"}],"replies":[{"embeddable":true,"href":"https:\/\/anam.org.gt\/inicio\/wp-json\/wp\/v2\/comments?post=3253"}],"version-history":[{"count":1,"href":"https:\/\/anam.org.gt\/inicio\/wp-json\/wp\/v2\/posts\/3253\/revisions"}],"predecessor-version":[{"id":3255,"href":"https:\/\/anam.org.gt\/inicio\/wp-json\/wp\/v2\/posts\/3253\/revisions\/3255"}],"wp:featuredmedia":[{"embeddable":true,"href":"https:\/\/anam.org.gt\/inicio\/wp-json\/wp\/v2\/media\/3254"}],"wp:attachment":[{"href":"https:\/\/anam.org.gt\/inicio\/wp-json\/wp\/v2\/media?parent=3253"}],"wp:term":[{"taxonomy":"category","embeddable":true,"href":"https:\/\/anam.org.gt\/inicio\/wp-json\/wp\/v2\/categories?post=3253"},{"taxonomy":"post_tag","embeddable":true,"href":"https:\/\/anam.org.gt\/inicio\/wp-json\/wp\/v2\/tags?post=3253"}],"curies":[{"name":"wp","href":"https:\/\/api.w.org\/{rel}","templated":true}]}}