{"id":3512,"date":"2025-02-28T12:11:00","date_gmt":"2025-02-28T12:11:00","guid":{"rendered":"https:\/\/anam.org.gt\/inicio\/?p=3512"},"modified":"2025-05-07T16:35:27","modified_gmt":"2025-05-07T16:35:27","slug":"anam-fortalece-vinculos-con-el-parlacen-y-conader-en-encuentro-de-alto-nivel","status":"publish","type":"post","link":"https:\/\/anam.org.gt\/inicio\/anam-fortalece-vinculos-con-el-parlacen-y-conader-en-encuentro-de-alto-nivel\/","title":{"rendered":"ANAM fortalece v\u00ednculos con el PARLACEN y CONADER en encuentro de alto nivel"},"content":{"rendered":"<p>El presidente de la Asociaci\u00f3n Nacional de Municipalidades (ANAM), Sebastian Siero, junto a la Junta Directiva, sostuvo una reuni\u00f3n estrat\u00e9gica con diputados del Parlamento Centroamericano (PARLACEN) con el objetivo de fortalecer los lazos de cooperaci\u00f3n entre ambas entidades. Esta iniciativa busca promover un trabajo articulado que impulse la integraci\u00f3n regional desde una perspectiva municipalista.<\/p><p>Durante el encuentro, los representantes del PARLACEN reconocieron el papel protag\u00f3nico que desempe\u00f1an las municipalidades como motores del desarrollo econ\u00f3mico y social de los pa\u00edses miembros, destacando la necesidad de generar sinergias que permitan escalar proyectos locales a nivel regional.<\/p><p>En esta jornada de di\u00e1logo tambi\u00e9n participaron delegados del Consejo Nacional de Desarrollo Urbano y Rural (CONADER), quienes se sumaron a las discusiones sobre estrategias para el fortalecimiento institucional, la descentralizaci\u00f3n efectiva y la generaci\u00f3n de pol\u00edticas p\u00fablicas centradas en el bienestar ciudadano.<\/p><p>ANAM reafirm\u00f3 su compromiso de continuar promoviendo iniciativas orientadas a transformar positivamente la vida de los vecinos, consolidando su liderazgo como puente entre los gobiernos locales y las instancias regionales e internacionales.<\/p>","protected":false},"excerpt":{"rendered":"<p>El presidente de la Asociaci\u00f3n Nacional de Municipalidades (ANAM), Sebastian Siero, junto a la Junta Directiva, sostuvo una reuni\u00f3n estrat\u00e9gica con diputados del Parlamento Centroamericano (PARLACEN) con el objetivo de fortalecer los lazos de cooperaci\u00f3n entre ambas entidades. Esta iniciativa busca promover un trabajo articulado que impulse la integraci\u00f3n regional desde una perspectiva municipalista. Durante [&hellip;]<\/p>\n","protected":false},"author":4,"featured_media":3513,"comment_status":"open","ping_status":"open","sticky":false,"template":"","format":"standard","meta":{"footnotes":""},"categories":[1],"tags":[],"class_list":["post-3512","post","type-post","status-publish","format-standard","has-post-thumbnail","hentry","category-anam"],"yoast_head":"<!-- This site is optimized with the Yoast SEO plugin v27.0 - https:\/\/yoast.com\/product\/yoast-seo-wordpress\/ -->\n<title>ANAM fortalece v\u00ednculos con el PARLACEN y CONADER en encuentro de alto nivel - ANAM<\/title>\n<meta name=\"robots\" content=\"index, follow, max-snippet:-1, max-image-preview:large, max-video-preview:-1\" \/>\n<link rel=\"canonical\" href=\"https:\/\/anam.org.gt\/inicio\/anam-fortalece-vinculos-con-el-parlacen-y-conader-en-encuentro-de-alto-nivel\/\" \/>\n<meta property=\"og:locale\" content=\"es_ES\" \/>\n<meta property=\"og:type\" content=\"article\" \/>\n<meta property=\"og:title\" content=\"ANAM fortalece v\u00ednculos con el PARLACEN y CONADER en encuentro de alto nivel - ANAM\" \/>\n<meta property=\"og:description\" content=\"El presidente de la Asociaci\u00f3n Nacional de Municipalidades (ANAM), Sebastian Siero, junto a la Junta Directiva, sostuvo una reuni\u00f3n estrat\u00e9gica con diputados del Parlamento Centroamericano (PARLACEN) con el objetivo de fortalecer los lazos de cooperaci\u00f3n entre ambas entidades. Esta iniciativa busca promover un trabajo articulado que impulse la integraci\u00f3n regional desde una perspectiva municipalista. Durante [&hellip;]\" \/>\n<meta property=\"og:url\" content=\"https:\/\/anam.org.gt\/inicio\/anam-fortalece-vinculos-con-el-parlacen-y-conader-en-encuentro-de-alto-nivel\/\" \/>\n<meta property=\"og:site_name\" content=\"ANAM\" \/>\n<meta property=\"article:publisher\" content=\"https:\/\/www.facebook.com\/ANAMGuatemala.org.gt\" \/>\n<meta property=\"article:published_time\" content=\"2025-02-28T12:11:00+00:00\" \/>\n<meta property=\"article:modified_time\" content=\"2025-05-07T16:35:27+00:00\" \/>\n<meta property=\"og:image\" content=\"https:\/\/anam.org.gt\/inicio\/wp-content\/uploads\/2025\/05\/image.png\" \/>\n\t<meta property=\"og:image:width\" content=\"1440\" \/>\n\t<meta property=\"og:image:height\" content=\"960\" \/>\n\t<meta property=\"og:image:type\" content=\"image\/png\" \/>\n<meta name=\"author\" content=\"admin\" \/>\n<meta name=\"twitter:card\" content=\"summary_large_image\" \/>\n<meta name=\"twitter:creator\" content=\"@ANAM_Guatemala\" \/>\n<meta name=\"twitter:site\" content=\"@ANAM_Guatemala\" \/>\n<meta name=\"twitter:label1\" content=\"Escrito por\" \/>\n\t<meta name=\"twitter:data1\" content=\"admin\" \/>\n\t<meta name=\"twitter:label2\" content=\"Tiempo de lectura\" \/>\n\t<meta name=\"twitter:data2\" content=\"1 minuto\" \/>\n<script type=\"application\/ld+json\" class=\"yoast-schema-graph\">{\"@context\":\"https:\/\/schema.org\",\"@graph\":[{\"@type\":\"Article\",\"@id\":\"https:\/\/anam.org.gt\/inicio\/anam-fortalece-vinculos-con-el-parlacen-y-conader-en-encuentro-de-alto-nivel\/#article\",\"isPartOf\":{\"@id\":\"https:\/\/anam.org.gt\/inicio\/anam-fortalece-vinculos-con-el-parlacen-y-conader-en-encuentro-de-alto-nivel\/\"},\"author\":{\"name\":\"admin\",\"@id\":\"https:\/\/anam.org.gt\/inicio\/#\/schema\/person\/568dcb3e3f73c87e66aedf646a399340\"},\"headline\":\"ANAM fortalece v\u00ednculos con el PARLACEN y CONADER en encuentro de alto nivel\",\"datePublished\":\"2025-02-28T12:11:00+00:00\",\"dateModified\":\"2025-05-07T16:35:27+00:00\",\"mainEntityOfPage\":{\"@id\":\"https:\/\/anam.org.gt\/inicio\/anam-fortalece-vinculos-con-el-parlacen-y-conader-en-encuentro-de-alto-nivel\/\"},\"wordCount\":198,\"commentCount\":0,\"publisher\":{\"@id\":\"https:\/\/anam.org.gt\/inicio\/#organization\"},\"image\":{\"@id\":\"https:\/\/anam.org.gt\/inicio\/anam-fortalece-vinculos-con-el-parlacen-y-conader-en-encuentro-de-alto-nivel\/#primaryimage\"},\"thumbnailUrl\":\"https:\/\/anam.org.gt\/inicio\/wp-content\/uploads\/2025\/05\/image.png\",\"articleSection\":[\"ANAM\"],\"inLanguage\":\"es\",\"potentialAction\":[{\"@type\":\"CommentAction\",\"name\":\"Comment\",\"target\":[\"https:\/\/anam.org.gt\/inicio\/anam-fortalece-vinculos-con-el-parlacen-y-conader-en-encuentro-de-alto-nivel\/#respond\"]}]},{\"@type\":\"WebPage\",\"@id\":\"https:\/\/anam.org.gt\/inicio\/anam-fortalece-vinculos-con-el-parlacen-y-conader-en-encuentro-de-alto-nivel\/\",\"url\":\"https:\/\/anam.org.gt\/inicio\/anam-fortalece-vinculos-con-el-parlacen-y-conader-en-encuentro-de-alto-nivel\/\",\"name\":\"ANAM fortalece v\u00ednculos con el PARLACEN y CONADER en encuentro de alto nivel - ANAM\",\"isPartOf\":{\"@id\":\"https:\/\/anam.org.gt\/inicio\/#website\"},\"primaryImageOfPage\":{\"@id\":\"https:\/\/anam.org.gt\/inicio\/anam-fortalece-vinculos-con-el-parlacen-y-conader-en-encuentro-de-alto-nivel\/#primaryimage\"},\"image\":{\"@id\":\"https:\/\/anam.org.gt\/inicio\/anam-fortalece-vinculos-con-el-parlacen-y-conader-en-encuentro-de-alto-nivel\/#primaryimage\"},\"thumbnailUrl\":\"https:\/\/anam.org.gt\/inicio\/wp-content\/uploads\/2025\/05\/image.png\",\"datePublished\":\"2025-02-28T12:11:00+00:00\",\"dateModified\":\"2025-05-07T16:35:27+00:00\",\"breadcrumb\":{\"@id\":\"https:\/\/anam.org.gt\/inicio\/anam-fortalece-vinculos-con-el-parlacen-y-conader-en-encuentro-de-alto-nivel\/#breadcrumb\"},\"inLanguage\":\"es\",\"potentialAction\":[{\"@type\":\"ReadAction\",\"target\":[\"https:\/\/anam.org.gt\/inicio\/anam-fortalece-vinculos-con-el-parlacen-y-conader-en-encuentro-de-alto-nivel\/\"]}]},{\"@type\":\"ImageObject\",\"inLanguage\":\"es\",\"@id\":\"https:\/\/anam.org.gt\/inicio\/anam-fortalece-vinculos-con-el-parlacen-y-conader-en-encuentro-de-alto-nivel\/#primaryimage\",\"url\":\"https:\/\/anam.org.gt\/inicio\/wp-content\/uploads\/2025\/05\/image.png\",\"contentUrl\":\"https:\/\/anam.org.gt\/inicio\/wp-content\/uploads\/2025\/05\/image.png\",\"width\":1440,\"height\":960},{\"@type\":\"BreadcrumbList\",\"@id\":\"https:\/\/anam.org.gt\/inicio\/anam-fortalece-vinculos-con-el-parlacen-y-conader-en-encuentro-de-alto-nivel\/#breadcrumb\",\"itemListElement\":[{\"@type\":\"ListItem\",\"position\":1,\"name\":\"Portada\",\"item\":\"https:\/\/anam.org.gt\/inicio\/\"},{\"@type\":\"ListItem\",\"position\":2,\"name\":\"ANAM fortalece v\u00ednculos con el PARLACEN y CONADER en encuentro de alto nivel\"}]},{\"@type\":\"WebSite\",\"@id\":\"https:\/\/anam.org.gt\/inicio\/#website\",\"url\":\"https:\/\/anam.org.gt\/inicio\/\",\"name\":\"ANAM\",\"description\":\"Asociaci\u00f3n Nacional de Municipalidades de la Rep\u00fablica de Guatemala\",\"publisher\":{\"@id\":\"https:\/\/anam.org.gt\/inicio\/#organization\"},\"potentialAction\":[{\"@type\":\"SearchAction\",\"target\":{\"@type\":\"EntryPoint\",\"urlTemplate\":\"https:\/\/anam.org.gt\/inicio\/?s={search_term_string}\"},\"query-input\":{\"@type\":\"PropertyValueSpecification\",\"valueRequired\":true,\"valueName\":\"search_term_string\"}}],\"inLanguage\":\"es\"},{\"@type\":\"Organization\",\"@id\":\"https:\/\/anam.org.gt\/inicio\/#organization\",\"name\":\"Asociaci\u00f3n Nacional de Municipalidades de la Rep\u00fablica de Guatemala\",\"url\":\"https:\/\/anam.org.gt\/inicio\/\",\"logo\":{\"@type\":\"ImageObject\",\"inLanguage\":\"es\",\"@id\":\"https:\/\/anam.org.gt\/inicio\/#\/schema\/logo\/image\/\",\"url\":\"https:\/\/anam.org.gt\/inicio\/wp-content\/uploads\/2026\/02\/logo-anam-central-1.png\",\"contentUrl\":\"https:\/\/anam.org.gt\/inicio\/wp-content\/uploads\/2026\/02\/logo-anam-central-1.png\",\"width\":600,\"height\":280,\"caption\":\"Asociaci\u00f3n Nacional de Municipalidades de la Rep\u00fablica de Guatemala\"},\"image\":{\"@id\":\"https:\/\/anam.org.gt\/inicio\/#\/schema\/logo\/image\/\"},\"sameAs\":[\"https:\/\/www.facebook.com\/ANAMGuatemala.org.gt\",\"https:\/\/x.com\/ANAM_Guatemala\",\"https:\/\/www.instagram.com\/anam_guatemala\/?hl=es\"]},{\"@type\":\"Person\",\"@id\":\"https:\/\/anam.org.gt\/inicio\/#\/schema\/person\/568dcb3e3f73c87e66aedf646a399340\",\"name\":\"admin\",\"image\":{\"@type\":\"ImageObject\",\"inLanguage\":\"es\",\"@id\":\"https:\/\/anam.org.gt\/inicio\/#\/schema\/person\/image\/\",\"url\":\"https:\/\/secure.gravatar.com\/avatar\/e28deb147a21fce7c80709f121c112cdeff455f99e5227e39053d3fdbf557402?s=96&d=mm&r=g\",\"contentUrl\":\"https:\/\/secure.gravatar.com\/avatar\/e28deb147a21fce7c80709f121c112cdeff455f99e5227e39053d3fdbf557402?s=96&d=mm&r=g\",\"caption\":\"admin\"},\"url\":\"https:\/\/anam.org.gt\/inicio\/author\/admin\/\"}]}<\/script>\n<!-- \/ Yoast SEO plugin. -->","yoast_head_json":{"title":"ANAM fortalece v\u00ednculos con el PARLACEN y CONADER en encuentro de alto nivel - ANAM","robots":{"index":"index","follow":"follow","max-snippet":"max-snippet:-1","max-image-preview":"max-image-preview:large","max-video-preview":"max-video-preview:-1"},"canonical":"https:\/\/anam.org.gt\/inicio\/anam-fortalece-vinculos-con-el-parlacen-y-conader-en-encuentro-de-alto-nivel\/","og_locale":"es_ES","og_type":"article","og_title":"ANAM fortalece v\u00ednculos con el PARLACEN y CONADER en encuentro de alto nivel - ANAM","og_description":"El presidente de la Asociaci\u00f3n Nacional de Municipalidades (ANAM), Sebastian Siero, junto a la Junta Directiva, sostuvo una reuni\u00f3n estrat\u00e9gica con diputados del Parlamento Centroamericano (PARLACEN) con el objetivo de fortalecer los lazos de cooperaci\u00f3n entre ambas entidades. Esta iniciativa busca promover un trabajo articulado que impulse la integraci\u00f3n regional desde una perspectiva municipalista. Durante [&hellip;]","og_url":"https:\/\/anam.org.gt\/inicio\/anam-fortalece-vinculos-con-el-parlacen-y-conader-en-encuentro-de-alto-nivel\/","og_site_name":"ANAM","article_publisher":"https:\/\/www.facebook.com\/ANAMGuatemala.org.gt","article_published_time":"2025-02-28T12:11:00+00:00","article_modified_time":"2025-05-07T16:35:27+00:00","og_image":[{"width":1440,"height":960,"url":"https:\/\/anam.org.gt\/inicio\/wp-content\/uploads\/2025\/05\/image.png","type":"image\/png"}],"author":"admin","twitter_card":"summary_large_image","twitter_creator":"@ANAM_Guatemala","twitter_site":"@ANAM_Guatemala","twitter_misc":{"Escrito por":"admin","Tiempo de lectura":"1 minuto"},"schema":{"@context":"https:\/\/schema.org","@graph":[{"@type":"Article","@id":"https:\/\/anam.org.gt\/inicio\/anam-fortalece-vinculos-con-el-parlacen-y-conader-en-encuentro-de-alto-nivel\/#article","isPartOf":{"@id":"https:\/\/anam.org.gt\/inicio\/anam-fortalece-vinculos-con-el-parlacen-y-conader-en-encuentro-de-alto-nivel\/"},"author":{"name":"admin","@id":"https:\/\/anam.org.gt\/inicio\/#\/schema\/person\/568dcb3e3f73c87e66aedf646a399340"},"headline":"ANAM fortalece v\u00ednculos con el PARLACEN y CONADER en encuentro de alto nivel","datePublished":"2025-02-28T12:11:00+00:00","dateModified":"2025-05-07T16:35:27+00:00","mainEntityOfPage":{"@id":"https:\/\/anam.org.gt\/inicio\/anam-fortalece-vinculos-con-el-parlacen-y-conader-en-encuentro-de-alto-nivel\/"},"wordCount":198,"commentCount":0,"publisher":{"@id":"https:\/\/anam.org.gt\/inicio\/#organization"},"image":{"@id":"https:\/\/anam.org.gt\/inicio\/anam-fortalece-vinculos-con-el-parlacen-y-conader-en-encuentro-de-alto-nivel\/#primaryimage"},"thumbnailUrl":"https:\/\/anam.org.gt\/inicio\/wp-content\/uploads\/2025\/05\/image.png","articleSection":["ANAM"],"inLanguage":"es","potentialAction":[{"@type":"CommentAction","name":"Comment","target":["https:\/\/anam.org.gt\/inicio\/anam-fortalece-vinculos-con-el-parlacen-y-conader-en-encuentro-de-alto-nivel\/#respond"]}]},{"@type":"WebPage","@id":"https:\/\/anam.org.gt\/inicio\/anam-fortalece-vinculos-con-el-parlacen-y-conader-en-encuentro-de-alto-nivel\/","url":"https:\/\/anam.org.gt\/inicio\/anam-fortalece-vinculos-con-el-parlacen-y-conader-en-encuentro-de-alto-nivel\/","name":"ANAM fortalece v\u00ednculos con el PARLACEN y CONADER en encuentro de alto nivel - ANAM","isPartOf":{"@id":"https:\/\/anam.org.gt\/inicio\/#website"},"primaryImageOfPage":{"@id":"https:\/\/anam.org.gt\/inicio\/anam-fortalece-vinculos-con-el-parlacen-y-conader-en-encuentro-de-alto-nivel\/#primaryimage"},"image":{"@id":"https:\/\/anam.org.gt\/inicio\/anam-fortalece-vinculos-con-el-parlacen-y-conader-en-encuentro-de-alto-nivel\/#primaryimage"},"thumbnailUrl":"https:\/\/anam.org.gt\/inicio\/wp-content\/uploads\/2025\/05\/image.png","datePublished":"2025-02-28T12:11:00+00:00","dateModified":"2025-05-07T16:35:27+00:00","breadcrumb":{"@id":"https:\/\/anam.org.gt\/inicio\/anam-fortalece-vinculos-con-el-parlacen-y-conader-en-encuentro-de-alto-nivel\/#breadcrumb"},"inLanguage":"es","potentialAction":[{"@type":"ReadAction","target":["https:\/\/anam.org.gt\/inicio\/anam-fortalece-vinculos-con-el-parlacen-y-conader-en-encuentro-de-alto-nivel\/"]}]},{"@type":"ImageObject","inLanguage":"es","@id":"https:\/\/anam.org.gt\/inicio\/anam-fortalece-vinculos-con-el-parlacen-y-conader-en-encuentro-de-alto-nivel\/#primaryimage","url":"https:\/\/anam.org.gt\/inicio\/wp-content\/uploads\/2025\/05\/image.png","contentUrl":"https:\/\/anam.org.gt\/inicio\/wp-content\/uploads\/2025\/05\/image.png","width":1440,"height":960},{"@type":"BreadcrumbList","@id":"https:\/\/anam.org.gt\/inicio\/anam-fortalece-vinculos-con-el-parlacen-y-conader-en-encuentro-de-alto-nivel\/#breadcrumb","itemListElement":[{"@type":"ListItem","position":1,"name":"Portada","item":"https:\/\/anam.org.gt\/inicio\/"},{"@type":"ListItem","position":2,"name":"ANAM fortalece v\u00ednculos con el PARLACEN y CONADER en encuentro de alto nivel"}]},{"@type":"WebSite","@id":"https:\/\/anam.org.gt\/inicio\/#website","url":"https:\/\/anam.org.gt\/inicio\/","name":"ANAM","description":"Asociaci\u00f3n Nacional de Municipalidades de la Rep\u00fablica de Guatemala","publisher":{"@id":"https:\/\/anam.org.gt\/inicio\/#organization"},"potentialAction":[{"@type":"SearchAction","target":{"@type":"EntryPoint","urlTemplate":"https:\/\/anam.org.gt\/inicio\/?s={search_term_string}"},"query-input":{"@type":"PropertyValueSpecification","valueRequired":true,"valueName":"search_term_string"}}],"inLanguage":"es"},{"@type":"Organization","@id":"https:\/\/anam.org.gt\/inicio\/#organization","name":"Asociaci\u00f3n Nacional de Municipalidades de la Rep\u00fablica de Guatemala","url":"https:\/\/anam.org.gt\/inicio\/","logo":{"@type":"ImageObject","inLanguage":"es","@id":"https:\/\/anam.org.gt\/inicio\/#\/schema\/logo\/image\/","url":"https:\/\/anam.org.gt\/inicio\/wp-content\/uploads\/2026\/02\/logo-anam-central-1.png","contentUrl":"https:\/\/anam.org.gt\/inicio\/wp-content\/uploads\/2026\/02\/logo-anam-central-1.png","width":600,"height":280,"caption":"Asociaci\u00f3n Nacional de Municipalidades de la Rep\u00fablica de Guatemala"},"image":{"@id":"https:\/\/anam.org.gt\/inicio\/#\/schema\/logo\/image\/"},"sameAs":["https:\/\/www.facebook.com\/ANAMGuatemala.org.gt","https:\/\/x.com\/ANAM_Guatemala","https:\/\/www.instagram.com\/anam_guatemala\/?hl=es"]},{"@type":"Person","@id":"https:\/\/anam.org.gt\/inicio\/#\/schema\/person\/568dcb3e3f73c87e66aedf646a399340","name":"admin","image":{"@type":"ImageObject","inLanguage":"es","@id":"https:\/\/anam.org.gt\/inicio\/#\/schema\/person\/image\/","url":"https:\/\/secure.gravatar.com\/avatar\/e28deb147a21fce7c80709f121c112cdeff455f99e5227e39053d3fdbf557402?s=96&d=mm&r=g","contentUrl":"https:\/\/secure.gravatar.com\/avatar\/e28deb147a21fce7c80709f121c112cdeff455f99e5227e39053d3fdbf557402?s=96&d=mm&r=g","caption":"admin"},"url":"https:\/\/anam.org.gt\/inicio\/author\/admin\/"}]}},"_links":{"self":[{"href":"https:\/\/anam.org.gt\/inicio\/wp-json\/wp\/v2\/posts\/3512","targetHints":{"allow":["GET"]}}],"collection":[{"href":"https:\/\/anam.org.gt\/inicio\/wp-json\/wp\/v2\/posts"}],"about":[{"href":"https:\/\/anam.org.gt\/inicio\/wp-json\/wp\/v2\/types\/post"}],"author":[{"embeddable":true,"href":"https:\/\/anam.org.gt\/inicio\/wp-json\/wp\/v2\/users\/4"}],"replies":[{"embeddable":true,"href":"https:\/\/anam.org.gt\/inicio\/wp-json\/wp\/v2\/comments?post=3512"}],"version-history":[{"count":3,"href":"https:\/\/anam.org.gt\/inicio\/wp-json\/wp\/v2\/posts\/3512\/revisions"}],"predecessor-version":[{"id":3520,"href":"https:\/\/anam.org.gt\/inicio\/wp-json\/wp\/v2\/posts\/3512\/revisions\/3520"}],"wp:featuredmedia":[{"embeddable":true,"href":"https:\/\/anam.org.gt\/inicio\/wp-json\/wp\/v2\/media\/3513"}],"wp:attachment":[{"href":"https:\/\/anam.org.gt\/inicio\/wp-json\/wp\/v2\/media?parent=3512"}],"wp:term":[{"taxonomy":"category","embeddable":true,"href":"https:\/\/anam.org.gt\/inicio\/wp-json\/wp\/v2\/categories?post=3512"},{"taxonomy":"post_tag","embeddable":true,"href":"https:\/\/anam.org.gt\/inicio\/wp-json\/wp\/v2\/tags?post=3512"}],"curies":[{"name":"wp","href":"https:\/\/api.w.org\/{rel}","templated":true}]}}