{"id":3516,"date":"2025-03-03T16:32:07","date_gmt":"2025-03-03T16:32:07","guid":{"rendered":"https:\/\/anam.org.gt\/inicio\/?p=3516"},"modified":"2025-05-07T16:34:40","modified_gmt":"2025-05-07T16:34:40","slug":"capacitacion-en-baja-verapaz-fortalece-la-gestion-ambiental-y-administrativa-de-las-municipalidades","status":"publish","type":"post","link":"https:\/\/anam.org.gt\/inicio\/capacitacion-en-baja-verapaz-fortalece-la-gestion-ambiental-y-administrativa-de-las-municipalidades\/","title":{"rendered":"Capacitaci\u00f3n en Baja Verapaz fortalece la gesti\u00f3n ambiental y administrativa de las municipalidades"},"content":{"rendered":"<p>El Director Ejecutivo de la Asociaci\u00f3n Nacional de Municipalidades (ANAM), Patric Gramajo Matsui, junto al equipo t\u00e9cnico de la instituci\u00f3n, lider\u00f3 una jornada de capacitaci\u00f3n dirigida a las municipalidades del departamento de Baja Verapaz. La formaci\u00f3n se enfoc\u00f3 en la Gesti\u00f3n Integral de Residuos y Desechos S\u00f3lidos, promoviendo pr\u00e1cticas responsables y sostenibles que contribuyan al cuidado del medio ambiente y a la mejora de los servicios p\u00fablicos locales.<\/p><p>Asimismo, se impartieron sesiones especializadas orientadas a fortalecer la gesti\u00f3n administrativa municipal, con el fin de optimizar los procesos internos y elevar la calidad de atenci\u00f3n a los vecinos, reafirmando el compromiso de ANAM con el desarrollo institucional de cada alcald\u00eda.<\/p><p>Durante la actividad, se cont\u00f3 con la participaci\u00f3n del alcalde de San Jer\u00f3nimo, Mois\u00e9s Canahu\u00ed, quien tambi\u00e9n forma parte de la Junta Directiva de Baja Verapaz. En su intervenci\u00f3n, el alcalde reconoci\u00f3 y felicit\u00f3 al presidente de ANAM, Sebasti\u00e1n Siero, por su liderazgo y compromiso al frente de la instituci\u00f3n, destacando los avances obtenidos en materia de fortalecimiento municipal y acompa\u00f1amiento t\u00e9cnico a las comunas del pa\u00eds.<\/p><p>Este tipo de capacitaciones reflejan la visi\u00f3n de ANAM de impulsar un modelo de gesti\u00f3n municipal moderno, eficiente y cercano a las necesidades de la poblaci\u00f3n guatemalteca<\/p>","protected":false},"excerpt":{"rendered":"<p>El Director Ejecutivo de la Asociaci\u00f3n Nacional de Municipalidades (ANAM), Patric Gramajo Matsui, junto al equipo t\u00e9cnico de la instituci\u00f3n, lider\u00f3 una jornada de capacitaci\u00f3n dirigida a las municipalidades del departamento de Baja Verapaz. La formaci\u00f3n se enfoc\u00f3 en la Gesti\u00f3n Integral de Residuos y Desechos S\u00f3lidos, promoviendo pr\u00e1cticas responsables y sostenibles que contribuyan al [&hellip;]<\/p>\n","protected":false},"author":4,"featured_media":3517,"comment_status":"open","ping_status":"open","sticky":false,"template":"","format":"standard","meta":{"footnotes":""},"categories":[1],"tags":[],"class_list":["post-3516","post","type-post","status-publish","format-standard","has-post-thumbnail","hentry","category-anam"],"yoast_head":"<!-- This site is optimized with the Yoast SEO plugin v27.0 - https:\/\/yoast.com\/product\/yoast-seo-wordpress\/ -->\n<title>Capacitaci\u00f3n en Baja Verapaz fortalece la gesti\u00f3n ambiental y administrativa de las municipalidades - ANAM<\/title>\n<meta name=\"robots\" content=\"index, follow, max-snippet:-1, max-image-preview:large, max-video-preview:-1\" \/>\n<link rel=\"canonical\" href=\"https:\/\/anam.org.gt\/inicio\/capacitacion-en-baja-verapaz-fortalece-la-gestion-ambiental-y-administrativa-de-las-municipalidades\/\" \/>\n<meta property=\"og:locale\" content=\"es_ES\" \/>\n<meta property=\"og:type\" content=\"article\" \/>\n<meta property=\"og:title\" content=\"Capacitaci\u00f3n en Baja Verapaz fortalece la gesti\u00f3n ambiental y administrativa de las municipalidades - ANAM\" \/>\n<meta property=\"og:description\" content=\"El Director Ejecutivo de la Asociaci\u00f3n Nacional de Municipalidades (ANAM), Patric Gramajo Matsui, junto al equipo t\u00e9cnico de la instituci\u00f3n, lider\u00f3 una jornada de capacitaci\u00f3n dirigida a las municipalidades del departamento de Baja Verapaz. La formaci\u00f3n se enfoc\u00f3 en la Gesti\u00f3n Integral de Residuos y Desechos S\u00f3lidos, promoviendo pr\u00e1cticas responsables y sostenibles que contribuyan al [&hellip;]\" \/>\n<meta property=\"og:url\" content=\"https:\/\/anam.org.gt\/inicio\/capacitacion-en-baja-verapaz-fortalece-la-gestion-ambiental-y-administrativa-de-las-municipalidades\/\" \/>\n<meta property=\"og:site_name\" content=\"ANAM\" \/>\n<meta property=\"article:publisher\" content=\"https:\/\/www.facebook.com\/ANAMGuatemala.org.gt\" \/>\n<meta property=\"article:published_time\" content=\"2025-03-03T16:32:07+00:00\" \/>\n<meta property=\"article:modified_time\" content=\"2025-05-07T16:34:40+00:00\" \/>\n<meta property=\"og:image\" content=\"https:\/\/anam.org.gt\/inicio\/wp-content\/uploads\/2025\/05\/image-1-1024x683.png\" \/>\n\t<meta property=\"og:image:width\" content=\"1024\" \/>\n\t<meta property=\"og:image:height\" content=\"683\" \/>\n\t<meta property=\"og:image:type\" content=\"image\/png\" \/>\n<meta name=\"author\" content=\"admin\" \/>\n<meta name=\"twitter:card\" content=\"summary_large_image\" \/>\n<meta name=\"twitter:creator\" content=\"@ANAM_Guatemala\" \/>\n<meta name=\"twitter:site\" content=\"@ANAM_Guatemala\" \/>\n<meta name=\"twitter:label1\" content=\"Escrito por\" \/>\n\t<meta name=\"twitter:data1\" content=\"admin\" \/>\n\t<meta name=\"twitter:label2\" content=\"Tiempo de lectura\" \/>\n\t<meta name=\"twitter:data2\" content=\"1 minuto\" \/>\n<script type=\"application\/ld+json\" class=\"yoast-schema-graph\">{\"@context\":\"https:\/\/schema.org\",\"@graph\":[{\"@type\":\"Article\",\"@id\":\"https:\/\/anam.org.gt\/inicio\/capacitacion-en-baja-verapaz-fortalece-la-gestion-ambiental-y-administrativa-de-las-municipalidades\/#article\",\"isPartOf\":{\"@id\":\"https:\/\/anam.org.gt\/inicio\/capacitacion-en-baja-verapaz-fortalece-la-gestion-ambiental-y-administrativa-de-las-municipalidades\/\"},\"author\":{\"name\":\"admin\",\"@id\":\"https:\/\/anam.org.gt\/inicio\/#\/schema\/person\/568dcb3e3f73c87e66aedf646a399340\"},\"headline\":\"Capacitaci\u00f3n en Baja Verapaz fortalece la gesti\u00f3n ambiental y administrativa de las municipalidades\",\"datePublished\":\"2025-03-03T16:32:07+00:00\",\"dateModified\":\"2025-05-07T16:34:40+00:00\",\"mainEntityOfPage\":{\"@id\":\"https:\/\/anam.org.gt\/inicio\/capacitacion-en-baja-verapaz-fortalece-la-gestion-ambiental-y-administrativa-de-las-municipalidades\/\"},\"wordCount\":243,\"commentCount\":0,\"publisher\":{\"@id\":\"https:\/\/anam.org.gt\/inicio\/#organization\"},\"image\":{\"@id\":\"https:\/\/anam.org.gt\/inicio\/capacitacion-en-baja-verapaz-fortalece-la-gestion-ambiental-y-administrativa-de-las-municipalidades\/#primaryimage\"},\"thumbnailUrl\":\"https:\/\/anam.org.gt\/inicio\/wp-content\/uploads\/2025\/05\/image-1.png\",\"articleSection\":[\"ANAM\"],\"inLanguage\":\"es\",\"potentialAction\":[{\"@type\":\"CommentAction\",\"name\":\"Comment\",\"target\":[\"https:\/\/anam.org.gt\/inicio\/capacitacion-en-baja-verapaz-fortalece-la-gestion-ambiental-y-administrativa-de-las-municipalidades\/#respond\"]}]},{\"@type\":\"WebPage\",\"@id\":\"https:\/\/anam.org.gt\/inicio\/capacitacion-en-baja-verapaz-fortalece-la-gestion-ambiental-y-administrativa-de-las-municipalidades\/\",\"url\":\"https:\/\/anam.org.gt\/inicio\/capacitacion-en-baja-verapaz-fortalece-la-gestion-ambiental-y-administrativa-de-las-municipalidades\/\",\"name\":\"Capacitaci\u00f3n en Baja Verapaz fortalece la gesti\u00f3n ambiental y administrativa de las municipalidades - ANAM\",\"isPartOf\":{\"@id\":\"https:\/\/anam.org.gt\/inicio\/#website\"},\"primaryImageOfPage\":{\"@id\":\"https:\/\/anam.org.gt\/inicio\/capacitacion-en-baja-verapaz-fortalece-la-gestion-ambiental-y-administrativa-de-las-municipalidades\/#primaryimage\"},\"image\":{\"@id\":\"https:\/\/anam.org.gt\/inicio\/capacitacion-en-baja-verapaz-fortalece-la-gestion-ambiental-y-administrativa-de-las-municipalidades\/#primaryimage\"},\"thumbnailUrl\":\"https:\/\/anam.org.gt\/inicio\/wp-content\/uploads\/2025\/05\/image-1.png\",\"datePublished\":\"2025-03-03T16:32:07+00:00\",\"dateModified\":\"2025-05-07T16:34:40+00:00\",\"breadcrumb\":{\"@id\":\"https:\/\/anam.org.gt\/inicio\/capacitacion-en-baja-verapaz-fortalece-la-gestion-ambiental-y-administrativa-de-las-municipalidades\/#breadcrumb\"},\"inLanguage\":\"es\",\"potentialAction\":[{\"@type\":\"ReadAction\",\"target\":[\"https:\/\/anam.org.gt\/inicio\/capacitacion-en-baja-verapaz-fortalece-la-gestion-ambiental-y-administrativa-de-las-municipalidades\/\"]}]},{\"@type\":\"ImageObject\",\"inLanguage\":\"es\",\"@id\":\"https:\/\/anam.org.gt\/inicio\/capacitacion-en-baja-verapaz-fortalece-la-gestion-ambiental-y-administrativa-de-las-municipalidades\/#primaryimage\",\"url\":\"https:\/\/anam.org.gt\/inicio\/wp-content\/uploads\/2025\/05\/image-1.png\",\"contentUrl\":\"https:\/\/anam.org.gt\/inicio\/wp-content\/uploads\/2025\/05\/image-1.png\",\"width\":1440,\"height\":960},{\"@type\":\"BreadcrumbList\",\"@id\":\"https:\/\/anam.org.gt\/inicio\/capacitacion-en-baja-verapaz-fortalece-la-gestion-ambiental-y-administrativa-de-las-municipalidades\/#breadcrumb\",\"itemListElement\":[{\"@type\":\"ListItem\",\"position\":1,\"name\":\"Portada\",\"item\":\"https:\/\/anam.org.gt\/inicio\/\"},{\"@type\":\"ListItem\",\"position\":2,\"name\":\"Capacitaci\u00f3n en Baja Verapaz fortalece la gesti\u00f3n ambiental y administrativa de las municipalidades\"}]},{\"@type\":\"WebSite\",\"@id\":\"https:\/\/anam.org.gt\/inicio\/#website\",\"url\":\"https:\/\/anam.org.gt\/inicio\/\",\"name\":\"ANAM\",\"description\":\"Asociaci\u00f3n Nacional de Municipalidades de la Rep\u00fablica de Guatemala\",\"publisher\":{\"@id\":\"https:\/\/anam.org.gt\/inicio\/#organization\"},\"potentialAction\":[{\"@type\":\"SearchAction\",\"target\":{\"@type\":\"EntryPoint\",\"urlTemplate\":\"https:\/\/anam.org.gt\/inicio\/?s={search_term_string}\"},\"query-input\":{\"@type\":\"PropertyValueSpecification\",\"valueRequired\":true,\"valueName\":\"search_term_string\"}}],\"inLanguage\":\"es\"},{\"@type\":\"Organization\",\"@id\":\"https:\/\/anam.org.gt\/inicio\/#organization\",\"name\":\"Asociaci\u00f3n Nacional de Municipalidades de la Rep\u00fablica de Guatemala\",\"url\":\"https:\/\/anam.org.gt\/inicio\/\",\"logo\":{\"@type\":\"ImageObject\",\"inLanguage\":\"es\",\"@id\":\"https:\/\/anam.org.gt\/inicio\/#\/schema\/logo\/image\/\",\"url\":\"https:\/\/anam.org.gt\/inicio\/wp-content\/uploads\/2026\/02\/logo-anam-central-1.png\",\"contentUrl\":\"https:\/\/anam.org.gt\/inicio\/wp-content\/uploads\/2026\/02\/logo-anam-central-1.png\",\"width\":600,\"height\":280,\"caption\":\"Asociaci\u00f3n Nacional de Municipalidades de la Rep\u00fablica de Guatemala\"},\"image\":{\"@id\":\"https:\/\/anam.org.gt\/inicio\/#\/schema\/logo\/image\/\"},\"sameAs\":[\"https:\/\/www.facebook.com\/ANAMGuatemala.org.gt\",\"https:\/\/x.com\/ANAM_Guatemala\",\"https:\/\/www.instagram.com\/anam_guatemala\/?hl=es\"]},{\"@type\":\"Person\",\"@id\":\"https:\/\/anam.org.gt\/inicio\/#\/schema\/person\/568dcb3e3f73c87e66aedf646a399340\",\"name\":\"admin\",\"image\":{\"@type\":\"ImageObject\",\"inLanguage\":\"es\",\"@id\":\"https:\/\/anam.org.gt\/inicio\/#\/schema\/person\/image\/\",\"url\":\"https:\/\/secure.gravatar.com\/avatar\/e28deb147a21fce7c80709f121c112cdeff455f99e5227e39053d3fdbf557402?s=96&d=mm&r=g\",\"contentUrl\":\"https:\/\/secure.gravatar.com\/avatar\/e28deb147a21fce7c80709f121c112cdeff455f99e5227e39053d3fdbf557402?s=96&d=mm&r=g\",\"caption\":\"admin\"},\"url\":\"https:\/\/anam.org.gt\/inicio\/author\/admin\/\"}]}<\/script>\n<!-- \/ Yoast SEO plugin. -->","yoast_head_json":{"title":"Capacitaci\u00f3n en Baja Verapaz fortalece la gesti\u00f3n ambiental y administrativa de las municipalidades - ANAM","robots":{"index":"index","follow":"follow","max-snippet":"max-snippet:-1","max-image-preview":"max-image-preview:large","max-video-preview":"max-video-preview:-1"},"canonical":"https:\/\/anam.org.gt\/inicio\/capacitacion-en-baja-verapaz-fortalece-la-gestion-ambiental-y-administrativa-de-las-municipalidades\/","og_locale":"es_ES","og_type":"article","og_title":"Capacitaci\u00f3n en Baja Verapaz fortalece la gesti\u00f3n ambiental y administrativa de las municipalidades - ANAM","og_description":"El Director Ejecutivo de la Asociaci\u00f3n Nacional de Municipalidades (ANAM), Patric Gramajo Matsui, junto al equipo t\u00e9cnico de la instituci\u00f3n, lider\u00f3 una jornada de capacitaci\u00f3n dirigida a las municipalidades del departamento de Baja Verapaz. La formaci\u00f3n se enfoc\u00f3 en la Gesti\u00f3n Integral de Residuos y Desechos S\u00f3lidos, promoviendo pr\u00e1cticas responsables y sostenibles que contribuyan al [&hellip;]","og_url":"https:\/\/anam.org.gt\/inicio\/capacitacion-en-baja-verapaz-fortalece-la-gestion-ambiental-y-administrativa-de-las-municipalidades\/","og_site_name":"ANAM","article_publisher":"https:\/\/www.facebook.com\/ANAMGuatemala.org.gt","article_published_time":"2025-03-03T16:32:07+00:00","article_modified_time":"2025-05-07T16:34:40+00:00","og_image":[{"width":1024,"height":683,"url":"https:\/\/anam.org.gt\/inicio\/wp-content\/uploads\/2025\/05\/image-1-1024x683.png","type":"image\/png"}],"author":"admin","twitter_card":"summary_large_image","twitter_creator":"@ANAM_Guatemala","twitter_site":"@ANAM_Guatemala","twitter_misc":{"Escrito por":"admin","Tiempo de lectura":"1 minuto"},"schema":{"@context":"https:\/\/schema.org","@graph":[{"@type":"Article","@id":"https:\/\/anam.org.gt\/inicio\/capacitacion-en-baja-verapaz-fortalece-la-gestion-ambiental-y-administrativa-de-las-municipalidades\/#article","isPartOf":{"@id":"https:\/\/anam.org.gt\/inicio\/capacitacion-en-baja-verapaz-fortalece-la-gestion-ambiental-y-administrativa-de-las-municipalidades\/"},"author":{"name":"admin","@id":"https:\/\/anam.org.gt\/inicio\/#\/schema\/person\/568dcb3e3f73c87e66aedf646a399340"},"headline":"Capacitaci\u00f3n en Baja Verapaz fortalece la gesti\u00f3n ambiental y administrativa de las municipalidades","datePublished":"2025-03-03T16:32:07+00:00","dateModified":"2025-05-07T16:34:40+00:00","mainEntityOfPage":{"@id":"https:\/\/anam.org.gt\/inicio\/capacitacion-en-baja-verapaz-fortalece-la-gestion-ambiental-y-administrativa-de-las-municipalidades\/"},"wordCount":243,"commentCount":0,"publisher":{"@id":"https:\/\/anam.org.gt\/inicio\/#organization"},"image":{"@id":"https:\/\/anam.org.gt\/inicio\/capacitacion-en-baja-verapaz-fortalece-la-gestion-ambiental-y-administrativa-de-las-municipalidades\/#primaryimage"},"thumbnailUrl":"https:\/\/anam.org.gt\/inicio\/wp-content\/uploads\/2025\/05\/image-1.png","articleSection":["ANAM"],"inLanguage":"es","potentialAction":[{"@type":"CommentAction","name":"Comment","target":["https:\/\/anam.org.gt\/inicio\/capacitacion-en-baja-verapaz-fortalece-la-gestion-ambiental-y-administrativa-de-las-municipalidades\/#respond"]}]},{"@type":"WebPage","@id":"https:\/\/anam.org.gt\/inicio\/capacitacion-en-baja-verapaz-fortalece-la-gestion-ambiental-y-administrativa-de-las-municipalidades\/","url":"https:\/\/anam.org.gt\/inicio\/capacitacion-en-baja-verapaz-fortalece-la-gestion-ambiental-y-administrativa-de-las-municipalidades\/","name":"Capacitaci\u00f3n en Baja Verapaz fortalece la gesti\u00f3n ambiental y administrativa de las municipalidades - ANAM","isPartOf":{"@id":"https:\/\/anam.org.gt\/inicio\/#website"},"primaryImageOfPage":{"@id":"https:\/\/anam.org.gt\/inicio\/capacitacion-en-baja-verapaz-fortalece-la-gestion-ambiental-y-administrativa-de-las-municipalidades\/#primaryimage"},"image":{"@id":"https:\/\/anam.org.gt\/inicio\/capacitacion-en-baja-verapaz-fortalece-la-gestion-ambiental-y-administrativa-de-las-municipalidades\/#primaryimage"},"thumbnailUrl":"https:\/\/anam.org.gt\/inicio\/wp-content\/uploads\/2025\/05\/image-1.png","datePublished":"2025-03-03T16:32:07+00:00","dateModified":"2025-05-07T16:34:40+00:00","breadcrumb":{"@id":"https:\/\/anam.org.gt\/inicio\/capacitacion-en-baja-verapaz-fortalece-la-gestion-ambiental-y-administrativa-de-las-municipalidades\/#breadcrumb"},"inLanguage":"es","potentialAction":[{"@type":"ReadAction","target":["https:\/\/anam.org.gt\/inicio\/capacitacion-en-baja-verapaz-fortalece-la-gestion-ambiental-y-administrativa-de-las-municipalidades\/"]}]},{"@type":"ImageObject","inLanguage":"es","@id":"https:\/\/anam.org.gt\/inicio\/capacitacion-en-baja-verapaz-fortalece-la-gestion-ambiental-y-administrativa-de-las-municipalidades\/#primaryimage","url":"https:\/\/anam.org.gt\/inicio\/wp-content\/uploads\/2025\/05\/image-1.png","contentUrl":"https:\/\/anam.org.gt\/inicio\/wp-content\/uploads\/2025\/05\/image-1.png","width":1440,"height":960},{"@type":"BreadcrumbList","@id":"https:\/\/anam.org.gt\/inicio\/capacitacion-en-baja-verapaz-fortalece-la-gestion-ambiental-y-administrativa-de-las-municipalidades\/#breadcrumb","itemListElement":[{"@type":"ListItem","position":1,"name":"Portada","item":"https:\/\/anam.org.gt\/inicio\/"},{"@type":"ListItem","position":2,"name":"Capacitaci\u00f3n en Baja Verapaz fortalece la gesti\u00f3n ambiental y administrativa de las municipalidades"}]},{"@type":"WebSite","@id":"https:\/\/anam.org.gt\/inicio\/#website","url":"https:\/\/anam.org.gt\/inicio\/","name":"ANAM","description":"Asociaci\u00f3n Nacional de Municipalidades de la Rep\u00fablica de Guatemala","publisher":{"@id":"https:\/\/anam.org.gt\/inicio\/#organization"},"potentialAction":[{"@type":"SearchAction","target":{"@type":"EntryPoint","urlTemplate":"https:\/\/anam.org.gt\/inicio\/?s={search_term_string}"},"query-input":{"@type":"PropertyValueSpecification","valueRequired":true,"valueName":"search_term_string"}}],"inLanguage":"es"},{"@type":"Organization","@id":"https:\/\/anam.org.gt\/inicio\/#organization","name":"Asociaci\u00f3n Nacional de Municipalidades de la Rep\u00fablica de Guatemala","url":"https:\/\/anam.org.gt\/inicio\/","logo":{"@type":"ImageObject","inLanguage":"es","@id":"https:\/\/anam.org.gt\/inicio\/#\/schema\/logo\/image\/","url":"https:\/\/anam.org.gt\/inicio\/wp-content\/uploads\/2026\/02\/logo-anam-central-1.png","contentUrl":"https:\/\/anam.org.gt\/inicio\/wp-content\/uploads\/2026\/02\/logo-anam-central-1.png","width":600,"height":280,"caption":"Asociaci\u00f3n Nacional de Municipalidades de la Rep\u00fablica de Guatemala"},"image":{"@id":"https:\/\/anam.org.gt\/inicio\/#\/schema\/logo\/image\/"},"sameAs":["https:\/\/www.facebook.com\/ANAMGuatemala.org.gt","https:\/\/x.com\/ANAM_Guatemala","https:\/\/www.instagram.com\/anam_guatemala\/?hl=es"]},{"@type":"Person","@id":"https:\/\/anam.org.gt\/inicio\/#\/schema\/person\/568dcb3e3f73c87e66aedf646a399340","name":"admin","image":{"@type":"ImageObject","inLanguage":"es","@id":"https:\/\/anam.org.gt\/inicio\/#\/schema\/person\/image\/","url":"https:\/\/secure.gravatar.com\/avatar\/e28deb147a21fce7c80709f121c112cdeff455f99e5227e39053d3fdbf557402?s=96&d=mm&r=g","contentUrl":"https:\/\/secure.gravatar.com\/avatar\/e28deb147a21fce7c80709f121c112cdeff455f99e5227e39053d3fdbf557402?s=96&d=mm&r=g","caption":"admin"},"url":"https:\/\/anam.org.gt\/inicio\/author\/admin\/"}]}},"_links":{"self":[{"href":"https:\/\/anam.org.gt\/inicio\/wp-json\/wp\/v2\/posts\/3516","targetHints":{"allow":["GET"]}}],"collection":[{"href":"https:\/\/anam.org.gt\/inicio\/wp-json\/wp\/v2\/posts"}],"about":[{"href":"https:\/\/anam.org.gt\/inicio\/wp-json\/wp\/v2\/types\/post"}],"author":[{"embeddable":true,"href":"https:\/\/anam.org.gt\/inicio\/wp-json\/wp\/v2\/users\/4"}],"replies":[{"embeddable":true,"href":"https:\/\/anam.org.gt\/inicio\/wp-json\/wp\/v2\/comments?post=3516"}],"version-history":[{"count":2,"href":"https:\/\/anam.org.gt\/inicio\/wp-json\/wp\/v2\/posts\/3516\/revisions"}],"predecessor-version":[{"id":3519,"href":"https:\/\/anam.org.gt\/inicio\/wp-json\/wp\/v2\/posts\/3516\/revisions\/3519"}],"wp:featuredmedia":[{"embeddable":true,"href":"https:\/\/anam.org.gt\/inicio\/wp-json\/wp\/v2\/media\/3517"}],"wp:attachment":[{"href":"https:\/\/anam.org.gt\/inicio\/wp-json\/wp\/v2\/media?parent=3516"}],"wp:term":[{"taxonomy":"category","embeddable":true,"href":"https:\/\/anam.org.gt\/inicio\/wp-json\/wp\/v2\/categories?post=3516"},{"taxonomy":"post_tag","embeddable":true,"href":"https:\/\/anam.org.gt\/inicio\/wp-json\/wp\/v2\/tags?post=3516"}],"curies":[{"name":"wp","href":"https:\/\/api.w.org\/{rel}","templated":true}]}}