{"id":3521,"date":"2025-03-26T16:36:51","date_gmt":"2025-03-26T16:36:51","guid":{"rendered":"https:\/\/anam.org.gt\/inicio\/?p=3521"},"modified":"2025-05-07T16:47:35","modified_gmt":"2025-05-07T16:47:35","slug":"anam-participa-en-reunion-clave-con-la-comision-de-descentralizacion-y-desarrollo-del-congreso-para-impulsar-el-avance-de-proyectos-municipales","status":"publish","type":"post","link":"https:\/\/anam.org.gt\/inicio\/anam-participa-en-reunion-clave-con-la-comision-de-descentralizacion-y-desarrollo-del-congreso-para-impulsar-el-avance-de-proyectos-municipales\/","title":{"rendered":"ANAM participa en reuni\u00f3n clave con la Comisi\u00f3n de Descentralizaci\u00f3n y Desarrollo del Congreso para impulsar el avance de proyectos municipales"},"content":{"rendered":"<p>La Asociaci\u00f3n Nacional de Municipalidades (ANAM) particip\u00f3 activamente en una reuni\u00f3n convocada por la Comisi\u00f3n de Descentralizaci\u00f3n y Desarrollo del Congreso de la Rep\u00fablica de Guatemala, con el objetivo de abordar los cuellos de botella que obstaculizan la ejecuci\u00f3n de proyectos municipales a nivel nacional.<\/p><p>Durante la sesi\u00f3n, ANAM fue representada por su equipo t\u00e9cnico y por el alcalde Juan Carlos Carrillo Castro, jefe edil de Santa Mar\u00eda Chiquimula, Totonicap\u00e1n, y miembro de la Junta Directiva de la instituci\u00f3n. Ambos enfatizaron la necesidad urgente de agilizar los tr\u00e1mites en instituciones clave como Segeplan y diversos ministerios, cuya lentitud ha provocado la paralizaci\u00f3n de m\u00faltiples obras y programas esenciales en los territorios.<\/p><p>El aporte de ANAM fue fundamental para visibilizar la problem\u00e1tica desde la perspectiva de los gobiernos locales y plantear soluciones orientadas a una gesti\u00f3n p\u00fablica m\u00e1s eficiente, descentralizada y orientada al desarrollo territorial.<\/p><p><\/p>","protected":false},"excerpt":{"rendered":"<p>La Asociaci\u00f3n Nacional de Municipalidades (ANAM) particip\u00f3 activamente en una reuni\u00f3n convocada por la Comisi\u00f3n de Descentralizaci\u00f3n y Desarrollo del Congreso de la Rep\u00fablica de Guatemala, con el objetivo de abordar los cuellos de botella que obstaculizan la ejecuci\u00f3n de proyectos municipales a nivel nacional. Durante la sesi\u00f3n, ANAM fue representada por su equipo t\u00e9cnico [&hellip;]<\/p>\n","protected":false},"author":4,"featured_media":3534,"comment_status":"open","ping_status":"open","sticky":false,"template":"","format":"standard","meta":{"footnotes":""},"categories":[1],"tags":[],"class_list":["post-3521","post","type-post","status-publish","format-standard","has-post-thumbnail","hentry","category-anam"],"yoast_head":"<!-- This site is optimized with the Yoast SEO plugin v27.0 - https:\/\/yoast.com\/product\/yoast-seo-wordpress\/ -->\n<title>ANAM participa en reuni\u00f3n clave con la Comisi\u00f3n de Descentralizaci\u00f3n y Desarrollo del Congreso para impulsar el avance de proyectos municipales - ANAM<\/title>\n<meta name=\"robots\" content=\"index, follow, max-snippet:-1, max-image-preview:large, max-video-preview:-1\" \/>\n<link rel=\"canonical\" href=\"https:\/\/anam.org.gt\/inicio\/anam-participa-en-reunion-clave-con-la-comision-de-descentralizacion-y-desarrollo-del-congreso-para-impulsar-el-avance-de-proyectos-municipales\/\" \/>\n<meta property=\"og:locale\" content=\"es_ES\" \/>\n<meta property=\"og:type\" content=\"article\" \/>\n<meta property=\"og:title\" content=\"ANAM participa en reuni\u00f3n clave con la Comisi\u00f3n de Descentralizaci\u00f3n y Desarrollo del Congreso para impulsar el avance de proyectos municipales - ANAM\" \/>\n<meta property=\"og:description\" content=\"La Asociaci\u00f3n Nacional de Municipalidades (ANAM) particip\u00f3 activamente en una reuni\u00f3n convocada por la Comisi\u00f3n de Descentralizaci\u00f3n y Desarrollo del Congreso de la Rep\u00fablica de Guatemala, con el objetivo de abordar los cuellos de botella que obstaculizan la ejecuci\u00f3n de proyectos municipales a nivel nacional. Durante la sesi\u00f3n, ANAM fue representada por su equipo t\u00e9cnico [&hellip;]\" \/>\n<meta property=\"og:url\" content=\"https:\/\/anam.org.gt\/inicio\/anam-participa-en-reunion-clave-con-la-comision-de-descentralizacion-y-desarrollo-del-congreso-para-impulsar-el-avance-de-proyectos-municipales\/\" \/>\n<meta property=\"og:site_name\" content=\"ANAM\" \/>\n<meta property=\"article:publisher\" content=\"https:\/\/www.facebook.com\/ANAMGuatemala.org.gt\" \/>\n<meta property=\"article:published_time\" content=\"2025-03-26T16:36:51+00:00\" \/>\n<meta property=\"article:modified_time\" content=\"2025-05-07T16:47:35+00:00\" \/>\n<meta property=\"og:image\" content=\"https:\/\/anam.org.gt\/inicio\/wp-content\/uploads\/2025\/03\/image.png\" \/>\n\t<meta property=\"og:image:width\" content=\"1440\" \/>\n\t<meta property=\"og:image:height\" content=\"959\" \/>\n\t<meta property=\"og:image:type\" content=\"image\/png\" \/>\n<meta name=\"author\" content=\"admin\" \/>\n<meta name=\"twitter:card\" content=\"summary_large_image\" \/>\n<meta name=\"twitter:creator\" content=\"@ANAM_Guatemala\" \/>\n<meta name=\"twitter:site\" content=\"@ANAM_Guatemala\" \/>\n<meta name=\"twitter:label1\" content=\"Escrito por\" \/>\n\t<meta name=\"twitter:data1\" content=\"admin\" \/>\n\t<meta name=\"twitter:label2\" content=\"Tiempo de lectura\" \/>\n\t<meta name=\"twitter:data2\" content=\"1 minuto\" \/>\n<script type=\"application\/ld+json\" class=\"yoast-schema-graph\">{\"@context\":\"https:\/\/schema.org\",\"@graph\":[{\"@type\":\"Article\",\"@id\":\"https:\/\/anam.org.gt\/inicio\/anam-participa-en-reunion-clave-con-la-comision-de-descentralizacion-y-desarrollo-del-congreso-para-impulsar-el-avance-de-proyectos-municipales\/#article\",\"isPartOf\":{\"@id\":\"https:\/\/anam.org.gt\/inicio\/anam-participa-en-reunion-clave-con-la-comision-de-descentralizacion-y-desarrollo-del-congreso-para-impulsar-el-avance-de-proyectos-municipales\/\"},\"author\":{\"name\":\"admin\",\"@id\":\"https:\/\/anam.org.gt\/inicio\/#\/schema\/person\/568dcb3e3f73c87e66aedf646a399340\"},\"headline\":\"ANAM participa en reuni\u00f3n clave con la Comisi\u00f3n de Descentralizaci\u00f3n y Desarrollo del Congreso para impulsar el avance de proyectos municipales\",\"datePublished\":\"2025-03-26T16:36:51+00:00\",\"dateModified\":\"2025-05-07T16:47:35+00:00\",\"mainEntityOfPage\":{\"@id\":\"https:\/\/anam.org.gt\/inicio\/anam-participa-en-reunion-clave-con-la-comision-de-descentralizacion-y-desarrollo-del-congreso-para-impulsar-el-avance-de-proyectos-municipales\/\"},\"wordCount\":186,\"commentCount\":0,\"publisher\":{\"@id\":\"https:\/\/anam.org.gt\/inicio\/#organization\"},\"image\":{\"@id\":\"https:\/\/anam.org.gt\/inicio\/anam-participa-en-reunion-clave-con-la-comision-de-descentralizacion-y-desarrollo-del-congreso-para-impulsar-el-avance-de-proyectos-municipales\/#primaryimage\"},\"thumbnailUrl\":\"https:\/\/anam.org.gt\/inicio\/wp-content\/uploads\/2025\/03\/image.png\",\"articleSection\":[\"ANAM\"],\"inLanguage\":\"es\",\"potentialAction\":[{\"@type\":\"CommentAction\",\"name\":\"Comment\",\"target\":[\"https:\/\/anam.org.gt\/inicio\/anam-participa-en-reunion-clave-con-la-comision-de-descentralizacion-y-desarrollo-del-congreso-para-impulsar-el-avance-de-proyectos-municipales\/#respond\"]}]},{\"@type\":\"WebPage\",\"@id\":\"https:\/\/anam.org.gt\/inicio\/anam-participa-en-reunion-clave-con-la-comision-de-descentralizacion-y-desarrollo-del-congreso-para-impulsar-el-avance-de-proyectos-municipales\/\",\"url\":\"https:\/\/anam.org.gt\/inicio\/anam-participa-en-reunion-clave-con-la-comision-de-descentralizacion-y-desarrollo-del-congreso-para-impulsar-el-avance-de-proyectos-municipales\/\",\"name\":\"ANAM participa en reuni\u00f3n clave con la Comisi\u00f3n de Descentralizaci\u00f3n y Desarrollo del Congreso para impulsar el avance de proyectos municipales - ANAM\",\"isPartOf\":{\"@id\":\"https:\/\/anam.org.gt\/inicio\/#website\"},\"primaryImageOfPage\":{\"@id\":\"https:\/\/anam.org.gt\/inicio\/anam-participa-en-reunion-clave-con-la-comision-de-descentralizacion-y-desarrollo-del-congreso-para-impulsar-el-avance-de-proyectos-municipales\/#primaryimage\"},\"image\":{\"@id\":\"https:\/\/anam.org.gt\/inicio\/anam-participa-en-reunion-clave-con-la-comision-de-descentralizacion-y-desarrollo-del-congreso-para-impulsar-el-avance-de-proyectos-municipales\/#primaryimage\"},\"thumbnailUrl\":\"https:\/\/anam.org.gt\/inicio\/wp-content\/uploads\/2025\/03\/image.png\",\"datePublished\":\"2025-03-26T16:36:51+00:00\",\"dateModified\":\"2025-05-07T16:47:35+00:00\",\"breadcrumb\":{\"@id\":\"https:\/\/anam.org.gt\/inicio\/anam-participa-en-reunion-clave-con-la-comision-de-descentralizacion-y-desarrollo-del-congreso-para-impulsar-el-avance-de-proyectos-municipales\/#breadcrumb\"},\"inLanguage\":\"es\",\"potentialAction\":[{\"@type\":\"ReadAction\",\"target\":[\"https:\/\/anam.org.gt\/inicio\/anam-participa-en-reunion-clave-con-la-comision-de-descentralizacion-y-desarrollo-del-congreso-para-impulsar-el-avance-de-proyectos-municipales\/\"]}]},{\"@type\":\"ImageObject\",\"inLanguage\":\"es\",\"@id\":\"https:\/\/anam.org.gt\/inicio\/anam-participa-en-reunion-clave-con-la-comision-de-descentralizacion-y-desarrollo-del-congreso-para-impulsar-el-avance-de-proyectos-municipales\/#primaryimage\",\"url\":\"https:\/\/anam.org.gt\/inicio\/wp-content\/uploads\/2025\/03\/image.png\",\"contentUrl\":\"https:\/\/anam.org.gt\/inicio\/wp-content\/uploads\/2025\/03\/image.png\",\"width\":1440,\"height\":959},{\"@type\":\"BreadcrumbList\",\"@id\":\"https:\/\/anam.org.gt\/inicio\/anam-participa-en-reunion-clave-con-la-comision-de-descentralizacion-y-desarrollo-del-congreso-para-impulsar-el-avance-de-proyectos-municipales\/#breadcrumb\",\"itemListElement\":[{\"@type\":\"ListItem\",\"position\":1,\"name\":\"Portada\",\"item\":\"https:\/\/anam.org.gt\/inicio\/\"},{\"@type\":\"ListItem\",\"position\":2,\"name\":\"ANAM participa en reuni\u00f3n clave con la Comisi\u00f3n de Descentralizaci\u00f3n y Desarrollo del Congreso para impulsar el avance de proyectos municipales\"}]},{\"@type\":\"WebSite\",\"@id\":\"https:\/\/anam.org.gt\/inicio\/#website\",\"url\":\"https:\/\/anam.org.gt\/inicio\/\",\"name\":\"ANAM\",\"description\":\"Asociaci\u00f3n Nacional de Municipalidades de la Rep\u00fablica de Guatemala\",\"publisher\":{\"@id\":\"https:\/\/anam.org.gt\/inicio\/#organization\"},\"potentialAction\":[{\"@type\":\"SearchAction\",\"target\":{\"@type\":\"EntryPoint\",\"urlTemplate\":\"https:\/\/anam.org.gt\/inicio\/?s={search_term_string}\"},\"query-input\":{\"@type\":\"PropertyValueSpecification\",\"valueRequired\":true,\"valueName\":\"search_term_string\"}}],\"inLanguage\":\"es\"},{\"@type\":\"Organization\",\"@id\":\"https:\/\/anam.org.gt\/inicio\/#organization\",\"name\":\"Asociaci\u00f3n Nacional de Municipalidades de la Rep\u00fablica de Guatemala\",\"url\":\"https:\/\/anam.org.gt\/inicio\/\",\"logo\":{\"@type\":\"ImageObject\",\"inLanguage\":\"es\",\"@id\":\"https:\/\/anam.org.gt\/inicio\/#\/schema\/logo\/image\/\",\"url\":\"https:\/\/anam.org.gt\/inicio\/wp-content\/uploads\/2026\/02\/logo-anam-central-1.png\",\"contentUrl\":\"https:\/\/anam.org.gt\/inicio\/wp-content\/uploads\/2026\/02\/logo-anam-central-1.png\",\"width\":600,\"height\":280,\"caption\":\"Asociaci\u00f3n Nacional de Municipalidades de la Rep\u00fablica de Guatemala\"},\"image\":{\"@id\":\"https:\/\/anam.org.gt\/inicio\/#\/schema\/logo\/image\/\"},\"sameAs\":[\"https:\/\/www.facebook.com\/ANAMGuatemala.org.gt\",\"https:\/\/x.com\/ANAM_Guatemala\",\"https:\/\/www.instagram.com\/anam_guatemala\/?hl=es\"]},{\"@type\":\"Person\",\"@id\":\"https:\/\/anam.org.gt\/inicio\/#\/schema\/person\/568dcb3e3f73c87e66aedf646a399340\",\"name\":\"admin\",\"image\":{\"@type\":\"ImageObject\",\"inLanguage\":\"es\",\"@id\":\"https:\/\/anam.org.gt\/inicio\/#\/schema\/person\/image\/\",\"url\":\"https:\/\/secure.gravatar.com\/avatar\/e28deb147a21fce7c80709f121c112cdeff455f99e5227e39053d3fdbf557402?s=96&d=mm&r=g\",\"contentUrl\":\"https:\/\/secure.gravatar.com\/avatar\/e28deb147a21fce7c80709f121c112cdeff455f99e5227e39053d3fdbf557402?s=96&d=mm&r=g\",\"caption\":\"admin\"},\"url\":\"https:\/\/anam.org.gt\/inicio\/author\/admin\/\"}]}<\/script>\n<!-- \/ Yoast SEO plugin. -->","yoast_head_json":{"title":"ANAM participa en reuni\u00f3n clave con la Comisi\u00f3n de Descentralizaci\u00f3n y Desarrollo del Congreso para impulsar el avance de proyectos municipales - ANAM","robots":{"index":"index","follow":"follow","max-snippet":"max-snippet:-1","max-image-preview":"max-image-preview:large","max-video-preview":"max-video-preview:-1"},"canonical":"https:\/\/anam.org.gt\/inicio\/anam-participa-en-reunion-clave-con-la-comision-de-descentralizacion-y-desarrollo-del-congreso-para-impulsar-el-avance-de-proyectos-municipales\/","og_locale":"es_ES","og_type":"article","og_title":"ANAM participa en reuni\u00f3n clave con la Comisi\u00f3n de Descentralizaci\u00f3n y Desarrollo del Congreso para impulsar el avance de proyectos municipales - ANAM","og_description":"La Asociaci\u00f3n Nacional de Municipalidades (ANAM) particip\u00f3 activamente en una reuni\u00f3n convocada por la Comisi\u00f3n de Descentralizaci\u00f3n y Desarrollo del Congreso de la Rep\u00fablica de Guatemala, con el objetivo de abordar los cuellos de botella que obstaculizan la ejecuci\u00f3n de proyectos municipales a nivel nacional. Durante la sesi\u00f3n, ANAM fue representada por su equipo t\u00e9cnico [&hellip;]","og_url":"https:\/\/anam.org.gt\/inicio\/anam-participa-en-reunion-clave-con-la-comision-de-descentralizacion-y-desarrollo-del-congreso-para-impulsar-el-avance-de-proyectos-municipales\/","og_site_name":"ANAM","article_publisher":"https:\/\/www.facebook.com\/ANAMGuatemala.org.gt","article_published_time":"2025-03-26T16:36:51+00:00","article_modified_time":"2025-05-07T16:47:35+00:00","og_image":[{"width":1440,"height":959,"url":"https:\/\/anam.org.gt\/inicio\/wp-content\/uploads\/2025\/03\/image.png","type":"image\/png"}],"author":"admin","twitter_card":"summary_large_image","twitter_creator":"@ANAM_Guatemala","twitter_site":"@ANAM_Guatemala","twitter_misc":{"Escrito por":"admin","Tiempo de lectura":"1 minuto"},"schema":{"@context":"https:\/\/schema.org","@graph":[{"@type":"Article","@id":"https:\/\/anam.org.gt\/inicio\/anam-participa-en-reunion-clave-con-la-comision-de-descentralizacion-y-desarrollo-del-congreso-para-impulsar-el-avance-de-proyectos-municipales\/#article","isPartOf":{"@id":"https:\/\/anam.org.gt\/inicio\/anam-participa-en-reunion-clave-con-la-comision-de-descentralizacion-y-desarrollo-del-congreso-para-impulsar-el-avance-de-proyectos-municipales\/"},"author":{"name":"admin","@id":"https:\/\/anam.org.gt\/inicio\/#\/schema\/person\/568dcb3e3f73c87e66aedf646a399340"},"headline":"ANAM participa en reuni\u00f3n clave con la Comisi\u00f3n de Descentralizaci\u00f3n y Desarrollo del Congreso para impulsar el avance de proyectos municipales","datePublished":"2025-03-26T16:36:51+00:00","dateModified":"2025-05-07T16:47:35+00:00","mainEntityOfPage":{"@id":"https:\/\/anam.org.gt\/inicio\/anam-participa-en-reunion-clave-con-la-comision-de-descentralizacion-y-desarrollo-del-congreso-para-impulsar-el-avance-de-proyectos-municipales\/"},"wordCount":186,"commentCount":0,"publisher":{"@id":"https:\/\/anam.org.gt\/inicio\/#organization"},"image":{"@id":"https:\/\/anam.org.gt\/inicio\/anam-participa-en-reunion-clave-con-la-comision-de-descentralizacion-y-desarrollo-del-congreso-para-impulsar-el-avance-de-proyectos-municipales\/#primaryimage"},"thumbnailUrl":"https:\/\/anam.org.gt\/inicio\/wp-content\/uploads\/2025\/03\/image.png","articleSection":["ANAM"],"inLanguage":"es","potentialAction":[{"@type":"CommentAction","name":"Comment","target":["https:\/\/anam.org.gt\/inicio\/anam-participa-en-reunion-clave-con-la-comision-de-descentralizacion-y-desarrollo-del-congreso-para-impulsar-el-avance-de-proyectos-municipales\/#respond"]}]},{"@type":"WebPage","@id":"https:\/\/anam.org.gt\/inicio\/anam-participa-en-reunion-clave-con-la-comision-de-descentralizacion-y-desarrollo-del-congreso-para-impulsar-el-avance-de-proyectos-municipales\/","url":"https:\/\/anam.org.gt\/inicio\/anam-participa-en-reunion-clave-con-la-comision-de-descentralizacion-y-desarrollo-del-congreso-para-impulsar-el-avance-de-proyectos-municipales\/","name":"ANAM participa en reuni\u00f3n clave con la Comisi\u00f3n de Descentralizaci\u00f3n y Desarrollo del Congreso para impulsar el avance de proyectos municipales - ANAM","isPartOf":{"@id":"https:\/\/anam.org.gt\/inicio\/#website"},"primaryImageOfPage":{"@id":"https:\/\/anam.org.gt\/inicio\/anam-participa-en-reunion-clave-con-la-comision-de-descentralizacion-y-desarrollo-del-congreso-para-impulsar-el-avance-de-proyectos-municipales\/#primaryimage"},"image":{"@id":"https:\/\/anam.org.gt\/inicio\/anam-participa-en-reunion-clave-con-la-comision-de-descentralizacion-y-desarrollo-del-congreso-para-impulsar-el-avance-de-proyectos-municipales\/#primaryimage"},"thumbnailUrl":"https:\/\/anam.org.gt\/inicio\/wp-content\/uploads\/2025\/03\/image.png","datePublished":"2025-03-26T16:36:51+00:00","dateModified":"2025-05-07T16:47:35+00:00","breadcrumb":{"@id":"https:\/\/anam.org.gt\/inicio\/anam-participa-en-reunion-clave-con-la-comision-de-descentralizacion-y-desarrollo-del-congreso-para-impulsar-el-avance-de-proyectos-municipales\/#breadcrumb"},"inLanguage":"es","potentialAction":[{"@type":"ReadAction","target":["https:\/\/anam.org.gt\/inicio\/anam-participa-en-reunion-clave-con-la-comision-de-descentralizacion-y-desarrollo-del-congreso-para-impulsar-el-avance-de-proyectos-municipales\/"]}]},{"@type":"ImageObject","inLanguage":"es","@id":"https:\/\/anam.org.gt\/inicio\/anam-participa-en-reunion-clave-con-la-comision-de-descentralizacion-y-desarrollo-del-congreso-para-impulsar-el-avance-de-proyectos-municipales\/#primaryimage","url":"https:\/\/anam.org.gt\/inicio\/wp-content\/uploads\/2025\/03\/image.png","contentUrl":"https:\/\/anam.org.gt\/inicio\/wp-content\/uploads\/2025\/03\/image.png","width":1440,"height":959},{"@type":"BreadcrumbList","@id":"https:\/\/anam.org.gt\/inicio\/anam-participa-en-reunion-clave-con-la-comision-de-descentralizacion-y-desarrollo-del-congreso-para-impulsar-el-avance-de-proyectos-municipales\/#breadcrumb","itemListElement":[{"@type":"ListItem","position":1,"name":"Portada","item":"https:\/\/anam.org.gt\/inicio\/"},{"@type":"ListItem","position":2,"name":"ANAM participa en reuni\u00f3n clave con la Comisi\u00f3n de Descentralizaci\u00f3n y Desarrollo del Congreso para impulsar el avance de proyectos municipales"}]},{"@type":"WebSite","@id":"https:\/\/anam.org.gt\/inicio\/#website","url":"https:\/\/anam.org.gt\/inicio\/","name":"ANAM","description":"Asociaci\u00f3n Nacional de Municipalidades de la Rep\u00fablica de Guatemala","publisher":{"@id":"https:\/\/anam.org.gt\/inicio\/#organization"},"potentialAction":[{"@type":"SearchAction","target":{"@type":"EntryPoint","urlTemplate":"https:\/\/anam.org.gt\/inicio\/?s={search_term_string}"},"query-input":{"@type":"PropertyValueSpecification","valueRequired":true,"valueName":"search_term_string"}}],"inLanguage":"es"},{"@type":"Organization","@id":"https:\/\/anam.org.gt\/inicio\/#organization","name":"Asociaci\u00f3n Nacional de Municipalidades de la Rep\u00fablica de Guatemala","url":"https:\/\/anam.org.gt\/inicio\/","logo":{"@type":"ImageObject","inLanguage":"es","@id":"https:\/\/anam.org.gt\/inicio\/#\/schema\/logo\/image\/","url":"https:\/\/anam.org.gt\/inicio\/wp-content\/uploads\/2026\/02\/logo-anam-central-1.png","contentUrl":"https:\/\/anam.org.gt\/inicio\/wp-content\/uploads\/2026\/02\/logo-anam-central-1.png","width":600,"height":280,"caption":"Asociaci\u00f3n Nacional de Municipalidades de la Rep\u00fablica de Guatemala"},"image":{"@id":"https:\/\/anam.org.gt\/inicio\/#\/schema\/logo\/image\/"},"sameAs":["https:\/\/www.facebook.com\/ANAMGuatemala.org.gt","https:\/\/x.com\/ANAM_Guatemala","https:\/\/www.instagram.com\/anam_guatemala\/?hl=es"]},{"@type":"Person","@id":"https:\/\/anam.org.gt\/inicio\/#\/schema\/person\/568dcb3e3f73c87e66aedf646a399340","name":"admin","image":{"@type":"ImageObject","inLanguage":"es","@id":"https:\/\/anam.org.gt\/inicio\/#\/schema\/person\/image\/","url":"https:\/\/secure.gravatar.com\/avatar\/e28deb147a21fce7c80709f121c112cdeff455f99e5227e39053d3fdbf557402?s=96&d=mm&r=g","contentUrl":"https:\/\/secure.gravatar.com\/avatar\/e28deb147a21fce7c80709f121c112cdeff455f99e5227e39053d3fdbf557402?s=96&d=mm&r=g","caption":"admin"},"url":"https:\/\/anam.org.gt\/inicio\/author\/admin\/"}]}},"_links":{"self":[{"href":"https:\/\/anam.org.gt\/inicio\/wp-json\/wp\/v2\/posts\/3521","targetHints":{"allow":["GET"]}}],"collection":[{"href":"https:\/\/anam.org.gt\/inicio\/wp-json\/wp\/v2\/posts"}],"about":[{"href":"https:\/\/anam.org.gt\/inicio\/wp-json\/wp\/v2\/types\/post"}],"author":[{"embeddable":true,"href":"https:\/\/anam.org.gt\/inicio\/wp-json\/wp\/v2\/users\/4"}],"replies":[{"embeddable":true,"href":"https:\/\/anam.org.gt\/inicio\/wp-json\/wp\/v2\/comments?post=3521"}],"version-history":[{"count":1,"href":"https:\/\/anam.org.gt\/inicio\/wp-json\/wp\/v2\/posts\/3521\/revisions"}],"predecessor-version":[{"id":3523,"href":"https:\/\/anam.org.gt\/inicio\/wp-json\/wp\/v2\/posts\/3521\/revisions\/3523"}],"wp:featuredmedia":[{"embeddable":true,"href":"https:\/\/anam.org.gt\/inicio\/wp-json\/wp\/v2\/media\/3534"}],"wp:attachment":[{"href":"https:\/\/anam.org.gt\/inicio\/wp-json\/wp\/v2\/media?parent=3521"}],"wp:term":[{"taxonomy":"category","embeddable":true,"href":"https:\/\/anam.org.gt\/inicio\/wp-json\/wp\/v2\/categories?post=3521"},{"taxonomy":"post_tag","embeddable":true,"href":"https:\/\/anam.org.gt\/inicio\/wp-json\/wp\/v2\/tags?post=3521"}],"curies":[{"name":"wp","href":"https:\/\/api.w.org\/{rel}","templated":true}]}}