{"id":3524,"date":"2025-03-06T14:37:00","date_gmt":"2025-03-06T14:37:00","guid":{"rendered":"https:\/\/anam.org.gt\/inicio\/?p=3524"},"modified":"2025-05-07T16:40:05","modified_gmt":"2025-05-07T16:40:05","slug":"anam-adimam-e-infom-unen-esfuerzos-para-fortalecer-proyectos-de-agua-y-saneamiento-en-el-altiplano-marquense","status":"publish","type":"post","link":"https:\/\/anam.org.gt\/inicio\/anam-adimam-e-infom-unen-esfuerzos-para-fortalecer-proyectos-de-agua-y-saneamiento-en-el-altiplano-marquense\/","title":{"rendered":"ANAM, ADIMAM e INFOM unen esfuerzos para fortalecer proyectos de agua y saneamiento en el Altiplano Marquense"},"content":{"rendered":"<p>El Director Ejecutivo de la Asociaci\u00f3n Nacional de Municipalidades (ANAM), Patric Gramajo Matsui, sostuvo una importante reuni\u00f3n de trabajo con representantes de la Asociaci\u00f3n de Desarrollo Integral de Municipalidades del Altiplano Marquense (\ud835\uddd4\ud835\uddd7\ud835\udddc\ud835\udde0\ud835\uddd4\ud835\udde0) y el equipo t\u00e9cnico del Instituto de Fomento Municipal (\ud835\udddc\ud835\udde1\ud835\uddd9\ud835\udde2\ud835\udde0), con el objetivo de articular esfuerzos para impulsar proyectos estrat\u00e9gicos de agua y saneamiento en la regi\u00f3n.<\/p><p>Durante el encuentro, ANAM y ADIMAM plantearon la necesidad de contar con asesor\u00eda especializada y el respaldo de cooperantes nacionales e internacionales, con el fin de mejorar las condiciones de acceso al agua potable y fortalecer la infraestructura h\u00eddrica en los municipios del Altiplano.<\/p><p>En respuesta, el \ud835\udddc\ud835\udde1\ud835\uddd9\ud835\udde2\ud835\udde0 puso a disposici\u00f3n de las municipalidades una serie de servicios t\u00e9cnicos y financieros que incluyen:<\/p><p>An\u00e1lisis de calidad de agua,<\/p><p>Estudios hidrogeol\u00f3gicos,<\/p><p>Formulaci\u00f3n de proyectos de preinversi\u00f3n,<\/p><p>Mantenimiento de pozos y sistemas de agua existentes,<\/p><p>Acceso a l\u00edneas de cr\u00e9dito espec\u00edficas para proyectos municipales.<\/p><p>Esta articulaci\u00f3n interinstitucional busca fortalecer la gesti\u00f3n municipal, optimizar los recursos h\u00eddricos y garantizar servicios b\u00e1sicos esenciales que impacten positivamente en la salud y calidad de vida de los habitantes del Altiplano Marquense.<\/p>","protected":false},"excerpt":{"rendered":"<p>El Director Ejecutivo de la Asociaci\u00f3n Nacional de Municipalidades (ANAM), Patric Gramajo Matsui, sostuvo una importante reuni\u00f3n de trabajo con representantes de la Asociaci\u00f3n de Desarrollo Integral de Municipalidades del Altiplano Marquense (\ud835\uddd4\ud835\uddd7\ud835\udddc\ud835\udde0\ud835\uddd4\ud835\udde0) y el equipo t\u00e9cnico del Instituto de Fomento Municipal (\ud835\udddc\ud835\udde1\ud835\uddd9\ud835\udde2\ud835\udde0), con el objetivo de articular esfuerzos para impulsar proyectos estrat\u00e9gicos de agua [&hellip;]<\/p>\n","protected":false},"author":4,"featured_media":3525,"comment_status":"open","ping_status":"open","sticky":false,"template":"","format":"standard","meta":{"footnotes":""},"categories":[1],"tags":[],"class_list":["post-3524","post","type-post","status-publish","format-standard","has-post-thumbnail","hentry","category-anam"],"yoast_head":"<!-- This site is optimized with the Yoast SEO plugin v27.0 - https:\/\/yoast.com\/product\/yoast-seo-wordpress\/ -->\n<title>ANAM, ADIMAM e INFOM unen esfuerzos para fortalecer proyectos de agua y saneamiento en el Altiplano Marquense - ANAM<\/title>\n<meta name=\"robots\" content=\"index, follow, max-snippet:-1, max-image-preview:large, max-video-preview:-1\" \/>\n<link rel=\"canonical\" href=\"https:\/\/anam.org.gt\/inicio\/anam-adimam-e-infom-unen-esfuerzos-para-fortalecer-proyectos-de-agua-y-saneamiento-en-el-altiplano-marquense\/\" \/>\n<meta property=\"og:locale\" content=\"es_ES\" \/>\n<meta property=\"og:type\" content=\"article\" \/>\n<meta property=\"og:title\" content=\"ANAM, ADIMAM e INFOM unen esfuerzos para fortalecer proyectos de agua y saneamiento en el Altiplano Marquense - ANAM\" \/>\n<meta property=\"og:description\" content=\"El Director Ejecutivo de la Asociaci\u00f3n Nacional de Municipalidades (ANAM), Patric Gramajo Matsui, sostuvo una importante reuni\u00f3n de trabajo con representantes de la Asociaci\u00f3n de Desarrollo Integral de Municipalidades del Altiplano Marquense (\ud835\uddd4\ud835\uddd7\ud835\udddc\ud835\udde0\ud835\uddd4\ud835\udde0) y el equipo t\u00e9cnico del Instituto de Fomento Municipal (\ud835\udddc\ud835\udde1\ud835\uddd9\ud835\udde2\ud835\udde0), con el objetivo de articular esfuerzos para impulsar proyectos estrat\u00e9gicos de agua [&hellip;]\" \/>\n<meta property=\"og:url\" content=\"https:\/\/anam.org.gt\/inicio\/anam-adimam-e-infom-unen-esfuerzos-para-fortalecer-proyectos-de-agua-y-saneamiento-en-el-altiplano-marquense\/\" \/>\n<meta property=\"og:site_name\" content=\"ANAM\" \/>\n<meta property=\"article:publisher\" content=\"https:\/\/www.facebook.com\/ANAMGuatemala.org.gt\" \/>\n<meta property=\"article:published_time\" content=\"2025-03-06T14:37:00+00:00\" \/>\n<meta property=\"article:modified_time\" content=\"2025-05-07T16:40:05+00:00\" \/>\n<meta property=\"og:image\" content=\"https:\/\/anam.org.gt\/inicio\/wp-content\/uploads\/2025\/05\/image-3.png\" \/>\n\t<meta property=\"og:image:width\" content=\"1440\" \/>\n\t<meta property=\"og:image:height\" content=\"960\" \/>\n\t<meta property=\"og:image:type\" content=\"image\/png\" \/>\n<meta name=\"author\" content=\"admin\" \/>\n<meta name=\"twitter:card\" content=\"summary_large_image\" \/>\n<meta name=\"twitter:creator\" content=\"@ANAM_Guatemala\" \/>\n<meta name=\"twitter:site\" content=\"@ANAM_Guatemala\" \/>\n<meta name=\"twitter:label1\" content=\"Escrito por\" \/>\n\t<meta name=\"twitter:data1\" content=\"admin\" \/>\n\t<meta name=\"twitter:label2\" content=\"Tiempo de lectura\" \/>\n\t<meta name=\"twitter:data2\" content=\"1 minuto\" \/>\n<script type=\"application\/ld+json\" class=\"yoast-schema-graph\">{\"@context\":\"https:\/\/schema.org\",\"@graph\":[{\"@type\":\"Article\",\"@id\":\"https:\/\/anam.org.gt\/inicio\/anam-adimam-e-infom-unen-esfuerzos-para-fortalecer-proyectos-de-agua-y-saneamiento-en-el-altiplano-marquense\/#article\",\"isPartOf\":{\"@id\":\"https:\/\/anam.org.gt\/inicio\/anam-adimam-e-infom-unen-esfuerzos-para-fortalecer-proyectos-de-agua-y-saneamiento-en-el-altiplano-marquense\/\"},\"author\":{\"name\":\"admin\",\"@id\":\"https:\/\/anam.org.gt\/inicio\/#\/schema\/person\/568dcb3e3f73c87e66aedf646a399340\"},\"headline\":\"ANAM, ADIMAM e INFOM unen esfuerzos para fortalecer proyectos de agua y saneamiento en el Altiplano Marquense\",\"datePublished\":\"2025-03-06T14:37:00+00:00\",\"dateModified\":\"2025-05-07T16:40:05+00:00\",\"mainEntityOfPage\":{\"@id\":\"https:\/\/anam.org.gt\/inicio\/anam-adimam-e-infom-unen-esfuerzos-para-fortalecer-proyectos-de-agua-y-saneamiento-en-el-altiplano-marquense\/\"},\"wordCount\":220,\"commentCount\":0,\"publisher\":{\"@id\":\"https:\/\/anam.org.gt\/inicio\/#organization\"},\"image\":{\"@id\":\"https:\/\/anam.org.gt\/inicio\/anam-adimam-e-infom-unen-esfuerzos-para-fortalecer-proyectos-de-agua-y-saneamiento-en-el-altiplano-marquense\/#primaryimage\"},\"thumbnailUrl\":\"https:\/\/anam.org.gt\/inicio\/wp-content\/uploads\/2025\/05\/image-3.png\",\"articleSection\":[\"ANAM\"],\"inLanguage\":\"es\",\"potentialAction\":[{\"@type\":\"CommentAction\",\"name\":\"Comment\",\"target\":[\"https:\/\/anam.org.gt\/inicio\/anam-adimam-e-infom-unen-esfuerzos-para-fortalecer-proyectos-de-agua-y-saneamiento-en-el-altiplano-marquense\/#respond\"]}]},{\"@type\":\"WebPage\",\"@id\":\"https:\/\/anam.org.gt\/inicio\/anam-adimam-e-infom-unen-esfuerzos-para-fortalecer-proyectos-de-agua-y-saneamiento-en-el-altiplano-marquense\/\",\"url\":\"https:\/\/anam.org.gt\/inicio\/anam-adimam-e-infom-unen-esfuerzos-para-fortalecer-proyectos-de-agua-y-saneamiento-en-el-altiplano-marquense\/\",\"name\":\"ANAM, ADIMAM e INFOM unen esfuerzos para fortalecer proyectos de agua y saneamiento en el Altiplano Marquense - ANAM\",\"isPartOf\":{\"@id\":\"https:\/\/anam.org.gt\/inicio\/#website\"},\"primaryImageOfPage\":{\"@id\":\"https:\/\/anam.org.gt\/inicio\/anam-adimam-e-infom-unen-esfuerzos-para-fortalecer-proyectos-de-agua-y-saneamiento-en-el-altiplano-marquense\/#primaryimage\"},\"image\":{\"@id\":\"https:\/\/anam.org.gt\/inicio\/anam-adimam-e-infom-unen-esfuerzos-para-fortalecer-proyectos-de-agua-y-saneamiento-en-el-altiplano-marquense\/#primaryimage\"},\"thumbnailUrl\":\"https:\/\/anam.org.gt\/inicio\/wp-content\/uploads\/2025\/05\/image-3.png\",\"datePublished\":\"2025-03-06T14:37:00+00:00\",\"dateModified\":\"2025-05-07T16:40:05+00:00\",\"breadcrumb\":{\"@id\":\"https:\/\/anam.org.gt\/inicio\/anam-adimam-e-infom-unen-esfuerzos-para-fortalecer-proyectos-de-agua-y-saneamiento-en-el-altiplano-marquense\/#breadcrumb\"},\"inLanguage\":\"es\",\"potentialAction\":[{\"@type\":\"ReadAction\",\"target\":[\"https:\/\/anam.org.gt\/inicio\/anam-adimam-e-infom-unen-esfuerzos-para-fortalecer-proyectos-de-agua-y-saneamiento-en-el-altiplano-marquense\/\"]}]},{\"@type\":\"ImageObject\",\"inLanguage\":\"es\",\"@id\":\"https:\/\/anam.org.gt\/inicio\/anam-adimam-e-infom-unen-esfuerzos-para-fortalecer-proyectos-de-agua-y-saneamiento-en-el-altiplano-marquense\/#primaryimage\",\"url\":\"https:\/\/anam.org.gt\/inicio\/wp-content\/uploads\/2025\/05\/image-3.png\",\"contentUrl\":\"https:\/\/anam.org.gt\/inicio\/wp-content\/uploads\/2025\/05\/image-3.png\",\"width\":1440,\"height\":960},{\"@type\":\"BreadcrumbList\",\"@id\":\"https:\/\/anam.org.gt\/inicio\/anam-adimam-e-infom-unen-esfuerzos-para-fortalecer-proyectos-de-agua-y-saneamiento-en-el-altiplano-marquense\/#breadcrumb\",\"itemListElement\":[{\"@type\":\"ListItem\",\"position\":1,\"name\":\"Portada\",\"item\":\"https:\/\/anam.org.gt\/inicio\/\"},{\"@type\":\"ListItem\",\"position\":2,\"name\":\"ANAM, ADIMAM e INFOM unen esfuerzos para fortalecer proyectos de agua y saneamiento en el Altiplano Marquense\"}]},{\"@type\":\"WebSite\",\"@id\":\"https:\/\/anam.org.gt\/inicio\/#website\",\"url\":\"https:\/\/anam.org.gt\/inicio\/\",\"name\":\"ANAM\",\"description\":\"Asociaci\u00f3n Nacional de Municipalidades de la Rep\u00fablica de Guatemala\",\"publisher\":{\"@id\":\"https:\/\/anam.org.gt\/inicio\/#organization\"},\"potentialAction\":[{\"@type\":\"SearchAction\",\"target\":{\"@type\":\"EntryPoint\",\"urlTemplate\":\"https:\/\/anam.org.gt\/inicio\/?s={search_term_string}\"},\"query-input\":{\"@type\":\"PropertyValueSpecification\",\"valueRequired\":true,\"valueName\":\"search_term_string\"}}],\"inLanguage\":\"es\"},{\"@type\":\"Organization\",\"@id\":\"https:\/\/anam.org.gt\/inicio\/#organization\",\"name\":\"Asociaci\u00f3n Nacional de Municipalidades de la Rep\u00fablica de Guatemala\",\"url\":\"https:\/\/anam.org.gt\/inicio\/\",\"logo\":{\"@type\":\"ImageObject\",\"inLanguage\":\"es\",\"@id\":\"https:\/\/anam.org.gt\/inicio\/#\/schema\/logo\/image\/\",\"url\":\"https:\/\/anam.org.gt\/inicio\/wp-content\/uploads\/2026\/02\/logo-anam-central-1.png\",\"contentUrl\":\"https:\/\/anam.org.gt\/inicio\/wp-content\/uploads\/2026\/02\/logo-anam-central-1.png\",\"width\":600,\"height\":280,\"caption\":\"Asociaci\u00f3n Nacional de Municipalidades de la Rep\u00fablica de Guatemala\"},\"image\":{\"@id\":\"https:\/\/anam.org.gt\/inicio\/#\/schema\/logo\/image\/\"},\"sameAs\":[\"https:\/\/www.facebook.com\/ANAMGuatemala.org.gt\",\"https:\/\/x.com\/ANAM_Guatemala\",\"https:\/\/www.instagram.com\/anam_guatemala\/?hl=es\"]},{\"@type\":\"Person\",\"@id\":\"https:\/\/anam.org.gt\/inicio\/#\/schema\/person\/568dcb3e3f73c87e66aedf646a399340\",\"name\":\"admin\",\"image\":{\"@type\":\"ImageObject\",\"inLanguage\":\"es\",\"@id\":\"https:\/\/anam.org.gt\/inicio\/#\/schema\/person\/image\/\",\"url\":\"https:\/\/secure.gravatar.com\/avatar\/e28deb147a21fce7c80709f121c112cdeff455f99e5227e39053d3fdbf557402?s=96&d=mm&r=g\",\"contentUrl\":\"https:\/\/secure.gravatar.com\/avatar\/e28deb147a21fce7c80709f121c112cdeff455f99e5227e39053d3fdbf557402?s=96&d=mm&r=g\",\"caption\":\"admin\"},\"url\":\"https:\/\/anam.org.gt\/inicio\/author\/admin\/\"}]}<\/script>\n<!-- \/ Yoast SEO plugin. -->","yoast_head_json":{"title":"ANAM, ADIMAM e INFOM unen esfuerzos para fortalecer proyectos de agua y saneamiento en el Altiplano Marquense - ANAM","robots":{"index":"index","follow":"follow","max-snippet":"max-snippet:-1","max-image-preview":"max-image-preview:large","max-video-preview":"max-video-preview:-1"},"canonical":"https:\/\/anam.org.gt\/inicio\/anam-adimam-e-infom-unen-esfuerzos-para-fortalecer-proyectos-de-agua-y-saneamiento-en-el-altiplano-marquense\/","og_locale":"es_ES","og_type":"article","og_title":"ANAM, ADIMAM e INFOM unen esfuerzos para fortalecer proyectos de agua y saneamiento en el Altiplano Marquense - ANAM","og_description":"El Director Ejecutivo de la Asociaci\u00f3n Nacional de Municipalidades (ANAM), Patric Gramajo Matsui, sostuvo una importante reuni\u00f3n de trabajo con representantes de la Asociaci\u00f3n de Desarrollo Integral de Municipalidades del Altiplano Marquense (\ud835\uddd4\ud835\uddd7\ud835\udddc\ud835\udde0\ud835\uddd4\ud835\udde0) y el equipo t\u00e9cnico del Instituto de Fomento Municipal (\ud835\udddc\ud835\udde1\ud835\uddd9\ud835\udde2\ud835\udde0), con el objetivo de articular esfuerzos para impulsar proyectos estrat\u00e9gicos de agua [&hellip;]","og_url":"https:\/\/anam.org.gt\/inicio\/anam-adimam-e-infom-unen-esfuerzos-para-fortalecer-proyectos-de-agua-y-saneamiento-en-el-altiplano-marquense\/","og_site_name":"ANAM","article_publisher":"https:\/\/www.facebook.com\/ANAMGuatemala.org.gt","article_published_time":"2025-03-06T14:37:00+00:00","article_modified_time":"2025-05-07T16:40:05+00:00","og_image":[{"width":1440,"height":960,"url":"https:\/\/anam.org.gt\/inicio\/wp-content\/uploads\/2025\/05\/image-3.png","type":"image\/png"}],"author":"admin","twitter_card":"summary_large_image","twitter_creator":"@ANAM_Guatemala","twitter_site":"@ANAM_Guatemala","twitter_misc":{"Escrito por":"admin","Tiempo de lectura":"1 minuto"},"schema":{"@context":"https:\/\/schema.org","@graph":[{"@type":"Article","@id":"https:\/\/anam.org.gt\/inicio\/anam-adimam-e-infom-unen-esfuerzos-para-fortalecer-proyectos-de-agua-y-saneamiento-en-el-altiplano-marquense\/#article","isPartOf":{"@id":"https:\/\/anam.org.gt\/inicio\/anam-adimam-e-infom-unen-esfuerzos-para-fortalecer-proyectos-de-agua-y-saneamiento-en-el-altiplano-marquense\/"},"author":{"name":"admin","@id":"https:\/\/anam.org.gt\/inicio\/#\/schema\/person\/568dcb3e3f73c87e66aedf646a399340"},"headline":"ANAM, ADIMAM e INFOM unen esfuerzos para fortalecer proyectos de agua y saneamiento en el Altiplano Marquense","datePublished":"2025-03-06T14:37:00+00:00","dateModified":"2025-05-07T16:40:05+00:00","mainEntityOfPage":{"@id":"https:\/\/anam.org.gt\/inicio\/anam-adimam-e-infom-unen-esfuerzos-para-fortalecer-proyectos-de-agua-y-saneamiento-en-el-altiplano-marquense\/"},"wordCount":220,"commentCount":0,"publisher":{"@id":"https:\/\/anam.org.gt\/inicio\/#organization"},"image":{"@id":"https:\/\/anam.org.gt\/inicio\/anam-adimam-e-infom-unen-esfuerzos-para-fortalecer-proyectos-de-agua-y-saneamiento-en-el-altiplano-marquense\/#primaryimage"},"thumbnailUrl":"https:\/\/anam.org.gt\/inicio\/wp-content\/uploads\/2025\/05\/image-3.png","articleSection":["ANAM"],"inLanguage":"es","potentialAction":[{"@type":"CommentAction","name":"Comment","target":["https:\/\/anam.org.gt\/inicio\/anam-adimam-e-infom-unen-esfuerzos-para-fortalecer-proyectos-de-agua-y-saneamiento-en-el-altiplano-marquense\/#respond"]}]},{"@type":"WebPage","@id":"https:\/\/anam.org.gt\/inicio\/anam-adimam-e-infom-unen-esfuerzos-para-fortalecer-proyectos-de-agua-y-saneamiento-en-el-altiplano-marquense\/","url":"https:\/\/anam.org.gt\/inicio\/anam-adimam-e-infom-unen-esfuerzos-para-fortalecer-proyectos-de-agua-y-saneamiento-en-el-altiplano-marquense\/","name":"ANAM, ADIMAM e INFOM unen esfuerzos para fortalecer proyectos de agua y saneamiento en el Altiplano Marquense - ANAM","isPartOf":{"@id":"https:\/\/anam.org.gt\/inicio\/#website"},"primaryImageOfPage":{"@id":"https:\/\/anam.org.gt\/inicio\/anam-adimam-e-infom-unen-esfuerzos-para-fortalecer-proyectos-de-agua-y-saneamiento-en-el-altiplano-marquense\/#primaryimage"},"image":{"@id":"https:\/\/anam.org.gt\/inicio\/anam-adimam-e-infom-unen-esfuerzos-para-fortalecer-proyectos-de-agua-y-saneamiento-en-el-altiplano-marquense\/#primaryimage"},"thumbnailUrl":"https:\/\/anam.org.gt\/inicio\/wp-content\/uploads\/2025\/05\/image-3.png","datePublished":"2025-03-06T14:37:00+00:00","dateModified":"2025-05-07T16:40:05+00:00","breadcrumb":{"@id":"https:\/\/anam.org.gt\/inicio\/anam-adimam-e-infom-unen-esfuerzos-para-fortalecer-proyectos-de-agua-y-saneamiento-en-el-altiplano-marquense\/#breadcrumb"},"inLanguage":"es","potentialAction":[{"@type":"ReadAction","target":["https:\/\/anam.org.gt\/inicio\/anam-adimam-e-infom-unen-esfuerzos-para-fortalecer-proyectos-de-agua-y-saneamiento-en-el-altiplano-marquense\/"]}]},{"@type":"ImageObject","inLanguage":"es","@id":"https:\/\/anam.org.gt\/inicio\/anam-adimam-e-infom-unen-esfuerzos-para-fortalecer-proyectos-de-agua-y-saneamiento-en-el-altiplano-marquense\/#primaryimage","url":"https:\/\/anam.org.gt\/inicio\/wp-content\/uploads\/2025\/05\/image-3.png","contentUrl":"https:\/\/anam.org.gt\/inicio\/wp-content\/uploads\/2025\/05\/image-3.png","width":1440,"height":960},{"@type":"BreadcrumbList","@id":"https:\/\/anam.org.gt\/inicio\/anam-adimam-e-infom-unen-esfuerzos-para-fortalecer-proyectos-de-agua-y-saneamiento-en-el-altiplano-marquense\/#breadcrumb","itemListElement":[{"@type":"ListItem","position":1,"name":"Portada","item":"https:\/\/anam.org.gt\/inicio\/"},{"@type":"ListItem","position":2,"name":"ANAM, ADIMAM e INFOM unen esfuerzos para fortalecer proyectos de agua y saneamiento en el Altiplano Marquense"}]},{"@type":"WebSite","@id":"https:\/\/anam.org.gt\/inicio\/#website","url":"https:\/\/anam.org.gt\/inicio\/","name":"ANAM","description":"Asociaci\u00f3n Nacional de Municipalidades de la Rep\u00fablica de Guatemala","publisher":{"@id":"https:\/\/anam.org.gt\/inicio\/#organization"},"potentialAction":[{"@type":"SearchAction","target":{"@type":"EntryPoint","urlTemplate":"https:\/\/anam.org.gt\/inicio\/?s={search_term_string}"},"query-input":{"@type":"PropertyValueSpecification","valueRequired":true,"valueName":"search_term_string"}}],"inLanguage":"es"},{"@type":"Organization","@id":"https:\/\/anam.org.gt\/inicio\/#organization","name":"Asociaci\u00f3n Nacional de Municipalidades de la Rep\u00fablica de Guatemala","url":"https:\/\/anam.org.gt\/inicio\/","logo":{"@type":"ImageObject","inLanguage":"es","@id":"https:\/\/anam.org.gt\/inicio\/#\/schema\/logo\/image\/","url":"https:\/\/anam.org.gt\/inicio\/wp-content\/uploads\/2026\/02\/logo-anam-central-1.png","contentUrl":"https:\/\/anam.org.gt\/inicio\/wp-content\/uploads\/2026\/02\/logo-anam-central-1.png","width":600,"height":280,"caption":"Asociaci\u00f3n Nacional de Municipalidades de la Rep\u00fablica de Guatemala"},"image":{"@id":"https:\/\/anam.org.gt\/inicio\/#\/schema\/logo\/image\/"},"sameAs":["https:\/\/www.facebook.com\/ANAMGuatemala.org.gt","https:\/\/x.com\/ANAM_Guatemala","https:\/\/www.instagram.com\/anam_guatemala\/?hl=es"]},{"@type":"Person","@id":"https:\/\/anam.org.gt\/inicio\/#\/schema\/person\/568dcb3e3f73c87e66aedf646a399340","name":"admin","image":{"@type":"ImageObject","inLanguage":"es","@id":"https:\/\/anam.org.gt\/inicio\/#\/schema\/person\/image\/","url":"https:\/\/secure.gravatar.com\/avatar\/e28deb147a21fce7c80709f121c112cdeff455f99e5227e39053d3fdbf557402?s=96&d=mm&r=g","contentUrl":"https:\/\/secure.gravatar.com\/avatar\/e28deb147a21fce7c80709f121c112cdeff455f99e5227e39053d3fdbf557402?s=96&d=mm&r=g","caption":"admin"},"url":"https:\/\/anam.org.gt\/inicio\/author\/admin\/"}]}},"_links":{"self":[{"href":"https:\/\/anam.org.gt\/inicio\/wp-json\/wp\/v2\/posts\/3524","targetHints":{"allow":["GET"]}}],"collection":[{"href":"https:\/\/anam.org.gt\/inicio\/wp-json\/wp\/v2\/posts"}],"about":[{"href":"https:\/\/anam.org.gt\/inicio\/wp-json\/wp\/v2\/types\/post"}],"author":[{"embeddable":true,"href":"https:\/\/anam.org.gt\/inicio\/wp-json\/wp\/v2\/users\/4"}],"replies":[{"embeddable":true,"href":"https:\/\/anam.org.gt\/inicio\/wp-json\/wp\/v2\/comments?post=3524"}],"version-history":[{"count":1,"href":"https:\/\/anam.org.gt\/inicio\/wp-json\/wp\/v2\/posts\/3524\/revisions"}],"predecessor-version":[{"id":3526,"href":"https:\/\/anam.org.gt\/inicio\/wp-json\/wp\/v2\/posts\/3524\/revisions\/3526"}],"wp:featuredmedia":[{"embeddable":true,"href":"https:\/\/anam.org.gt\/inicio\/wp-json\/wp\/v2\/media\/3525"}],"wp:attachment":[{"href":"https:\/\/anam.org.gt\/inicio\/wp-json\/wp\/v2\/media?parent=3524"}],"wp:term":[{"taxonomy":"category","embeddable":true,"href":"https:\/\/anam.org.gt\/inicio\/wp-json\/wp\/v2\/categories?post=3524"},{"taxonomy":"post_tag","embeddable":true,"href":"https:\/\/anam.org.gt\/inicio\/wp-json\/wp\/v2\/tags?post=3524"}],"curies":[{"name":"wp","href":"https:\/\/api.w.org\/{rel}","templated":true}]}}