{"id":3527,"date":"2025-03-06T16:40:41","date_gmt":"2025-03-06T16:40:41","guid":{"rendered":"https:\/\/anam.org.gt\/inicio\/?p=3527"},"modified":"2025-05-07T16:42:41","modified_gmt":"2025-05-07T16:42:41","slug":"el-presidente-de-anam-se-reune-con-alcaldes-de-quiche-para-trazar-ruta-conjunta-de-trabajo-en-2025","status":"publish","type":"post","link":"https:\/\/anam.org.gt\/inicio\/el-presidente-de-anam-se-reune-con-alcaldes-de-quiche-para-trazar-ruta-conjunta-de-trabajo-en-2025\/","title":{"rendered":"El presidente de ANAM se re\u00fane con alcaldes de Quich\u00e9 para trazar ruta conjunta de trabajo en 2025"},"content":{"rendered":"<p>El presidente de la Asociaci\u00f3n Nacional de Municipalidades (ANAM), Sebasti\u00e1n Siero, sostuvo una importante reuni\u00f3n con alcaldes del departamento de Quich\u00e9, con el objetivo de abordar los principales retos que enfrentar\u00e1n las municipalidades este a\u00f1o y construir, de manera conjunta, una hoja de ruta que permita llevar desarrollo real a sus comunidades.<\/p><p>El presidente Siero reiter\u00f3 el compromiso de ANAM de seguir acompa\u00f1ando a los gobiernos locales con asistencia t\u00e9cnica, respaldo institucional y gestiones estrat\u00e9gicas, tanto a nivel nacional como internacional.<\/p><p>Desde ANAM estamos convencidos de que el desarrollo comienza desde lo local. Trabajaremos hombro a hombro con cada alcalde de Quich\u00e9 para que sus proyectos se conviertan en soluciones concretas, afirm\u00f3 el presidente Siero.<\/p>","protected":false},"excerpt":{"rendered":"<p>El presidente de la Asociaci\u00f3n Nacional de Municipalidades (ANAM), Sebasti\u00e1n Siero, sostuvo una importante reuni\u00f3n con alcaldes del departamento de Quich\u00e9, con el objetivo de abordar los principales retos que enfrentar\u00e1n las municipalidades este a\u00f1o y construir, de manera conjunta, una hoja de ruta que permita llevar desarrollo real a sus comunidades. El presidente Siero [&hellip;]<\/p>\n","protected":false},"author":4,"featured_media":3528,"comment_status":"open","ping_status":"open","sticky":false,"template":"","format":"standard","meta":{"footnotes":""},"categories":[1],"tags":[],"class_list":["post-3527","post","type-post","status-publish","format-standard","has-post-thumbnail","hentry","category-anam"],"yoast_head":"<!-- This site is optimized with the Yoast SEO plugin v27.0 - https:\/\/yoast.com\/product\/yoast-seo-wordpress\/ -->\n<title>El presidente de ANAM se re\u00fane con alcaldes de Quich\u00e9 para trazar ruta conjunta de trabajo en 2025 - ANAM<\/title>\n<meta name=\"robots\" content=\"index, follow, max-snippet:-1, max-image-preview:large, max-video-preview:-1\" \/>\n<link rel=\"canonical\" href=\"https:\/\/anam.org.gt\/inicio\/el-presidente-de-anam-se-reune-con-alcaldes-de-quiche-para-trazar-ruta-conjunta-de-trabajo-en-2025\/\" \/>\n<meta property=\"og:locale\" content=\"es_ES\" \/>\n<meta property=\"og:type\" content=\"article\" \/>\n<meta property=\"og:title\" content=\"El presidente de ANAM se re\u00fane con alcaldes de Quich\u00e9 para trazar ruta conjunta de trabajo en 2025 - ANAM\" \/>\n<meta property=\"og:description\" content=\"El presidente de la Asociaci\u00f3n Nacional de Municipalidades (ANAM), Sebasti\u00e1n Siero, sostuvo una importante reuni\u00f3n con alcaldes del departamento de Quich\u00e9, con el objetivo de abordar los principales retos que enfrentar\u00e1n las municipalidades este a\u00f1o y construir, de manera conjunta, una hoja de ruta que permita llevar desarrollo real a sus comunidades. El presidente Siero [&hellip;]\" \/>\n<meta property=\"og:url\" content=\"https:\/\/anam.org.gt\/inicio\/el-presidente-de-anam-se-reune-con-alcaldes-de-quiche-para-trazar-ruta-conjunta-de-trabajo-en-2025\/\" \/>\n<meta property=\"og:site_name\" content=\"ANAM\" \/>\n<meta property=\"article:publisher\" content=\"https:\/\/www.facebook.com\/ANAMGuatemala.org.gt\" \/>\n<meta property=\"article:published_time\" content=\"2025-03-06T16:40:41+00:00\" \/>\n<meta property=\"article:modified_time\" content=\"2025-05-07T16:42:41+00:00\" \/>\n<meta property=\"og:image\" content=\"https:\/\/anam.org.gt\/inicio\/wp-content\/uploads\/2025\/05\/image-4-1024x683.png\" \/>\n\t<meta property=\"og:image:width\" content=\"1024\" \/>\n\t<meta property=\"og:image:height\" content=\"683\" \/>\n\t<meta property=\"og:image:type\" content=\"image\/png\" \/>\n<meta name=\"author\" content=\"admin\" \/>\n<meta name=\"twitter:card\" content=\"summary_large_image\" \/>\n<meta name=\"twitter:creator\" content=\"@ANAM_Guatemala\" \/>\n<meta name=\"twitter:site\" content=\"@ANAM_Guatemala\" \/>\n<meta name=\"twitter:label1\" content=\"Escrito por\" \/>\n\t<meta name=\"twitter:data1\" content=\"admin\" \/>\n\t<meta name=\"twitter:label2\" content=\"Tiempo de lectura\" \/>\n\t<meta name=\"twitter:data2\" content=\"1 minuto\" \/>\n<script type=\"application\/ld+json\" class=\"yoast-schema-graph\">{\"@context\":\"https:\/\/schema.org\",\"@graph\":[{\"@type\":\"Article\",\"@id\":\"https:\/\/anam.org.gt\/inicio\/el-presidente-de-anam-se-reune-con-alcaldes-de-quiche-para-trazar-ruta-conjunta-de-trabajo-en-2025\/#article\",\"isPartOf\":{\"@id\":\"https:\/\/anam.org.gt\/inicio\/el-presidente-de-anam-se-reune-con-alcaldes-de-quiche-para-trazar-ruta-conjunta-de-trabajo-en-2025\/\"},\"author\":{\"name\":\"admin\",\"@id\":\"https:\/\/anam.org.gt\/inicio\/#\/schema\/person\/568dcb3e3f73c87e66aedf646a399340\"},\"headline\":\"El presidente de ANAM se re\u00fane con alcaldes de Quich\u00e9 para trazar ruta conjunta de trabajo en 2025\",\"datePublished\":\"2025-03-06T16:40:41+00:00\",\"dateModified\":\"2025-05-07T16:42:41+00:00\",\"mainEntityOfPage\":{\"@id\":\"https:\/\/anam.org.gt\/inicio\/el-presidente-de-anam-se-reune-con-alcaldes-de-quiche-para-trazar-ruta-conjunta-de-trabajo-en-2025\/\"},\"wordCount\":141,\"commentCount\":0,\"publisher\":{\"@id\":\"https:\/\/anam.org.gt\/inicio\/#organization\"},\"image\":{\"@id\":\"https:\/\/anam.org.gt\/inicio\/el-presidente-de-anam-se-reune-con-alcaldes-de-quiche-para-trazar-ruta-conjunta-de-trabajo-en-2025\/#primaryimage\"},\"thumbnailUrl\":\"https:\/\/anam.org.gt\/inicio\/wp-content\/uploads\/2025\/05\/image-4.png\",\"articleSection\":[\"ANAM\"],\"inLanguage\":\"es\",\"potentialAction\":[{\"@type\":\"CommentAction\",\"name\":\"Comment\",\"target\":[\"https:\/\/anam.org.gt\/inicio\/el-presidente-de-anam-se-reune-con-alcaldes-de-quiche-para-trazar-ruta-conjunta-de-trabajo-en-2025\/#respond\"]}]},{\"@type\":\"WebPage\",\"@id\":\"https:\/\/anam.org.gt\/inicio\/el-presidente-de-anam-se-reune-con-alcaldes-de-quiche-para-trazar-ruta-conjunta-de-trabajo-en-2025\/\",\"url\":\"https:\/\/anam.org.gt\/inicio\/el-presidente-de-anam-se-reune-con-alcaldes-de-quiche-para-trazar-ruta-conjunta-de-trabajo-en-2025\/\",\"name\":\"El presidente de ANAM se re\u00fane con alcaldes de Quich\u00e9 para trazar ruta conjunta de trabajo en 2025 - ANAM\",\"isPartOf\":{\"@id\":\"https:\/\/anam.org.gt\/inicio\/#website\"},\"primaryImageOfPage\":{\"@id\":\"https:\/\/anam.org.gt\/inicio\/el-presidente-de-anam-se-reune-con-alcaldes-de-quiche-para-trazar-ruta-conjunta-de-trabajo-en-2025\/#primaryimage\"},\"image\":{\"@id\":\"https:\/\/anam.org.gt\/inicio\/el-presidente-de-anam-se-reune-con-alcaldes-de-quiche-para-trazar-ruta-conjunta-de-trabajo-en-2025\/#primaryimage\"},\"thumbnailUrl\":\"https:\/\/anam.org.gt\/inicio\/wp-content\/uploads\/2025\/05\/image-4.png\",\"datePublished\":\"2025-03-06T16:40:41+00:00\",\"dateModified\":\"2025-05-07T16:42:41+00:00\",\"breadcrumb\":{\"@id\":\"https:\/\/anam.org.gt\/inicio\/el-presidente-de-anam-se-reune-con-alcaldes-de-quiche-para-trazar-ruta-conjunta-de-trabajo-en-2025\/#breadcrumb\"},\"inLanguage\":\"es\",\"potentialAction\":[{\"@type\":\"ReadAction\",\"target\":[\"https:\/\/anam.org.gt\/inicio\/el-presidente-de-anam-se-reune-con-alcaldes-de-quiche-para-trazar-ruta-conjunta-de-trabajo-en-2025\/\"]}]},{\"@type\":\"ImageObject\",\"inLanguage\":\"es\",\"@id\":\"https:\/\/anam.org.gt\/inicio\/el-presidente-de-anam-se-reune-con-alcaldes-de-quiche-para-trazar-ruta-conjunta-de-trabajo-en-2025\/#primaryimage\",\"url\":\"https:\/\/anam.org.gt\/inicio\/wp-content\/uploads\/2025\/05\/image-4.png\",\"contentUrl\":\"https:\/\/anam.org.gt\/inicio\/wp-content\/uploads\/2025\/05\/image-4.png\",\"width\":2048,\"height\":1366},{\"@type\":\"BreadcrumbList\",\"@id\":\"https:\/\/anam.org.gt\/inicio\/el-presidente-de-anam-se-reune-con-alcaldes-de-quiche-para-trazar-ruta-conjunta-de-trabajo-en-2025\/#breadcrumb\",\"itemListElement\":[{\"@type\":\"ListItem\",\"position\":1,\"name\":\"Portada\",\"item\":\"https:\/\/anam.org.gt\/inicio\/\"},{\"@type\":\"ListItem\",\"position\":2,\"name\":\"El presidente de ANAM se re\u00fane con alcaldes de Quich\u00e9 para trazar ruta conjunta de trabajo en 2025\"}]},{\"@type\":\"WebSite\",\"@id\":\"https:\/\/anam.org.gt\/inicio\/#website\",\"url\":\"https:\/\/anam.org.gt\/inicio\/\",\"name\":\"ANAM\",\"description\":\"Asociaci\u00f3n Nacional de Municipalidades de la Rep\u00fablica de Guatemala\",\"publisher\":{\"@id\":\"https:\/\/anam.org.gt\/inicio\/#organization\"},\"potentialAction\":[{\"@type\":\"SearchAction\",\"target\":{\"@type\":\"EntryPoint\",\"urlTemplate\":\"https:\/\/anam.org.gt\/inicio\/?s={search_term_string}\"},\"query-input\":{\"@type\":\"PropertyValueSpecification\",\"valueRequired\":true,\"valueName\":\"search_term_string\"}}],\"inLanguage\":\"es\"},{\"@type\":\"Organization\",\"@id\":\"https:\/\/anam.org.gt\/inicio\/#organization\",\"name\":\"Asociaci\u00f3n Nacional de Municipalidades de la Rep\u00fablica de Guatemala\",\"url\":\"https:\/\/anam.org.gt\/inicio\/\",\"logo\":{\"@type\":\"ImageObject\",\"inLanguage\":\"es\",\"@id\":\"https:\/\/anam.org.gt\/inicio\/#\/schema\/logo\/image\/\",\"url\":\"https:\/\/anam.org.gt\/inicio\/wp-content\/uploads\/2026\/02\/logo-anam-central-1.png\",\"contentUrl\":\"https:\/\/anam.org.gt\/inicio\/wp-content\/uploads\/2026\/02\/logo-anam-central-1.png\",\"width\":600,\"height\":280,\"caption\":\"Asociaci\u00f3n Nacional de Municipalidades de la Rep\u00fablica de Guatemala\"},\"image\":{\"@id\":\"https:\/\/anam.org.gt\/inicio\/#\/schema\/logo\/image\/\"},\"sameAs\":[\"https:\/\/www.facebook.com\/ANAMGuatemala.org.gt\",\"https:\/\/x.com\/ANAM_Guatemala\",\"https:\/\/www.instagram.com\/anam_guatemala\/?hl=es\"]},{\"@type\":\"Person\",\"@id\":\"https:\/\/anam.org.gt\/inicio\/#\/schema\/person\/568dcb3e3f73c87e66aedf646a399340\",\"name\":\"admin\",\"image\":{\"@type\":\"ImageObject\",\"inLanguage\":\"es\",\"@id\":\"https:\/\/anam.org.gt\/inicio\/#\/schema\/person\/image\/\",\"url\":\"https:\/\/secure.gravatar.com\/avatar\/e28deb147a21fce7c80709f121c112cdeff455f99e5227e39053d3fdbf557402?s=96&d=mm&r=g\",\"contentUrl\":\"https:\/\/secure.gravatar.com\/avatar\/e28deb147a21fce7c80709f121c112cdeff455f99e5227e39053d3fdbf557402?s=96&d=mm&r=g\",\"caption\":\"admin\"},\"url\":\"https:\/\/anam.org.gt\/inicio\/author\/admin\/\"}]}<\/script>\n<!-- \/ Yoast SEO plugin. -->","yoast_head_json":{"title":"El presidente de ANAM se re\u00fane con alcaldes de Quich\u00e9 para trazar ruta conjunta de trabajo en 2025 - ANAM","robots":{"index":"index","follow":"follow","max-snippet":"max-snippet:-1","max-image-preview":"max-image-preview:large","max-video-preview":"max-video-preview:-1"},"canonical":"https:\/\/anam.org.gt\/inicio\/el-presidente-de-anam-se-reune-con-alcaldes-de-quiche-para-trazar-ruta-conjunta-de-trabajo-en-2025\/","og_locale":"es_ES","og_type":"article","og_title":"El presidente de ANAM se re\u00fane con alcaldes de Quich\u00e9 para trazar ruta conjunta de trabajo en 2025 - ANAM","og_description":"El presidente de la Asociaci\u00f3n Nacional de Municipalidades (ANAM), Sebasti\u00e1n Siero, sostuvo una importante reuni\u00f3n con alcaldes del departamento de Quich\u00e9, con el objetivo de abordar los principales retos que enfrentar\u00e1n las municipalidades este a\u00f1o y construir, de manera conjunta, una hoja de ruta que permita llevar desarrollo real a sus comunidades. El presidente Siero [&hellip;]","og_url":"https:\/\/anam.org.gt\/inicio\/el-presidente-de-anam-se-reune-con-alcaldes-de-quiche-para-trazar-ruta-conjunta-de-trabajo-en-2025\/","og_site_name":"ANAM","article_publisher":"https:\/\/www.facebook.com\/ANAMGuatemala.org.gt","article_published_time":"2025-03-06T16:40:41+00:00","article_modified_time":"2025-05-07T16:42:41+00:00","og_image":[{"width":1024,"height":683,"url":"https:\/\/anam.org.gt\/inicio\/wp-content\/uploads\/2025\/05\/image-4-1024x683.png","type":"image\/png"}],"author":"admin","twitter_card":"summary_large_image","twitter_creator":"@ANAM_Guatemala","twitter_site":"@ANAM_Guatemala","twitter_misc":{"Escrito por":"admin","Tiempo de lectura":"1 minuto"},"schema":{"@context":"https:\/\/schema.org","@graph":[{"@type":"Article","@id":"https:\/\/anam.org.gt\/inicio\/el-presidente-de-anam-se-reune-con-alcaldes-de-quiche-para-trazar-ruta-conjunta-de-trabajo-en-2025\/#article","isPartOf":{"@id":"https:\/\/anam.org.gt\/inicio\/el-presidente-de-anam-se-reune-con-alcaldes-de-quiche-para-trazar-ruta-conjunta-de-trabajo-en-2025\/"},"author":{"name":"admin","@id":"https:\/\/anam.org.gt\/inicio\/#\/schema\/person\/568dcb3e3f73c87e66aedf646a399340"},"headline":"El presidente de ANAM se re\u00fane con alcaldes de Quich\u00e9 para trazar ruta conjunta de trabajo en 2025","datePublished":"2025-03-06T16:40:41+00:00","dateModified":"2025-05-07T16:42:41+00:00","mainEntityOfPage":{"@id":"https:\/\/anam.org.gt\/inicio\/el-presidente-de-anam-se-reune-con-alcaldes-de-quiche-para-trazar-ruta-conjunta-de-trabajo-en-2025\/"},"wordCount":141,"commentCount":0,"publisher":{"@id":"https:\/\/anam.org.gt\/inicio\/#organization"},"image":{"@id":"https:\/\/anam.org.gt\/inicio\/el-presidente-de-anam-se-reune-con-alcaldes-de-quiche-para-trazar-ruta-conjunta-de-trabajo-en-2025\/#primaryimage"},"thumbnailUrl":"https:\/\/anam.org.gt\/inicio\/wp-content\/uploads\/2025\/05\/image-4.png","articleSection":["ANAM"],"inLanguage":"es","potentialAction":[{"@type":"CommentAction","name":"Comment","target":["https:\/\/anam.org.gt\/inicio\/el-presidente-de-anam-se-reune-con-alcaldes-de-quiche-para-trazar-ruta-conjunta-de-trabajo-en-2025\/#respond"]}]},{"@type":"WebPage","@id":"https:\/\/anam.org.gt\/inicio\/el-presidente-de-anam-se-reune-con-alcaldes-de-quiche-para-trazar-ruta-conjunta-de-trabajo-en-2025\/","url":"https:\/\/anam.org.gt\/inicio\/el-presidente-de-anam-se-reune-con-alcaldes-de-quiche-para-trazar-ruta-conjunta-de-trabajo-en-2025\/","name":"El presidente de ANAM se re\u00fane con alcaldes de Quich\u00e9 para trazar ruta conjunta de trabajo en 2025 - ANAM","isPartOf":{"@id":"https:\/\/anam.org.gt\/inicio\/#website"},"primaryImageOfPage":{"@id":"https:\/\/anam.org.gt\/inicio\/el-presidente-de-anam-se-reune-con-alcaldes-de-quiche-para-trazar-ruta-conjunta-de-trabajo-en-2025\/#primaryimage"},"image":{"@id":"https:\/\/anam.org.gt\/inicio\/el-presidente-de-anam-se-reune-con-alcaldes-de-quiche-para-trazar-ruta-conjunta-de-trabajo-en-2025\/#primaryimage"},"thumbnailUrl":"https:\/\/anam.org.gt\/inicio\/wp-content\/uploads\/2025\/05\/image-4.png","datePublished":"2025-03-06T16:40:41+00:00","dateModified":"2025-05-07T16:42:41+00:00","breadcrumb":{"@id":"https:\/\/anam.org.gt\/inicio\/el-presidente-de-anam-se-reune-con-alcaldes-de-quiche-para-trazar-ruta-conjunta-de-trabajo-en-2025\/#breadcrumb"},"inLanguage":"es","potentialAction":[{"@type":"ReadAction","target":["https:\/\/anam.org.gt\/inicio\/el-presidente-de-anam-se-reune-con-alcaldes-de-quiche-para-trazar-ruta-conjunta-de-trabajo-en-2025\/"]}]},{"@type":"ImageObject","inLanguage":"es","@id":"https:\/\/anam.org.gt\/inicio\/el-presidente-de-anam-se-reune-con-alcaldes-de-quiche-para-trazar-ruta-conjunta-de-trabajo-en-2025\/#primaryimage","url":"https:\/\/anam.org.gt\/inicio\/wp-content\/uploads\/2025\/05\/image-4.png","contentUrl":"https:\/\/anam.org.gt\/inicio\/wp-content\/uploads\/2025\/05\/image-4.png","width":2048,"height":1366},{"@type":"BreadcrumbList","@id":"https:\/\/anam.org.gt\/inicio\/el-presidente-de-anam-se-reune-con-alcaldes-de-quiche-para-trazar-ruta-conjunta-de-trabajo-en-2025\/#breadcrumb","itemListElement":[{"@type":"ListItem","position":1,"name":"Portada","item":"https:\/\/anam.org.gt\/inicio\/"},{"@type":"ListItem","position":2,"name":"El presidente de ANAM se re\u00fane con alcaldes de Quich\u00e9 para trazar ruta conjunta de trabajo en 2025"}]},{"@type":"WebSite","@id":"https:\/\/anam.org.gt\/inicio\/#website","url":"https:\/\/anam.org.gt\/inicio\/","name":"ANAM","description":"Asociaci\u00f3n Nacional de Municipalidades de la Rep\u00fablica de Guatemala","publisher":{"@id":"https:\/\/anam.org.gt\/inicio\/#organization"},"potentialAction":[{"@type":"SearchAction","target":{"@type":"EntryPoint","urlTemplate":"https:\/\/anam.org.gt\/inicio\/?s={search_term_string}"},"query-input":{"@type":"PropertyValueSpecification","valueRequired":true,"valueName":"search_term_string"}}],"inLanguage":"es"},{"@type":"Organization","@id":"https:\/\/anam.org.gt\/inicio\/#organization","name":"Asociaci\u00f3n Nacional de Municipalidades de la Rep\u00fablica de Guatemala","url":"https:\/\/anam.org.gt\/inicio\/","logo":{"@type":"ImageObject","inLanguage":"es","@id":"https:\/\/anam.org.gt\/inicio\/#\/schema\/logo\/image\/","url":"https:\/\/anam.org.gt\/inicio\/wp-content\/uploads\/2026\/02\/logo-anam-central-1.png","contentUrl":"https:\/\/anam.org.gt\/inicio\/wp-content\/uploads\/2026\/02\/logo-anam-central-1.png","width":600,"height":280,"caption":"Asociaci\u00f3n Nacional de Municipalidades de la Rep\u00fablica de Guatemala"},"image":{"@id":"https:\/\/anam.org.gt\/inicio\/#\/schema\/logo\/image\/"},"sameAs":["https:\/\/www.facebook.com\/ANAMGuatemala.org.gt","https:\/\/x.com\/ANAM_Guatemala","https:\/\/www.instagram.com\/anam_guatemala\/?hl=es"]},{"@type":"Person","@id":"https:\/\/anam.org.gt\/inicio\/#\/schema\/person\/568dcb3e3f73c87e66aedf646a399340","name":"admin","image":{"@type":"ImageObject","inLanguage":"es","@id":"https:\/\/anam.org.gt\/inicio\/#\/schema\/person\/image\/","url":"https:\/\/secure.gravatar.com\/avatar\/e28deb147a21fce7c80709f121c112cdeff455f99e5227e39053d3fdbf557402?s=96&d=mm&r=g","contentUrl":"https:\/\/secure.gravatar.com\/avatar\/e28deb147a21fce7c80709f121c112cdeff455f99e5227e39053d3fdbf557402?s=96&d=mm&r=g","caption":"admin"},"url":"https:\/\/anam.org.gt\/inicio\/author\/admin\/"}]}},"_links":{"self":[{"href":"https:\/\/anam.org.gt\/inicio\/wp-json\/wp\/v2\/posts\/3527","targetHints":{"allow":["GET"]}}],"collection":[{"href":"https:\/\/anam.org.gt\/inicio\/wp-json\/wp\/v2\/posts"}],"about":[{"href":"https:\/\/anam.org.gt\/inicio\/wp-json\/wp\/v2\/types\/post"}],"author":[{"embeddable":true,"href":"https:\/\/anam.org.gt\/inicio\/wp-json\/wp\/v2\/users\/4"}],"replies":[{"embeddable":true,"href":"https:\/\/anam.org.gt\/inicio\/wp-json\/wp\/v2\/comments?post=3527"}],"version-history":[{"count":1,"href":"https:\/\/anam.org.gt\/inicio\/wp-json\/wp\/v2\/posts\/3527\/revisions"}],"predecessor-version":[{"id":3529,"href":"https:\/\/anam.org.gt\/inicio\/wp-json\/wp\/v2\/posts\/3527\/revisions\/3529"}],"wp:featuredmedia":[{"embeddable":true,"href":"https:\/\/anam.org.gt\/inicio\/wp-json\/wp\/v2\/media\/3528"}],"wp:attachment":[{"href":"https:\/\/anam.org.gt\/inicio\/wp-json\/wp\/v2\/media?parent=3527"}],"wp:term":[{"taxonomy":"category","embeddable":true,"href":"https:\/\/anam.org.gt\/inicio\/wp-json\/wp\/v2\/categories?post=3527"},{"taxonomy":"post_tag","embeddable":true,"href":"https:\/\/anam.org.gt\/inicio\/wp-json\/wp\/v2\/tags?post=3527"}],"curies":[{"name":"wp","href":"https:\/\/api.w.org\/{rel}","templated":true}]}}