{"id":3530,"date":"2025-03-07T16:43:32","date_gmt":"2025-03-07T16:43:32","guid":{"rendered":"https:\/\/anam.org.gt\/inicio\/?p=3530"},"modified":"2025-05-07T16:44:55","modified_gmt":"2025-05-07T16:44:55","slug":"presidente-de-anam-se-reune-con-alcaldes-de-huehuetenango-y-fortalece-compromiso-con-el-desarrollo-local","status":"publish","type":"post","link":"https:\/\/anam.org.gt\/inicio\/presidente-de-anam-se-reune-con-alcaldes-de-huehuetenango-y-fortalece-compromiso-con-el-desarrollo-local\/","title":{"rendered":"Presidente de ANAM se re\u00fane con alcaldes de Huehuetenango y fortalece compromiso con el desarrollo local"},"content":{"rendered":"<p>El presidente de la Asociaci\u00f3n Nacional de Municipalidades (ANAM), Sebasti\u00e1n Siero, sostuvo una reuni\u00f3n de alto nivel con todos los alcaldes del departamento de Huehuetenango, en un espacio de di\u00e1logo que reafirm\u00f3 la importancia del trabajo conjunto para enfrentar los desaf\u00edos del gobierno local y promover el desarrollo integral del territorio.<\/p><p>Durante el encuentro, los alcaldes expresaron su agradecimiento al presidente Siero por su liderazgo eficaz y por los logros alcanzados al frente de ANAM, reconociendo el impacto positivo de su gesti\u00f3n en el fortalecimiento de las capacidades municipales, la articulaci\u00f3n con entidades nacionales y la defensa de los intereses del gremio.<\/p><p>En su intervenci\u00f3n, el presidente Siero reiter\u00f3 su compromiso con la unidad del movimiento municipalista, destacando que solo a trav\u00e9s del trabajo coordinado ser\u00e1 posible avanzar en la ejecuci\u00f3n de proyectos de calidad, mejorar la prestaci\u00f3n de servicios y llevar desarrollo a cada rinc\u00f3n del departamento.<\/p>","protected":false},"excerpt":{"rendered":"<p>El presidente de la Asociaci\u00f3n Nacional de Municipalidades (ANAM), Sebasti\u00e1n Siero, sostuvo una reuni\u00f3n de alto nivel con todos los alcaldes del departamento de Huehuetenango, en un espacio de di\u00e1logo que reafirm\u00f3 la importancia del trabajo conjunto para enfrentar los desaf\u00edos del gobierno local y promover el desarrollo integral del territorio. Durante el encuentro, los [&hellip;]<\/p>\n","protected":false},"author":4,"featured_media":3531,"comment_status":"open","ping_status":"open","sticky":false,"template":"","format":"standard","meta":{"footnotes":""},"categories":[1],"tags":[],"class_list":["post-3530","post","type-post","status-publish","format-standard","has-post-thumbnail","hentry","category-anam"],"yoast_head":"<!-- This site is optimized with the Yoast SEO plugin v27.0 - https:\/\/yoast.com\/product\/yoast-seo-wordpress\/ -->\n<title>Presidente de ANAM se re\u00fane con alcaldes de Huehuetenango y fortalece compromiso con el desarrollo local - ANAM<\/title>\n<meta name=\"robots\" content=\"index, follow, max-snippet:-1, max-image-preview:large, max-video-preview:-1\" \/>\n<link rel=\"canonical\" href=\"https:\/\/anam.org.gt\/inicio\/presidente-de-anam-se-reune-con-alcaldes-de-huehuetenango-y-fortalece-compromiso-con-el-desarrollo-local\/\" \/>\n<meta property=\"og:locale\" content=\"es_ES\" \/>\n<meta property=\"og:type\" content=\"article\" \/>\n<meta property=\"og:title\" content=\"Presidente de ANAM se re\u00fane con alcaldes de Huehuetenango y fortalece compromiso con el desarrollo local - ANAM\" \/>\n<meta property=\"og:description\" content=\"El presidente de la Asociaci\u00f3n Nacional de Municipalidades (ANAM), Sebasti\u00e1n Siero, sostuvo una reuni\u00f3n de alto nivel con todos los alcaldes del departamento de Huehuetenango, en un espacio de di\u00e1logo que reafirm\u00f3 la importancia del trabajo conjunto para enfrentar los desaf\u00edos del gobierno local y promover el desarrollo integral del territorio. Durante el encuentro, los [&hellip;]\" \/>\n<meta property=\"og:url\" content=\"https:\/\/anam.org.gt\/inicio\/presidente-de-anam-se-reune-con-alcaldes-de-huehuetenango-y-fortalece-compromiso-con-el-desarrollo-local\/\" \/>\n<meta property=\"og:site_name\" content=\"ANAM\" \/>\n<meta property=\"article:publisher\" content=\"https:\/\/www.facebook.com\/ANAMGuatemala.org.gt\" \/>\n<meta property=\"article:published_time\" content=\"2025-03-07T16:43:32+00:00\" \/>\n<meta property=\"article:modified_time\" content=\"2025-05-07T16:44:55+00:00\" \/>\n<meta property=\"og:image\" content=\"https:\/\/anam.org.gt\/inicio\/wp-content\/uploads\/2025\/05\/image-5-1024x768.png\" \/>\n\t<meta property=\"og:image:width\" content=\"1024\" \/>\n\t<meta property=\"og:image:height\" content=\"768\" \/>\n\t<meta property=\"og:image:type\" content=\"image\/png\" \/>\n<meta name=\"author\" content=\"admin\" \/>\n<meta name=\"twitter:card\" content=\"summary_large_image\" \/>\n<meta name=\"twitter:creator\" content=\"@ANAM_Guatemala\" \/>\n<meta name=\"twitter:site\" content=\"@ANAM_Guatemala\" \/>\n<meta name=\"twitter:label1\" content=\"Escrito por\" \/>\n\t<meta name=\"twitter:data1\" content=\"admin\" \/>\n\t<meta name=\"twitter:label2\" content=\"Tiempo de lectura\" \/>\n\t<meta name=\"twitter:data2\" content=\"1 minuto\" \/>\n<script type=\"application\/ld+json\" class=\"yoast-schema-graph\">{\"@context\":\"https:\/\/schema.org\",\"@graph\":[{\"@type\":\"Article\",\"@id\":\"https:\/\/anam.org.gt\/inicio\/presidente-de-anam-se-reune-con-alcaldes-de-huehuetenango-y-fortalece-compromiso-con-el-desarrollo-local\/#article\",\"isPartOf\":{\"@id\":\"https:\/\/anam.org.gt\/inicio\/presidente-de-anam-se-reune-con-alcaldes-de-huehuetenango-y-fortalece-compromiso-con-el-desarrollo-local\/\"},\"author\":{\"name\":\"admin\",\"@id\":\"https:\/\/anam.org.gt\/inicio\/#\/schema\/person\/568dcb3e3f73c87e66aedf646a399340\"},\"headline\":\"Presidente de ANAM se re\u00fane con alcaldes de Huehuetenango y fortalece compromiso con el desarrollo local\",\"datePublished\":\"2025-03-07T16:43:32+00:00\",\"dateModified\":\"2025-05-07T16:44:55+00:00\",\"mainEntityOfPage\":{\"@id\":\"https:\/\/anam.org.gt\/inicio\/presidente-de-anam-se-reune-con-alcaldes-de-huehuetenango-y-fortalece-compromiso-con-el-desarrollo-local\/\"},\"wordCount\":177,\"commentCount\":0,\"publisher\":{\"@id\":\"https:\/\/anam.org.gt\/inicio\/#organization\"},\"image\":{\"@id\":\"https:\/\/anam.org.gt\/inicio\/presidente-de-anam-se-reune-con-alcaldes-de-huehuetenango-y-fortalece-compromiso-con-el-desarrollo-local\/#primaryimage\"},\"thumbnailUrl\":\"https:\/\/anam.org.gt\/inicio\/wp-content\/uploads\/2025\/05\/image-5.png\",\"articleSection\":[\"ANAM\"],\"inLanguage\":\"es\",\"potentialAction\":[{\"@type\":\"CommentAction\",\"name\":\"Comment\",\"target\":[\"https:\/\/anam.org.gt\/inicio\/presidente-de-anam-se-reune-con-alcaldes-de-huehuetenango-y-fortalece-compromiso-con-el-desarrollo-local\/#respond\"]}]},{\"@type\":\"WebPage\",\"@id\":\"https:\/\/anam.org.gt\/inicio\/presidente-de-anam-se-reune-con-alcaldes-de-huehuetenango-y-fortalece-compromiso-con-el-desarrollo-local\/\",\"url\":\"https:\/\/anam.org.gt\/inicio\/presidente-de-anam-se-reune-con-alcaldes-de-huehuetenango-y-fortalece-compromiso-con-el-desarrollo-local\/\",\"name\":\"Presidente de ANAM se re\u00fane con alcaldes de Huehuetenango y fortalece compromiso con el desarrollo local - ANAM\",\"isPartOf\":{\"@id\":\"https:\/\/anam.org.gt\/inicio\/#website\"},\"primaryImageOfPage\":{\"@id\":\"https:\/\/anam.org.gt\/inicio\/presidente-de-anam-se-reune-con-alcaldes-de-huehuetenango-y-fortalece-compromiso-con-el-desarrollo-local\/#primaryimage\"},\"image\":{\"@id\":\"https:\/\/anam.org.gt\/inicio\/presidente-de-anam-se-reune-con-alcaldes-de-huehuetenango-y-fortalece-compromiso-con-el-desarrollo-local\/#primaryimage\"},\"thumbnailUrl\":\"https:\/\/anam.org.gt\/inicio\/wp-content\/uploads\/2025\/05\/image-5.png\",\"datePublished\":\"2025-03-07T16:43:32+00:00\",\"dateModified\":\"2025-05-07T16:44:55+00:00\",\"breadcrumb\":{\"@id\":\"https:\/\/anam.org.gt\/inicio\/presidente-de-anam-se-reune-con-alcaldes-de-huehuetenango-y-fortalece-compromiso-con-el-desarrollo-local\/#breadcrumb\"},\"inLanguage\":\"es\",\"potentialAction\":[{\"@type\":\"ReadAction\",\"target\":[\"https:\/\/anam.org.gt\/inicio\/presidente-de-anam-se-reune-con-alcaldes-de-huehuetenango-y-fortalece-compromiso-con-el-desarrollo-local\/\"]}]},{\"@type\":\"ImageObject\",\"inLanguage\":\"es\",\"@id\":\"https:\/\/anam.org.gt\/inicio\/presidente-de-anam-se-reune-con-alcaldes-de-huehuetenango-y-fortalece-compromiso-con-el-desarrollo-local\/#primaryimage\",\"url\":\"https:\/\/anam.org.gt\/inicio\/wp-content\/uploads\/2025\/05\/image-5.png\",\"contentUrl\":\"https:\/\/anam.org.gt\/inicio\/wp-content\/uploads\/2025\/05\/image-5.png\",\"width\":2048,\"height\":1536},{\"@type\":\"BreadcrumbList\",\"@id\":\"https:\/\/anam.org.gt\/inicio\/presidente-de-anam-se-reune-con-alcaldes-de-huehuetenango-y-fortalece-compromiso-con-el-desarrollo-local\/#breadcrumb\",\"itemListElement\":[{\"@type\":\"ListItem\",\"position\":1,\"name\":\"Portada\",\"item\":\"https:\/\/anam.org.gt\/inicio\/\"},{\"@type\":\"ListItem\",\"position\":2,\"name\":\"Presidente de ANAM se re\u00fane con alcaldes de Huehuetenango y fortalece compromiso con el desarrollo local\"}]},{\"@type\":\"WebSite\",\"@id\":\"https:\/\/anam.org.gt\/inicio\/#website\",\"url\":\"https:\/\/anam.org.gt\/inicio\/\",\"name\":\"ANAM\",\"description\":\"Asociaci\u00f3n Nacional de Municipalidades de la Rep\u00fablica de Guatemala\",\"publisher\":{\"@id\":\"https:\/\/anam.org.gt\/inicio\/#organization\"},\"potentialAction\":[{\"@type\":\"SearchAction\",\"target\":{\"@type\":\"EntryPoint\",\"urlTemplate\":\"https:\/\/anam.org.gt\/inicio\/?s={search_term_string}\"},\"query-input\":{\"@type\":\"PropertyValueSpecification\",\"valueRequired\":true,\"valueName\":\"search_term_string\"}}],\"inLanguage\":\"es\"},{\"@type\":\"Organization\",\"@id\":\"https:\/\/anam.org.gt\/inicio\/#organization\",\"name\":\"Asociaci\u00f3n Nacional de Municipalidades de la Rep\u00fablica de Guatemala\",\"url\":\"https:\/\/anam.org.gt\/inicio\/\",\"logo\":{\"@type\":\"ImageObject\",\"inLanguage\":\"es\",\"@id\":\"https:\/\/anam.org.gt\/inicio\/#\/schema\/logo\/image\/\",\"url\":\"https:\/\/anam.org.gt\/inicio\/wp-content\/uploads\/2026\/02\/logo-anam-central-1.png\",\"contentUrl\":\"https:\/\/anam.org.gt\/inicio\/wp-content\/uploads\/2026\/02\/logo-anam-central-1.png\",\"width\":600,\"height\":280,\"caption\":\"Asociaci\u00f3n Nacional de Municipalidades de la Rep\u00fablica de Guatemala\"},\"image\":{\"@id\":\"https:\/\/anam.org.gt\/inicio\/#\/schema\/logo\/image\/\"},\"sameAs\":[\"https:\/\/www.facebook.com\/ANAMGuatemala.org.gt\",\"https:\/\/x.com\/ANAM_Guatemala\",\"https:\/\/www.instagram.com\/anam_guatemala\/?hl=es\"]},{\"@type\":\"Person\",\"@id\":\"https:\/\/anam.org.gt\/inicio\/#\/schema\/person\/568dcb3e3f73c87e66aedf646a399340\",\"name\":\"admin\",\"image\":{\"@type\":\"ImageObject\",\"inLanguage\":\"es\",\"@id\":\"https:\/\/anam.org.gt\/inicio\/#\/schema\/person\/image\/\",\"url\":\"https:\/\/secure.gravatar.com\/avatar\/e28deb147a21fce7c80709f121c112cdeff455f99e5227e39053d3fdbf557402?s=96&d=mm&r=g\",\"contentUrl\":\"https:\/\/secure.gravatar.com\/avatar\/e28deb147a21fce7c80709f121c112cdeff455f99e5227e39053d3fdbf557402?s=96&d=mm&r=g\",\"caption\":\"admin\"},\"url\":\"https:\/\/anam.org.gt\/inicio\/author\/admin\/\"}]}<\/script>\n<!-- \/ Yoast SEO plugin. -->","yoast_head_json":{"title":"Presidente de ANAM se re\u00fane con alcaldes de Huehuetenango y fortalece compromiso con el desarrollo local - ANAM","robots":{"index":"index","follow":"follow","max-snippet":"max-snippet:-1","max-image-preview":"max-image-preview:large","max-video-preview":"max-video-preview:-1"},"canonical":"https:\/\/anam.org.gt\/inicio\/presidente-de-anam-se-reune-con-alcaldes-de-huehuetenango-y-fortalece-compromiso-con-el-desarrollo-local\/","og_locale":"es_ES","og_type":"article","og_title":"Presidente de ANAM se re\u00fane con alcaldes de Huehuetenango y fortalece compromiso con el desarrollo local - ANAM","og_description":"El presidente de la Asociaci\u00f3n Nacional de Municipalidades (ANAM), Sebasti\u00e1n Siero, sostuvo una reuni\u00f3n de alto nivel con todos los alcaldes del departamento de Huehuetenango, en un espacio de di\u00e1logo que reafirm\u00f3 la importancia del trabajo conjunto para enfrentar los desaf\u00edos del gobierno local y promover el desarrollo integral del territorio. Durante el encuentro, los [&hellip;]","og_url":"https:\/\/anam.org.gt\/inicio\/presidente-de-anam-se-reune-con-alcaldes-de-huehuetenango-y-fortalece-compromiso-con-el-desarrollo-local\/","og_site_name":"ANAM","article_publisher":"https:\/\/www.facebook.com\/ANAMGuatemala.org.gt","article_published_time":"2025-03-07T16:43:32+00:00","article_modified_time":"2025-05-07T16:44:55+00:00","og_image":[{"width":1024,"height":768,"url":"https:\/\/anam.org.gt\/inicio\/wp-content\/uploads\/2025\/05\/image-5-1024x768.png","type":"image\/png"}],"author":"admin","twitter_card":"summary_large_image","twitter_creator":"@ANAM_Guatemala","twitter_site":"@ANAM_Guatemala","twitter_misc":{"Escrito por":"admin","Tiempo de lectura":"1 minuto"},"schema":{"@context":"https:\/\/schema.org","@graph":[{"@type":"Article","@id":"https:\/\/anam.org.gt\/inicio\/presidente-de-anam-se-reune-con-alcaldes-de-huehuetenango-y-fortalece-compromiso-con-el-desarrollo-local\/#article","isPartOf":{"@id":"https:\/\/anam.org.gt\/inicio\/presidente-de-anam-se-reune-con-alcaldes-de-huehuetenango-y-fortalece-compromiso-con-el-desarrollo-local\/"},"author":{"name":"admin","@id":"https:\/\/anam.org.gt\/inicio\/#\/schema\/person\/568dcb3e3f73c87e66aedf646a399340"},"headline":"Presidente de ANAM se re\u00fane con alcaldes de Huehuetenango y fortalece compromiso con el desarrollo local","datePublished":"2025-03-07T16:43:32+00:00","dateModified":"2025-05-07T16:44:55+00:00","mainEntityOfPage":{"@id":"https:\/\/anam.org.gt\/inicio\/presidente-de-anam-se-reune-con-alcaldes-de-huehuetenango-y-fortalece-compromiso-con-el-desarrollo-local\/"},"wordCount":177,"commentCount":0,"publisher":{"@id":"https:\/\/anam.org.gt\/inicio\/#organization"},"image":{"@id":"https:\/\/anam.org.gt\/inicio\/presidente-de-anam-se-reune-con-alcaldes-de-huehuetenango-y-fortalece-compromiso-con-el-desarrollo-local\/#primaryimage"},"thumbnailUrl":"https:\/\/anam.org.gt\/inicio\/wp-content\/uploads\/2025\/05\/image-5.png","articleSection":["ANAM"],"inLanguage":"es","potentialAction":[{"@type":"CommentAction","name":"Comment","target":["https:\/\/anam.org.gt\/inicio\/presidente-de-anam-se-reune-con-alcaldes-de-huehuetenango-y-fortalece-compromiso-con-el-desarrollo-local\/#respond"]}]},{"@type":"WebPage","@id":"https:\/\/anam.org.gt\/inicio\/presidente-de-anam-se-reune-con-alcaldes-de-huehuetenango-y-fortalece-compromiso-con-el-desarrollo-local\/","url":"https:\/\/anam.org.gt\/inicio\/presidente-de-anam-se-reune-con-alcaldes-de-huehuetenango-y-fortalece-compromiso-con-el-desarrollo-local\/","name":"Presidente de ANAM se re\u00fane con alcaldes de Huehuetenango y fortalece compromiso con el desarrollo local - ANAM","isPartOf":{"@id":"https:\/\/anam.org.gt\/inicio\/#website"},"primaryImageOfPage":{"@id":"https:\/\/anam.org.gt\/inicio\/presidente-de-anam-se-reune-con-alcaldes-de-huehuetenango-y-fortalece-compromiso-con-el-desarrollo-local\/#primaryimage"},"image":{"@id":"https:\/\/anam.org.gt\/inicio\/presidente-de-anam-se-reune-con-alcaldes-de-huehuetenango-y-fortalece-compromiso-con-el-desarrollo-local\/#primaryimage"},"thumbnailUrl":"https:\/\/anam.org.gt\/inicio\/wp-content\/uploads\/2025\/05\/image-5.png","datePublished":"2025-03-07T16:43:32+00:00","dateModified":"2025-05-07T16:44:55+00:00","breadcrumb":{"@id":"https:\/\/anam.org.gt\/inicio\/presidente-de-anam-se-reune-con-alcaldes-de-huehuetenango-y-fortalece-compromiso-con-el-desarrollo-local\/#breadcrumb"},"inLanguage":"es","potentialAction":[{"@type":"ReadAction","target":["https:\/\/anam.org.gt\/inicio\/presidente-de-anam-se-reune-con-alcaldes-de-huehuetenango-y-fortalece-compromiso-con-el-desarrollo-local\/"]}]},{"@type":"ImageObject","inLanguage":"es","@id":"https:\/\/anam.org.gt\/inicio\/presidente-de-anam-se-reune-con-alcaldes-de-huehuetenango-y-fortalece-compromiso-con-el-desarrollo-local\/#primaryimage","url":"https:\/\/anam.org.gt\/inicio\/wp-content\/uploads\/2025\/05\/image-5.png","contentUrl":"https:\/\/anam.org.gt\/inicio\/wp-content\/uploads\/2025\/05\/image-5.png","width":2048,"height":1536},{"@type":"BreadcrumbList","@id":"https:\/\/anam.org.gt\/inicio\/presidente-de-anam-se-reune-con-alcaldes-de-huehuetenango-y-fortalece-compromiso-con-el-desarrollo-local\/#breadcrumb","itemListElement":[{"@type":"ListItem","position":1,"name":"Portada","item":"https:\/\/anam.org.gt\/inicio\/"},{"@type":"ListItem","position":2,"name":"Presidente de ANAM se re\u00fane con alcaldes de Huehuetenango y fortalece compromiso con el desarrollo local"}]},{"@type":"WebSite","@id":"https:\/\/anam.org.gt\/inicio\/#website","url":"https:\/\/anam.org.gt\/inicio\/","name":"ANAM","description":"Asociaci\u00f3n Nacional de Municipalidades de la Rep\u00fablica de Guatemala","publisher":{"@id":"https:\/\/anam.org.gt\/inicio\/#organization"},"potentialAction":[{"@type":"SearchAction","target":{"@type":"EntryPoint","urlTemplate":"https:\/\/anam.org.gt\/inicio\/?s={search_term_string}"},"query-input":{"@type":"PropertyValueSpecification","valueRequired":true,"valueName":"search_term_string"}}],"inLanguage":"es"},{"@type":"Organization","@id":"https:\/\/anam.org.gt\/inicio\/#organization","name":"Asociaci\u00f3n Nacional de Municipalidades de la Rep\u00fablica de Guatemala","url":"https:\/\/anam.org.gt\/inicio\/","logo":{"@type":"ImageObject","inLanguage":"es","@id":"https:\/\/anam.org.gt\/inicio\/#\/schema\/logo\/image\/","url":"https:\/\/anam.org.gt\/inicio\/wp-content\/uploads\/2026\/02\/logo-anam-central-1.png","contentUrl":"https:\/\/anam.org.gt\/inicio\/wp-content\/uploads\/2026\/02\/logo-anam-central-1.png","width":600,"height":280,"caption":"Asociaci\u00f3n Nacional de Municipalidades de la Rep\u00fablica de Guatemala"},"image":{"@id":"https:\/\/anam.org.gt\/inicio\/#\/schema\/logo\/image\/"},"sameAs":["https:\/\/www.facebook.com\/ANAMGuatemala.org.gt","https:\/\/x.com\/ANAM_Guatemala","https:\/\/www.instagram.com\/anam_guatemala\/?hl=es"]},{"@type":"Person","@id":"https:\/\/anam.org.gt\/inicio\/#\/schema\/person\/568dcb3e3f73c87e66aedf646a399340","name":"admin","image":{"@type":"ImageObject","inLanguage":"es","@id":"https:\/\/anam.org.gt\/inicio\/#\/schema\/person\/image\/","url":"https:\/\/secure.gravatar.com\/avatar\/e28deb147a21fce7c80709f121c112cdeff455f99e5227e39053d3fdbf557402?s=96&d=mm&r=g","contentUrl":"https:\/\/secure.gravatar.com\/avatar\/e28deb147a21fce7c80709f121c112cdeff455f99e5227e39053d3fdbf557402?s=96&d=mm&r=g","caption":"admin"},"url":"https:\/\/anam.org.gt\/inicio\/author\/admin\/"}]}},"_links":{"self":[{"href":"https:\/\/anam.org.gt\/inicio\/wp-json\/wp\/v2\/posts\/3530","targetHints":{"allow":["GET"]}}],"collection":[{"href":"https:\/\/anam.org.gt\/inicio\/wp-json\/wp\/v2\/posts"}],"about":[{"href":"https:\/\/anam.org.gt\/inicio\/wp-json\/wp\/v2\/types\/post"}],"author":[{"embeddable":true,"href":"https:\/\/anam.org.gt\/inicio\/wp-json\/wp\/v2\/users\/4"}],"replies":[{"embeddable":true,"href":"https:\/\/anam.org.gt\/inicio\/wp-json\/wp\/v2\/comments?post=3530"}],"version-history":[{"count":1,"href":"https:\/\/anam.org.gt\/inicio\/wp-json\/wp\/v2\/posts\/3530\/revisions"}],"predecessor-version":[{"id":3532,"href":"https:\/\/anam.org.gt\/inicio\/wp-json\/wp\/v2\/posts\/3530\/revisions\/3532"}],"wp:featuredmedia":[{"embeddable":true,"href":"https:\/\/anam.org.gt\/inicio\/wp-json\/wp\/v2\/media\/3531"}],"wp:attachment":[{"href":"https:\/\/anam.org.gt\/inicio\/wp-json\/wp\/v2\/media?parent=3530"}],"wp:term":[{"taxonomy":"category","embeddable":true,"href":"https:\/\/anam.org.gt\/inicio\/wp-json\/wp\/v2\/categories?post=3530"},{"taxonomy":"post_tag","embeddable":true,"href":"https:\/\/anam.org.gt\/inicio\/wp-json\/wp\/v2\/tags?post=3530"}],"curies":[{"name":"wp","href":"https:\/\/api.w.org\/{rel}","templated":true}]}}