{"id":3541,"date":"2025-03-29T16:55:09","date_gmt":"2025-03-29T16:55:09","guid":{"rendered":"https:\/\/anam.org.gt\/inicio\/?p=3541"},"modified":"2025-05-07T16:56:31","modified_gmt":"2025-05-07T16:56:31","slug":"anam-gestiona-reunion-entre-alcaldes-y-subdireccion-de-caminos-para-impulsar-mejoras-en-la-red-vial-municipal","status":"publish","type":"post","link":"https:\/\/anam.org.gt\/inicio\/anam-gestiona-reunion-entre-alcaldes-y-subdireccion-de-caminos-para-impulsar-mejoras-en-la-red-vial-municipal\/","title":{"rendered":"ANAM gestiona reuni\u00f3n entre alcaldes y Subdirecci\u00f3n de Caminos para impulsar mejoras en la red vial municipal"},"content":{"rendered":"<p>Gracias a la intermediaci\u00f3n de la Asociaci\u00f3n Nacional de Municipalidades (ANAM), los alcaldes de San Bernardino, San Felipe, Ixc\u00e1n y Colomba Costa Cuca sostuvieron una reuni\u00f3n clave con el subdirector de Caminos, con el objetivo de dar seguimiento a proyectos pendientes y presentar nuevas solicitudes para mejorar la infraestructura vial en sus municipios.<\/p><p>Durante el encuentro, facilitado por ANAM como parte de su compromiso con el fortalecimiento municipal, los alcaldes expusieron las principales necesidades viales de sus territorios, entre ellas:<\/p><p>Carreteras deterioradas por lluvias y desbordamientos de r\u00edos, que obstaculizan el tr\u00e1nsito y acceso a comunidades.<\/p><p>Proyectos de reparaci\u00f3n inconclusos o sin seguimiento, que afectan el desarrollo local.<\/p><p>Nuevas propuestas para construir v\u00edas alternas y rotondas, enfocadas en mejorar la movilidad y la conectividad regional.<\/p><p>Esta gesti\u00f3n de ANAM refuerza su papel como puente entre los gobiernos locales y las instituciones del Estado, promoviendo soluciones reales, eficientes y articuladas para garantizar mejores condiciones de tr\u00e1nsito y desarrollo territorial.<\/p>","protected":false},"excerpt":{"rendered":"<p>Gracias a la intermediaci\u00f3n de la Asociaci\u00f3n Nacional de Municipalidades (ANAM), los alcaldes de San Bernardino, San Felipe, Ixc\u00e1n y Colomba Costa Cuca sostuvieron una reuni\u00f3n clave con el subdirector de Caminos, con el objetivo de dar seguimiento a proyectos pendientes y presentar nuevas solicitudes para mejorar la infraestructura vial en sus municipios. Durante el [&hellip;]<\/p>\n","protected":false},"author":4,"featured_media":3542,"comment_status":"open","ping_status":"open","sticky":false,"template":"","format":"standard","meta":{"footnotes":""},"categories":[1],"tags":[],"class_list":["post-3541","post","type-post","status-publish","format-standard","has-post-thumbnail","hentry","category-anam"],"yoast_head":"<!-- This site is optimized with the Yoast SEO plugin v27.0 - https:\/\/yoast.com\/product\/yoast-seo-wordpress\/ -->\n<title>ANAM gestiona reuni\u00f3n entre alcaldes y Subdirecci\u00f3n de Caminos para impulsar mejoras en la red vial municipal - ANAM<\/title>\n<meta name=\"robots\" content=\"index, follow, max-snippet:-1, max-image-preview:large, max-video-preview:-1\" \/>\n<link rel=\"canonical\" href=\"https:\/\/anam.org.gt\/inicio\/anam-gestiona-reunion-entre-alcaldes-y-subdireccion-de-caminos-para-impulsar-mejoras-en-la-red-vial-municipal\/\" \/>\n<meta property=\"og:locale\" content=\"es_ES\" \/>\n<meta property=\"og:type\" content=\"article\" \/>\n<meta property=\"og:title\" content=\"ANAM gestiona reuni\u00f3n entre alcaldes y Subdirecci\u00f3n de Caminos para impulsar mejoras en la red vial municipal - ANAM\" \/>\n<meta property=\"og:description\" content=\"Gracias a la intermediaci\u00f3n de la Asociaci\u00f3n Nacional de Municipalidades (ANAM), los alcaldes de San Bernardino, San Felipe, Ixc\u00e1n y Colomba Costa Cuca sostuvieron una reuni\u00f3n clave con el subdirector de Caminos, con el objetivo de dar seguimiento a proyectos pendientes y presentar nuevas solicitudes para mejorar la infraestructura vial en sus municipios. Durante el [&hellip;]\" \/>\n<meta property=\"og:url\" content=\"https:\/\/anam.org.gt\/inicio\/anam-gestiona-reunion-entre-alcaldes-y-subdireccion-de-caminos-para-impulsar-mejoras-en-la-red-vial-municipal\/\" \/>\n<meta property=\"og:site_name\" content=\"ANAM\" \/>\n<meta property=\"article:publisher\" content=\"https:\/\/www.facebook.com\/ANAMGuatemala.org.gt\" \/>\n<meta property=\"article:published_time\" content=\"2025-03-29T16:55:09+00:00\" \/>\n<meta property=\"article:modified_time\" content=\"2025-05-07T16:56:31+00:00\" \/>\n<meta property=\"og:image\" content=\"https:\/\/anam.org.gt\/inicio\/wp-content\/uploads\/2025\/05\/image-8.png\" \/>\n\t<meta property=\"og:image:width\" content=\"1440\" \/>\n\t<meta property=\"og:image:height\" content=\"960\" \/>\n\t<meta property=\"og:image:type\" content=\"image\/png\" \/>\n<meta name=\"author\" content=\"admin\" \/>\n<meta name=\"twitter:card\" content=\"summary_large_image\" \/>\n<meta name=\"twitter:creator\" content=\"@ANAM_Guatemala\" \/>\n<meta name=\"twitter:site\" content=\"@ANAM_Guatemala\" \/>\n<meta name=\"twitter:label1\" content=\"Escrito por\" \/>\n\t<meta name=\"twitter:data1\" content=\"admin\" \/>\n\t<meta name=\"twitter:label2\" content=\"Tiempo de lectura\" \/>\n\t<meta name=\"twitter:data2\" content=\"1 minuto\" \/>\n<script type=\"application\/ld+json\" class=\"yoast-schema-graph\">{\"@context\":\"https:\/\/schema.org\",\"@graph\":[{\"@type\":\"Article\",\"@id\":\"https:\/\/anam.org.gt\/inicio\/anam-gestiona-reunion-entre-alcaldes-y-subdireccion-de-caminos-para-impulsar-mejoras-en-la-red-vial-municipal\/#article\",\"isPartOf\":{\"@id\":\"https:\/\/anam.org.gt\/inicio\/anam-gestiona-reunion-entre-alcaldes-y-subdireccion-de-caminos-para-impulsar-mejoras-en-la-red-vial-municipal\/\"},\"author\":{\"name\":\"admin\",\"@id\":\"https:\/\/anam.org.gt\/inicio\/#\/schema\/person\/568dcb3e3f73c87e66aedf646a399340\"},\"headline\":\"ANAM gestiona reuni\u00f3n entre alcaldes y Subdirecci\u00f3n de Caminos para impulsar mejoras en la red vial municipal\",\"datePublished\":\"2025-03-29T16:55:09+00:00\",\"dateModified\":\"2025-05-07T16:56:31+00:00\",\"mainEntityOfPage\":{\"@id\":\"https:\/\/anam.org.gt\/inicio\/anam-gestiona-reunion-entre-alcaldes-y-subdireccion-de-caminos-para-impulsar-mejoras-en-la-red-vial-municipal\/\"},\"wordCount\":187,\"commentCount\":0,\"publisher\":{\"@id\":\"https:\/\/anam.org.gt\/inicio\/#organization\"},\"image\":{\"@id\":\"https:\/\/anam.org.gt\/inicio\/anam-gestiona-reunion-entre-alcaldes-y-subdireccion-de-caminos-para-impulsar-mejoras-en-la-red-vial-municipal\/#primaryimage\"},\"thumbnailUrl\":\"https:\/\/anam.org.gt\/inicio\/wp-content\/uploads\/2025\/05\/image-8.png\",\"articleSection\":[\"ANAM\"],\"inLanguage\":\"es\",\"potentialAction\":[{\"@type\":\"CommentAction\",\"name\":\"Comment\",\"target\":[\"https:\/\/anam.org.gt\/inicio\/anam-gestiona-reunion-entre-alcaldes-y-subdireccion-de-caminos-para-impulsar-mejoras-en-la-red-vial-municipal\/#respond\"]}]},{\"@type\":\"WebPage\",\"@id\":\"https:\/\/anam.org.gt\/inicio\/anam-gestiona-reunion-entre-alcaldes-y-subdireccion-de-caminos-para-impulsar-mejoras-en-la-red-vial-municipal\/\",\"url\":\"https:\/\/anam.org.gt\/inicio\/anam-gestiona-reunion-entre-alcaldes-y-subdireccion-de-caminos-para-impulsar-mejoras-en-la-red-vial-municipal\/\",\"name\":\"ANAM gestiona reuni\u00f3n entre alcaldes y Subdirecci\u00f3n de Caminos para impulsar mejoras en la red vial municipal - ANAM\",\"isPartOf\":{\"@id\":\"https:\/\/anam.org.gt\/inicio\/#website\"},\"primaryImageOfPage\":{\"@id\":\"https:\/\/anam.org.gt\/inicio\/anam-gestiona-reunion-entre-alcaldes-y-subdireccion-de-caminos-para-impulsar-mejoras-en-la-red-vial-municipal\/#primaryimage\"},\"image\":{\"@id\":\"https:\/\/anam.org.gt\/inicio\/anam-gestiona-reunion-entre-alcaldes-y-subdireccion-de-caminos-para-impulsar-mejoras-en-la-red-vial-municipal\/#primaryimage\"},\"thumbnailUrl\":\"https:\/\/anam.org.gt\/inicio\/wp-content\/uploads\/2025\/05\/image-8.png\",\"datePublished\":\"2025-03-29T16:55:09+00:00\",\"dateModified\":\"2025-05-07T16:56:31+00:00\",\"breadcrumb\":{\"@id\":\"https:\/\/anam.org.gt\/inicio\/anam-gestiona-reunion-entre-alcaldes-y-subdireccion-de-caminos-para-impulsar-mejoras-en-la-red-vial-municipal\/#breadcrumb\"},\"inLanguage\":\"es\",\"potentialAction\":[{\"@type\":\"ReadAction\",\"target\":[\"https:\/\/anam.org.gt\/inicio\/anam-gestiona-reunion-entre-alcaldes-y-subdireccion-de-caminos-para-impulsar-mejoras-en-la-red-vial-municipal\/\"]}]},{\"@type\":\"ImageObject\",\"inLanguage\":\"es\",\"@id\":\"https:\/\/anam.org.gt\/inicio\/anam-gestiona-reunion-entre-alcaldes-y-subdireccion-de-caminos-para-impulsar-mejoras-en-la-red-vial-municipal\/#primaryimage\",\"url\":\"https:\/\/anam.org.gt\/inicio\/wp-content\/uploads\/2025\/05\/image-8.png\",\"contentUrl\":\"https:\/\/anam.org.gt\/inicio\/wp-content\/uploads\/2025\/05\/image-8.png\",\"width\":1440,\"height\":960},{\"@type\":\"BreadcrumbList\",\"@id\":\"https:\/\/anam.org.gt\/inicio\/anam-gestiona-reunion-entre-alcaldes-y-subdireccion-de-caminos-para-impulsar-mejoras-en-la-red-vial-municipal\/#breadcrumb\",\"itemListElement\":[{\"@type\":\"ListItem\",\"position\":1,\"name\":\"Portada\",\"item\":\"https:\/\/anam.org.gt\/inicio\/\"},{\"@type\":\"ListItem\",\"position\":2,\"name\":\"ANAM gestiona reuni\u00f3n entre alcaldes y Subdirecci\u00f3n de Caminos para impulsar mejoras en la red vial municipal\"}]},{\"@type\":\"WebSite\",\"@id\":\"https:\/\/anam.org.gt\/inicio\/#website\",\"url\":\"https:\/\/anam.org.gt\/inicio\/\",\"name\":\"ANAM\",\"description\":\"Asociaci\u00f3n Nacional de Municipalidades de la Rep\u00fablica de Guatemala\",\"publisher\":{\"@id\":\"https:\/\/anam.org.gt\/inicio\/#organization\"},\"potentialAction\":[{\"@type\":\"SearchAction\",\"target\":{\"@type\":\"EntryPoint\",\"urlTemplate\":\"https:\/\/anam.org.gt\/inicio\/?s={search_term_string}\"},\"query-input\":{\"@type\":\"PropertyValueSpecification\",\"valueRequired\":true,\"valueName\":\"search_term_string\"}}],\"inLanguage\":\"es\"},{\"@type\":\"Organization\",\"@id\":\"https:\/\/anam.org.gt\/inicio\/#organization\",\"name\":\"Asociaci\u00f3n Nacional de Municipalidades de la Rep\u00fablica de Guatemala\",\"url\":\"https:\/\/anam.org.gt\/inicio\/\",\"logo\":{\"@type\":\"ImageObject\",\"inLanguage\":\"es\",\"@id\":\"https:\/\/anam.org.gt\/inicio\/#\/schema\/logo\/image\/\",\"url\":\"https:\/\/anam.org.gt\/inicio\/wp-content\/uploads\/2026\/02\/logo-anam-central-1.png\",\"contentUrl\":\"https:\/\/anam.org.gt\/inicio\/wp-content\/uploads\/2026\/02\/logo-anam-central-1.png\",\"width\":600,\"height\":280,\"caption\":\"Asociaci\u00f3n Nacional de Municipalidades de la Rep\u00fablica de Guatemala\"},\"image\":{\"@id\":\"https:\/\/anam.org.gt\/inicio\/#\/schema\/logo\/image\/\"},\"sameAs\":[\"https:\/\/www.facebook.com\/ANAMGuatemala.org.gt\",\"https:\/\/x.com\/ANAM_Guatemala\",\"https:\/\/www.instagram.com\/anam_guatemala\/?hl=es\"]},{\"@type\":\"Person\",\"@id\":\"https:\/\/anam.org.gt\/inicio\/#\/schema\/person\/568dcb3e3f73c87e66aedf646a399340\",\"name\":\"admin\",\"image\":{\"@type\":\"ImageObject\",\"inLanguage\":\"es\",\"@id\":\"https:\/\/anam.org.gt\/inicio\/#\/schema\/person\/image\/\",\"url\":\"https:\/\/secure.gravatar.com\/avatar\/e28deb147a21fce7c80709f121c112cdeff455f99e5227e39053d3fdbf557402?s=96&d=mm&r=g\",\"contentUrl\":\"https:\/\/secure.gravatar.com\/avatar\/e28deb147a21fce7c80709f121c112cdeff455f99e5227e39053d3fdbf557402?s=96&d=mm&r=g\",\"caption\":\"admin\"},\"url\":\"https:\/\/anam.org.gt\/inicio\/author\/admin\/\"}]}<\/script>\n<!-- \/ Yoast SEO plugin. -->","yoast_head_json":{"title":"ANAM gestiona reuni\u00f3n entre alcaldes y Subdirecci\u00f3n de Caminos para impulsar mejoras en la red vial municipal - ANAM","robots":{"index":"index","follow":"follow","max-snippet":"max-snippet:-1","max-image-preview":"max-image-preview:large","max-video-preview":"max-video-preview:-1"},"canonical":"https:\/\/anam.org.gt\/inicio\/anam-gestiona-reunion-entre-alcaldes-y-subdireccion-de-caminos-para-impulsar-mejoras-en-la-red-vial-municipal\/","og_locale":"es_ES","og_type":"article","og_title":"ANAM gestiona reuni\u00f3n entre alcaldes y Subdirecci\u00f3n de Caminos para impulsar mejoras en la red vial municipal - ANAM","og_description":"Gracias a la intermediaci\u00f3n de la Asociaci\u00f3n Nacional de Municipalidades (ANAM), los alcaldes de San Bernardino, San Felipe, Ixc\u00e1n y Colomba Costa Cuca sostuvieron una reuni\u00f3n clave con el subdirector de Caminos, con el objetivo de dar seguimiento a proyectos pendientes y presentar nuevas solicitudes para mejorar la infraestructura vial en sus municipios. Durante el [&hellip;]","og_url":"https:\/\/anam.org.gt\/inicio\/anam-gestiona-reunion-entre-alcaldes-y-subdireccion-de-caminos-para-impulsar-mejoras-en-la-red-vial-municipal\/","og_site_name":"ANAM","article_publisher":"https:\/\/www.facebook.com\/ANAMGuatemala.org.gt","article_published_time":"2025-03-29T16:55:09+00:00","article_modified_time":"2025-05-07T16:56:31+00:00","og_image":[{"width":1440,"height":960,"url":"https:\/\/anam.org.gt\/inicio\/wp-content\/uploads\/2025\/05\/image-8.png","type":"image\/png"}],"author":"admin","twitter_card":"summary_large_image","twitter_creator":"@ANAM_Guatemala","twitter_site":"@ANAM_Guatemala","twitter_misc":{"Escrito por":"admin","Tiempo de lectura":"1 minuto"},"schema":{"@context":"https:\/\/schema.org","@graph":[{"@type":"Article","@id":"https:\/\/anam.org.gt\/inicio\/anam-gestiona-reunion-entre-alcaldes-y-subdireccion-de-caminos-para-impulsar-mejoras-en-la-red-vial-municipal\/#article","isPartOf":{"@id":"https:\/\/anam.org.gt\/inicio\/anam-gestiona-reunion-entre-alcaldes-y-subdireccion-de-caminos-para-impulsar-mejoras-en-la-red-vial-municipal\/"},"author":{"name":"admin","@id":"https:\/\/anam.org.gt\/inicio\/#\/schema\/person\/568dcb3e3f73c87e66aedf646a399340"},"headline":"ANAM gestiona reuni\u00f3n entre alcaldes y Subdirecci\u00f3n de Caminos para impulsar mejoras en la red vial municipal","datePublished":"2025-03-29T16:55:09+00:00","dateModified":"2025-05-07T16:56:31+00:00","mainEntityOfPage":{"@id":"https:\/\/anam.org.gt\/inicio\/anam-gestiona-reunion-entre-alcaldes-y-subdireccion-de-caminos-para-impulsar-mejoras-en-la-red-vial-municipal\/"},"wordCount":187,"commentCount":0,"publisher":{"@id":"https:\/\/anam.org.gt\/inicio\/#organization"},"image":{"@id":"https:\/\/anam.org.gt\/inicio\/anam-gestiona-reunion-entre-alcaldes-y-subdireccion-de-caminos-para-impulsar-mejoras-en-la-red-vial-municipal\/#primaryimage"},"thumbnailUrl":"https:\/\/anam.org.gt\/inicio\/wp-content\/uploads\/2025\/05\/image-8.png","articleSection":["ANAM"],"inLanguage":"es","potentialAction":[{"@type":"CommentAction","name":"Comment","target":["https:\/\/anam.org.gt\/inicio\/anam-gestiona-reunion-entre-alcaldes-y-subdireccion-de-caminos-para-impulsar-mejoras-en-la-red-vial-municipal\/#respond"]}]},{"@type":"WebPage","@id":"https:\/\/anam.org.gt\/inicio\/anam-gestiona-reunion-entre-alcaldes-y-subdireccion-de-caminos-para-impulsar-mejoras-en-la-red-vial-municipal\/","url":"https:\/\/anam.org.gt\/inicio\/anam-gestiona-reunion-entre-alcaldes-y-subdireccion-de-caminos-para-impulsar-mejoras-en-la-red-vial-municipal\/","name":"ANAM gestiona reuni\u00f3n entre alcaldes y Subdirecci\u00f3n de Caminos para impulsar mejoras en la red vial municipal - ANAM","isPartOf":{"@id":"https:\/\/anam.org.gt\/inicio\/#website"},"primaryImageOfPage":{"@id":"https:\/\/anam.org.gt\/inicio\/anam-gestiona-reunion-entre-alcaldes-y-subdireccion-de-caminos-para-impulsar-mejoras-en-la-red-vial-municipal\/#primaryimage"},"image":{"@id":"https:\/\/anam.org.gt\/inicio\/anam-gestiona-reunion-entre-alcaldes-y-subdireccion-de-caminos-para-impulsar-mejoras-en-la-red-vial-municipal\/#primaryimage"},"thumbnailUrl":"https:\/\/anam.org.gt\/inicio\/wp-content\/uploads\/2025\/05\/image-8.png","datePublished":"2025-03-29T16:55:09+00:00","dateModified":"2025-05-07T16:56:31+00:00","breadcrumb":{"@id":"https:\/\/anam.org.gt\/inicio\/anam-gestiona-reunion-entre-alcaldes-y-subdireccion-de-caminos-para-impulsar-mejoras-en-la-red-vial-municipal\/#breadcrumb"},"inLanguage":"es","potentialAction":[{"@type":"ReadAction","target":["https:\/\/anam.org.gt\/inicio\/anam-gestiona-reunion-entre-alcaldes-y-subdireccion-de-caminos-para-impulsar-mejoras-en-la-red-vial-municipal\/"]}]},{"@type":"ImageObject","inLanguage":"es","@id":"https:\/\/anam.org.gt\/inicio\/anam-gestiona-reunion-entre-alcaldes-y-subdireccion-de-caminos-para-impulsar-mejoras-en-la-red-vial-municipal\/#primaryimage","url":"https:\/\/anam.org.gt\/inicio\/wp-content\/uploads\/2025\/05\/image-8.png","contentUrl":"https:\/\/anam.org.gt\/inicio\/wp-content\/uploads\/2025\/05\/image-8.png","width":1440,"height":960},{"@type":"BreadcrumbList","@id":"https:\/\/anam.org.gt\/inicio\/anam-gestiona-reunion-entre-alcaldes-y-subdireccion-de-caminos-para-impulsar-mejoras-en-la-red-vial-municipal\/#breadcrumb","itemListElement":[{"@type":"ListItem","position":1,"name":"Portada","item":"https:\/\/anam.org.gt\/inicio\/"},{"@type":"ListItem","position":2,"name":"ANAM gestiona reuni\u00f3n entre alcaldes y Subdirecci\u00f3n de Caminos para impulsar mejoras en la red vial municipal"}]},{"@type":"WebSite","@id":"https:\/\/anam.org.gt\/inicio\/#website","url":"https:\/\/anam.org.gt\/inicio\/","name":"ANAM","description":"Asociaci\u00f3n Nacional de Municipalidades de la Rep\u00fablica de Guatemala","publisher":{"@id":"https:\/\/anam.org.gt\/inicio\/#organization"},"potentialAction":[{"@type":"SearchAction","target":{"@type":"EntryPoint","urlTemplate":"https:\/\/anam.org.gt\/inicio\/?s={search_term_string}"},"query-input":{"@type":"PropertyValueSpecification","valueRequired":true,"valueName":"search_term_string"}}],"inLanguage":"es"},{"@type":"Organization","@id":"https:\/\/anam.org.gt\/inicio\/#organization","name":"Asociaci\u00f3n Nacional de Municipalidades de la Rep\u00fablica de Guatemala","url":"https:\/\/anam.org.gt\/inicio\/","logo":{"@type":"ImageObject","inLanguage":"es","@id":"https:\/\/anam.org.gt\/inicio\/#\/schema\/logo\/image\/","url":"https:\/\/anam.org.gt\/inicio\/wp-content\/uploads\/2026\/02\/logo-anam-central-1.png","contentUrl":"https:\/\/anam.org.gt\/inicio\/wp-content\/uploads\/2026\/02\/logo-anam-central-1.png","width":600,"height":280,"caption":"Asociaci\u00f3n Nacional de Municipalidades de la Rep\u00fablica de Guatemala"},"image":{"@id":"https:\/\/anam.org.gt\/inicio\/#\/schema\/logo\/image\/"},"sameAs":["https:\/\/www.facebook.com\/ANAMGuatemala.org.gt","https:\/\/x.com\/ANAM_Guatemala","https:\/\/www.instagram.com\/anam_guatemala\/?hl=es"]},{"@type":"Person","@id":"https:\/\/anam.org.gt\/inicio\/#\/schema\/person\/568dcb3e3f73c87e66aedf646a399340","name":"admin","image":{"@type":"ImageObject","inLanguage":"es","@id":"https:\/\/anam.org.gt\/inicio\/#\/schema\/person\/image\/","url":"https:\/\/secure.gravatar.com\/avatar\/e28deb147a21fce7c80709f121c112cdeff455f99e5227e39053d3fdbf557402?s=96&d=mm&r=g","contentUrl":"https:\/\/secure.gravatar.com\/avatar\/e28deb147a21fce7c80709f121c112cdeff455f99e5227e39053d3fdbf557402?s=96&d=mm&r=g","caption":"admin"},"url":"https:\/\/anam.org.gt\/inicio\/author\/admin\/"}]}},"_links":{"self":[{"href":"https:\/\/anam.org.gt\/inicio\/wp-json\/wp\/v2\/posts\/3541","targetHints":{"allow":["GET"]}}],"collection":[{"href":"https:\/\/anam.org.gt\/inicio\/wp-json\/wp\/v2\/posts"}],"about":[{"href":"https:\/\/anam.org.gt\/inicio\/wp-json\/wp\/v2\/types\/post"}],"author":[{"embeddable":true,"href":"https:\/\/anam.org.gt\/inicio\/wp-json\/wp\/v2\/users\/4"}],"replies":[{"embeddable":true,"href":"https:\/\/anam.org.gt\/inicio\/wp-json\/wp\/v2\/comments?post=3541"}],"version-history":[{"count":1,"href":"https:\/\/anam.org.gt\/inicio\/wp-json\/wp\/v2\/posts\/3541\/revisions"}],"predecessor-version":[{"id":3543,"href":"https:\/\/anam.org.gt\/inicio\/wp-json\/wp\/v2\/posts\/3541\/revisions\/3543"}],"wp:featuredmedia":[{"embeddable":true,"href":"https:\/\/anam.org.gt\/inicio\/wp-json\/wp\/v2\/media\/3542"}],"wp:attachment":[{"href":"https:\/\/anam.org.gt\/inicio\/wp-json\/wp\/v2\/media?parent=3541"}],"wp:term":[{"taxonomy":"category","embeddable":true,"href":"https:\/\/anam.org.gt\/inicio\/wp-json\/wp\/v2\/categories?post=3541"},{"taxonomy":"post_tag","embeddable":true,"href":"https:\/\/anam.org.gt\/inicio\/wp-json\/wp\/v2\/tags?post=3541"}],"curies":[{"name":"wp","href":"https:\/\/api.w.org\/{rel}","templated":true}]}}