{"id":3547,"date":"2025-04-08T14:58:00","date_gmt":"2025-04-08T14:58:00","guid":{"rendered":"https:\/\/anam.org.gt\/inicio\/?p=3547"},"modified":"2025-05-07T16:59:41","modified_gmt":"2025-05-07T16:59:41","slug":"presidente-de-anam-se-reune-con-alcaldes-de-totonicapan-y-refuerza-compromiso-con-la-autonomia-municipal","status":"publish","type":"post","link":"https:\/\/anam.org.gt\/inicio\/presidente-de-anam-se-reune-con-alcaldes-de-totonicapan-y-refuerza-compromiso-con-la-autonomia-municipal\/","title":{"rendered":"Presidente de ANAM se re\u00fane con alcaldes de Totonicap\u00e1n y refuerza compromiso con la autonom\u00eda municipal"},"content":{"rendered":"<p>El presidente de la Asociaci\u00f3n Nacional de Municipalidades (ANAM), Sebasti\u00e1n Siero, sostuvo una reuni\u00f3n estrat\u00e9gica con los alcaldes del departamento de Totonicap\u00e1n, en un espacio que reafirm\u00f3 el compromiso compartido de fortalecer la colaboraci\u00f3n intermunicipal y trabajar unidos por un futuro con m\u00e1s desarrollo y bienestar para sus comunidades.<\/p><p>Durante el encuentro, se abordaron estrategias concretas para seguir fortaleciendo la autonom\u00eda municipal, destacando la importancia de brindar m\u00e1s herramientas t\u00e9cnicas, financieras y legales a los gobiernos locales para que puedan responder de forma m\u00e1s \u00e1gil y efectiva a las necesidades de sus vecinos.<\/p><p>El presidente Siero enfatiz\u00f3 que la verdadera transformaci\u00f3n del pa\u00eds comienza desde lo local, y reiter\u00f3 que ANAM continuar\u00e1 siendo un aliado firme en la defensa del municipalismo.<\/p><p>Fortalecer la autonom\u00eda municipal no es una opci\u00f3n, es una prioridad para construir soluciones desde el territorio y con visi\u00f3n de futuro.<\/p>","protected":false},"excerpt":{"rendered":"<p>El presidente de la Asociaci\u00f3n Nacional de Municipalidades (ANAM), Sebasti\u00e1n Siero, sostuvo una reuni\u00f3n estrat\u00e9gica con los alcaldes del departamento de Totonicap\u00e1n, en un espacio que reafirm\u00f3 el compromiso compartido de fortalecer la colaboraci\u00f3n intermunicipal y trabajar unidos por un futuro con m\u00e1s desarrollo y bienestar para sus comunidades. Durante el encuentro, se abordaron estrategias [&hellip;]<\/p>\n","protected":false},"author":4,"featured_media":3548,"comment_status":"open","ping_status":"open","sticky":false,"template":"","format":"standard","meta":{"footnotes":""},"categories":[1],"tags":[],"class_list":["post-3547","post","type-post","status-publish","format-standard","has-post-thumbnail","hentry","category-anam"],"yoast_head":"<!-- This site is optimized with the Yoast SEO plugin v27.0 - https:\/\/yoast.com\/product\/yoast-seo-wordpress\/ -->\n<title>Presidente de ANAM se re\u00fane con alcaldes de Totonicap\u00e1n y refuerza compromiso con la autonom\u00eda municipal - ANAM<\/title>\n<meta name=\"robots\" content=\"index, follow, max-snippet:-1, max-image-preview:large, max-video-preview:-1\" \/>\n<link rel=\"canonical\" href=\"https:\/\/anam.org.gt\/inicio\/presidente-de-anam-se-reune-con-alcaldes-de-totonicapan-y-refuerza-compromiso-con-la-autonomia-municipal\/\" \/>\n<meta property=\"og:locale\" content=\"es_ES\" \/>\n<meta property=\"og:type\" content=\"article\" \/>\n<meta property=\"og:title\" content=\"Presidente de ANAM se re\u00fane con alcaldes de Totonicap\u00e1n y refuerza compromiso con la autonom\u00eda municipal - ANAM\" \/>\n<meta property=\"og:description\" content=\"El presidente de la Asociaci\u00f3n Nacional de Municipalidades (ANAM), Sebasti\u00e1n Siero, sostuvo una reuni\u00f3n estrat\u00e9gica con los alcaldes del departamento de Totonicap\u00e1n, en un espacio que reafirm\u00f3 el compromiso compartido de fortalecer la colaboraci\u00f3n intermunicipal y trabajar unidos por un futuro con m\u00e1s desarrollo y bienestar para sus comunidades. Durante el encuentro, se abordaron estrategias [&hellip;]\" \/>\n<meta property=\"og:url\" content=\"https:\/\/anam.org.gt\/inicio\/presidente-de-anam-se-reune-con-alcaldes-de-totonicapan-y-refuerza-compromiso-con-la-autonomia-municipal\/\" \/>\n<meta property=\"og:site_name\" content=\"ANAM\" \/>\n<meta property=\"article:publisher\" content=\"https:\/\/www.facebook.com\/ANAMGuatemala.org.gt\" \/>\n<meta property=\"article:published_time\" content=\"2025-04-08T14:58:00+00:00\" \/>\n<meta property=\"article:modified_time\" content=\"2025-05-07T16:59:41+00:00\" \/>\n<meta property=\"og:image\" content=\"https:\/\/anam.org.gt\/inicio\/wp-content\/uploads\/2025\/05\/image-10-1024x683.png\" \/>\n\t<meta property=\"og:image:width\" content=\"1024\" \/>\n\t<meta property=\"og:image:height\" content=\"683\" \/>\n\t<meta property=\"og:image:type\" content=\"image\/png\" \/>\n<meta name=\"author\" content=\"admin\" \/>\n<meta name=\"twitter:card\" content=\"summary_large_image\" \/>\n<meta name=\"twitter:creator\" content=\"@ANAM_Guatemala\" \/>\n<meta name=\"twitter:site\" content=\"@ANAM_Guatemala\" \/>\n<meta name=\"twitter:label1\" content=\"Escrito por\" \/>\n\t<meta name=\"twitter:data1\" content=\"admin\" \/>\n\t<meta name=\"twitter:label2\" content=\"Tiempo de lectura\" \/>\n\t<meta name=\"twitter:data2\" content=\"1 minuto\" \/>\n<script type=\"application\/ld+json\" class=\"yoast-schema-graph\">{\"@context\":\"https:\/\/schema.org\",\"@graph\":[{\"@type\":\"Article\",\"@id\":\"https:\/\/anam.org.gt\/inicio\/presidente-de-anam-se-reune-con-alcaldes-de-totonicapan-y-refuerza-compromiso-con-la-autonomia-municipal\/#article\",\"isPartOf\":{\"@id\":\"https:\/\/anam.org.gt\/inicio\/presidente-de-anam-se-reune-con-alcaldes-de-totonicapan-y-refuerza-compromiso-con-la-autonomia-municipal\/\"},\"author\":{\"name\":\"admin\",\"@id\":\"https:\/\/anam.org.gt\/inicio\/#\/schema\/person\/568dcb3e3f73c87e66aedf646a399340\"},\"headline\":\"Presidente de ANAM se re\u00fane con alcaldes de Totonicap\u00e1n y refuerza compromiso con la autonom\u00eda municipal\",\"datePublished\":\"2025-04-08T14:58:00+00:00\",\"dateModified\":\"2025-05-07T16:59:41+00:00\",\"mainEntityOfPage\":{\"@id\":\"https:\/\/anam.org.gt\/inicio\/presidente-de-anam-se-reune-con-alcaldes-de-totonicapan-y-refuerza-compromiso-con-la-autonomia-municipal\/\"},\"wordCount\":178,\"commentCount\":0,\"publisher\":{\"@id\":\"https:\/\/anam.org.gt\/inicio\/#organization\"},\"image\":{\"@id\":\"https:\/\/anam.org.gt\/inicio\/presidente-de-anam-se-reune-con-alcaldes-de-totonicapan-y-refuerza-compromiso-con-la-autonomia-municipal\/#primaryimage\"},\"thumbnailUrl\":\"https:\/\/anam.org.gt\/inicio\/wp-content\/uploads\/2025\/05\/image-10.png\",\"articleSection\":[\"ANAM\"],\"inLanguage\":\"es\",\"potentialAction\":[{\"@type\":\"CommentAction\",\"name\":\"Comment\",\"target\":[\"https:\/\/anam.org.gt\/inicio\/presidente-de-anam-se-reune-con-alcaldes-de-totonicapan-y-refuerza-compromiso-con-la-autonomia-municipal\/#respond\"]}]},{\"@type\":\"WebPage\",\"@id\":\"https:\/\/anam.org.gt\/inicio\/presidente-de-anam-se-reune-con-alcaldes-de-totonicapan-y-refuerza-compromiso-con-la-autonomia-municipal\/\",\"url\":\"https:\/\/anam.org.gt\/inicio\/presidente-de-anam-se-reune-con-alcaldes-de-totonicapan-y-refuerza-compromiso-con-la-autonomia-municipal\/\",\"name\":\"Presidente de ANAM se re\u00fane con alcaldes de Totonicap\u00e1n y refuerza compromiso con la autonom\u00eda municipal - ANAM\",\"isPartOf\":{\"@id\":\"https:\/\/anam.org.gt\/inicio\/#website\"},\"primaryImageOfPage\":{\"@id\":\"https:\/\/anam.org.gt\/inicio\/presidente-de-anam-se-reune-con-alcaldes-de-totonicapan-y-refuerza-compromiso-con-la-autonomia-municipal\/#primaryimage\"},\"image\":{\"@id\":\"https:\/\/anam.org.gt\/inicio\/presidente-de-anam-se-reune-con-alcaldes-de-totonicapan-y-refuerza-compromiso-con-la-autonomia-municipal\/#primaryimage\"},\"thumbnailUrl\":\"https:\/\/anam.org.gt\/inicio\/wp-content\/uploads\/2025\/05\/image-10.png\",\"datePublished\":\"2025-04-08T14:58:00+00:00\",\"dateModified\":\"2025-05-07T16:59:41+00:00\",\"breadcrumb\":{\"@id\":\"https:\/\/anam.org.gt\/inicio\/presidente-de-anam-se-reune-con-alcaldes-de-totonicapan-y-refuerza-compromiso-con-la-autonomia-municipal\/#breadcrumb\"},\"inLanguage\":\"es\",\"potentialAction\":[{\"@type\":\"ReadAction\",\"target\":[\"https:\/\/anam.org.gt\/inicio\/presidente-de-anam-se-reune-con-alcaldes-de-totonicapan-y-refuerza-compromiso-con-la-autonomia-municipal\/\"]}]},{\"@type\":\"ImageObject\",\"inLanguage\":\"es\",\"@id\":\"https:\/\/anam.org.gt\/inicio\/presidente-de-anam-se-reune-con-alcaldes-de-totonicapan-y-refuerza-compromiso-con-la-autonomia-municipal\/#primaryimage\",\"url\":\"https:\/\/anam.org.gt\/inicio\/wp-content\/uploads\/2025\/05\/image-10.png\",\"contentUrl\":\"https:\/\/anam.org.gt\/inicio\/wp-content\/uploads\/2025\/05\/image-10.png\",\"width\":2048,\"height\":1366},{\"@type\":\"BreadcrumbList\",\"@id\":\"https:\/\/anam.org.gt\/inicio\/presidente-de-anam-se-reune-con-alcaldes-de-totonicapan-y-refuerza-compromiso-con-la-autonomia-municipal\/#breadcrumb\",\"itemListElement\":[{\"@type\":\"ListItem\",\"position\":1,\"name\":\"Portada\",\"item\":\"https:\/\/anam.org.gt\/inicio\/\"},{\"@type\":\"ListItem\",\"position\":2,\"name\":\"Presidente de ANAM se re\u00fane con alcaldes de Totonicap\u00e1n y refuerza compromiso con la autonom\u00eda municipal\"}]},{\"@type\":\"WebSite\",\"@id\":\"https:\/\/anam.org.gt\/inicio\/#website\",\"url\":\"https:\/\/anam.org.gt\/inicio\/\",\"name\":\"ANAM\",\"description\":\"Asociaci\u00f3n Nacional de Municipalidades de la Rep\u00fablica de Guatemala\",\"publisher\":{\"@id\":\"https:\/\/anam.org.gt\/inicio\/#organization\"},\"potentialAction\":[{\"@type\":\"SearchAction\",\"target\":{\"@type\":\"EntryPoint\",\"urlTemplate\":\"https:\/\/anam.org.gt\/inicio\/?s={search_term_string}\"},\"query-input\":{\"@type\":\"PropertyValueSpecification\",\"valueRequired\":true,\"valueName\":\"search_term_string\"}}],\"inLanguage\":\"es\"},{\"@type\":\"Organization\",\"@id\":\"https:\/\/anam.org.gt\/inicio\/#organization\",\"name\":\"Asociaci\u00f3n Nacional de Municipalidades de la Rep\u00fablica de Guatemala\",\"url\":\"https:\/\/anam.org.gt\/inicio\/\",\"logo\":{\"@type\":\"ImageObject\",\"inLanguage\":\"es\",\"@id\":\"https:\/\/anam.org.gt\/inicio\/#\/schema\/logo\/image\/\",\"url\":\"https:\/\/anam.org.gt\/inicio\/wp-content\/uploads\/2026\/02\/logo-anam-central-1.png\",\"contentUrl\":\"https:\/\/anam.org.gt\/inicio\/wp-content\/uploads\/2026\/02\/logo-anam-central-1.png\",\"width\":600,\"height\":280,\"caption\":\"Asociaci\u00f3n Nacional de Municipalidades de la Rep\u00fablica de Guatemala\"},\"image\":{\"@id\":\"https:\/\/anam.org.gt\/inicio\/#\/schema\/logo\/image\/\"},\"sameAs\":[\"https:\/\/www.facebook.com\/ANAMGuatemala.org.gt\",\"https:\/\/x.com\/ANAM_Guatemala\",\"https:\/\/www.instagram.com\/anam_guatemala\/?hl=es\"]},{\"@type\":\"Person\",\"@id\":\"https:\/\/anam.org.gt\/inicio\/#\/schema\/person\/568dcb3e3f73c87e66aedf646a399340\",\"name\":\"admin\",\"image\":{\"@type\":\"ImageObject\",\"inLanguage\":\"es\",\"@id\":\"https:\/\/anam.org.gt\/inicio\/#\/schema\/person\/image\/\",\"url\":\"https:\/\/secure.gravatar.com\/avatar\/e28deb147a21fce7c80709f121c112cdeff455f99e5227e39053d3fdbf557402?s=96&d=mm&r=g\",\"contentUrl\":\"https:\/\/secure.gravatar.com\/avatar\/e28deb147a21fce7c80709f121c112cdeff455f99e5227e39053d3fdbf557402?s=96&d=mm&r=g\",\"caption\":\"admin\"},\"url\":\"https:\/\/anam.org.gt\/inicio\/author\/admin\/\"}]}<\/script>\n<!-- \/ Yoast SEO plugin. -->","yoast_head_json":{"title":"Presidente de ANAM se re\u00fane con alcaldes de Totonicap\u00e1n y refuerza compromiso con la autonom\u00eda municipal - ANAM","robots":{"index":"index","follow":"follow","max-snippet":"max-snippet:-1","max-image-preview":"max-image-preview:large","max-video-preview":"max-video-preview:-1"},"canonical":"https:\/\/anam.org.gt\/inicio\/presidente-de-anam-se-reune-con-alcaldes-de-totonicapan-y-refuerza-compromiso-con-la-autonomia-municipal\/","og_locale":"es_ES","og_type":"article","og_title":"Presidente de ANAM se re\u00fane con alcaldes de Totonicap\u00e1n y refuerza compromiso con la autonom\u00eda municipal - ANAM","og_description":"El presidente de la Asociaci\u00f3n Nacional de Municipalidades (ANAM), Sebasti\u00e1n Siero, sostuvo una reuni\u00f3n estrat\u00e9gica con los alcaldes del departamento de Totonicap\u00e1n, en un espacio que reafirm\u00f3 el compromiso compartido de fortalecer la colaboraci\u00f3n intermunicipal y trabajar unidos por un futuro con m\u00e1s desarrollo y bienestar para sus comunidades. Durante el encuentro, se abordaron estrategias [&hellip;]","og_url":"https:\/\/anam.org.gt\/inicio\/presidente-de-anam-se-reune-con-alcaldes-de-totonicapan-y-refuerza-compromiso-con-la-autonomia-municipal\/","og_site_name":"ANAM","article_publisher":"https:\/\/www.facebook.com\/ANAMGuatemala.org.gt","article_published_time":"2025-04-08T14:58:00+00:00","article_modified_time":"2025-05-07T16:59:41+00:00","og_image":[{"width":1024,"height":683,"url":"https:\/\/anam.org.gt\/inicio\/wp-content\/uploads\/2025\/05\/image-10-1024x683.png","type":"image\/png"}],"author":"admin","twitter_card":"summary_large_image","twitter_creator":"@ANAM_Guatemala","twitter_site":"@ANAM_Guatemala","twitter_misc":{"Escrito por":"admin","Tiempo de lectura":"1 minuto"},"schema":{"@context":"https:\/\/schema.org","@graph":[{"@type":"Article","@id":"https:\/\/anam.org.gt\/inicio\/presidente-de-anam-se-reune-con-alcaldes-de-totonicapan-y-refuerza-compromiso-con-la-autonomia-municipal\/#article","isPartOf":{"@id":"https:\/\/anam.org.gt\/inicio\/presidente-de-anam-se-reune-con-alcaldes-de-totonicapan-y-refuerza-compromiso-con-la-autonomia-municipal\/"},"author":{"name":"admin","@id":"https:\/\/anam.org.gt\/inicio\/#\/schema\/person\/568dcb3e3f73c87e66aedf646a399340"},"headline":"Presidente de ANAM se re\u00fane con alcaldes de Totonicap\u00e1n y refuerza compromiso con la autonom\u00eda municipal","datePublished":"2025-04-08T14:58:00+00:00","dateModified":"2025-05-07T16:59:41+00:00","mainEntityOfPage":{"@id":"https:\/\/anam.org.gt\/inicio\/presidente-de-anam-se-reune-con-alcaldes-de-totonicapan-y-refuerza-compromiso-con-la-autonomia-municipal\/"},"wordCount":178,"commentCount":0,"publisher":{"@id":"https:\/\/anam.org.gt\/inicio\/#organization"},"image":{"@id":"https:\/\/anam.org.gt\/inicio\/presidente-de-anam-se-reune-con-alcaldes-de-totonicapan-y-refuerza-compromiso-con-la-autonomia-municipal\/#primaryimage"},"thumbnailUrl":"https:\/\/anam.org.gt\/inicio\/wp-content\/uploads\/2025\/05\/image-10.png","articleSection":["ANAM"],"inLanguage":"es","potentialAction":[{"@type":"CommentAction","name":"Comment","target":["https:\/\/anam.org.gt\/inicio\/presidente-de-anam-se-reune-con-alcaldes-de-totonicapan-y-refuerza-compromiso-con-la-autonomia-municipal\/#respond"]}]},{"@type":"WebPage","@id":"https:\/\/anam.org.gt\/inicio\/presidente-de-anam-se-reune-con-alcaldes-de-totonicapan-y-refuerza-compromiso-con-la-autonomia-municipal\/","url":"https:\/\/anam.org.gt\/inicio\/presidente-de-anam-se-reune-con-alcaldes-de-totonicapan-y-refuerza-compromiso-con-la-autonomia-municipal\/","name":"Presidente de ANAM se re\u00fane con alcaldes de Totonicap\u00e1n y refuerza compromiso con la autonom\u00eda municipal - ANAM","isPartOf":{"@id":"https:\/\/anam.org.gt\/inicio\/#website"},"primaryImageOfPage":{"@id":"https:\/\/anam.org.gt\/inicio\/presidente-de-anam-se-reune-con-alcaldes-de-totonicapan-y-refuerza-compromiso-con-la-autonomia-municipal\/#primaryimage"},"image":{"@id":"https:\/\/anam.org.gt\/inicio\/presidente-de-anam-se-reune-con-alcaldes-de-totonicapan-y-refuerza-compromiso-con-la-autonomia-municipal\/#primaryimage"},"thumbnailUrl":"https:\/\/anam.org.gt\/inicio\/wp-content\/uploads\/2025\/05\/image-10.png","datePublished":"2025-04-08T14:58:00+00:00","dateModified":"2025-05-07T16:59:41+00:00","breadcrumb":{"@id":"https:\/\/anam.org.gt\/inicio\/presidente-de-anam-se-reune-con-alcaldes-de-totonicapan-y-refuerza-compromiso-con-la-autonomia-municipal\/#breadcrumb"},"inLanguage":"es","potentialAction":[{"@type":"ReadAction","target":["https:\/\/anam.org.gt\/inicio\/presidente-de-anam-se-reune-con-alcaldes-de-totonicapan-y-refuerza-compromiso-con-la-autonomia-municipal\/"]}]},{"@type":"ImageObject","inLanguage":"es","@id":"https:\/\/anam.org.gt\/inicio\/presidente-de-anam-se-reune-con-alcaldes-de-totonicapan-y-refuerza-compromiso-con-la-autonomia-municipal\/#primaryimage","url":"https:\/\/anam.org.gt\/inicio\/wp-content\/uploads\/2025\/05\/image-10.png","contentUrl":"https:\/\/anam.org.gt\/inicio\/wp-content\/uploads\/2025\/05\/image-10.png","width":2048,"height":1366},{"@type":"BreadcrumbList","@id":"https:\/\/anam.org.gt\/inicio\/presidente-de-anam-se-reune-con-alcaldes-de-totonicapan-y-refuerza-compromiso-con-la-autonomia-municipal\/#breadcrumb","itemListElement":[{"@type":"ListItem","position":1,"name":"Portada","item":"https:\/\/anam.org.gt\/inicio\/"},{"@type":"ListItem","position":2,"name":"Presidente de ANAM se re\u00fane con alcaldes de Totonicap\u00e1n y refuerza compromiso con la autonom\u00eda municipal"}]},{"@type":"WebSite","@id":"https:\/\/anam.org.gt\/inicio\/#website","url":"https:\/\/anam.org.gt\/inicio\/","name":"ANAM","description":"Asociaci\u00f3n Nacional de Municipalidades de la Rep\u00fablica de Guatemala","publisher":{"@id":"https:\/\/anam.org.gt\/inicio\/#organization"},"potentialAction":[{"@type":"SearchAction","target":{"@type":"EntryPoint","urlTemplate":"https:\/\/anam.org.gt\/inicio\/?s={search_term_string}"},"query-input":{"@type":"PropertyValueSpecification","valueRequired":true,"valueName":"search_term_string"}}],"inLanguage":"es"},{"@type":"Organization","@id":"https:\/\/anam.org.gt\/inicio\/#organization","name":"Asociaci\u00f3n Nacional de Municipalidades de la Rep\u00fablica de Guatemala","url":"https:\/\/anam.org.gt\/inicio\/","logo":{"@type":"ImageObject","inLanguage":"es","@id":"https:\/\/anam.org.gt\/inicio\/#\/schema\/logo\/image\/","url":"https:\/\/anam.org.gt\/inicio\/wp-content\/uploads\/2026\/02\/logo-anam-central-1.png","contentUrl":"https:\/\/anam.org.gt\/inicio\/wp-content\/uploads\/2026\/02\/logo-anam-central-1.png","width":600,"height":280,"caption":"Asociaci\u00f3n Nacional de Municipalidades de la Rep\u00fablica de Guatemala"},"image":{"@id":"https:\/\/anam.org.gt\/inicio\/#\/schema\/logo\/image\/"},"sameAs":["https:\/\/www.facebook.com\/ANAMGuatemala.org.gt","https:\/\/x.com\/ANAM_Guatemala","https:\/\/www.instagram.com\/anam_guatemala\/?hl=es"]},{"@type":"Person","@id":"https:\/\/anam.org.gt\/inicio\/#\/schema\/person\/568dcb3e3f73c87e66aedf646a399340","name":"admin","image":{"@type":"ImageObject","inLanguage":"es","@id":"https:\/\/anam.org.gt\/inicio\/#\/schema\/person\/image\/","url":"https:\/\/secure.gravatar.com\/avatar\/e28deb147a21fce7c80709f121c112cdeff455f99e5227e39053d3fdbf557402?s=96&d=mm&r=g","contentUrl":"https:\/\/secure.gravatar.com\/avatar\/e28deb147a21fce7c80709f121c112cdeff455f99e5227e39053d3fdbf557402?s=96&d=mm&r=g","caption":"admin"},"url":"https:\/\/anam.org.gt\/inicio\/author\/admin\/"}]}},"_links":{"self":[{"href":"https:\/\/anam.org.gt\/inicio\/wp-json\/wp\/v2\/posts\/3547","targetHints":{"allow":["GET"]}}],"collection":[{"href":"https:\/\/anam.org.gt\/inicio\/wp-json\/wp\/v2\/posts"}],"about":[{"href":"https:\/\/anam.org.gt\/inicio\/wp-json\/wp\/v2\/types\/post"}],"author":[{"embeddable":true,"href":"https:\/\/anam.org.gt\/inicio\/wp-json\/wp\/v2\/users\/4"}],"replies":[{"embeddable":true,"href":"https:\/\/anam.org.gt\/inicio\/wp-json\/wp\/v2\/comments?post=3547"}],"version-history":[{"count":1,"href":"https:\/\/anam.org.gt\/inicio\/wp-json\/wp\/v2\/posts\/3547\/revisions"}],"predecessor-version":[{"id":3549,"href":"https:\/\/anam.org.gt\/inicio\/wp-json\/wp\/v2\/posts\/3547\/revisions\/3549"}],"wp:featuredmedia":[{"embeddable":true,"href":"https:\/\/anam.org.gt\/inicio\/wp-json\/wp\/v2\/media\/3548"}],"wp:attachment":[{"href":"https:\/\/anam.org.gt\/inicio\/wp-json\/wp\/v2\/media?parent=3547"}],"wp:term":[{"taxonomy":"category","embeddable":true,"href":"https:\/\/anam.org.gt\/inicio\/wp-json\/wp\/v2\/categories?post=3547"},{"taxonomy":"post_tag","embeddable":true,"href":"https:\/\/anam.org.gt\/inicio\/wp-json\/wp\/v2\/tags?post=3547"}],"curies":[{"name":"wp","href":"https:\/\/api.w.org\/{rel}","templated":true}]}}