{"id":3550,"date":"2025-04-09T17:00:14","date_gmt":"2025-04-09T17:00:14","guid":{"rendered":"https:\/\/anam.org.gt\/inicio\/?p=3550"},"modified":"2025-05-07T17:01:15","modified_gmt":"2025-05-07T17:01:15","slug":"anam-gestiona-reunion-entre-alcaldes-de-totonicapan-y-el-viceministro-de-cultura-y-deportes-para-impulsar-nuevos-proyectos-deportivos","status":"publish","type":"post","link":"https:\/\/anam.org.gt\/inicio\/anam-gestiona-reunion-entre-alcaldes-de-totonicapan-y-el-viceministro-de-cultura-y-deportes-para-impulsar-nuevos-proyectos-deportivos\/","title":{"rendered":"ANAM gestiona reuni\u00f3n entre alcaldes de Totonicap\u00e1n y el Viceministro de Cultura y Deportes para impulsar nuevos proyectos deportivos"},"content":{"rendered":"<p>Como parte de su labor de acompa\u00f1amiento y articulaci\u00f3n interinstitucional, la Asociaci\u00f3n Nacional de Municipalidades (ANAM) gestion\u00f3 una reuni\u00f3n clave entre los alcaldes de San Andr\u00e9s Xecul y San Crist\u00f3bal Totonicap\u00e1n con el Viceministro de Cultura y Deportes, con el objetivo de solicitar formalmente la agilizaci\u00f3n de la construcci\u00f3n de nuevas instalaciones deportivas en ambos municipios.<\/p><p>Durante el encuentro, los alcaldes expusieron la urgente necesidad de contar con espacios adecuados y dignos para la pr\u00e1ctica deportiva y la recreaci\u00f3n, especialmente dirigidos a la ni\u00f1ez y juventud. Las solicitudes incluyeron proyectos espec\u00edficos que permitir\u00edan dinamizar el desarrollo integral, la convivencia y la salud f\u00edsica de la poblaci\u00f3n.<\/p><p>Estas gestiones, impulsadas con el respaldo de ANAM, buscan acercar los servicios del Estado a las comunidades, promover la inversi\u00f3n en infraestructura deportiva y reafirmar el compromiso de los gobiernos locales con el bienestar, la inclusi\u00f3n y el desarrollo comunitario.<\/p><p>Desde ANAM se continuar\u00e1 fortaleciendo este tipo de acciones que permiten transformar las demandas locales en proyectos concretos, trabajando de la mano con las autoridades nacionales para generar soluciones reales.<\/p>","protected":false},"excerpt":{"rendered":"<p>Como parte de su labor de acompa\u00f1amiento y articulaci\u00f3n interinstitucional, la Asociaci\u00f3n Nacional de Municipalidades (ANAM) gestion\u00f3 una reuni\u00f3n clave entre los alcaldes de San Andr\u00e9s Xecul y San Crist\u00f3bal Totonicap\u00e1n con el Viceministro de Cultura y Deportes, con el objetivo de solicitar formalmente la agilizaci\u00f3n de la construcci\u00f3n de nuevas instalaciones deportivas en ambos [&hellip;]<\/p>\n","protected":false},"author":4,"featured_media":3551,"comment_status":"open","ping_status":"open","sticky":false,"template":"","format":"standard","meta":{"footnotes":""},"categories":[1],"tags":[],"class_list":["post-3550","post","type-post","status-publish","format-standard","has-post-thumbnail","hentry","category-anam"],"yoast_head":"<!-- This site is optimized with the Yoast SEO plugin v27.0 - https:\/\/yoast.com\/product\/yoast-seo-wordpress\/ -->\n<title>ANAM gestiona reuni\u00f3n entre alcaldes de Totonicap\u00e1n y el Viceministro de Cultura y Deportes para impulsar nuevos proyectos deportivos - ANAM<\/title>\n<meta name=\"robots\" content=\"index, follow, max-snippet:-1, max-image-preview:large, max-video-preview:-1\" \/>\n<link rel=\"canonical\" href=\"https:\/\/anam.org.gt\/inicio\/anam-gestiona-reunion-entre-alcaldes-de-totonicapan-y-el-viceministro-de-cultura-y-deportes-para-impulsar-nuevos-proyectos-deportivos\/\" \/>\n<meta property=\"og:locale\" content=\"es_ES\" \/>\n<meta property=\"og:type\" content=\"article\" \/>\n<meta property=\"og:title\" content=\"ANAM gestiona reuni\u00f3n entre alcaldes de Totonicap\u00e1n y el Viceministro de Cultura y Deportes para impulsar nuevos proyectos deportivos - ANAM\" \/>\n<meta property=\"og:description\" content=\"Como parte de su labor de acompa\u00f1amiento y articulaci\u00f3n interinstitucional, la Asociaci\u00f3n Nacional de Municipalidades (ANAM) gestion\u00f3 una reuni\u00f3n clave entre los alcaldes de San Andr\u00e9s Xecul y San Crist\u00f3bal Totonicap\u00e1n con el Viceministro de Cultura y Deportes, con el objetivo de solicitar formalmente la agilizaci\u00f3n de la construcci\u00f3n de nuevas instalaciones deportivas en ambos [&hellip;]\" \/>\n<meta property=\"og:url\" content=\"https:\/\/anam.org.gt\/inicio\/anam-gestiona-reunion-entre-alcaldes-de-totonicapan-y-el-viceministro-de-cultura-y-deportes-para-impulsar-nuevos-proyectos-deportivos\/\" \/>\n<meta property=\"og:site_name\" content=\"ANAM\" \/>\n<meta property=\"article:publisher\" content=\"https:\/\/www.facebook.com\/ANAMGuatemala.org.gt\" \/>\n<meta property=\"article:published_time\" content=\"2025-04-09T17:00:14+00:00\" \/>\n<meta property=\"article:modified_time\" content=\"2025-05-07T17:01:15+00:00\" \/>\n<meta property=\"og:image\" content=\"https:\/\/anam.org.gt\/inicio\/wp-content\/uploads\/2025\/05\/image-11.png\" \/>\n\t<meta property=\"og:image:width\" content=\"1440\" \/>\n\t<meta property=\"og:image:height\" content=\"960\" \/>\n\t<meta property=\"og:image:type\" content=\"image\/png\" \/>\n<meta name=\"author\" content=\"admin\" \/>\n<meta name=\"twitter:card\" content=\"summary_large_image\" \/>\n<meta name=\"twitter:creator\" content=\"@ANAM_Guatemala\" \/>\n<meta name=\"twitter:site\" content=\"@ANAM_Guatemala\" \/>\n<meta name=\"twitter:label1\" content=\"Escrito por\" \/>\n\t<meta name=\"twitter:data1\" content=\"admin\" \/>\n\t<meta name=\"twitter:label2\" content=\"Tiempo de lectura\" \/>\n\t<meta name=\"twitter:data2\" content=\"1 minuto\" \/>\n<script type=\"application\/ld+json\" class=\"yoast-schema-graph\">{\"@context\":\"https:\/\/schema.org\",\"@graph\":[{\"@type\":\"Article\",\"@id\":\"https:\/\/anam.org.gt\/inicio\/anam-gestiona-reunion-entre-alcaldes-de-totonicapan-y-el-viceministro-de-cultura-y-deportes-para-impulsar-nuevos-proyectos-deportivos\/#article\",\"isPartOf\":{\"@id\":\"https:\/\/anam.org.gt\/inicio\/anam-gestiona-reunion-entre-alcaldes-de-totonicapan-y-el-viceministro-de-cultura-y-deportes-para-impulsar-nuevos-proyectos-deportivos\/\"},\"author\":{\"name\":\"admin\",\"@id\":\"https:\/\/anam.org.gt\/inicio\/#\/schema\/person\/568dcb3e3f73c87e66aedf646a399340\"},\"headline\":\"ANAM gestiona reuni\u00f3n entre alcaldes de Totonicap\u00e1n y el Viceministro de Cultura y Deportes para impulsar nuevos proyectos deportivos\",\"datePublished\":\"2025-04-09T17:00:14+00:00\",\"dateModified\":\"2025-05-07T17:01:15+00:00\",\"mainEntityOfPage\":{\"@id\":\"https:\/\/anam.org.gt\/inicio\/anam-gestiona-reunion-entre-alcaldes-de-totonicapan-y-el-viceministro-de-cultura-y-deportes-para-impulsar-nuevos-proyectos-deportivos\/\"},\"wordCount\":215,\"commentCount\":0,\"publisher\":{\"@id\":\"https:\/\/anam.org.gt\/inicio\/#organization\"},\"image\":{\"@id\":\"https:\/\/anam.org.gt\/inicio\/anam-gestiona-reunion-entre-alcaldes-de-totonicapan-y-el-viceministro-de-cultura-y-deportes-para-impulsar-nuevos-proyectos-deportivos\/#primaryimage\"},\"thumbnailUrl\":\"https:\/\/anam.org.gt\/inicio\/wp-content\/uploads\/2025\/05\/image-11.png\",\"articleSection\":[\"ANAM\"],\"inLanguage\":\"es\",\"potentialAction\":[{\"@type\":\"CommentAction\",\"name\":\"Comment\",\"target\":[\"https:\/\/anam.org.gt\/inicio\/anam-gestiona-reunion-entre-alcaldes-de-totonicapan-y-el-viceministro-de-cultura-y-deportes-para-impulsar-nuevos-proyectos-deportivos\/#respond\"]}]},{\"@type\":\"WebPage\",\"@id\":\"https:\/\/anam.org.gt\/inicio\/anam-gestiona-reunion-entre-alcaldes-de-totonicapan-y-el-viceministro-de-cultura-y-deportes-para-impulsar-nuevos-proyectos-deportivos\/\",\"url\":\"https:\/\/anam.org.gt\/inicio\/anam-gestiona-reunion-entre-alcaldes-de-totonicapan-y-el-viceministro-de-cultura-y-deportes-para-impulsar-nuevos-proyectos-deportivos\/\",\"name\":\"ANAM gestiona reuni\u00f3n entre alcaldes de Totonicap\u00e1n y el Viceministro de Cultura y Deportes para impulsar nuevos proyectos deportivos - ANAM\",\"isPartOf\":{\"@id\":\"https:\/\/anam.org.gt\/inicio\/#website\"},\"primaryImageOfPage\":{\"@id\":\"https:\/\/anam.org.gt\/inicio\/anam-gestiona-reunion-entre-alcaldes-de-totonicapan-y-el-viceministro-de-cultura-y-deportes-para-impulsar-nuevos-proyectos-deportivos\/#primaryimage\"},\"image\":{\"@id\":\"https:\/\/anam.org.gt\/inicio\/anam-gestiona-reunion-entre-alcaldes-de-totonicapan-y-el-viceministro-de-cultura-y-deportes-para-impulsar-nuevos-proyectos-deportivos\/#primaryimage\"},\"thumbnailUrl\":\"https:\/\/anam.org.gt\/inicio\/wp-content\/uploads\/2025\/05\/image-11.png\",\"datePublished\":\"2025-04-09T17:00:14+00:00\",\"dateModified\":\"2025-05-07T17:01:15+00:00\",\"breadcrumb\":{\"@id\":\"https:\/\/anam.org.gt\/inicio\/anam-gestiona-reunion-entre-alcaldes-de-totonicapan-y-el-viceministro-de-cultura-y-deportes-para-impulsar-nuevos-proyectos-deportivos\/#breadcrumb\"},\"inLanguage\":\"es\",\"potentialAction\":[{\"@type\":\"ReadAction\",\"target\":[\"https:\/\/anam.org.gt\/inicio\/anam-gestiona-reunion-entre-alcaldes-de-totonicapan-y-el-viceministro-de-cultura-y-deportes-para-impulsar-nuevos-proyectos-deportivos\/\"]}]},{\"@type\":\"ImageObject\",\"inLanguage\":\"es\",\"@id\":\"https:\/\/anam.org.gt\/inicio\/anam-gestiona-reunion-entre-alcaldes-de-totonicapan-y-el-viceministro-de-cultura-y-deportes-para-impulsar-nuevos-proyectos-deportivos\/#primaryimage\",\"url\":\"https:\/\/anam.org.gt\/inicio\/wp-content\/uploads\/2025\/05\/image-11.png\",\"contentUrl\":\"https:\/\/anam.org.gt\/inicio\/wp-content\/uploads\/2025\/05\/image-11.png\",\"width\":1440,\"height\":960},{\"@type\":\"BreadcrumbList\",\"@id\":\"https:\/\/anam.org.gt\/inicio\/anam-gestiona-reunion-entre-alcaldes-de-totonicapan-y-el-viceministro-de-cultura-y-deportes-para-impulsar-nuevos-proyectos-deportivos\/#breadcrumb\",\"itemListElement\":[{\"@type\":\"ListItem\",\"position\":1,\"name\":\"Portada\",\"item\":\"https:\/\/anam.org.gt\/inicio\/\"},{\"@type\":\"ListItem\",\"position\":2,\"name\":\"ANAM gestiona reuni\u00f3n entre alcaldes de Totonicap\u00e1n y el Viceministro de Cultura y Deportes para impulsar nuevos proyectos deportivos\"}]},{\"@type\":\"WebSite\",\"@id\":\"https:\/\/anam.org.gt\/inicio\/#website\",\"url\":\"https:\/\/anam.org.gt\/inicio\/\",\"name\":\"ANAM\",\"description\":\"Asociaci\u00f3n Nacional de Municipalidades de la Rep\u00fablica de Guatemala\",\"publisher\":{\"@id\":\"https:\/\/anam.org.gt\/inicio\/#organization\"},\"potentialAction\":[{\"@type\":\"SearchAction\",\"target\":{\"@type\":\"EntryPoint\",\"urlTemplate\":\"https:\/\/anam.org.gt\/inicio\/?s={search_term_string}\"},\"query-input\":{\"@type\":\"PropertyValueSpecification\",\"valueRequired\":true,\"valueName\":\"search_term_string\"}}],\"inLanguage\":\"es\"},{\"@type\":\"Organization\",\"@id\":\"https:\/\/anam.org.gt\/inicio\/#organization\",\"name\":\"Asociaci\u00f3n Nacional de Municipalidades de la Rep\u00fablica de Guatemala\",\"url\":\"https:\/\/anam.org.gt\/inicio\/\",\"logo\":{\"@type\":\"ImageObject\",\"inLanguage\":\"es\",\"@id\":\"https:\/\/anam.org.gt\/inicio\/#\/schema\/logo\/image\/\",\"url\":\"https:\/\/anam.org.gt\/inicio\/wp-content\/uploads\/2026\/02\/logo-anam-central-1.png\",\"contentUrl\":\"https:\/\/anam.org.gt\/inicio\/wp-content\/uploads\/2026\/02\/logo-anam-central-1.png\",\"width\":600,\"height\":280,\"caption\":\"Asociaci\u00f3n Nacional de Municipalidades de la Rep\u00fablica de Guatemala\"},\"image\":{\"@id\":\"https:\/\/anam.org.gt\/inicio\/#\/schema\/logo\/image\/\"},\"sameAs\":[\"https:\/\/www.facebook.com\/ANAMGuatemala.org.gt\",\"https:\/\/x.com\/ANAM_Guatemala\",\"https:\/\/www.instagram.com\/anam_guatemala\/?hl=es\"]},{\"@type\":\"Person\",\"@id\":\"https:\/\/anam.org.gt\/inicio\/#\/schema\/person\/568dcb3e3f73c87e66aedf646a399340\",\"name\":\"admin\",\"image\":{\"@type\":\"ImageObject\",\"inLanguage\":\"es\",\"@id\":\"https:\/\/anam.org.gt\/inicio\/#\/schema\/person\/image\/\",\"url\":\"https:\/\/secure.gravatar.com\/avatar\/e28deb147a21fce7c80709f121c112cdeff455f99e5227e39053d3fdbf557402?s=96&d=mm&r=g\",\"contentUrl\":\"https:\/\/secure.gravatar.com\/avatar\/e28deb147a21fce7c80709f121c112cdeff455f99e5227e39053d3fdbf557402?s=96&d=mm&r=g\",\"caption\":\"admin\"},\"url\":\"https:\/\/anam.org.gt\/inicio\/author\/admin\/\"}]}<\/script>\n<!-- \/ Yoast SEO plugin. -->","yoast_head_json":{"title":"ANAM gestiona reuni\u00f3n entre alcaldes de Totonicap\u00e1n y el Viceministro de Cultura y Deportes para impulsar nuevos proyectos deportivos - ANAM","robots":{"index":"index","follow":"follow","max-snippet":"max-snippet:-1","max-image-preview":"max-image-preview:large","max-video-preview":"max-video-preview:-1"},"canonical":"https:\/\/anam.org.gt\/inicio\/anam-gestiona-reunion-entre-alcaldes-de-totonicapan-y-el-viceministro-de-cultura-y-deportes-para-impulsar-nuevos-proyectos-deportivos\/","og_locale":"es_ES","og_type":"article","og_title":"ANAM gestiona reuni\u00f3n entre alcaldes de Totonicap\u00e1n y el Viceministro de Cultura y Deportes para impulsar nuevos proyectos deportivos - ANAM","og_description":"Como parte de su labor de acompa\u00f1amiento y articulaci\u00f3n interinstitucional, la Asociaci\u00f3n Nacional de Municipalidades (ANAM) gestion\u00f3 una reuni\u00f3n clave entre los alcaldes de San Andr\u00e9s Xecul y San Crist\u00f3bal Totonicap\u00e1n con el Viceministro de Cultura y Deportes, con el objetivo de solicitar formalmente la agilizaci\u00f3n de la construcci\u00f3n de nuevas instalaciones deportivas en ambos [&hellip;]","og_url":"https:\/\/anam.org.gt\/inicio\/anam-gestiona-reunion-entre-alcaldes-de-totonicapan-y-el-viceministro-de-cultura-y-deportes-para-impulsar-nuevos-proyectos-deportivos\/","og_site_name":"ANAM","article_publisher":"https:\/\/www.facebook.com\/ANAMGuatemala.org.gt","article_published_time":"2025-04-09T17:00:14+00:00","article_modified_time":"2025-05-07T17:01:15+00:00","og_image":[{"width":1440,"height":960,"url":"https:\/\/anam.org.gt\/inicio\/wp-content\/uploads\/2025\/05\/image-11.png","type":"image\/png"}],"author":"admin","twitter_card":"summary_large_image","twitter_creator":"@ANAM_Guatemala","twitter_site":"@ANAM_Guatemala","twitter_misc":{"Escrito por":"admin","Tiempo de lectura":"1 minuto"},"schema":{"@context":"https:\/\/schema.org","@graph":[{"@type":"Article","@id":"https:\/\/anam.org.gt\/inicio\/anam-gestiona-reunion-entre-alcaldes-de-totonicapan-y-el-viceministro-de-cultura-y-deportes-para-impulsar-nuevos-proyectos-deportivos\/#article","isPartOf":{"@id":"https:\/\/anam.org.gt\/inicio\/anam-gestiona-reunion-entre-alcaldes-de-totonicapan-y-el-viceministro-de-cultura-y-deportes-para-impulsar-nuevos-proyectos-deportivos\/"},"author":{"name":"admin","@id":"https:\/\/anam.org.gt\/inicio\/#\/schema\/person\/568dcb3e3f73c87e66aedf646a399340"},"headline":"ANAM gestiona reuni\u00f3n entre alcaldes de Totonicap\u00e1n y el Viceministro de Cultura y Deportes para impulsar nuevos proyectos deportivos","datePublished":"2025-04-09T17:00:14+00:00","dateModified":"2025-05-07T17:01:15+00:00","mainEntityOfPage":{"@id":"https:\/\/anam.org.gt\/inicio\/anam-gestiona-reunion-entre-alcaldes-de-totonicapan-y-el-viceministro-de-cultura-y-deportes-para-impulsar-nuevos-proyectos-deportivos\/"},"wordCount":215,"commentCount":0,"publisher":{"@id":"https:\/\/anam.org.gt\/inicio\/#organization"},"image":{"@id":"https:\/\/anam.org.gt\/inicio\/anam-gestiona-reunion-entre-alcaldes-de-totonicapan-y-el-viceministro-de-cultura-y-deportes-para-impulsar-nuevos-proyectos-deportivos\/#primaryimage"},"thumbnailUrl":"https:\/\/anam.org.gt\/inicio\/wp-content\/uploads\/2025\/05\/image-11.png","articleSection":["ANAM"],"inLanguage":"es","potentialAction":[{"@type":"CommentAction","name":"Comment","target":["https:\/\/anam.org.gt\/inicio\/anam-gestiona-reunion-entre-alcaldes-de-totonicapan-y-el-viceministro-de-cultura-y-deportes-para-impulsar-nuevos-proyectos-deportivos\/#respond"]}]},{"@type":"WebPage","@id":"https:\/\/anam.org.gt\/inicio\/anam-gestiona-reunion-entre-alcaldes-de-totonicapan-y-el-viceministro-de-cultura-y-deportes-para-impulsar-nuevos-proyectos-deportivos\/","url":"https:\/\/anam.org.gt\/inicio\/anam-gestiona-reunion-entre-alcaldes-de-totonicapan-y-el-viceministro-de-cultura-y-deportes-para-impulsar-nuevos-proyectos-deportivos\/","name":"ANAM gestiona reuni\u00f3n entre alcaldes de Totonicap\u00e1n y el Viceministro de Cultura y Deportes para impulsar nuevos proyectos deportivos - ANAM","isPartOf":{"@id":"https:\/\/anam.org.gt\/inicio\/#website"},"primaryImageOfPage":{"@id":"https:\/\/anam.org.gt\/inicio\/anam-gestiona-reunion-entre-alcaldes-de-totonicapan-y-el-viceministro-de-cultura-y-deportes-para-impulsar-nuevos-proyectos-deportivos\/#primaryimage"},"image":{"@id":"https:\/\/anam.org.gt\/inicio\/anam-gestiona-reunion-entre-alcaldes-de-totonicapan-y-el-viceministro-de-cultura-y-deportes-para-impulsar-nuevos-proyectos-deportivos\/#primaryimage"},"thumbnailUrl":"https:\/\/anam.org.gt\/inicio\/wp-content\/uploads\/2025\/05\/image-11.png","datePublished":"2025-04-09T17:00:14+00:00","dateModified":"2025-05-07T17:01:15+00:00","breadcrumb":{"@id":"https:\/\/anam.org.gt\/inicio\/anam-gestiona-reunion-entre-alcaldes-de-totonicapan-y-el-viceministro-de-cultura-y-deportes-para-impulsar-nuevos-proyectos-deportivos\/#breadcrumb"},"inLanguage":"es","potentialAction":[{"@type":"ReadAction","target":["https:\/\/anam.org.gt\/inicio\/anam-gestiona-reunion-entre-alcaldes-de-totonicapan-y-el-viceministro-de-cultura-y-deportes-para-impulsar-nuevos-proyectos-deportivos\/"]}]},{"@type":"ImageObject","inLanguage":"es","@id":"https:\/\/anam.org.gt\/inicio\/anam-gestiona-reunion-entre-alcaldes-de-totonicapan-y-el-viceministro-de-cultura-y-deportes-para-impulsar-nuevos-proyectos-deportivos\/#primaryimage","url":"https:\/\/anam.org.gt\/inicio\/wp-content\/uploads\/2025\/05\/image-11.png","contentUrl":"https:\/\/anam.org.gt\/inicio\/wp-content\/uploads\/2025\/05\/image-11.png","width":1440,"height":960},{"@type":"BreadcrumbList","@id":"https:\/\/anam.org.gt\/inicio\/anam-gestiona-reunion-entre-alcaldes-de-totonicapan-y-el-viceministro-de-cultura-y-deportes-para-impulsar-nuevos-proyectos-deportivos\/#breadcrumb","itemListElement":[{"@type":"ListItem","position":1,"name":"Portada","item":"https:\/\/anam.org.gt\/inicio\/"},{"@type":"ListItem","position":2,"name":"ANAM gestiona reuni\u00f3n entre alcaldes de Totonicap\u00e1n y el Viceministro de Cultura y Deportes para impulsar nuevos proyectos deportivos"}]},{"@type":"WebSite","@id":"https:\/\/anam.org.gt\/inicio\/#website","url":"https:\/\/anam.org.gt\/inicio\/","name":"ANAM","description":"Asociaci\u00f3n Nacional de Municipalidades de la Rep\u00fablica de Guatemala","publisher":{"@id":"https:\/\/anam.org.gt\/inicio\/#organization"},"potentialAction":[{"@type":"SearchAction","target":{"@type":"EntryPoint","urlTemplate":"https:\/\/anam.org.gt\/inicio\/?s={search_term_string}"},"query-input":{"@type":"PropertyValueSpecification","valueRequired":true,"valueName":"search_term_string"}}],"inLanguage":"es"},{"@type":"Organization","@id":"https:\/\/anam.org.gt\/inicio\/#organization","name":"Asociaci\u00f3n Nacional de Municipalidades de la Rep\u00fablica de Guatemala","url":"https:\/\/anam.org.gt\/inicio\/","logo":{"@type":"ImageObject","inLanguage":"es","@id":"https:\/\/anam.org.gt\/inicio\/#\/schema\/logo\/image\/","url":"https:\/\/anam.org.gt\/inicio\/wp-content\/uploads\/2026\/02\/logo-anam-central-1.png","contentUrl":"https:\/\/anam.org.gt\/inicio\/wp-content\/uploads\/2026\/02\/logo-anam-central-1.png","width":600,"height":280,"caption":"Asociaci\u00f3n Nacional de Municipalidades de la Rep\u00fablica de Guatemala"},"image":{"@id":"https:\/\/anam.org.gt\/inicio\/#\/schema\/logo\/image\/"},"sameAs":["https:\/\/www.facebook.com\/ANAMGuatemala.org.gt","https:\/\/x.com\/ANAM_Guatemala","https:\/\/www.instagram.com\/anam_guatemala\/?hl=es"]},{"@type":"Person","@id":"https:\/\/anam.org.gt\/inicio\/#\/schema\/person\/568dcb3e3f73c87e66aedf646a399340","name":"admin","image":{"@type":"ImageObject","inLanguage":"es","@id":"https:\/\/anam.org.gt\/inicio\/#\/schema\/person\/image\/","url":"https:\/\/secure.gravatar.com\/avatar\/e28deb147a21fce7c80709f121c112cdeff455f99e5227e39053d3fdbf557402?s=96&d=mm&r=g","contentUrl":"https:\/\/secure.gravatar.com\/avatar\/e28deb147a21fce7c80709f121c112cdeff455f99e5227e39053d3fdbf557402?s=96&d=mm&r=g","caption":"admin"},"url":"https:\/\/anam.org.gt\/inicio\/author\/admin\/"}]}},"_links":{"self":[{"href":"https:\/\/anam.org.gt\/inicio\/wp-json\/wp\/v2\/posts\/3550","targetHints":{"allow":["GET"]}}],"collection":[{"href":"https:\/\/anam.org.gt\/inicio\/wp-json\/wp\/v2\/posts"}],"about":[{"href":"https:\/\/anam.org.gt\/inicio\/wp-json\/wp\/v2\/types\/post"}],"author":[{"embeddable":true,"href":"https:\/\/anam.org.gt\/inicio\/wp-json\/wp\/v2\/users\/4"}],"replies":[{"embeddable":true,"href":"https:\/\/anam.org.gt\/inicio\/wp-json\/wp\/v2\/comments?post=3550"}],"version-history":[{"count":1,"href":"https:\/\/anam.org.gt\/inicio\/wp-json\/wp\/v2\/posts\/3550\/revisions"}],"predecessor-version":[{"id":3552,"href":"https:\/\/anam.org.gt\/inicio\/wp-json\/wp\/v2\/posts\/3550\/revisions\/3552"}],"wp:featuredmedia":[{"embeddable":true,"href":"https:\/\/anam.org.gt\/inicio\/wp-json\/wp\/v2\/media\/3551"}],"wp:attachment":[{"href":"https:\/\/anam.org.gt\/inicio\/wp-json\/wp\/v2\/media?parent=3550"}],"wp:term":[{"taxonomy":"category","embeddable":true,"href":"https:\/\/anam.org.gt\/inicio\/wp-json\/wp\/v2\/categories?post=3550"},{"taxonomy":"post_tag","embeddable":true,"href":"https:\/\/anam.org.gt\/inicio\/wp-json\/wp\/v2\/tags?post=3550"}],"curies":[{"name":"wp","href":"https:\/\/api.w.org\/{rel}","templated":true}]}}