{"id":3553,"date":"2025-04-22T17:01:37","date_gmt":"2025-04-22T17:01:37","guid":{"rendered":"https:\/\/anam.org.gt\/inicio\/?p=3553"},"modified":"2025-05-07T17:04:07","modified_gmt":"2025-05-07T17:04:07","slug":"anam-gestiona-reunion-entre-alcaldes-de-quetzaltenango-y-diputados-para-impulsar-reformas-clave-y-promover-el-desarrollo-del-departamento","status":"publish","type":"post","link":"https:\/\/anam.org.gt\/inicio\/anam-gestiona-reunion-entre-alcaldes-de-quetzaltenango-y-diputados-para-impulsar-reformas-clave-y-promover-el-desarrollo-del-departamento\/","title":{"rendered":"ANAM gestiona reuni\u00f3n entre alcaldes de Quetzaltenango y diputados para impulsar reformas clave y promover el desarrollo del departamento"},"content":{"rendered":"<p>La Asociaci\u00f3n Nacional de Municipalidades (ANAM) gestion\u00f3 una reuni\u00f3n estrat\u00e9gica entre los alcaldes del departamento de Quetzaltenango y los diputados que lo representan en el Congreso de la Rep\u00fablica, con el prop\u00f3sito de impulsar reformas a la Ley de Contrataciones del Estado y fortalecer la transparencia en los procesos de compras p\u00fablicas a nivel municipal.<\/p><p>Durante el encuentro, los alcaldes manifestaron la urgencia de modernizar los mecanismos de adquisici\u00f3n y contrataci\u00f3n, eliminando trabas administrativas que dificultan la ejecuci\u00f3n eficiente de proyectos, sin dejar de garantizar la legalidad y el uso responsable de los recursos p\u00fablicos.<\/p><p>Adem\u00e1s, los jefes ediles hicieron un llamado a los legisladores a avanzar en una agenda legislativa orientada al desarrollo integral de Quetzaltenango, priorizando iniciativas que promuevan la inversi\u00f3n, el empleo, la infraestructura y el bienestar de los vecinos del departamento.<\/p>","protected":false},"excerpt":{"rendered":"<p>La Asociaci\u00f3n Nacional de Municipalidades (ANAM) gestion\u00f3 una reuni\u00f3n estrat\u00e9gica entre los alcaldes del departamento de Quetzaltenango y los diputados que lo representan en el Congreso de la Rep\u00fablica, con el prop\u00f3sito de impulsar reformas a la Ley de Contrataciones del Estado y fortalecer la transparencia en los procesos de compras p\u00fablicas a nivel municipal. [&hellip;]<\/p>\n","protected":false},"author":4,"featured_media":3554,"comment_status":"open","ping_status":"open","sticky":false,"template":"","format":"standard","meta":{"footnotes":""},"categories":[1],"tags":[],"class_list":["post-3553","post","type-post","status-publish","format-standard","has-post-thumbnail","hentry","category-anam"],"yoast_head":"<!-- This site is optimized with the Yoast SEO plugin v27.0 - https:\/\/yoast.com\/product\/yoast-seo-wordpress\/ -->\n<title>ANAM gestiona reuni\u00f3n entre alcaldes de Quetzaltenango y diputados para impulsar reformas clave y promover el desarrollo del departamento - ANAM<\/title>\n<meta name=\"robots\" content=\"index, follow, max-snippet:-1, max-image-preview:large, max-video-preview:-1\" \/>\n<link rel=\"canonical\" href=\"https:\/\/anam.org.gt\/inicio\/anam-gestiona-reunion-entre-alcaldes-de-quetzaltenango-y-diputados-para-impulsar-reformas-clave-y-promover-el-desarrollo-del-departamento\/\" \/>\n<meta property=\"og:locale\" content=\"es_ES\" \/>\n<meta property=\"og:type\" content=\"article\" \/>\n<meta property=\"og:title\" content=\"ANAM gestiona reuni\u00f3n entre alcaldes de Quetzaltenango y diputados para impulsar reformas clave y promover el desarrollo del departamento - ANAM\" \/>\n<meta property=\"og:description\" content=\"La Asociaci\u00f3n Nacional de Municipalidades (ANAM) gestion\u00f3 una reuni\u00f3n estrat\u00e9gica entre los alcaldes del departamento de Quetzaltenango y los diputados que lo representan en el Congreso de la Rep\u00fablica, con el prop\u00f3sito de impulsar reformas a la Ley de Contrataciones del Estado y fortalecer la transparencia en los procesos de compras p\u00fablicas a nivel municipal. [&hellip;]\" \/>\n<meta property=\"og:url\" content=\"https:\/\/anam.org.gt\/inicio\/anam-gestiona-reunion-entre-alcaldes-de-quetzaltenango-y-diputados-para-impulsar-reformas-clave-y-promover-el-desarrollo-del-departamento\/\" \/>\n<meta property=\"og:site_name\" content=\"ANAM\" \/>\n<meta property=\"article:publisher\" content=\"https:\/\/www.facebook.com\/ANAMGuatemala.org.gt\" \/>\n<meta property=\"article:published_time\" content=\"2025-04-22T17:01:37+00:00\" \/>\n<meta property=\"article:modified_time\" content=\"2025-05-07T17:04:07+00:00\" \/>\n<meta property=\"og:image\" content=\"https:\/\/anam.org.gt\/inicio\/wp-content\/uploads\/2025\/05\/image-12-1024x766.png\" \/>\n\t<meta property=\"og:image:width\" content=\"1024\" \/>\n\t<meta property=\"og:image:height\" content=\"766\" \/>\n\t<meta property=\"og:image:type\" content=\"image\/png\" \/>\n<meta name=\"author\" content=\"admin\" \/>\n<meta name=\"twitter:card\" content=\"summary_large_image\" \/>\n<meta name=\"twitter:creator\" content=\"@ANAM_Guatemala\" \/>\n<meta name=\"twitter:site\" content=\"@ANAM_Guatemala\" \/>\n<meta name=\"twitter:label1\" content=\"Escrito por\" \/>\n\t<meta name=\"twitter:data1\" content=\"admin\" \/>\n\t<meta name=\"twitter:label2\" content=\"Tiempo de lectura\" \/>\n\t<meta name=\"twitter:data2\" content=\"1 minuto\" \/>\n<script type=\"application\/ld+json\" class=\"yoast-schema-graph\">{\"@context\":\"https:\/\/schema.org\",\"@graph\":[{\"@type\":\"Article\",\"@id\":\"https:\/\/anam.org.gt\/inicio\/anam-gestiona-reunion-entre-alcaldes-de-quetzaltenango-y-diputados-para-impulsar-reformas-clave-y-promover-el-desarrollo-del-departamento\/#article\",\"isPartOf\":{\"@id\":\"https:\/\/anam.org.gt\/inicio\/anam-gestiona-reunion-entre-alcaldes-de-quetzaltenango-y-diputados-para-impulsar-reformas-clave-y-promover-el-desarrollo-del-departamento\/\"},\"author\":{\"name\":\"admin\",\"@id\":\"https:\/\/anam.org.gt\/inicio\/#\/schema\/person\/568dcb3e3f73c87e66aedf646a399340\"},\"headline\":\"ANAM gestiona reuni\u00f3n entre alcaldes de Quetzaltenango y diputados para impulsar reformas clave y promover el desarrollo del departamento\",\"datePublished\":\"2025-04-22T17:01:37+00:00\",\"dateModified\":\"2025-05-07T17:04:07+00:00\",\"mainEntityOfPage\":{\"@id\":\"https:\/\/anam.org.gt\/inicio\/anam-gestiona-reunion-entre-alcaldes-de-quetzaltenango-y-diputados-para-impulsar-reformas-clave-y-promover-el-desarrollo-del-departamento\/\"},\"wordCount\":167,\"commentCount\":0,\"publisher\":{\"@id\":\"https:\/\/anam.org.gt\/inicio\/#organization\"},\"image\":{\"@id\":\"https:\/\/anam.org.gt\/inicio\/anam-gestiona-reunion-entre-alcaldes-de-quetzaltenango-y-diputados-para-impulsar-reformas-clave-y-promover-el-desarrollo-del-departamento\/#primaryimage\"},\"thumbnailUrl\":\"https:\/\/anam.org.gt\/inicio\/wp-content\/uploads\/2025\/05\/image-12.png\",\"articleSection\":[\"ANAM\"],\"inLanguage\":\"es\",\"potentialAction\":[{\"@type\":\"CommentAction\",\"name\":\"Comment\",\"target\":[\"https:\/\/anam.org.gt\/inicio\/anam-gestiona-reunion-entre-alcaldes-de-quetzaltenango-y-diputados-para-impulsar-reformas-clave-y-promover-el-desarrollo-del-departamento\/#respond\"]}]},{\"@type\":\"WebPage\",\"@id\":\"https:\/\/anam.org.gt\/inicio\/anam-gestiona-reunion-entre-alcaldes-de-quetzaltenango-y-diputados-para-impulsar-reformas-clave-y-promover-el-desarrollo-del-departamento\/\",\"url\":\"https:\/\/anam.org.gt\/inicio\/anam-gestiona-reunion-entre-alcaldes-de-quetzaltenango-y-diputados-para-impulsar-reformas-clave-y-promover-el-desarrollo-del-departamento\/\",\"name\":\"ANAM gestiona reuni\u00f3n entre alcaldes de Quetzaltenango y diputados para impulsar reformas clave y promover el desarrollo del departamento - ANAM\",\"isPartOf\":{\"@id\":\"https:\/\/anam.org.gt\/inicio\/#website\"},\"primaryImageOfPage\":{\"@id\":\"https:\/\/anam.org.gt\/inicio\/anam-gestiona-reunion-entre-alcaldes-de-quetzaltenango-y-diputados-para-impulsar-reformas-clave-y-promover-el-desarrollo-del-departamento\/#primaryimage\"},\"image\":{\"@id\":\"https:\/\/anam.org.gt\/inicio\/anam-gestiona-reunion-entre-alcaldes-de-quetzaltenango-y-diputados-para-impulsar-reformas-clave-y-promover-el-desarrollo-del-departamento\/#primaryimage\"},\"thumbnailUrl\":\"https:\/\/anam.org.gt\/inicio\/wp-content\/uploads\/2025\/05\/image-12.png\",\"datePublished\":\"2025-04-22T17:01:37+00:00\",\"dateModified\":\"2025-05-07T17:04:07+00:00\",\"breadcrumb\":{\"@id\":\"https:\/\/anam.org.gt\/inicio\/anam-gestiona-reunion-entre-alcaldes-de-quetzaltenango-y-diputados-para-impulsar-reformas-clave-y-promover-el-desarrollo-del-departamento\/#breadcrumb\"},\"inLanguage\":\"es\",\"potentialAction\":[{\"@type\":\"ReadAction\",\"target\":[\"https:\/\/anam.org.gt\/inicio\/anam-gestiona-reunion-entre-alcaldes-de-quetzaltenango-y-diputados-para-impulsar-reformas-clave-y-promover-el-desarrollo-del-departamento\/\"]}]},{\"@type\":\"ImageObject\",\"inLanguage\":\"es\",\"@id\":\"https:\/\/anam.org.gt\/inicio\/anam-gestiona-reunion-entre-alcaldes-de-quetzaltenango-y-diputados-para-impulsar-reformas-clave-y-promover-el-desarrollo-del-departamento\/#primaryimage\",\"url\":\"https:\/\/anam.org.gt\/inicio\/wp-content\/uploads\/2025\/05\/image-12.png\",\"contentUrl\":\"https:\/\/anam.org.gt\/inicio\/wp-content\/uploads\/2025\/05\/image-12.png\",\"width\":1440,\"height\":1077},{\"@type\":\"BreadcrumbList\",\"@id\":\"https:\/\/anam.org.gt\/inicio\/anam-gestiona-reunion-entre-alcaldes-de-quetzaltenango-y-diputados-para-impulsar-reformas-clave-y-promover-el-desarrollo-del-departamento\/#breadcrumb\",\"itemListElement\":[{\"@type\":\"ListItem\",\"position\":1,\"name\":\"Portada\",\"item\":\"https:\/\/anam.org.gt\/inicio\/\"},{\"@type\":\"ListItem\",\"position\":2,\"name\":\"ANAM gestiona reuni\u00f3n entre alcaldes de Quetzaltenango y diputados para impulsar reformas clave y promover el desarrollo del departamento\"}]},{\"@type\":\"WebSite\",\"@id\":\"https:\/\/anam.org.gt\/inicio\/#website\",\"url\":\"https:\/\/anam.org.gt\/inicio\/\",\"name\":\"ANAM\",\"description\":\"Asociaci\u00f3n Nacional de Municipalidades de la Rep\u00fablica de Guatemala\",\"publisher\":{\"@id\":\"https:\/\/anam.org.gt\/inicio\/#organization\"},\"potentialAction\":[{\"@type\":\"SearchAction\",\"target\":{\"@type\":\"EntryPoint\",\"urlTemplate\":\"https:\/\/anam.org.gt\/inicio\/?s={search_term_string}\"},\"query-input\":{\"@type\":\"PropertyValueSpecification\",\"valueRequired\":true,\"valueName\":\"search_term_string\"}}],\"inLanguage\":\"es\"},{\"@type\":\"Organization\",\"@id\":\"https:\/\/anam.org.gt\/inicio\/#organization\",\"name\":\"Asociaci\u00f3n Nacional de Municipalidades de la Rep\u00fablica de Guatemala\",\"url\":\"https:\/\/anam.org.gt\/inicio\/\",\"logo\":{\"@type\":\"ImageObject\",\"inLanguage\":\"es\",\"@id\":\"https:\/\/anam.org.gt\/inicio\/#\/schema\/logo\/image\/\",\"url\":\"https:\/\/anam.org.gt\/inicio\/wp-content\/uploads\/2026\/02\/logo-anam-central-1.png\",\"contentUrl\":\"https:\/\/anam.org.gt\/inicio\/wp-content\/uploads\/2026\/02\/logo-anam-central-1.png\",\"width\":600,\"height\":280,\"caption\":\"Asociaci\u00f3n Nacional de Municipalidades de la Rep\u00fablica de Guatemala\"},\"image\":{\"@id\":\"https:\/\/anam.org.gt\/inicio\/#\/schema\/logo\/image\/\"},\"sameAs\":[\"https:\/\/www.facebook.com\/ANAMGuatemala.org.gt\",\"https:\/\/x.com\/ANAM_Guatemala\",\"https:\/\/www.instagram.com\/anam_guatemala\/?hl=es\"]},{\"@type\":\"Person\",\"@id\":\"https:\/\/anam.org.gt\/inicio\/#\/schema\/person\/568dcb3e3f73c87e66aedf646a399340\",\"name\":\"admin\",\"image\":{\"@type\":\"ImageObject\",\"inLanguage\":\"es\",\"@id\":\"https:\/\/anam.org.gt\/inicio\/#\/schema\/person\/image\/\",\"url\":\"https:\/\/secure.gravatar.com\/avatar\/e28deb147a21fce7c80709f121c112cdeff455f99e5227e39053d3fdbf557402?s=96&d=mm&r=g\",\"contentUrl\":\"https:\/\/secure.gravatar.com\/avatar\/e28deb147a21fce7c80709f121c112cdeff455f99e5227e39053d3fdbf557402?s=96&d=mm&r=g\",\"caption\":\"admin\"},\"url\":\"https:\/\/anam.org.gt\/inicio\/author\/admin\/\"}]}<\/script>\n<!-- \/ Yoast SEO plugin. -->","yoast_head_json":{"title":"ANAM gestiona reuni\u00f3n entre alcaldes de Quetzaltenango y diputados para impulsar reformas clave y promover el desarrollo del departamento - ANAM","robots":{"index":"index","follow":"follow","max-snippet":"max-snippet:-1","max-image-preview":"max-image-preview:large","max-video-preview":"max-video-preview:-1"},"canonical":"https:\/\/anam.org.gt\/inicio\/anam-gestiona-reunion-entre-alcaldes-de-quetzaltenango-y-diputados-para-impulsar-reformas-clave-y-promover-el-desarrollo-del-departamento\/","og_locale":"es_ES","og_type":"article","og_title":"ANAM gestiona reuni\u00f3n entre alcaldes de Quetzaltenango y diputados para impulsar reformas clave y promover el desarrollo del departamento - ANAM","og_description":"La Asociaci\u00f3n Nacional de Municipalidades (ANAM) gestion\u00f3 una reuni\u00f3n estrat\u00e9gica entre los alcaldes del departamento de Quetzaltenango y los diputados que lo representan en el Congreso de la Rep\u00fablica, con el prop\u00f3sito de impulsar reformas a la Ley de Contrataciones del Estado y fortalecer la transparencia en los procesos de compras p\u00fablicas a nivel municipal. [&hellip;]","og_url":"https:\/\/anam.org.gt\/inicio\/anam-gestiona-reunion-entre-alcaldes-de-quetzaltenango-y-diputados-para-impulsar-reformas-clave-y-promover-el-desarrollo-del-departamento\/","og_site_name":"ANAM","article_publisher":"https:\/\/www.facebook.com\/ANAMGuatemala.org.gt","article_published_time":"2025-04-22T17:01:37+00:00","article_modified_time":"2025-05-07T17:04:07+00:00","og_image":[{"width":1024,"height":766,"url":"https:\/\/anam.org.gt\/inicio\/wp-content\/uploads\/2025\/05\/image-12-1024x766.png","type":"image\/png"}],"author":"admin","twitter_card":"summary_large_image","twitter_creator":"@ANAM_Guatemala","twitter_site":"@ANAM_Guatemala","twitter_misc":{"Escrito por":"admin","Tiempo de lectura":"1 minuto"},"schema":{"@context":"https:\/\/schema.org","@graph":[{"@type":"Article","@id":"https:\/\/anam.org.gt\/inicio\/anam-gestiona-reunion-entre-alcaldes-de-quetzaltenango-y-diputados-para-impulsar-reformas-clave-y-promover-el-desarrollo-del-departamento\/#article","isPartOf":{"@id":"https:\/\/anam.org.gt\/inicio\/anam-gestiona-reunion-entre-alcaldes-de-quetzaltenango-y-diputados-para-impulsar-reformas-clave-y-promover-el-desarrollo-del-departamento\/"},"author":{"name":"admin","@id":"https:\/\/anam.org.gt\/inicio\/#\/schema\/person\/568dcb3e3f73c87e66aedf646a399340"},"headline":"ANAM gestiona reuni\u00f3n entre alcaldes de Quetzaltenango y diputados para impulsar reformas clave y promover el desarrollo del departamento","datePublished":"2025-04-22T17:01:37+00:00","dateModified":"2025-05-07T17:04:07+00:00","mainEntityOfPage":{"@id":"https:\/\/anam.org.gt\/inicio\/anam-gestiona-reunion-entre-alcaldes-de-quetzaltenango-y-diputados-para-impulsar-reformas-clave-y-promover-el-desarrollo-del-departamento\/"},"wordCount":167,"commentCount":0,"publisher":{"@id":"https:\/\/anam.org.gt\/inicio\/#organization"},"image":{"@id":"https:\/\/anam.org.gt\/inicio\/anam-gestiona-reunion-entre-alcaldes-de-quetzaltenango-y-diputados-para-impulsar-reformas-clave-y-promover-el-desarrollo-del-departamento\/#primaryimage"},"thumbnailUrl":"https:\/\/anam.org.gt\/inicio\/wp-content\/uploads\/2025\/05\/image-12.png","articleSection":["ANAM"],"inLanguage":"es","potentialAction":[{"@type":"CommentAction","name":"Comment","target":["https:\/\/anam.org.gt\/inicio\/anam-gestiona-reunion-entre-alcaldes-de-quetzaltenango-y-diputados-para-impulsar-reformas-clave-y-promover-el-desarrollo-del-departamento\/#respond"]}]},{"@type":"WebPage","@id":"https:\/\/anam.org.gt\/inicio\/anam-gestiona-reunion-entre-alcaldes-de-quetzaltenango-y-diputados-para-impulsar-reformas-clave-y-promover-el-desarrollo-del-departamento\/","url":"https:\/\/anam.org.gt\/inicio\/anam-gestiona-reunion-entre-alcaldes-de-quetzaltenango-y-diputados-para-impulsar-reformas-clave-y-promover-el-desarrollo-del-departamento\/","name":"ANAM gestiona reuni\u00f3n entre alcaldes de Quetzaltenango y diputados para impulsar reformas clave y promover el desarrollo del departamento - ANAM","isPartOf":{"@id":"https:\/\/anam.org.gt\/inicio\/#website"},"primaryImageOfPage":{"@id":"https:\/\/anam.org.gt\/inicio\/anam-gestiona-reunion-entre-alcaldes-de-quetzaltenango-y-diputados-para-impulsar-reformas-clave-y-promover-el-desarrollo-del-departamento\/#primaryimage"},"image":{"@id":"https:\/\/anam.org.gt\/inicio\/anam-gestiona-reunion-entre-alcaldes-de-quetzaltenango-y-diputados-para-impulsar-reformas-clave-y-promover-el-desarrollo-del-departamento\/#primaryimage"},"thumbnailUrl":"https:\/\/anam.org.gt\/inicio\/wp-content\/uploads\/2025\/05\/image-12.png","datePublished":"2025-04-22T17:01:37+00:00","dateModified":"2025-05-07T17:04:07+00:00","breadcrumb":{"@id":"https:\/\/anam.org.gt\/inicio\/anam-gestiona-reunion-entre-alcaldes-de-quetzaltenango-y-diputados-para-impulsar-reformas-clave-y-promover-el-desarrollo-del-departamento\/#breadcrumb"},"inLanguage":"es","potentialAction":[{"@type":"ReadAction","target":["https:\/\/anam.org.gt\/inicio\/anam-gestiona-reunion-entre-alcaldes-de-quetzaltenango-y-diputados-para-impulsar-reformas-clave-y-promover-el-desarrollo-del-departamento\/"]}]},{"@type":"ImageObject","inLanguage":"es","@id":"https:\/\/anam.org.gt\/inicio\/anam-gestiona-reunion-entre-alcaldes-de-quetzaltenango-y-diputados-para-impulsar-reformas-clave-y-promover-el-desarrollo-del-departamento\/#primaryimage","url":"https:\/\/anam.org.gt\/inicio\/wp-content\/uploads\/2025\/05\/image-12.png","contentUrl":"https:\/\/anam.org.gt\/inicio\/wp-content\/uploads\/2025\/05\/image-12.png","width":1440,"height":1077},{"@type":"BreadcrumbList","@id":"https:\/\/anam.org.gt\/inicio\/anam-gestiona-reunion-entre-alcaldes-de-quetzaltenango-y-diputados-para-impulsar-reformas-clave-y-promover-el-desarrollo-del-departamento\/#breadcrumb","itemListElement":[{"@type":"ListItem","position":1,"name":"Portada","item":"https:\/\/anam.org.gt\/inicio\/"},{"@type":"ListItem","position":2,"name":"ANAM gestiona reuni\u00f3n entre alcaldes de Quetzaltenango y diputados para impulsar reformas clave y promover el desarrollo del departamento"}]},{"@type":"WebSite","@id":"https:\/\/anam.org.gt\/inicio\/#website","url":"https:\/\/anam.org.gt\/inicio\/","name":"ANAM","description":"Asociaci\u00f3n Nacional de Municipalidades de la Rep\u00fablica de Guatemala","publisher":{"@id":"https:\/\/anam.org.gt\/inicio\/#organization"},"potentialAction":[{"@type":"SearchAction","target":{"@type":"EntryPoint","urlTemplate":"https:\/\/anam.org.gt\/inicio\/?s={search_term_string}"},"query-input":{"@type":"PropertyValueSpecification","valueRequired":true,"valueName":"search_term_string"}}],"inLanguage":"es"},{"@type":"Organization","@id":"https:\/\/anam.org.gt\/inicio\/#organization","name":"Asociaci\u00f3n Nacional de Municipalidades de la Rep\u00fablica de Guatemala","url":"https:\/\/anam.org.gt\/inicio\/","logo":{"@type":"ImageObject","inLanguage":"es","@id":"https:\/\/anam.org.gt\/inicio\/#\/schema\/logo\/image\/","url":"https:\/\/anam.org.gt\/inicio\/wp-content\/uploads\/2026\/02\/logo-anam-central-1.png","contentUrl":"https:\/\/anam.org.gt\/inicio\/wp-content\/uploads\/2026\/02\/logo-anam-central-1.png","width":600,"height":280,"caption":"Asociaci\u00f3n Nacional de Municipalidades de la Rep\u00fablica de Guatemala"},"image":{"@id":"https:\/\/anam.org.gt\/inicio\/#\/schema\/logo\/image\/"},"sameAs":["https:\/\/www.facebook.com\/ANAMGuatemala.org.gt","https:\/\/x.com\/ANAM_Guatemala","https:\/\/www.instagram.com\/anam_guatemala\/?hl=es"]},{"@type":"Person","@id":"https:\/\/anam.org.gt\/inicio\/#\/schema\/person\/568dcb3e3f73c87e66aedf646a399340","name":"admin","image":{"@type":"ImageObject","inLanguage":"es","@id":"https:\/\/anam.org.gt\/inicio\/#\/schema\/person\/image\/","url":"https:\/\/secure.gravatar.com\/avatar\/e28deb147a21fce7c80709f121c112cdeff455f99e5227e39053d3fdbf557402?s=96&d=mm&r=g","contentUrl":"https:\/\/secure.gravatar.com\/avatar\/e28deb147a21fce7c80709f121c112cdeff455f99e5227e39053d3fdbf557402?s=96&d=mm&r=g","caption":"admin"},"url":"https:\/\/anam.org.gt\/inicio\/author\/admin\/"}]}},"_links":{"self":[{"href":"https:\/\/anam.org.gt\/inicio\/wp-json\/wp\/v2\/posts\/3553","targetHints":{"allow":["GET"]}}],"collection":[{"href":"https:\/\/anam.org.gt\/inicio\/wp-json\/wp\/v2\/posts"}],"about":[{"href":"https:\/\/anam.org.gt\/inicio\/wp-json\/wp\/v2\/types\/post"}],"author":[{"embeddable":true,"href":"https:\/\/anam.org.gt\/inicio\/wp-json\/wp\/v2\/users\/4"}],"replies":[{"embeddable":true,"href":"https:\/\/anam.org.gt\/inicio\/wp-json\/wp\/v2\/comments?post=3553"}],"version-history":[{"count":2,"href":"https:\/\/anam.org.gt\/inicio\/wp-json\/wp\/v2\/posts\/3553\/revisions"}],"predecessor-version":[{"id":3556,"href":"https:\/\/anam.org.gt\/inicio\/wp-json\/wp\/v2\/posts\/3553\/revisions\/3556"}],"wp:featuredmedia":[{"embeddable":true,"href":"https:\/\/anam.org.gt\/inicio\/wp-json\/wp\/v2\/media\/3554"}],"wp:attachment":[{"href":"https:\/\/anam.org.gt\/inicio\/wp-json\/wp\/v2\/media?parent=3553"}],"wp:term":[{"taxonomy":"category","embeddable":true,"href":"https:\/\/anam.org.gt\/inicio\/wp-json\/wp\/v2\/categories?post=3553"},{"taxonomy":"post_tag","embeddable":true,"href":"https:\/\/anam.org.gt\/inicio\/wp-json\/wp\/v2\/tags?post=3553"}],"curies":[{"name":"wp","href":"https:\/\/api.w.org\/{rel}","templated":true}]}}