{"id":3557,"date":"2025-04-23T17:04:22","date_gmt":"2025-04-23T17:04:22","guid":{"rendered":"https:\/\/anam.org.gt\/inicio\/?p=3557"},"modified":"2025-05-07T17:05:30","modified_gmt":"2025-05-07T17:05:30","slug":"alcalde-sebastian-siero-se-reune-con-magistrada-del-tse-para-establecer-agenda-conjunta-en-beneficio-del-municipalismo","status":"publish","type":"post","link":"https:\/\/anam.org.gt\/inicio\/alcalde-sebastian-siero-se-reune-con-magistrada-del-tse-para-establecer-agenda-conjunta-en-beneficio-del-municipalismo\/","title":{"rendered":"Alcalde Sebasti\u00e1n Siero se re\u00fane con magistrada del TSE para establecer agenda conjunta en beneficio del municipalismo"},"content":{"rendered":"<p>El alcalde y presidente de la Asociaci\u00f3n Nacional de Municipalidades (ANAM), Sebasti\u00e1n Siero, sostuvo una reuni\u00f3n de alto nivel con una magistrada del Tribunal Supremo Electoral (TSE) de Guatemala, con el objetivo de establecer una agenda conjunta que fortalezca la relaci\u00f3n entre el \u00f3rgano electoral y las municipalidades del pa\u00eds.<\/p><p>Durante el encuentro, se abordaron temas clave relacionados con la gobernabilidad democr\u00e1tica, la participaci\u00f3n ciudadana y el fortalecimiento institucional de los gobiernos locales, reconociendo el papel fundamental que juegan las municipalidades en la consolidaci\u00f3n de la democracia a nivel territorial.<\/p>","protected":false},"excerpt":{"rendered":"<p>El alcalde y presidente de la Asociaci\u00f3n Nacional de Municipalidades (ANAM), Sebasti\u00e1n Siero, sostuvo una reuni\u00f3n de alto nivel con una magistrada del Tribunal Supremo Electoral (TSE) de Guatemala, con el objetivo de establecer una agenda conjunta que fortalezca la relaci\u00f3n entre el \u00f3rgano electoral y las municipalidades del pa\u00eds. Durante el encuentro, se abordaron [&hellip;]<\/p>\n","protected":false},"author":4,"featured_media":3558,"comment_status":"open","ping_status":"open","sticky":false,"template":"","format":"standard","meta":{"footnotes":""},"categories":[1],"tags":[],"class_list":["post-3557","post","type-post","status-publish","format-standard","has-post-thumbnail","hentry","category-anam"],"yoast_head":"<!-- This site is optimized with the Yoast SEO plugin v27.0 - https:\/\/yoast.com\/product\/yoast-seo-wordpress\/ -->\n<title>Alcalde Sebasti\u00e1n Siero se re\u00fane con magistrada del TSE para establecer agenda conjunta en beneficio del municipalismo - ANAM<\/title>\n<meta name=\"robots\" content=\"index, follow, max-snippet:-1, max-image-preview:large, max-video-preview:-1\" \/>\n<link rel=\"canonical\" href=\"https:\/\/anam.org.gt\/inicio\/alcalde-sebastian-siero-se-reune-con-magistrada-del-tse-para-establecer-agenda-conjunta-en-beneficio-del-municipalismo\/\" \/>\n<meta property=\"og:locale\" content=\"es_ES\" \/>\n<meta property=\"og:type\" content=\"article\" \/>\n<meta property=\"og:title\" content=\"Alcalde Sebasti\u00e1n Siero se re\u00fane con magistrada del TSE para establecer agenda conjunta en beneficio del municipalismo - ANAM\" \/>\n<meta property=\"og:description\" content=\"El alcalde y presidente de la Asociaci\u00f3n Nacional de Municipalidades (ANAM), Sebasti\u00e1n Siero, sostuvo una reuni\u00f3n de alto nivel con una magistrada del Tribunal Supremo Electoral (TSE) de Guatemala, con el objetivo de establecer una agenda conjunta que fortalezca la relaci\u00f3n entre el \u00f3rgano electoral y las municipalidades del pa\u00eds. Durante el encuentro, se abordaron [&hellip;]\" \/>\n<meta property=\"og:url\" content=\"https:\/\/anam.org.gt\/inicio\/alcalde-sebastian-siero-se-reune-con-magistrada-del-tse-para-establecer-agenda-conjunta-en-beneficio-del-municipalismo\/\" \/>\n<meta property=\"og:site_name\" content=\"ANAM\" \/>\n<meta property=\"article:publisher\" content=\"https:\/\/www.facebook.com\/ANAMGuatemala.org.gt\" \/>\n<meta property=\"article:published_time\" content=\"2025-04-23T17:04:22+00:00\" \/>\n<meta property=\"article:modified_time\" content=\"2025-05-07T17:05:30+00:00\" \/>\n<meta property=\"og:image\" content=\"https:\/\/anam.org.gt\/inicio\/wp-content\/uploads\/2025\/05\/image-13-1024x768.png\" \/>\n\t<meta property=\"og:image:width\" content=\"1024\" \/>\n\t<meta property=\"og:image:height\" content=\"768\" \/>\n\t<meta property=\"og:image:type\" content=\"image\/png\" \/>\n<meta name=\"author\" content=\"admin\" \/>\n<meta name=\"twitter:card\" content=\"summary_large_image\" \/>\n<meta name=\"twitter:creator\" content=\"@ANAM_Guatemala\" \/>\n<meta name=\"twitter:site\" content=\"@ANAM_Guatemala\" \/>\n<meta name=\"twitter:label1\" content=\"Escrito por\" \/>\n\t<meta name=\"twitter:data1\" content=\"admin\" \/>\n<script type=\"application\/ld+json\" class=\"yoast-schema-graph\">{\"@context\":\"https:\/\/schema.org\",\"@graph\":[{\"@type\":\"Article\",\"@id\":\"https:\/\/anam.org.gt\/inicio\/alcalde-sebastian-siero-se-reune-con-magistrada-del-tse-para-establecer-agenda-conjunta-en-beneficio-del-municipalismo\/#article\",\"isPartOf\":{\"@id\":\"https:\/\/anam.org.gt\/inicio\/alcalde-sebastian-siero-se-reune-con-magistrada-del-tse-para-establecer-agenda-conjunta-en-beneficio-del-municipalismo\/\"},\"author\":{\"name\":\"admin\",\"@id\":\"https:\/\/anam.org.gt\/inicio\/#\/schema\/person\/568dcb3e3f73c87e66aedf646a399340\"},\"headline\":\"Alcalde Sebasti\u00e1n Siero se re\u00fane con magistrada del TSE para establecer agenda conjunta en beneficio del municipalismo\",\"datePublished\":\"2025-04-23T17:04:22+00:00\",\"dateModified\":\"2025-05-07T17:05:30+00:00\",\"mainEntityOfPage\":{\"@id\":\"https:\/\/anam.org.gt\/inicio\/alcalde-sebastian-siero-se-reune-con-magistrada-del-tse-para-establecer-agenda-conjunta-en-beneficio-del-municipalismo\/\"},\"wordCount\":117,\"commentCount\":0,\"publisher\":{\"@id\":\"https:\/\/anam.org.gt\/inicio\/#organization\"},\"image\":{\"@id\":\"https:\/\/anam.org.gt\/inicio\/alcalde-sebastian-siero-se-reune-con-magistrada-del-tse-para-establecer-agenda-conjunta-en-beneficio-del-municipalismo\/#primaryimage\"},\"thumbnailUrl\":\"https:\/\/anam.org.gt\/inicio\/wp-content\/uploads\/2025\/05\/image-13.png\",\"articleSection\":[\"ANAM\"],\"inLanguage\":\"es\",\"potentialAction\":[{\"@type\":\"CommentAction\",\"name\":\"Comment\",\"target\":[\"https:\/\/anam.org.gt\/inicio\/alcalde-sebastian-siero-se-reune-con-magistrada-del-tse-para-establecer-agenda-conjunta-en-beneficio-del-municipalismo\/#respond\"]}]},{\"@type\":\"WebPage\",\"@id\":\"https:\/\/anam.org.gt\/inicio\/alcalde-sebastian-siero-se-reune-con-magistrada-del-tse-para-establecer-agenda-conjunta-en-beneficio-del-municipalismo\/\",\"url\":\"https:\/\/anam.org.gt\/inicio\/alcalde-sebastian-siero-se-reune-con-magistrada-del-tse-para-establecer-agenda-conjunta-en-beneficio-del-municipalismo\/\",\"name\":\"Alcalde Sebasti\u00e1n Siero se re\u00fane con magistrada del TSE para establecer agenda conjunta en beneficio del municipalismo - ANAM\",\"isPartOf\":{\"@id\":\"https:\/\/anam.org.gt\/inicio\/#website\"},\"primaryImageOfPage\":{\"@id\":\"https:\/\/anam.org.gt\/inicio\/alcalde-sebastian-siero-se-reune-con-magistrada-del-tse-para-establecer-agenda-conjunta-en-beneficio-del-municipalismo\/#primaryimage\"},\"image\":{\"@id\":\"https:\/\/anam.org.gt\/inicio\/alcalde-sebastian-siero-se-reune-con-magistrada-del-tse-para-establecer-agenda-conjunta-en-beneficio-del-municipalismo\/#primaryimage\"},\"thumbnailUrl\":\"https:\/\/anam.org.gt\/inicio\/wp-content\/uploads\/2025\/05\/image-13.png\",\"datePublished\":\"2025-04-23T17:04:22+00:00\",\"dateModified\":\"2025-05-07T17:05:30+00:00\",\"breadcrumb\":{\"@id\":\"https:\/\/anam.org.gt\/inicio\/alcalde-sebastian-siero-se-reune-con-magistrada-del-tse-para-establecer-agenda-conjunta-en-beneficio-del-municipalismo\/#breadcrumb\"},\"inLanguage\":\"es\",\"potentialAction\":[{\"@type\":\"ReadAction\",\"target\":[\"https:\/\/anam.org.gt\/inicio\/alcalde-sebastian-siero-se-reune-con-magistrada-del-tse-para-establecer-agenda-conjunta-en-beneficio-del-municipalismo\/\"]}]},{\"@type\":\"ImageObject\",\"inLanguage\":\"es\",\"@id\":\"https:\/\/anam.org.gt\/inicio\/alcalde-sebastian-siero-se-reune-con-magistrada-del-tse-para-establecer-agenda-conjunta-en-beneficio-del-municipalismo\/#primaryimage\",\"url\":\"https:\/\/anam.org.gt\/inicio\/wp-content\/uploads\/2025\/05\/image-13.png\",\"contentUrl\":\"https:\/\/anam.org.gt\/inicio\/wp-content\/uploads\/2025\/05\/image-13.png\",\"width\":1440,\"height\":1080},{\"@type\":\"BreadcrumbList\",\"@id\":\"https:\/\/anam.org.gt\/inicio\/alcalde-sebastian-siero-se-reune-con-magistrada-del-tse-para-establecer-agenda-conjunta-en-beneficio-del-municipalismo\/#breadcrumb\",\"itemListElement\":[{\"@type\":\"ListItem\",\"position\":1,\"name\":\"Portada\",\"item\":\"https:\/\/anam.org.gt\/inicio\/\"},{\"@type\":\"ListItem\",\"position\":2,\"name\":\"Alcalde Sebasti\u00e1n Siero se re\u00fane con magistrada del TSE para establecer agenda conjunta en beneficio del municipalismo\"}]},{\"@type\":\"WebSite\",\"@id\":\"https:\/\/anam.org.gt\/inicio\/#website\",\"url\":\"https:\/\/anam.org.gt\/inicio\/\",\"name\":\"ANAM\",\"description\":\"Asociaci\u00f3n Nacional de Municipalidades de la Rep\u00fablica de Guatemala\",\"publisher\":{\"@id\":\"https:\/\/anam.org.gt\/inicio\/#organization\"},\"potentialAction\":[{\"@type\":\"SearchAction\",\"target\":{\"@type\":\"EntryPoint\",\"urlTemplate\":\"https:\/\/anam.org.gt\/inicio\/?s={search_term_string}\"},\"query-input\":{\"@type\":\"PropertyValueSpecification\",\"valueRequired\":true,\"valueName\":\"search_term_string\"}}],\"inLanguage\":\"es\"},{\"@type\":\"Organization\",\"@id\":\"https:\/\/anam.org.gt\/inicio\/#organization\",\"name\":\"Asociaci\u00f3n Nacional de Municipalidades de la Rep\u00fablica de Guatemala\",\"url\":\"https:\/\/anam.org.gt\/inicio\/\",\"logo\":{\"@type\":\"ImageObject\",\"inLanguage\":\"es\",\"@id\":\"https:\/\/anam.org.gt\/inicio\/#\/schema\/logo\/image\/\",\"url\":\"https:\/\/anam.org.gt\/inicio\/wp-content\/uploads\/2026\/02\/logo-anam-central-1.png\",\"contentUrl\":\"https:\/\/anam.org.gt\/inicio\/wp-content\/uploads\/2026\/02\/logo-anam-central-1.png\",\"width\":600,\"height\":280,\"caption\":\"Asociaci\u00f3n Nacional de Municipalidades de la Rep\u00fablica de Guatemala\"},\"image\":{\"@id\":\"https:\/\/anam.org.gt\/inicio\/#\/schema\/logo\/image\/\"},\"sameAs\":[\"https:\/\/www.facebook.com\/ANAMGuatemala.org.gt\",\"https:\/\/x.com\/ANAM_Guatemala\",\"https:\/\/www.instagram.com\/anam_guatemala\/?hl=es\"]},{\"@type\":\"Person\",\"@id\":\"https:\/\/anam.org.gt\/inicio\/#\/schema\/person\/568dcb3e3f73c87e66aedf646a399340\",\"name\":\"admin\",\"image\":{\"@type\":\"ImageObject\",\"inLanguage\":\"es\",\"@id\":\"https:\/\/anam.org.gt\/inicio\/#\/schema\/person\/image\/\",\"url\":\"https:\/\/secure.gravatar.com\/avatar\/e28deb147a21fce7c80709f121c112cdeff455f99e5227e39053d3fdbf557402?s=96&d=mm&r=g\",\"contentUrl\":\"https:\/\/secure.gravatar.com\/avatar\/e28deb147a21fce7c80709f121c112cdeff455f99e5227e39053d3fdbf557402?s=96&d=mm&r=g\",\"caption\":\"admin\"},\"url\":\"https:\/\/anam.org.gt\/inicio\/author\/admin\/\"}]}<\/script>\n<!-- \/ Yoast SEO plugin. -->","yoast_head_json":{"title":"Alcalde Sebasti\u00e1n Siero se re\u00fane con magistrada del TSE para establecer agenda conjunta en beneficio del municipalismo - ANAM","robots":{"index":"index","follow":"follow","max-snippet":"max-snippet:-1","max-image-preview":"max-image-preview:large","max-video-preview":"max-video-preview:-1"},"canonical":"https:\/\/anam.org.gt\/inicio\/alcalde-sebastian-siero-se-reune-con-magistrada-del-tse-para-establecer-agenda-conjunta-en-beneficio-del-municipalismo\/","og_locale":"es_ES","og_type":"article","og_title":"Alcalde Sebasti\u00e1n Siero se re\u00fane con magistrada del TSE para establecer agenda conjunta en beneficio del municipalismo - ANAM","og_description":"El alcalde y presidente de la Asociaci\u00f3n Nacional de Municipalidades (ANAM), Sebasti\u00e1n Siero, sostuvo una reuni\u00f3n de alto nivel con una magistrada del Tribunal Supremo Electoral (TSE) de Guatemala, con el objetivo de establecer una agenda conjunta que fortalezca la relaci\u00f3n entre el \u00f3rgano electoral y las municipalidades del pa\u00eds. Durante el encuentro, se abordaron [&hellip;]","og_url":"https:\/\/anam.org.gt\/inicio\/alcalde-sebastian-siero-se-reune-con-magistrada-del-tse-para-establecer-agenda-conjunta-en-beneficio-del-municipalismo\/","og_site_name":"ANAM","article_publisher":"https:\/\/www.facebook.com\/ANAMGuatemala.org.gt","article_published_time":"2025-04-23T17:04:22+00:00","article_modified_time":"2025-05-07T17:05:30+00:00","og_image":[{"width":1024,"height":768,"url":"https:\/\/anam.org.gt\/inicio\/wp-content\/uploads\/2025\/05\/image-13-1024x768.png","type":"image\/png"}],"author":"admin","twitter_card":"summary_large_image","twitter_creator":"@ANAM_Guatemala","twitter_site":"@ANAM_Guatemala","twitter_misc":{"Escrito por":"admin"},"schema":{"@context":"https:\/\/schema.org","@graph":[{"@type":"Article","@id":"https:\/\/anam.org.gt\/inicio\/alcalde-sebastian-siero-se-reune-con-magistrada-del-tse-para-establecer-agenda-conjunta-en-beneficio-del-municipalismo\/#article","isPartOf":{"@id":"https:\/\/anam.org.gt\/inicio\/alcalde-sebastian-siero-se-reune-con-magistrada-del-tse-para-establecer-agenda-conjunta-en-beneficio-del-municipalismo\/"},"author":{"name":"admin","@id":"https:\/\/anam.org.gt\/inicio\/#\/schema\/person\/568dcb3e3f73c87e66aedf646a399340"},"headline":"Alcalde Sebasti\u00e1n Siero se re\u00fane con magistrada del TSE para establecer agenda conjunta en beneficio del municipalismo","datePublished":"2025-04-23T17:04:22+00:00","dateModified":"2025-05-07T17:05:30+00:00","mainEntityOfPage":{"@id":"https:\/\/anam.org.gt\/inicio\/alcalde-sebastian-siero-se-reune-con-magistrada-del-tse-para-establecer-agenda-conjunta-en-beneficio-del-municipalismo\/"},"wordCount":117,"commentCount":0,"publisher":{"@id":"https:\/\/anam.org.gt\/inicio\/#organization"},"image":{"@id":"https:\/\/anam.org.gt\/inicio\/alcalde-sebastian-siero-se-reune-con-magistrada-del-tse-para-establecer-agenda-conjunta-en-beneficio-del-municipalismo\/#primaryimage"},"thumbnailUrl":"https:\/\/anam.org.gt\/inicio\/wp-content\/uploads\/2025\/05\/image-13.png","articleSection":["ANAM"],"inLanguage":"es","potentialAction":[{"@type":"CommentAction","name":"Comment","target":["https:\/\/anam.org.gt\/inicio\/alcalde-sebastian-siero-se-reune-con-magistrada-del-tse-para-establecer-agenda-conjunta-en-beneficio-del-municipalismo\/#respond"]}]},{"@type":"WebPage","@id":"https:\/\/anam.org.gt\/inicio\/alcalde-sebastian-siero-se-reune-con-magistrada-del-tse-para-establecer-agenda-conjunta-en-beneficio-del-municipalismo\/","url":"https:\/\/anam.org.gt\/inicio\/alcalde-sebastian-siero-se-reune-con-magistrada-del-tse-para-establecer-agenda-conjunta-en-beneficio-del-municipalismo\/","name":"Alcalde Sebasti\u00e1n Siero se re\u00fane con magistrada del TSE para establecer agenda conjunta en beneficio del municipalismo - ANAM","isPartOf":{"@id":"https:\/\/anam.org.gt\/inicio\/#website"},"primaryImageOfPage":{"@id":"https:\/\/anam.org.gt\/inicio\/alcalde-sebastian-siero-se-reune-con-magistrada-del-tse-para-establecer-agenda-conjunta-en-beneficio-del-municipalismo\/#primaryimage"},"image":{"@id":"https:\/\/anam.org.gt\/inicio\/alcalde-sebastian-siero-se-reune-con-magistrada-del-tse-para-establecer-agenda-conjunta-en-beneficio-del-municipalismo\/#primaryimage"},"thumbnailUrl":"https:\/\/anam.org.gt\/inicio\/wp-content\/uploads\/2025\/05\/image-13.png","datePublished":"2025-04-23T17:04:22+00:00","dateModified":"2025-05-07T17:05:30+00:00","breadcrumb":{"@id":"https:\/\/anam.org.gt\/inicio\/alcalde-sebastian-siero-se-reune-con-magistrada-del-tse-para-establecer-agenda-conjunta-en-beneficio-del-municipalismo\/#breadcrumb"},"inLanguage":"es","potentialAction":[{"@type":"ReadAction","target":["https:\/\/anam.org.gt\/inicio\/alcalde-sebastian-siero-se-reune-con-magistrada-del-tse-para-establecer-agenda-conjunta-en-beneficio-del-municipalismo\/"]}]},{"@type":"ImageObject","inLanguage":"es","@id":"https:\/\/anam.org.gt\/inicio\/alcalde-sebastian-siero-se-reune-con-magistrada-del-tse-para-establecer-agenda-conjunta-en-beneficio-del-municipalismo\/#primaryimage","url":"https:\/\/anam.org.gt\/inicio\/wp-content\/uploads\/2025\/05\/image-13.png","contentUrl":"https:\/\/anam.org.gt\/inicio\/wp-content\/uploads\/2025\/05\/image-13.png","width":1440,"height":1080},{"@type":"BreadcrumbList","@id":"https:\/\/anam.org.gt\/inicio\/alcalde-sebastian-siero-se-reune-con-magistrada-del-tse-para-establecer-agenda-conjunta-en-beneficio-del-municipalismo\/#breadcrumb","itemListElement":[{"@type":"ListItem","position":1,"name":"Portada","item":"https:\/\/anam.org.gt\/inicio\/"},{"@type":"ListItem","position":2,"name":"Alcalde Sebasti\u00e1n Siero se re\u00fane con magistrada del TSE para establecer agenda conjunta en beneficio del municipalismo"}]},{"@type":"WebSite","@id":"https:\/\/anam.org.gt\/inicio\/#website","url":"https:\/\/anam.org.gt\/inicio\/","name":"ANAM","description":"Asociaci\u00f3n Nacional de Municipalidades de la Rep\u00fablica de Guatemala","publisher":{"@id":"https:\/\/anam.org.gt\/inicio\/#organization"},"potentialAction":[{"@type":"SearchAction","target":{"@type":"EntryPoint","urlTemplate":"https:\/\/anam.org.gt\/inicio\/?s={search_term_string}"},"query-input":{"@type":"PropertyValueSpecification","valueRequired":true,"valueName":"search_term_string"}}],"inLanguage":"es"},{"@type":"Organization","@id":"https:\/\/anam.org.gt\/inicio\/#organization","name":"Asociaci\u00f3n Nacional de Municipalidades de la Rep\u00fablica de Guatemala","url":"https:\/\/anam.org.gt\/inicio\/","logo":{"@type":"ImageObject","inLanguage":"es","@id":"https:\/\/anam.org.gt\/inicio\/#\/schema\/logo\/image\/","url":"https:\/\/anam.org.gt\/inicio\/wp-content\/uploads\/2026\/02\/logo-anam-central-1.png","contentUrl":"https:\/\/anam.org.gt\/inicio\/wp-content\/uploads\/2026\/02\/logo-anam-central-1.png","width":600,"height":280,"caption":"Asociaci\u00f3n Nacional de Municipalidades de la Rep\u00fablica de Guatemala"},"image":{"@id":"https:\/\/anam.org.gt\/inicio\/#\/schema\/logo\/image\/"},"sameAs":["https:\/\/www.facebook.com\/ANAMGuatemala.org.gt","https:\/\/x.com\/ANAM_Guatemala","https:\/\/www.instagram.com\/anam_guatemala\/?hl=es"]},{"@type":"Person","@id":"https:\/\/anam.org.gt\/inicio\/#\/schema\/person\/568dcb3e3f73c87e66aedf646a399340","name":"admin","image":{"@type":"ImageObject","inLanguage":"es","@id":"https:\/\/anam.org.gt\/inicio\/#\/schema\/person\/image\/","url":"https:\/\/secure.gravatar.com\/avatar\/e28deb147a21fce7c80709f121c112cdeff455f99e5227e39053d3fdbf557402?s=96&d=mm&r=g","contentUrl":"https:\/\/secure.gravatar.com\/avatar\/e28deb147a21fce7c80709f121c112cdeff455f99e5227e39053d3fdbf557402?s=96&d=mm&r=g","caption":"admin"},"url":"https:\/\/anam.org.gt\/inicio\/author\/admin\/"}]}},"_links":{"self":[{"href":"https:\/\/anam.org.gt\/inicio\/wp-json\/wp\/v2\/posts\/3557","targetHints":{"allow":["GET"]}}],"collection":[{"href":"https:\/\/anam.org.gt\/inicio\/wp-json\/wp\/v2\/posts"}],"about":[{"href":"https:\/\/anam.org.gt\/inicio\/wp-json\/wp\/v2\/types\/post"}],"author":[{"embeddable":true,"href":"https:\/\/anam.org.gt\/inicio\/wp-json\/wp\/v2\/users\/4"}],"replies":[{"embeddable":true,"href":"https:\/\/anam.org.gt\/inicio\/wp-json\/wp\/v2\/comments?post=3557"}],"version-history":[{"count":1,"href":"https:\/\/anam.org.gt\/inicio\/wp-json\/wp\/v2\/posts\/3557\/revisions"}],"predecessor-version":[{"id":3559,"href":"https:\/\/anam.org.gt\/inicio\/wp-json\/wp\/v2\/posts\/3557\/revisions\/3559"}],"wp:featuredmedia":[{"embeddable":true,"href":"https:\/\/anam.org.gt\/inicio\/wp-json\/wp\/v2\/media\/3558"}],"wp:attachment":[{"href":"https:\/\/anam.org.gt\/inicio\/wp-json\/wp\/v2\/media?parent=3557"}],"wp:term":[{"taxonomy":"category","embeddable":true,"href":"https:\/\/anam.org.gt\/inicio\/wp-json\/wp\/v2\/categories?post=3557"},{"taxonomy":"post_tag","embeddable":true,"href":"https:\/\/anam.org.gt\/inicio\/wp-json\/wp\/v2\/tags?post=3557"}],"curies":[{"name":"wp","href":"https:\/\/api.w.org\/{rel}","templated":true}]}}