{"id":3560,"date":"2025-04-25T17:05:57","date_gmt":"2025-04-25T17:05:57","guid":{"rendered":"https:\/\/anam.org.gt\/inicio\/?p=3560"},"modified":"2025-05-07T17:08:09","modified_gmt":"2025-05-07T17:08:09","slug":"anam-coordina-con-el-ministerio-de-educacion-acciones-para-fortalecer-el-sistema-educativo-municipal","status":"publish","type":"post","link":"https:\/\/anam.org.gt\/inicio\/anam-coordina-con-el-ministerio-de-educacion-acciones-para-fortalecer-el-sistema-educativo-municipal\/","title":{"rendered":"ANAM coordina con el Ministerio de Educaci\u00f3n acciones para fortalecer el sistema educativo municipal"},"content":{"rendered":"<p>El presidente de la Asociaci\u00f3n Nacional de Municipalidades (ANAM), Sebasti\u00e1n Siero, acompa\u00f1ado por la Junta Directiva y el Consejo Consultivo, sostuvo una reuni\u00f3n de alto nivel con delegados del Ministerio de Educaci\u00f3n, con el prop\u00f3sito de coordinar acciones conjuntas que fortalezcan el sistema educativo en los municipios del pa\u00eds.<\/p><p>El eje central del encuentro fue la contrataci\u00f3n y pago de maestros en todos los niveles educativos, con el objetivo de que el Ministerio asuma de forma oficial esta responsabilidad, la cual ha sido cubierta en muchos casos por las municipalidades. Esta transici\u00f3n permitir\u00eda aliviar la carga financiera de las comunas y redirigir recursos hacia otras prioridades del desarrollo local.<\/p><p>Durante la reuni\u00f3n tambi\u00e9n se abord\u00f3 la urgente necesidad de remozar escuelas a nivel nacional, como parte de una estrategia integral para mejorar la infraestructura educativa. Se enfatiz\u00f3 la importancia de contar con entornos escolares dignos, seguros y adecuados para garantizar un aprendizaje de calidad para ni\u00f1as, ni\u00f1os y j\u00f3venes en todo el pa\u00eds.<\/p>","protected":false},"excerpt":{"rendered":"<p>El presidente de la Asociaci\u00f3n Nacional de Municipalidades (ANAM), Sebasti\u00e1n Siero, acompa\u00f1ado por la Junta Directiva y el Consejo Consultivo, sostuvo una reuni\u00f3n de alto nivel con delegados del Ministerio de Educaci\u00f3n, con el prop\u00f3sito de coordinar acciones conjuntas que fortalezcan el sistema educativo en los municipios del pa\u00eds. El eje central del encuentro fue [&hellip;]<\/p>\n","protected":false},"author":4,"featured_media":3561,"comment_status":"open","ping_status":"open","sticky":false,"template":"","format":"standard","meta":{"footnotes":""},"categories":[1],"tags":[],"class_list":["post-3560","post","type-post","status-publish","format-standard","has-post-thumbnail","hentry","category-anam"],"yoast_head":"<!-- This site is optimized with the Yoast SEO plugin v27.0 - https:\/\/yoast.com\/product\/yoast-seo-wordpress\/ -->\n<title>ANAM coordina con el Ministerio de Educaci\u00f3n acciones para fortalecer el sistema educativo municipal - ANAM<\/title>\n<meta name=\"robots\" content=\"index, follow, max-snippet:-1, max-image-preview:large, max-video-preview:-1\" \/>\n<link rel=\"canonical\" href=\"https:\/\/anam.org.gt\/inicio\/anam-coordina-con-el-ministerio-de-educacion-acciones-para-fortalecer-el-sistema-educativo-municipal\/\" \/>\n<meta property=\"og:locale\" content=\"es_ES\" \/>\n<meta property=\"og:type\" content=\"article\" \/>\n<meta property=\"og:title\" content=\"ANAM coordina con el Ministerio de Educaci\u00f3n acciones para fortalecer el sistema educativo municipal - ANAM\" \/>\n<meta property=\"og:description\" content=\"El presidente de la Asociaci\u00f3n Nacional de Municipalidades (ANAM), Sebasti\u00e1n Siero, acompa\u00f1ado por la Junta Directiva y el Consejo Consultivo, sostuvo una reuni\u00f3n de alto nivel con delegados del Ministerio de Educaci\u00f3n, con el prop\u00f3sito de coordinar acciones conjuntas que fortalezcan el sistema educativo en los municipios del pa\u00eds. El eje central del encuentro fue [&hellip;]\" \/>\n<meta property=\"og:url\" content=\"https:\/\/anam.org.gt\/inicio\/anam-coordina-con-el-ministerio-de-educacion-acciones-para-fortalecer-el-sistema-educativo-municipal\/\" \/>\n<meta property=\"og:site_name\" content=\"ANAM\" \/>\n<meta property=\"article:publisher\" content=\"https:\/\/www.facebook.com\/ANAMGuatemala.org.gt\" \/>\n<meta property=\"article:published_time\" content=\"2025-04-25T17:05:57+00:00\" \/>\n<meta property=\"article:modified_time\" content=\"2025-05-07T17:08:09+00:00\" \/>\n<meta property=\"og:image\" content=\"https:\/\/anam.org.gt\/inicio\/wp-content\/uploads\/2025\/05\/image-14.png\" \/>\n\t<meta property=\"og:image:width\" content=\"1440\" \/>\n\t<meta property=\"og:image:height\" content=\"960\" \/>\n\t<meta property=\"og:image:type\" content=\"image\/png\" \/>\n<meta name=\"author\" content=\"admin\" \/>\n<meta name=\"twitter:card\" content=\"summary_large_image\" \/>\n<meta name=\"twitter:creator\" content=\"@ANAM_Guatemala\" \/>\n<meta name=\"twitter:site\" content=\"@ANAM_Guatemala\" \/>\n<meta name=\"twitter:label1\" content=\"Escrito por\" \/>\n\t<meta name=\"twitter:data1\" content=\"admin\" \/>\n\t<meta name=\"twitter:label2\" content=\"Tiempo de lectura\" \/>\n\t<meta name=\"twitter:data2\" content=\"1 minuto\" \/>\n<script type=\"application\/ld+json\" class=\"yoast-schema-graph\">{\"@context\":\"https:\/\/schema.org\",\"@graph\":[{\"@type\":\"Article\",\"@id\":\"https:\/\/anam.org.gt\/inicio\/anam-coordina-con-el-ministerio-de-educacion-acciones-para-fortalecer-el-sistema-educativo-municipal\/#article\",\"isPartOf\":{\"@id\":\"https:\/\/anam.org.gt\/inicio\/anam-coordina-con-el-ministerio-de-educacion-acciones-para-fortalecer-el-sistema-educativo-municipal\/\"},\"author\":{\"name\":\"admin\",\"@id\":\"https:\/\/anam.org.gt\/inicio\/#\/schema\/person\/568dcb3e3f73c87e66aedf646a399340\"},\"headline\":\"ANAM coordina con el Ministerio de Educaci\u00f3n acciones para fortalecer el sistema educativo municipal\",\"datePublished\":\"2025-04-25T17:05:57+00:00\",\"dateModified\":\"2025-05-07T17:08:09+00:00\",\"mainEntityOfPage\":{\"@id\":\"https:\/\/anam.org.gt\/inicio\/anam-coordina-con-el-ministerio-de-educacion-acciones-para-fortalecer-el-sistema-educativo-municipal\/\"},\"wordCount\":194,\"commentCount\":0,\"publisher\":{\"@id\":\"https:\/\/anam.org.gt\/inicio\/#organization\"},\"image\":{\"@id\":\"https:\/\/anam.org.gt\/inicio\/anam-coordina-con-el-ministerio-de-educacion-acciones-para-fortalecer-el-sistema-educativo-municipal\/#primaryimage\"},\"thumbnailUrl\":\"https:\/\/anam.org.gt\/inicio\/wp-content\/uploads\/2025\/05\/image-14.png\",\"articleSection\":[\"ANAM\"],\"inLanguage\":\"es\",\"potentialAction\":[{\"@type\":\"CommentAction\",\"name\":\"Comment\",\"target\":[\"https:\/\/anam.org.gt\/inicio\/anam-coordina-con-el-ministerio-de-educacion-acciones-para-fortalecer-el-sistema-educativo-municipal\/#respond\"]}]},{\"@type\":\"WebPage\",\"@id\":\"https:\/\/anam.org.gt\/inicio\/anam-coordina-con-el-ministerio-de-educacion-acciones-para-fortalecer-el-sistema-educativo-municipal\/\",\"url\":\"https:\/\/anam.org.gt\/inicio\/anam-coordina-con-el-ministerio-de-educacion-acciones-para-fortalecer-el-sistema-educativo-municipal\/\",\"name\":\"ANAM coordina con el Ministerio de Educaci\u00f3n acciones para fortalecer el sistema educativo municipal - ANAM\",\"isPartOf\":{\"@id\":\"https:\/\/anam.org.gt\/inicio\/#website\"},\"primaryImageOfPage\":{\"@id\":\"https:\/\/anam.org.gt\/inicio\/anam-coordina-con-el-ministerio-de-educacion-acciones-para-fortalecer-el-sistema-educativo-municipal\/#primaryimage\"},\"image\":{\"@id\":\"https:\/\/anam.org.gt\/inicio\/anam-coordina-con-el-ministerio-de-educacion-acciones-para-fortalecer-el-sistema-educativo-municipal\/#primaryimage\"},\"thumbnailUrl\":\"https:\/\/anam.org.gt\/inicio\/wp-content\/uploads\/2025\/05\/image-14.png\",\"datePublished\":\"2025-04-25T17:05:57+00:00\",\"dateModified\":\"2025-05-07T17:08:09+00:00\",\"breadcrumb\":{\"@id\":\"https:\/\/anam.org.gt\/inicio\/anam-coordina-con-el-ministerio-de-educacion-acciones-para-fortalecer-el-sistema-educativo-municipal\/#breadcrumb\"},\"inLanguage\":\"es\",\"potentialAction\":[{\"@type\":\"ReadAction\",\"target\":[\"https:\/\/anam.org.gt\/inicio\/anam-coordina-con-el-ministerio-de-educacion-acciones-para-fortalecer-el-sistema-educativo-municipal\/\"]}]},{\"@type\":\"ImageObject\",\"inLanguage\":\"es\",\"@id\":\"https:\/\/anam.org.gt\/inicio\/anam-coordina-con-el-ministerio-de-educacion-acciones-para-fortalecer-el-sistema-educativo-municipal\/#primaryimage\",\"url\":\"https:\/\/anam.org.gt\/inicio\/wp-content\/uploads\/2025\/05\/image-14.png\",\"contentUrl\":\"https:\/\/anam.org.gt\/inicio\/wp-content\/uploads\/2025\/05\/image-14.png\",\"width\":1440,\"height\":960},{\"@type\":\"BreadcrumbList\",\"@id\":\"https:\/\/anam.org.gt\/inicio\/anam-coordina-con-el-ministerio-de-educacion-acciones-para-fortalecer-el-sistema-educativo-municipal\/#breadcrumb\",\"itemListElement\":[{\"@type\":\"ListItem\",\"position\":1,\"name\":\"Portada\",\"item\":\"https:\/\/anam.org.gt\/inicio\/\"},{\"@type\":\"ListItem\",\"position\":2,\"name\":\"ANAM coordina con el Ministerio de Educaci\u00f3n acciones para fortalecer el sistema educativo municipal\"}]},{\"@type\":\"WebSite\",\"@id\":\"https:\/\/anam.org.gt\/inicio\/#website\",\"url\":\"https:\/\/anam.org.gt\/inicio\/\",\"name\":\"ANAM\",\"description\":\"Asociaci\u00f3n Nacional de Municipalidades de la Rep\u00fablica de Guatemala\",\"publisher\":{\"@id\":\"https:\/\/anam.org.gt\/inicio\/#organization\"},\"potentialAction\":[{\"@type\":\"SearchAction\",\"target\":{\"@type\":\"EntryPoint\",\"urlTemplate\":\"https:\/\/anam.org.gt\/inicio\/?s={search_term_string}\"},\"query-input\":{\"@type\":\"PropertyValueSpecification\",\"valueRequired\":true,\"valueName\":\"search_term_string\"}}],\"inLanguage\":\"es\"},{\"@type\":\"Organization\",\"@id\":\"https:\/\/anam.org.gt\/inicio\/#organization\",\"name\":\"Asociaci\u00f3n Nacional de Municipalidades de la Rep\u00fablica de Guatemala\",\"url\":\"https:\/\/anam.org.gt\/inicio\/\",\"logo\":{\"@type\":\"ImageObject\",\"inLanguage\":\"es\",\"@id\":\"https:\/\/anam.org.gt\/inicio\/#\/schema\/logo\/image\/\",\"url\":\"https:\/\/anam.org.gt\/inicio\/wp-content\/uploads\/2026\/02\/logo-anam-central-1.png\",\"contentUrl\":\"https:\/\/anam.org.gt\/inicio\/wp-content\/uploads\/2026\/02\/logo-anam-central-1.png\",\"width\":600,\"height\":280,\"caption\":\"Asociaci\u00f3n Nacional de Municipalidades de la Rep\u00fablica de Guatemala\"},\"image\":{\"@id\":\"https:\/\/anam.org.gt\/inicio\/#\/schema\/logo\/image\/\"},\"sameAs\":[\"https:\/\/www.facebook.com\/ANAMGuatemala.org.gt\",\"https:\/\/x.com\/ANAM_Guatemala\",\"https:\/\/www.instagram.com\/anam_guatemala\/?hl=es\"]},{\"@type\":\"Person\",\"@id\":\"https:\/\/anam.org.gt\/inicio\/#\/schema\/person\/568dcb3e3f73c87e66aedf646a399340\",\"name\":\"admin\",\"image\":{\"@type\":\"ImageObject\",\"inLanguage\":\"es\",\"@id\":\"https:\/\/anam.org.gt\/inicio\/#\/schema\/person\/image\/\",\"url\":\"https:\/\/secure.gravatar.com\/avatar\/e28deb147a21fce7c80709f121c112cdeff455f99e5227e39053d3fdbf557402?s=96&d=mm&r=g\",\"contentUrl\":\"https:\/\/secure.gravatar.com\/avatar\/e28deb147a21fce7c80709f121c112cdeff455f99e5227e39053d3fdbf557402?s=96&d=mm&r=g\",\"caption\":\"admin\"},\"url\":\"https:\/\/anam.org.gt\/inicio\/author\/admin\/\"}]}<\/script>\n<!-- \/ Yoast SEO plugin. -->","yoast_head_json":{"title":"ANAM coordina con el Ministerio de Educaci\u00f3n acciones para fortalecer el sistema educativo municipal - ANAM","robots":{"index":"index","follow":"follow","max-snippet":"max-snippet:-1","max-image-preview":"max-image-preview:large","max-video-preview":"max-video-preview:-1"},"canonical":"https:\/\/anam.org.gt\/inicio\/anam-coordina-con-el-ministerio-de-educacion-acciones-para-fortalecer-el-sistema-educativo-municipal\/","og_locale":"es_ES","og_type":"article","og_title":"ANAM coordina con el Ministerio de Educaci\u00f3n acciones para fortalecer el sistema educativo municipal - ANAM","og_description":"El presidente de la Asociaci\u00f3n Nacional de Municipalidades (ANAM), Sebasti\u00e1n Siero, acompa\u00f1ado por la Junta Directiva y el Consejo Consultivo, sostuvo una reuni\u00f3n de alto nivel con delegados del Ministerio de Educaci\u00f3n, con el prop\u00f3sito de coordinar acciones conjuntas que fortalezcan el sistema educativo en los municipios del pa\u00eds. El eje central del encuentro fue [&hellip;]","og_url":"https:\/\/anam.org.gt\/inicio\/anam-coordina-con-el-ministerio-de-educacion-acciones-para-fortalecer-el-sistema-educativo-municipal\/","og_site_name":"ANAM","article_publisher":"https:\/\/www.facebook.com\/ANAMGuatemala.org.gt","article_published_time":"2025-04-25T17:05:57+00:00","article_modified_time":"2025-05-07T17:08:09+00:00","og_image":[{"width":1440,"height":960,"url":"https:\/\/anam.org.gt\/inicio\/wp-content\/uploads\/2025\/05\/image-14.png","type":"image\/png"}],"author":"admin","twitter_card":"summary_large_image","twitter_creator":"@ANAM_Guatemala","twitter_site":"@ANAM_Guatemala","twitter_misc":{"Escrito por":"admin","Tiempo de lectura":"1 minuto"},"schema":{"@context":"https:\/\/schema.org","@graph":[{"@type":"Article","@id":"https:\/\/anam.org.gt\/inicio\/anam-coordina-con-el-ministerio-de-educacion-acciones-para-fortalecer-el-sistema-educativo-municipal\/#article","isPartOf":{"@id":"https:\/\/anam.org.gt\/inicio\/anam-coordina-con-el-ministerio-de-educacion-acciones-para-fortalecer-el-sistema-educativo-municipal\/"},"author":{"name":"admin","@id":"https:\/\/anam.org.gt\/inicio\/#\/schema\/person\/568dcb3e3f73c87e66aedf646a399340"},"headline":"ANAM coordina con el Ministerio de Educaci\u00f3n acciones para fortalecer el sistema educativo municipal","datePublished":"2025-04-25T17:05:57+00:00","dateModified":"2025-05-07T17:08:09+00:00","mainEntityOfPage":{"@id":"https:\/\/anam.org.gt\/inicio\/anam-coordina-con-el-ministerio-de-educacion-acciones-para-fortalecer-el-sistema-educativo-municipal\/"},"wordCount":194,"commentCount":0,"publisher":{"@id":"https:\/\/anam.org.gt\/inicio\/#organization"},"image":{"@id":"https:\/\/anam.org.gt\/inicio\/anam-coordina-con-el-ministerio-de-educacion-acciones-para-fortalecer-el-sistema-educativo-municipal\/#primaryimage"},"thumbnailUrl":"https:\/\/anam.org.gt\/inicio\/wp-content\/uploads\/2025\/05\/image-14.png","articleSection":["ANAM"],"inLanguage":"es","potentialAction":[{"@type":"CommentAction","name":"Comment","target":["https:\/\/anam.org.gt\/inicio\/anam-coordina-con-el-ministerio-de-educacion-acciones-para-fortalecer-el-sistema-educativo-municipal\/#respond"]}]},{"@type":"WebPage","@id":"https:\/\/anam.org.gt\/inicio\/anam-coordina-con-el-ministerio-de-educacion-acciones-para-fortalecer-el-sistema-educativo-municipal\/","url":"https:\/\/anam.org.gt\/inicio\/anam-coordina-con-el-ministerio-de-educacion-acciones-para-fortalecer-el-sistema-educativo-municipal\/","name":"ANAM coordina con el Ministerio de Educaci\u00f3n acciones para fortalecer el sistema educativo municipal - ANAM","isPartOf":{"@id":"https:\/\/anam.org.gt\/inicio\/#website"},"primaryImageOfPage":{"@id":"https:\/\/anam.org.gt\/inicio\/anam-coordina-con-el-ministerio-de-educacion-acciones-para-fortalecer-el-sistema-educativo-municipal\/#primaryimage"},"image":{"@id":"https:\/\/anam.org.gt\/inicio\/anam-coordina-con-el-ministerio-de-educacion-acciones-para-fortalecer-el-sistema-educativo-municipal\/#primaryimage"},"thumbnailUrl":"https:\/\/anam.org.gt\/inicio\/wp-content\/uploads\/2025\/05\/image-14.png","datePublished":"2025-04-25T17:05:57+00:00","dateModified":"2025-05-07T17:08:09+00:00","breadcrumb":{"@id":"https:\/\/anam.org.gt\/inicio\/anam-coordina-con-el-ministerio-de-educacion-acciones-para-fortalecer-el-sistema-educativo-municipal\/#breadcrumb"},"inLanguage":"es","potentialAction":[{"@type":"ReadAction","target":["https:\/\/anam.org.gt\/inicio\/anam-coordina-con-el-ministerio-de-educacion-acciones-para-fortalecer-el-sistema-educativo-municipal\/"]}]},{"@type":"ImageObject","inLanguage":"es","@id":"https:\/\/anam.org.gt\/inicio\/anam-coordina-con-el-ministerio-de-educacion-acciones-para-fortalecer-el-sistema-educativo-municipal\/#primaryimage","url":"https:\/\/anam.org.gt\/inicio\/wp-content\/uploads\/2025\/05\/image-14.png","contentUrl":"https:\/\/anam.org.gt\/inicio\/wp-content\/uploads\/2025\/05\/image-14.png","width":1440,"height":960},{"@type":"BreadcrumbList","@id":"https:\/\/anam.org.gt\/inicio\/anam-coordina-con-el-ministerio-de-educacion-acciones-para-fortalecer-el-sistema-educativo-municipal\/#breadcrumb","itemListElement":[{"@type":"ListItem","position":1,"name":"Portada","item":"https:\/\/anam.org.gt\/inicio\/"},{"@type":"ListItem","position":2,"name":"ANAM coordina con el Ministerio de Educaci\u00f3n acciones para fortalecer el sistema educativo municipal"}]},{"@type":"WebSite","@id":"https:\/\/anam.org.gt\/inicio\/#website","url":"https:\/\/anam.org.gt\/inicio\/","name":"ANAM","description":"Asociaci\u00f3n Nacional de Municipalidades de la Rep\u00fablica de Guatemala","publisher":{"@id":"https:\/\/anam.org.gt\/inicio\/#organization"},"potentialAction":[{"@type":"SearchAction","target":{"@type":"EntryPoint","urlTemplate":"https:\/\/anam.org.gt\/inicio\/?s={search_term_string}"},"query-input":{"@type":"PropertyValueSpecification","valueRequired":true,"valueName":"search_term_string"}}],"inLanguage":"es"},{"@type":"Organization","@id":"https:\/\/anam.org.gt\/inicio\/#organization","name":"Asociaci\u00f3n Nacional de Municipalidades de la Rep\u00fablica de Guatemala","url":"https:\/\/anam.org.gt\/inicio\/","logo":{"@type":"ImageObject","inLanguage":"es","@id":"https:\/\/anam.org.gt\/inicio\/#\/schema\/logo\/image\/","url":"https:\/\/anam.org.gt\/inicio\/wp-content\/uploads\/2026\/02\/logo-anam-central-1.png","contentUrl":"https:\/\/anam.org.gt\/inicio\/wp-content\/uploads\/2026\/02\/logo-anam-central-1.png","width":600,"height":280,"caption":"Asociaci\u00f3n Nacional de Municipalidades de la Rep\u00fablica de Guatemala"},"image":{"@id":"https:\/\/anam.org.gt\/inicio\/#\/schema\/logo\/image\/"},"sameAs":["https:\/\/www.facebook.com\/ANAMGuatemala.org.gt","https:\/\/x.com\/ANAM_Guatemala","https:\/\/www.instagram.com\/anam_guatemala\/?hl=es"]},{"@type":"Person","@id":"https:\/\/anam.org.gt\/inicio\/#\/schema\/person\/568dcb3e3f73c87e66aedf646a399340","name":"admin","image":{"@type":"ImageObject","inLanguage":"es","@id":"https:\/\/anam.org.gt\/inicio\/#\/schema\/person\/image\/","url":"https:\/\/secure.gravatar.com\/avatar\/e28deb147a21fce7c80709f121c112cdeff455f99e5227e39053d3fdbf557402?s=96&d=mm&r=g","contentUrl":"https:\/\/secure.gravatar.com\/avatar\/e28deb147a21fce7c80709f121c112cdeff455f99e5227e39053d3fdbf557402?s=96&d=mm&r=g","caption":"admin"},"url":"https:\/\/anam.org.gt\/inicio\/author\/admin\/"}]}},"_links":{"self":[{"href":"https:\/\/anam.org.gt\/inicio\/wp-json\/wp\/v2\/posts\/3560","targetHints":{"allow":["GET"]}}],"collection":[{"href":"https:\/\/anam.org.gt\/inicio\/wp-json\/wp\/v2\/posts"}],"about":[{"href":"https:\/\/anam.org.gt\/inicio\/wp-json\/wp\/v2\/types\/post"}],"author":[{"embeddable":true,"href":"https:\/\/anam.org.gt\/inicio\/wp-json\/wp\/v2\/users\/4"}],"replies":[{"embeddable":true,"href":"https:\/\/anam.org.gt\/inicio\/wp-json\/wp\/v2\/comments?post=3560"}],"version-history":[{"count":1,"href":"https:\/\/anam.org.gt\/inicio\/wp-json\/wp\/v2\/posts\/3560\/revisions"}],"predecessor-version":[{"id":3562,"href":"https:\/\/anam.org.gt\/inicio\/wp-json\/wp\/v2\/posts\/3560\/revisions\/3562"}],"wp:featuredmedia":[{"embeddable":true,"href":"https:\/\/anam.org.gt\/inicio\/wp-json\/wp\/v2\/media\/3561"}],"wp:attachment":[{"href":"https:\/\/anam.org.gt\/inicio\/wp-json\/wp\/v2\/media?parent=3560"}],"wp:term":[{"taxonomy":"category","embeddable":true,"href":"https:\/\/anam.org.gt\/inicio\/wp-json\/wp\/v2\/categories?post=3560"},{"taxonomy":"post_tag","embeddable":true,"href":"https:\/\/anam.org.gt\/inicio\/wp-json\/wp\/v2\/tags?post=3560"}],"curies":[{"name":"wp","href":"https:\/\/api.w.org\/{rel}","templated":true}]}}