{"id":3563,"date":"2025-04-28T17:08:43","date_gmt":"2025-04-28T17:08:43","guid":{"rendered":"https:\/\/anam.org.gt\/inicio\/?p=3563"},"modified":"2025-05-07T17:09:33","modified_gmt":"2025-05-07T17:09:33","slug":"anam-gestiona-reunion-entre-alcaldes-de-quetzaltenango-y-la-ministra-de-educacion-para-atender-la-escasez-de-docentes-y-mejorar-la-infraestructura-escolar","status":"publish","type":"post","link":"https:\/\/anam.org.gt\/inicio\/anam-gestiona-reunion-entre-alcaldes-de-quetzaltenango-y-la-ministra-de-educacion-para-atender-la-escasez-de-docentes-y-mejorar-la-infraestructura-escolar\/","title":{"rendered":"ANAM gestiona reuni\u00f3n entre alcaldes de Quetzaltenango y la Ministra de Educaci\u00f3n para atender la escasez de docentes y mejorar la infraestructura escolar"},"content":{"rendered":"<p>Como parte de su labor de articulaci\u00f3n interinstitucional, la Asociaci\u00f3n Nacional de Municipalidades (ANAM) gestion\u00f3 una reuni\u00f3n entre los alcaldes de La Esperanza, G\u00e9nova, San Mart\u00edn Sacatep\u00e9quez y el concejal de San Francisco La Uni\u00f3n con la ministra de Educaci\u00f3n, Anabella Giracca, para abordar de manera directa la problem\u00e1tica de la falta de docentes en escuelas p\u00fablicas del departamento de Quetzaltenango.<\/p><p>Durante el encuentro, los alcaldes expusieron la cr\u00edtica situaci\u00f3n que enfrentan muchos centros educativos ante la escasez de maestros, lo cual afecta significativamente el derecho a la educaci\u00f3n de ni\u00f1os y j\u00f3venes en sus municipios.<\/p><p>En respuesta, el Ministerio de Educaci\u00f3n inform\u00f3 sobre la apertura de una convocatoria nacional para la contrataci\u00f3n de nuevos docentes, con el fin de ampliar las plazas disponibles y reducir el d\u00e9ficit de personal en las escuelas.<\/p>","protected":false},"excerpt":{"rendered":"<p>Como parte de su labor de articulaci\u00f3n interinstitucional, la Asociaci\u00f3n Nacional de Municipalidades (ANAM) gestion\u00f3 una reuni\u00f3n entre los alcaldes de La Esperanza, G\u00e9nova, San Mart\u00edn Sacatep\u00e9quez y el concejal de San Francisco La Uni\u00f3n con la ministra de Educaci\u00f3n, Anabella Giracca, para abordar de manera directa la problem\u00e1tica de la falta de docentes en [&hellip;]<\/p>\n","protected":false},"author":4,"featured_media":3564,"comment_status":"open","ping_status":"open","sticky":false,"template":"","format":"standard","meta":{"footnotes":""},"categories":[1],"tags":[],"class_list":["post-3563","post","type-post","status-publish","format-standard","has-post-thumbnail","hentry","category-anam"],"yoast_head":"<!-- This site is optimized with the Yoast SEO plugin v27.0 - https:\/\/yoast.com\/product\/yoast-seo-wordpress\/ -->\n<title>ANAM gestiona reuni\u00f3n entre alcaldes de Quetzaltenango y la Ministra de Educaci\u00f3n para atender la escasez de docentes y mejorar la infraestructura escolar - ANAM<\/title>\n<meta name=\"robots\" content=\"index, follow, max-snippet:-1, max-image-preview:large, max-video-preview:-1\" \/>\n<link rel=\"canonical\" href=\"https:\/\/anam.org.gt\/inicio\/anam-gestiona-reunion-entre-alcaldes-de-quetzaltenango-y-la-ministra-de-educacion-para-atender-la-escasez-de-docentes-y-mejorar-la-infraestructura-escolar\/\" \/>\n<meta property=\"og:locale\" content=\"es_ES\" \/>\n<meta property=\"og:type\" content=\"article\" \/>\n<meta property=\"og:title\" content=\"ANAM gestiona reuni\u00f3n entre alcaldes de Quetzaltenango y la Ministra de Educaci\u00f3n para atender la escasez de docentes y mejorar la infraestructura escolar - ANAM\" \/>\n<meta property=\"og:description\" content=\"Como parte de su labor de articulaci\u00f3n interinstitucional, la Asociaci\u00f3n Nacional de Municipalidades (ANAM) gestion\u00f3 una reuni\u00f3n entre los alcaldes de La Esperanza, G\u00e9nova, San Mart\u00edn Sacatep\u00e9quez y el concejal de San Francisco La Uni\u00f3n con la ministra de Educaci\u00f3n, Anabella Giracca, para abordar de manera directa la problem\u00e1tica de la falta de docentes en [&hellip;]\" \/>\n<meta property=\"og:url\" content=\"https:\/\/anam.org.gt\/inicio\/anam-gestiona-reunion-entre-alcaldes-de-quetzaltenango-y-la-ministra-de-educacion-para-atender-la-escasez-de-docentes-y-mejorar-la-infraestructura-escolar\/\" \/>\n<meta property=\"og:site_name\" content=\"ANAM\" \/>\n<meta property=\"article:publisher\" content=\"https:\/\/www.facebook.com\/ANAMGuatemala.org.gt\" \/>\n<meta property=\"article:published_time\" content=\"2025-04-28T17:08:43+00:00\" \/>\n<meta property=\"article:modified_time\" content=\"2025-05-07T17:09:33+00:00\" \/>\n<meta property=\"og:image\" content=\"https:\/\/anam.org.gt\/inicio\/wp-content\/uploads\/2025\/05\/image-15.png\" \/>\n\t<meta property=\"og:image:width\" content=\"1440\" \/>\n\t<meta property=\"og:image:height\" content=\"960\" \/>\n\t<meta property=\"og:image:type\" content=\"image\/png\" \/>\n<meta name=\"author\" content=\"admin\" \/>\n<meta name=\"twitter:card\" content=\"summary_large_image\" \/>\n<meta name=\"twitter:creator\" content=\"@ANAM_Guatemala\" \/>\n<meta name=\"twitter:site\" content=\"@ANAM_Guatemala\" \/>\n<meta name=\"twitter:label1\" content=\"Escrito por\" \/>\n\t<meta name=\"twitter:data1\" content=\"admin\" \/>\n\t<meta name=\"twitter:label2\" content=\"Tiempo de lectura\" \/>\n\t<meta name=\"twitter:data2\" content=\"1 minuto\" \/>\n<script type=\"application\/ld+json\" class=\"yoast-schema-graph\">{\"@context\":\"https:\/\/schema.org\",\"@graph\":[{\"@type\":\"Article\",\"@id\":\"https:\/\/anam.org.gt\/inicio\/anam-gestiona-reunion-entre-alcaldes-de-quetzaltenango-y-la-ministra-de-educacion-para-atender-la-escasez-de-docentes-y-mejorar-la-infraestructura-escolar\/#article\",\"isPartOf\":{\"@id\":\"https:\/\/anam.org.gt\/inicio\/anam-gestiona-reunion-entre-alcaldes-de-quetzaltenango-y-la-ministra-de-educacion-para-atender-la-escasez-de-docentes-y-mejorar-la-infraestructura-escolar\/\"},\"author\":{\"name\":\"admin\",\"@id\":\"https:\/\/anam.org.gt\/inicio\/#\/schema\/person\/568dcb3e3f73c87e66aedf646a399340\"},\"headline\":\"ANAM gestiona reuni\u00f3n entre alcaldes de Quetzaltenango y la Ministra de Educaci\u00f3n para atender la escasez de docentes y mejorar la infraestructura escolar\",\"datePublished\":\"2025-04-28T17:08:43+00:00\",\"dateModified\":\"2025-05-07T17:09:33+00:00\",\"mainEntityOfPage\":{\"@id\":\"https:\/\/anam.org.gt\/inicio\/anam-gestiona-reunion-entre-alcaldes-de-quetzaltenango-y-la-ministra-de-educacion-para-atender-la-escasez-de-docentes-y-mejorar-la-infraestructura-escolar\/\"},\"wordCount\":176,\"commentCount\":0,\"publisher\":{\"@id\":\"https:\/\/anam.org.gt\/inicio\/#organization\"},\"image\":{\"@id\":\"https:\/\/anam.org.gt\/inicio\/anam-gestiona-reunion-entre-alcaldes-de-quetzaltenango-y-la-ministra-de-educacion-para-atender-la-escasez-de-docentes-y-mejorar-la-infraestructura-escolar\/#primaryimage\"},\"thumbnailUrl\":\"https:\/\/anam.org.gt\/inicio\/wp-content\/uploads\/2025\/05\/image-15.png\",\"articleSection\":[\"ANAM\"],\"inLanguage\":\"es\",\"potentialAction\":[{\"@type\":\"CommentAction\",\"name\":\"Comment\",\"target\":[\"https:\/\/anam.org.gt\/inicio\/anam-gestiona-reunion-entre-alcaldes-de-quetzaltenango-y-la-ministra-de-educacion-para-atender-la-escasez-de-docentes-y-mejorar-la-infraestructura-escolar\/#respond\"]}]},{\"@type\":\"WebPage\",\"@id\":\"https:\/\/anam.org.gt\/inicio\/anam-gestiona-reunion-entre-alcaldes-de-quetzaltenango-y-la-ministra-de-educacion-para-atender-la-escasez-de-docentes-y-mejorar-la-infraestructura-escolar\/\",\"url\":\"https:\/\/anam.org.gt\/inicio\/anam-gestiona-reunion-entre-alcaldes-de-quetzaltenango-y-la-ministra-de-educacion-para-atender-la-escasez-de-docentes-y-mejorar-la-infraestructura-escolar\/\",\"name\":\"ANAM gestiona reuni\u00f3n entre alcaldes de Quetzaltenango y la Ministra de Educaci\u00f3n para atender la escasez de docentes y mejorar la infraestructura escolar - ANAM\",\"isPartOf\":{\"@id\":\"https:\/\/anam.org.gt\/inicio\/#website\"},\"primaryImageOfPage\":{\"@id\":\"https:\/\/anam.org.gt\/inicio\/anam-gestiona-reunion-entre-alcaldes-de-quetzaltenango-y-la-ministra-de-educacion-para-atender-la-escasez-de-docentes-y-mejorar-la-infraestructura-escolar\/#primaryimage\"},\"image\":{\"@id\":\"https:\/\/anam.org.gt\/inicio\/anam-gestiona-reunion-entre-alcaldes-de-quetzaltenango-y-la-ministra-de-educacion-para-atender-la-escasez-de-docentes-y-mejorar-la-infraestructura-escolar\/#primaryimage\"},\"thumbnailUrl\":\"https:\/\/anam.org.gt\/inicio\/wp-content\/uploads\/2025\/05\/image-15.png\",\"datePublished\":\"2025-04-28T17:08:43+00:00\",\"dateModified\":\"2025-05-07T17:09:33+00:00\",\"breadcrumb\":{\"@id\":\"https:\/\/anam.org.gt\/inicio\/anam-gestiona-reunion-entre-alcaldes-de-quetzaltenango-y-la-ministra-de-educacion-para-atender-la-escasez-de-docentes-y-mejorar-la-infraestructura-escolar\/#breadcrumb\"},\"inLanguage\":\"es\",\"potentialAction\":[{\"@type\":\"ReadAction\",\"target\":[\"https:\/\/anam.org.gt\/inicio\/anam-gestiona-reunion-entre-alcaldes-de-quetzaltenango-y-la-ministra-de-educacion-para-atender-la-escasez-de-docentes-y-mejorar-la-infraestructura-escolar\/\"]}]},{\"@type\":\"ImageObject\",\"inLanguage\":\"es\",\"@id\":\"https:\/\/anam.org.gt\/inicio\/anam-gestiona-reunion-entre-alcaldes-de-quetzaltenango-y-la-ministra-de-educacion-para-atender-la-escasez-de-docentes-y-mejorar-la-infraestructura-escolar\/#primaryimage\",\"url\":\"https:\/\/anam.org.gt\/inicio\/wp-content\/uploads\/2025\/05\/image-15.png\",\"contentUrl\":\"https:\/\/anam.org.gt\/inicio\/wp-content\/uploads\/2025\/05\/image-15.png\",\"width\":1440,\"height\":960},{\"@type\":\"BreadcrumbList\",\"@id\":\"https:\/\/anam.org.gt\/inicio\/anam-gestiona-reunion-entre-alcaldes-de-quetzaltenango-y-la-ministra-de-educacion-para-atender-la-escasez-de-docentes-y-mejorar-la-infraestructura-escolar\/#breadcrumb\",\"itemListElement\":[{\"@type\":\"ListItem\",\"position\":1,\"name\":\"Portada\",\"item\":\"https:\/\/anam.org.gt\/inicio\/\"},{\"@type\":\"ListItem\",\"position\":2,\"name\":\"ANAM gestiona reuni\u00f3n entre alcaldes de Quetzaltenango y la Ministra de Educaci\u00f3n para atender la escasez de docentes y mejorar la infraestructura escolar\"}]},{\"@type\":\"WebSite\",\"@id\":\"https:\/\/anam.org.gt\/inicio\/#website\",\"url\":\"https:\/\/anam.org.gt\/inicio\/\",\"name\":\"ANAM\",\"description\":\"Asociaci\u00f3n Nacional de Municipalidades de la Rep\u00fablica de Guatemala\",\"publisher\":{\"@id\":\"https:\/\/anam.org.gt\/inicio\/#organization\"},\"potentialAction\":[{\"@type\":\"SearchAction\",\"target\":{\"@type\":\"EntryPoint\",\"urlTemplate\":\"https:\/\/anam.org.gt\/inicio\/?s={search_term_string}\"},\"query-input\":{\"@type\":\"PropertyValueSpecification\",\"valueRequired\":true,\"valueName\":\"search_term_string\"}}],\"inLanguage\":\"es\"},{\"@type\":\"Organization\",\"@id\":\"https:\/\/anam.org.gt\/inicio\/#organization\",\"name\":\"Asociaci\u00f3n Nacional de Municipalidades de la Rep\u00fablica de Guatemala\",\"url\":\"https:\/\/anam.org.gt\/inicio\/\",\"logo\":{\"@type\":\"ImageObject\",\"inLanguage\":\"es\",\"@id\":\"https:\/\/anam.org.gt\/inicio\/#\/schema\/logo\/image\/\",\"url\":\"https:\/\/anam.org.gt\/inicio\/wp-content\/uploads\/2026\/02\/logo-anam-central-1.png\",\"contentUrl\":\"https:\/\/anam.org.gt\/inicio\/wp-content\/uploads\/2026\/02\/logo-anam-central-1.png\",\"width\":600,\"height\":280,\"caption\":\"Asociaci\u00f3n Nacional de Municipalidades de la Rep\u00fablica de Guatemala\"},\"image\":{\"@id\":\"https:\/\/anam.org.gt\/inicio\/#\/schema\/logo\/image\/\"},\"sameAs\":[\"https:\/\/www.facebook.com\/ANAMGuatemala.org.gt\",\"https:\/\/x.com\/ANAM_Guatemala\",\"https:\/\/www.instagram.com\/anam_guatemala\/?hl=es\"]},{\"@type\":\"Person\",\"@id\":\"https:\/\/anam.org.gt\/inicio\/#\/schema\/person\/568dcb3e3f73c87e66aedf646a399340\",\"name\":\"admin\",\"image\":{\"@type\":\"ImageObject\",\"inLanguage\":\"es\",\"@id\":\"https:\/\/anam.org.gt\/inicio\/#\/schema\/person\/image\/\",\"url\":\"https:\/\/secure.gravatar.com\/avatar\/e28deb147a21fce7c80709f121c112cdeff455f99e5227e39053d3fdbf557402?s=96&d=mm&r=g\",\"contentUrl\":\"https:\/\/secure.gravatar.com\/avatar\/e28deb147a21fce7c80709f121c112cdeff455f99e5227e39053d3fdbf557402?s=96&d=mm&r=g\",\"caption\":\"admin\"},\"url\":\"https:\/\/anam.org.gt\/inicio\/author\/admin\/\"}]}<\/script>\n<!-- \/ Yoast SEO plugin. -->","yoast_head_json":{"title":"ANAM gestiona reuni\u00f3n entre alcaldes de Quetzaltenango y la Ministra de Educaci\u00f3n para atender la escasez de docentes y mejorar la infraestructura escolar - ANAM","robots":{"index":"index","follow":"follow","max-snippet":"max-snippet:-1","max-image-preview":"max-image-preview:large","max-video-preview":"max-video-preview:-1"},"canonical":"https:\/\/anam.org.gt\/inicio\/anam-gestiona-reunion-entre-alcaldes-de-quetzaltenango-y-la-ministra-de-educacion-para-atender-la-escasez-de-docentes-y-mejorar-la-infraestructura-escolar\/","og_locale":"es_ES","og_type":"article","og_title":"ANAM gestiona reuni\u00f3n entre alcaldes de Quetzaltenango y la Ministra de Educaci\u00f3n para atender la escasez de docentes y mejorar la infraestructura escolar - ANAM","og_description":"Como parte de su labor de articulaci\u00f3n interinstitucional, la Asociaci\u00f3n Nacional de Municipalidades (ANAM) gestion\u00f3 una reuni\u00f3n entre los alcaldes de La Esperanza, G\u00e9nova, San Mart\u00edn Sacatep\u00e9quez y el concejal de San Francisco La Uni\u00f3n con la ministra de Educaci\u00f3n, Anabella Giracca, para abordar de manera directa la problem\u00e1tica de la falta de docentes en [&hellip;]","og_url":"https:\/\/anam.org.gt\/inicio\/anam-gestiona-reunion-entre-alcaldes-de-quetzaltenango-y-la-ministra-de-educacion-para-atender-la-escasez-de-docentes-y-mejorar-la-infraestructura-escolar\/","og_site_name":"ANAM","article_publisher":"https:\/\/www.facebook.com\/ANAMGuatemala.org.gt","article_published_time":"2025-04-28T17:08:43+00:00","article_modified_time":"2025-05-07T17:09:33+00:00","og_image":[{"width":1440,"height":960,"url":"https:\/\/anam.org.gt\/inicio\/wp-content\/uploads\/2025\/05\/image-15.png","type":"image\/png"}],"author":"admin","twitter_card":"summary_large_image","twitter_creator":"@ANAM_Guatemala","twitter_site":"@ANAM_Guatemala","twitter_misc":{"Escrito por":"admin","Tiempo de lectura":"1 minuto"},"schema":{"@context":"https:\/\/schema.org","@graph":[{"@type":"Article","@id":"https:\/\/anam.org.gt\/inicio\/anam-gestiona-reunion-entre-alcaldes-de-quetzaltenango-y-la-ministra-de-educacion-para-atender-la-escasez-de-docentes-y-mejorar-la-infraestructura-escolar\/#article","isPartOf":{"@id":"https:\/\/anam.org.gt\/inicio\/anam-gestiona-reunion-entre-alcaldes-de-quetzaltenango-y-la-ministra-de-educacion-para-atender-la-escasez-de-docentes-y-mejorar-la-infraestructura-escolar\/"},"author":{"name":"admin","@id":"https:\/\/anam.org.gt\/inicio\/#\/schema\/person\/568dcb3e3f73c87e66aedf646a399340"},"headline":"ANAM gestiona reuni\u00f3n entre alcaldes de Quetzaltenango y la Ministra de Educaci\u00f3n para atender la escasez de docentes y mejorar la infraestructura escolar","datePublished":"2025-04-28T17:08:43+00:00","dateModified":"2025-05-07T17:09:33+00:00","mainEntityOfPage":{"@id":"https:\/\/anam.org.gt\/inicio\/anam-gestiona-reunion-entre-alcaldes-de-quetzaltenango-y-la-ministra-de-educacion-para-atender-la-escasez-de-docentes-y-mejorar-la-infraestructura-escolar\/"},"wordCount":176,"commentCount":0,"publisher":{"@id":"https:\/\/anam.org.gt\/inicio\/#organization"},"image":{"@id":"https:\/\/anam.org.gt\/inicio\/anam-gestiona-reunion-entre-alcaldes-de-quetzaltenango-y-la-ministra-de-educacion-para-atender-la-escasez-de-docentes-y-mejorar-la-infraestructura-escolar\/#primaryimage"},"thumbnailUrl":"https:\/\/anam.org.gt\/inicio\/wp-content\/uploads\/2025\/05\/image-15.png","articleSection":["ANAM"],"inLanguage":"es","potentialAction":[{"@type":"CommentAction","name":"Comment","target":["https:\/\/anam.org.gt\/inicio\/anam-gestiona-reunion-entre-alcaldes-de-quetzaltenango-y-la-ministra-de-educacion-para-atender-la-escasez-de-docentes-y-mejorar-la-infraestructura-escolar\/#respond"]}]},{"@type":"WebPage","@id":"https:\/\/anam.org.gt\/inicio\/anam-gestiona-reunion-entre-alcaldes-de-quetzaltenango-y-la-ministra-de-educacion-para-atender-la-escasez-de-docentes-y-mejorar-la-infraestructura-escolar\/","url":"https:\/\/anam.org.gt\/inicio\/anam-gestiona-reunion-entre-alcaldes-de-quetzaltenango-y-la-ministra-de-educacion-para-atender-la-escasez-de-docentes-y-mejorar-la-infraestructura-escolar\/","name":"ANAM gestiona reuni\u00f3n entre alcaldes de Quetzaltenango y la Ministra de Educaci\u00f3n para atender la escasez de docentes y mejorar la infraestructura escolar - ANAM","isPartOf":{"@id":"https:\/\/anam.org.gt\/inicio\/#website"},"primaryImageOfPage":{"@id":"https:\/\/anam.org.gt\/inicio\/anam-gestiona-reunion-entre-alcaldes-de-quetzaltenango-y-la-ministra-de-educacion-para-atender-la-escasez-de-docentes-y-mejorar-la-infraestructura-escolar\/#primaryimage"},"image":{"@id":"https:\/\/anam.org.gt\/inicio\/anam-gestiona-reunion-entre-alcaldes-de-quetzaltenango-y-la-ministra-de-educacion-para-atender-la-escasez-de-docentes-y-mejorar-la-infraestructura-escolar\/#primaryimage"},"thumbnailUrl":"https:\/\/anam.org.gt\/inicio\/wp-content\/uploads\/2025\/05\/image-15.png","datePublished":"2025-04-28T17:08:43+00:00","dateModified":"2025-05-07T17:09:33+00:00","breadcrumb":{"@id":"https:\/\/anam.org.gt\/inicio\/anam-gestiona-reunion-entre-alcaldes-de-quetzaltenango-y-la-ministra-de-educacion-para-atender-la-escasez-de-docentes-y-mejorar-la-infraestructura-escolar\/#breadcrumb"},"inLanguage":"es","potentialAction":[{"@type":"ReadAction","target":["https:\/\/anam.org.gt\/inicio\/anam-gestiona-reunion-entre-alcaldes-de-quetzaltenango-y-la-ministra-de-educacion-para-atender-la-escasez-de-docentes-y-mejorar-la-infraestructura-escolar\/"]}]},{"@type":"ImageObject","inLanguage":"es","@id":"https:\/\/anam.org.gt\/inicio\/anam-gestiona-reunion-entre-alcaldes-de-quetzaltenango-y-la-ministra-de-educacion-para-atender-la-escasez-de-docentes-y-mejorar-la-infraestructura-escolar\/#primaryimage","url":"https:\/\/anam.org.gt\/inicio\/wp-content\/uploads\/2025\/05\/image-15.png","contentUrl":"https:\/\/anam.org.gt\/inicio\/wp-content\/uploads\/2025\/05\/image-15.png","width":1440,"height":960},{"@type":"BreadcrumbList","@id":"https:\/\/anam.org.gt\/inicio\/anam-gestiona-reunion-entre-alcaldes-de-quetzaltenango-y-la-ministra-de-educacion-para-atender-la-escasez-de-docentes-y-mejorar-la-infraestructura-escolar\/#breadcrumb","itemListElement":[{"@type":"ListItem","position":1,"name":"Portada","item":"https:\/\/anam.org.gt\/inicio\/"},{"@type":"ListItem","position":2,"name":"ANAM gestiona reuni\u00f3n entre alcaldes de Quetzaltenango y la Ministra de Educaci\u00f3n para atender la escasez de docentes y mejorar la infraestructura escolar"}]},{"@type":"WebSite","@id":"https:\/\/anam.org.gt\/inicio\/#website","url":"https:\/\/anam.org.gt\/inicio\/","name":"ANAM","description":"Asociaci\u00f3n Nacional de Municipalidades de la Rep\u00fablica de Guatemala","publisher":{"@id":"https:\/\/anam.org.gt\/inicio\/#organization"},"potentialAction":[{"@type":"SearchAction","target":{"@type":"EntryPoint","urlTemplate":"https:\/\/anam.org.gt\/inicio\/?s={search_term_string}"},"query-input":{"@type":"PropertyValueSpecification","valueRequired":true,"valueName":"search_term_string"}}],"inLanguage":"es"},{"@type":"Organization","@id":"https:\/\/anam.org.gt\/inicio\/#organization","name":"Asociaci\u00f3n Nacional de Municipalidades de la Rep\u00fablica de Guatemala","url":"https:\/\/anam.org.gt\/inicio\/","logo":{"@type":"ImageObject","inLanguage":"es","@id":"https:\/\/anam.org.gt\/inicio\/#\/schema\/logo\/image\/","url":"https:\/\/anam.org.gt\/inicio\/wp-content\/uploads\/2026\/02\/logo-anam-central-1.png","contentUrl":"https:\/\/anam.org.gt\/inicio\/wp-content\/uploads\/2026\/02\/logo-anam-central-1.png","width":600,"height":280,"caption":"Asociaci\u00f3n Nacional de Municipalidades de la Rep\u00fablica de Guatemala"},"image":{"@id":"https:\/\/anam.org.gt\/inicio\/#\/schema\/logo\/image\/"},"sameAs":["https:\/\/www.facebook.com\/ANAMGuatemala.org.gt","https:\/\/x.com\/ANAM_Guatemala","https:\/\/www.instagram.com\/anam_guatemala\/?hl=es"]},{"@type":"Person","@id":"https:\/\/anam.org.gt\/inicio\/#\/schema\/person\/568dcb3e3f73c87e66aedf646a399340","name":"admin","image":{"@type":"ImageObject","inLanguage":"es","@id":"https:\/\/anam.org.gt\/inicio\/#\/schema\/person\/image\/","url":"https:\/\/secure.gravatar.com\/avatar\/e28deb147a21fce7c80709f121c112cdeff455f99e5227e39053d3fdbf557402?s=96&d=mm&r=g","contentUrl":"https:\/\/secure.gravatar.com\/avatar\/e28deb147a21fce7c80709f121c112cdeff455f99e5227e39053d3fdbf557402?s=96&d=mm&r=g","caption":"admin"},"url":"https:\/\/anam.org.gt\/inicio\/author\/admin\/"}]}},"_links":{"self":[{"href":"https:\/\/anam.org.gt\/inicio\/wp-json\/wp\/v2\/posts\/3563","targetHints":{"allow":["GET"]}}],"collection":[{"href":"https:\/\/anam.org.gt\/inicio\/wp-json\/wp\/v2\/posts"}],"about":[{"href":"https:\/\/anam.org.gt\/inicio\/wp-json\/wp\/v2\/types\/post"}],"author":[{"embeddable":true,"href":"https:\/\/anam.org.gt\/inicio\/wp-json\/wp\/v2\/users\/4"}],"replies":[{"embeddable":true,"href":"https:\/\/anam.org.gt\/inicio\/wp-json\/wp\/v2\/comments?post=3563"}],"version-history":[{"count":1,"href":"https:\/\/anam.org.gt\/inicio\/wp-json\/wp\/v2\/posts\/3563\/revisions"}],"predecessor-version":[{"id":3565,"href":"https:\/\/anam.org.gt\/inicio\/wp-json\/wp\/v2\/posts\/3563\/revisions\/3565"}],"wp:featuredmedia":[{"embeddable":true,"href":"https:\/\/anam.org.gt\/inicio\/wp-json\/wp\/v2\/media\/3564"}],"wp:attachment":[{"href":"https:\/\/anam.org.gt\/inicio\/wp-json\/wp\/v2\/media?parent=3563"}],"wp:term":[{"taxonomy":"category","embeddable":true,"href":"https:\/\/anam.org.gt\/inicio\/wp-json\/wp\/v2\/categories?post=3563"},{"taxonomy":"post_tag","embeddable":true,"href":"https:\/\/anam.org.gt\/inicio\/wp-json\/wp\/v2\/tags?post=3563"}],"curies":[{"name":"wp","href":"https:\/\/api.w.org\/{rel}","templated":true}]}}