{"id":3566,"date":"2025-04-28T17:09:58","date_gmt":"2025-04-28T17:09:58","guid":{"rendered":"https:\/\/anam.org.gt\/inicio\/?p=3566"},"modified":"2025-05-07T17:12:44","modified_gmt":"2025-05-07T17:12:44","slug":"anam-gestiona-reunion-interinstitucional-para-definir-agenda-conjunta-de-desarrollo-en-quetzaltenango","status":"publish","type":"post","link":"https:\/\/anam.org.gt\/inicio\/anam-gestiona-reunion-interinstitucional-para-definir-agenda-conjunta-de-desarrollo-en-quetzaltenango\/","title":{"rendered":"ANAM gestiona reuni\u00f3n interinstitucional para definir agenda conjunta de desarrollo en Quetzaltenango"},"content":{"rendered":"<p>\u00a1Unidos por el desarrollo de Quetzaltenango!<br>Por instrucci\u00f3n del presidente de la Asociaci\u00f3n Nacional de Municipalidades (ANAM), alcalde Sebasti\u00e1n Siero, se coordin\u00f3 una reuni\u00f3n de trabajo estrat\u00e9gica con los alcaldes del departamento de Quetzaltenango, en la que tambi\u00e9n participaron diputados del Congreso de la Rep\u00fablica y la gobernadora departamental, con el prop\u00f3sito de trazar una ruta conjunta para el desarrollo integral del territorio.<\/p><p>El objetivo central de este encuentro fue construir una agenda de trabajo articulada entre gobiernos locales, autoridades legislativas y el gobierno central, que permita fortalecer el municipalismo, optimizar la inversi\u00f3n p\u00fablica y garantizar que los proyectos lleguen efectivamente a cada comunidad del departamento.<\/p><p>Durante la jornada, se abordaron temas clave como infraestructura vial, educaci\u00f3n, salud, reactivaci\u00f3n econ\u00f3mica y fortalecimiento institucional, reafirmando el compromiso colectivo de trabajar bajo una visi\u00f3n com\u00fan, centrada en las verdaderas necesidades de los vecinos.<\/p>","protected":false},"excerpt":{"rendered":"<p>\u00a1Unidos por el desarrollo de Quetzaltenango!Por instrucci\u00f3n del presidente de la Asociaci\u00f3n Nacional de Municipalidades (ANAM), alcalde Sebasti\u00e1n Siero, se coordin\u00f3 una reuni\u00f3n de trabajo estrat\u00e9gica con los alcaldes del departamento de Quetzaltenango, en la que tambi\u00e9n participaron diputados del Congreso de la Rep\u00fablica y la gobernadora departamental, con el prop\u00f3sito de trazar una ruta [&hellip;]<\/p>\n","protected":false},"author":4,"featured_media":3567,"comment_status":"open","ping_status":"open","sticky":false,"template":"","format":"standard","meta":{"footnotes":""},"categories":[1],"tags":[],"class_list":["post-3566","post","type-post","status-publish","format-standard","has-post-thumbnail","hentry","category-anam"],"yoast_head":"<!-- This site is optimized with the Yoast SEO plugin v27.0 - https:\/\/yoast.com\/product\/yoast-seo-wordpress\/ -->\n<title>ANAM gestiona reuni\u00f3n interinstitucional para definir agenda conjunta de desarrollo en Quetzaltenango - ANAM<\/title>\n<meta name=\"robots\" content=\"index, follow, max-snippet:-1, max-image-preview:large, max-video-preview:-1\" \/>\n<link rel=\"canonical\" href=\"https:\/\/anam.org.gt\/inicio\/anam-gestiona-reunion-interinstitucional-para-definir-agenda-conjunta-de-desarrollo-en-quetzaltenango\/\" \/>\n<meta property=\"og:locale\" content=\"es_ES\" \/>\n<meta property=\"og:type\" content=\"article\" \/>\n<meta property=\"og:title\" content=\"ANAM gestiona reuni\u00f3n interinstitucional para definir agenda conjunta de desarrollo en Quetzaltenango - ANAM\" \/>\n<meta property=\"og:description\" content=\"\u00a1Unidos por el desarrollo de Quetzaltenango!Por instrucci\u00f3n del presidente de la Asociaci\u00f3n Nacional de Municipalidades (ANAM), alcalde Sebasti\u00e1n Siero, se coordin\u00f3 una reuni\u00f3n de trabajo estrat\u00e9gica con los alcaldes del departamento de Quetzaltenango, en la que tambi\u00e9n participaron diputados del Congreso de la Rep\u00fablica y la gobernadora departamental, con el prop\u00f3sito de trazar una ruta [&hellip;]\" \/>\n<meta property=\"og:url\" content=\"https:\/\/anam.org.gt\/inicio\/anam-gestiona-reunion-interinstitucional-para-definir-agenda-conjunta-de-desarrollo-en-quetzaltenango\/\" \/>\n<meta property=\"og:site_name\" content=\"ANAM\" \/>\n<meta property=\"article:publisher\" content=\"https:\/\/www.facebook.com\/ANAMGuatemala.org.gt\" \/>\n<meta property=\"article:published_time\" content=\"2025-04-28T17:09:58+00:00\" \/>\n<meta property=\"article:modified_time\" content=\"2025-05-07T17:12:44+00:00\" \/>\n<meta property=\"og:image\" content=\"https:\/\/anam.org.gt\/inicio\/wp-content\/uploads\/2025\/05\/image-16.png\" \/>\n\t<meta property=\"og:image:width\" content=\"1440\" \/>\n\t<meta property=\"og:image:height\" content=\"1078\" \/>\n\t<meta property=\"og:image:type\" content=\"image\/png\" \/>\n<meta name=\"author\" content=\"admin\" \/>\n<meta name=\"twitter:card\" content=\"summary_large_image\" \/>\n<meta name=\"twitter:creator\" content=\"@ANAM_Guatemala\" \/>\n<meta name=\"twitter:site\" content=\"@ANAM_Guatemala\" \/>\n<meta name=\"twitter:label1\" content=\"Escrito por\" \/>\n\t<meta name=\"twitter:data1\" content=\"admin\" \/>\n\t<meta name=\"twitter:label2\" content=\"Tiempo de lectura\" \/>\n\t<meta name=\"twitter:data2\" content=\"1 minuto\" \/>\n<script type=\"application\/ld+json\" class=\"yoast-schema-graph\">{\"@context\":\"https:\/\/schema.org\",\"@graph\":[{\"@type\":\"Article\",\"@id\":\"https:\/\/anam.org.gt\/inicio\/anam-gestiona-reunion-interinstitucional-para-definir-agenda-conjunta-de-desarrollo-en-quetzaltenango\/#article\",\"isPartOf\":{\"@id\":\"https:\/\/anam.org.gt\/inicio\/anam-gestiona-reunion-interinstitucional-para-definir-agenda-conjunta-de-desarrollo-en-quetzaltenango\/\"},\"author\":{\"name\":\"admin\",\"@id\":\"https:\/\/anam.org.gt\/inicio\/#\/schema\/person\/568dcb3e3f73c87e66aedf646a399340\"},\"headline\":\"ANAM gestiona reuni\u00f3n interinstitucional para definir agenda conjunta de desarrollo en Quetzaltenango\",\"datePublished\":\"2025-04-28T17:09:58+00:00\",\"dateModified\":\"2025-05-07T17:12:44+00:00\",\"mainEntityOfPage\":{\"@id\":\"https:\/\/anam.org.gt\/inicio\/anam-gestiona-reunion-interinstitucional-para-definir-agenda-conjunta-de-desarrollo-en-quetzaltenango\/\"},\"wordCount\":169,\"commentCount\":0,\"publisher\":{\"@id\":\"https:\/\/anam.org.gt\/inicio\/#organization\"},\"image\":{\"@id\":\"https:\/\/anam.org.gt\/inicio\/anam-gestiona-reunion-interinstitucional-para-definir-agenda-conjunta-de-desarrollo-en-quetzaltenango\/#primaryimage\"},\"thumbnailUrl\":\"https:\/\/anam.org.gt\/inicio\/wp-content\/uploads\/2025\/05\/image-16.png\",\"articleSection\":[\"ANAM\"],\"inLanguage\":\"es\",\"potentialAction\":[{\"@type\":\"CommentAction\",\"name\":\"Comment\",\"target\":[\"https:\/\/anam.org.gt\/inicio\/anam-gestiona-reunion-interinstitucional-para-definir-agenda-conjunta-de-desarrollo-en-quetzaltenango\/#respond\"]}]},{\"@type\":\"WebPage\",\"@id\":\"https:\/\/anam.org.gt\/inicio\/anam-gestiona-reunion-interinstitucional-para-definir-agenda-conjunta-de-desarrollo-en-quetzaltenango\/\",\"url\":\"https:\/\/anam.org.gt\/inicio\/anam-gestiona-reunion-interinstitucional-para-definir-agenda-conjunta-de-desarrollo-en-quetzaltenango\/\",\"name\":\"ANAM gestiona reuni\u00f3n interinstitucional para definir agenda conjunta de desarrollo en Quetzaltenango - ANAM\",\"isPartOf\":{\"@id\":\"https:\/\/anam.org.gt\/inicio\/#website\"},\"primaryImageOfPage\":{\"@id\":\"https:\/\/anam.org.gt\/inicio\/anam-gestiona-reunion-interinstitucional-para-definir-agenda-conjunta-de-desarrollo-en-quetzaltenango\/#primaryimage\"},\"image\":{\"@id\":\"https:\/\/anam.org.gt\/inicio\/anam-gestiona-reunion-interinstitucional-para-definir-agenda-conjunta-de-desarrollo-en-quetzaltenango\/#primaryimage\"},\"thumbnailUrl\":\"https:\/\/anam.org.gt\/inicio\/wp-content\/uploads\/2025\/05\/image-16.png\",\"datePublished\":\"2025-04-28T17:09:58+00:00\",\"dateModified\":\"2025-05-07T17:12:44+00:00\",\"breadcrumb\":{\"@id\":\"https:\/\/anam.org.gt\/inicio\/anam-gestiona-reunion-interinstitucional-para-definir-agenda-conjunta-de-desarrollo-en-quetzaltenango\/#breadcrumb\"},\"inLanguage\":\"es\",\"potentialAction\":[{\"@type\":\"ReadAction\",\"target\":[\"https:\/\/anam.org.gt\/inicio\/anam-gestiona-reunion-interinstitucional-para-definir-agenda-conjunta-de-desarrollo-en-quetzaltenango\/\"]}]},{\"@type\":\"ImageObject\",\"inLanguage\":\"es\",\"@id\":\"https:\/\/anam.org.gt\/inicio\/anam-gestiona-reunion-interinstitucional-para-definir-agenda-conjunta-de-desarrollo-en-quetzaltenango\/#primaryimage\",\"url\":\"https:\/\/anam.org.gt\/inicio\/wp-content\/uploads\/2025\/05\/image-16.png\",\"contentUrl\":\"https:\/\/anam.org.gt\/inicio\/wp-content\/uploads\/2025\/05\/image-16.png\",\"width\":1440,\"height\":1078},{\"@type\":\"BreadcrumbList\",\"@id\":\"https:\/\/anam.org.gt\/inicio\/anam-gestiona-reunion-interinstitucional-para-definir-agenda-conjunta-de-desarrollo-en-quetzaltenango\/#breadcrumb\",\"itemListElement\":[{\"@type\":\"ListItem\",\"position\":1,\"name\":\"Portada\",\"item\":\"https:\/\/anam.org.gt\/inicio\/\"},{\"@type\":\"ListItem\",\"position\":2,\"name\":\"ANAM gestiona reuni\u00f3n interinstitucional para definir agenda conjunta de desarrollo en Quetzaltenango\"}]},{\"@type\":\"WebSite\",\"@id\":\"https:\/\/anam.org.gt\/inicio\/#website\",\"url\":\"https:\/\/anam.org.gt\/inicio\/\",\"name\":\"ANAM\",\"description\":\"Asociaci\u00f3n Nacional de Municipalidades de la Rep\u00fablica de Guatemala\",\"publisher\":{\"@id\":\"https:\/\/anam.org.gt\/inicio\/#organization\"},\"potentialAction\":[{\"@type\":\"SearchAction\",\"target\":{\"@type\":\"EntryPoint\",\"urlTemplate\":\"https:\/\/anam.org.gt\/inicio\/?s={search_term_string}\"},\"query-input\":{\"@type\":\"PropertyValueSpecification\",\"valueRequired\":true,\"valueName\":\"search_term_string\"}}],\"inLanguage\":\"es\"},{\"@type\":\"Organization\",\"@id\":\"https:\/\/anam.org.gt\/inicio\/#organization\",\"name\":\"Asociaci\u00f3n Nacional de Municipalidades de la Rep\u00fablica de Guatemala\",\"url\":\"https:\/\/anam.org.gt\/inicio\/\",\"logo\":{\"@type\":\"ImageObject\",\"inLanguage\":\"es\",\"@id\":\"https:\/\/anam.org.gt\/inicio\/#\/schema\/logo\/image\/\",\"url\":\"https:\/\/anam.org.gt\/inicio\/wp-content\/uploads\/2026\/02\/logo-anam-central-1.png\",\"contentUrl\":\"https:\/\/anam.org.gt\/inicio\/wp-content\/uploads\/2026\/02\/logo-anam-central-1.png\",\"width\":600,\"height\":280,\"caption\":\"Asociaci\u00f3n Nacional de Municipalidades de la Rep\u00fablica de Guatemala\"},\"image\":{\"@id\":\"https:\/\/anam.org.gt\/inicio\/#\/schema\/logo\/image\/\"},\"sameAs\":[\"https:\/\/www.facebook.com\/ANAMGuatemala.org.gt\",\"https:\/\/x.com\/ANAM_Guatemala\",\"https:\/\/www.instagram.com\/anam_guatemala\/?hl=es\"]},{\"@type\":\"Person\",\"@id\":\"https:\/\/anam.org.gt\/inicio\/#\/schema\/person\/568dcb3e3f73c87e66aedf646a399340\",\"name\":\"admin\",\"image\":{\"@type\":\"ImageObject\",\"inLanguage\":\"es\",\"@id\":\"https:\/\/anam.org.gt\/inicio\/#\/schema\/person\/image\/\",\"url\":\"https:\/\/secure.gravatar.com\/avatar\/e28deb147a21fce7c80709f121c112cdeff455f99e5227e39053d3fdbf557402?s=96&d=mm&r=g\",\"contentUrl\":\"https:\/\/secure.gravatar.com\/avatar\/e28deb147a21fce7c80709f121c112cdeff455f99e5227e39053d3fdbf557402?s=96&d=mm&r=g\",\"caption\":\"admin\"},\"url\":\"https:\/\/anam.org.gt\/inicio\/author\/admin\/\"}]}<\/script>\n<!-- \/ Yoast SEO plugin. -->","yoast_head_json":{"title":"ANAM gestiona reuni\u00f3n interinstitucional para definir agenda conjunta de desarrollo en Quetzaltenango - ANAM","robots":{"index":"index","follow":"follow","max-snippet":"max-snippet:-1","max-image-preview":"max-image-preview:large","max-video-preview":"max-video-preview:-1"},"canonical":"https:\/\/anam.org.gt\/inicio\/anam-gestiona-reunion-interinstitucional-para-definir-agenda-conjunta-de-desarrollo-en-quetzaltenango\/","og_locale":"es_ES","og_type":"article","og_title":"ANAM gestiona reuni\u00f3n interinstitucional para definir agenda conjunta de desarrollo en Quetzaltenango - ANAM","og_description":"\u00a1Unidos por el desarrollo de Quetzaltenango!Por instrucci\u00f3n del presidente de la Asociaci\u00f3n Nacional de Municipalidades (ANAM), alcalde Sebasti\u00e1n Siero, se coordin\u00f3 una reuni\u00f3n de trabajo estrat\u00e9gica con los alcaldes del departamento de Quetzaltenango, en la que tambi\u00e9n participaron diputados del Congreso de la Rep\u00fablica y la gobernadora departamental, con el prop\u00f3sito de trazar una ruta [&hellip;]","og_url":"https:\/\/anam.org.gt\/inicio\/anam-gestiona-reunion-interinstitucional-para-definir-agenda-conjunta-de-desarrollo-en-quetzaltenango\/","og_site_name":"ANAM","article_publisher":"https:\/\/www.facebook.com\/ANAMGuatemala.org.gt","article_published_time":"2025-04-28T17:09:58+00:00","article_modified_time":"2025-05-07T17:12:44+00:00","og_image":[{"width":1440,"height":1078,"url":"https:\/\/anam.org.gt\/inicio\/wp-content\/uploads\/2025\/05\/image-16.png","type":"image\/png"}],"author":"admin","twitter_card":"summary_large_image","twitter_creator":"@ANAM_Guatemala","twitter_site":"@ANAM_Guatemala","twitter_misc":{"Escrito por":"admin","Tiempo de lectura":"1 minuto"},"schema":{"@context":"https:\/\/schema.org","@graph":[{"@type":"Article","@id":"https:\/\/anam.org.gt\/inicio\/anam-gestiona-reunion-interinstitucional-para-definir-agenda-conjunta-de-desarrollo-en-quetzaltenango\/#article","isPartOf":{"@id":"https:\/\/anam.org.gt\/inicio\/anam-gestiona-reunion-interinstitucional-para-definir-agenda-conjunta-de-desarrollo-en-quetzaltenango\/"},"author":{"name":"admin","@id":"https:\/\/anam.org.gt\/inicio\/#\/schema\/person\/568dcb3e3f73c87e66aedf646a399340"},"headline":"ANAM gestiona reuni\u00f3n interinstitucional para definir agenda conjunta de desarrollo en Quetzaltenango","datePublished":"2025-04-28T17:09:58+00:00","dateModified":"2025-05-07T17:12:44+00:00","mainEntityOfPage":{"@id":"https:\/\/anam.org.gt\/inicio\/anam-gestiona-reunion-interinstitucional-para-definir-agenda-conjunta-de-desarrollo-en-quetzaltenango\/"},"wordCount":169,"commentCount":0,"publisher":{"@id":"https:\/\/anam.org.gt\/inicio\/#organization"},"image":{"@id":"https:\/\/anam.org.gt\/inicio\/anam-gestiona-reunion-interinstitucional-para-definir-agenda-conjunta-de-desarrollo-en-quetzaltenango\/#primaryimage"},"thumbnailUrl":"https:\/\/anam.org.gt\/inicio\/wp-content\/uploads\/2025\/05\/image-16.png","articleSection":["ANAM"],"inLanguage":"es","potentialAction":[{"@type":"CommentAction","name":"Comment","target":["https:\/\/anam.org.gt\/inicio\/anam-gestiona-reunion-interinstitucional-para-definir-agenda-conjunta-de-desarrollo-en-quetzaltenango\/#respond"]}]},{"@type":"WebPage","@id":"https:\/\/anam.org.gt\/inicio\/anam-gestiona-reunion-interinstitucional-para-definir-agenda-conjunta-de-desarrollo-en-quetzaltenango\/","url":"https:\/\/anam.org.gt\/inicio\/anam-gestiona-reunion-interinstitucional-para-definir-agenda-conjunta-de-desarrollo-en-quetzaltenango\/","name":"ANAM gestiona reuni\u00f3n interinstitucional para definir agenda conjunta de desarrollo en Quetzaltenango - ANAM","isPartOf":{"@id":"https:\/\/anam.org.gt\/inicio\/#website"},"primaryImageOfPage":{"@id":"https:\/\/anam.org.gt\/inicio\/anam-gestiona-reunion-interinstitucional-para-definir-agenda-conjunta-de-desarrollo-en-quetzaltenango\/#primaryimage"},"image":{"@id":"https:\/\/anam.org.gt\/inicio\/anam-gestiona-reunion-interinstitucional-para-definir-agenda-conjunta-de-desarrollo-en-quetzaltenango\/#primaryimage"},"thumbnailUrl":"https:\/\/anam.org.gt\/inicio\/wp-content\/uploads\/2025\/05\/image-16.png","datePublished":"2025-04-28T17:09:58+00:00","dateModified":"2025-05-07T17:12:44+00:00","breadcrumb":{"@id":"https:\/\/anam.org.gt\/inicio\/anam-gestiona-reunion-interinstitucional-para-definir-agenda-conjunta-de-desarrollo-en-quetzaltenango\/#breadcrumb"},"inLanguage":"es","potentialAction":[{"@type":"ReadAction","target":["https:\/\/anam.org.gt\/inicio\/anam-gestiona-reunion-interinstitucional-para-definir-agenda-conjunta-de-desarrollo-en-quetzaltenango\/"]}]},{"@type":"ImageObject","inLanguage":"es","@id":"https:\/\/anam.org.gt\/inicio\/anam-gestiona-reunion-interinstitucional-para-definir-agenda-conjunta-de-desarrollo-en-quetzaltenango\/#primaryimage","url":"https:\/\/anam.org.gt\/inicio\/wp-content\/uploads\/2025\/05\/image-16.png","contentUrl":"https:\/\/anam.org.gt\/inicio\/wp-content\/uploads\/2025\/05\/image-16.png","width":1440,"height":1078},{"@type":"BreadcrumbList","@id":"https:\/\/anam.org.gt\/inicio\/anam-gestiona-reunion-interinstitucional-para-definir-agenda-conjunta-de-desarrollo-en-quetzaltenango\/#breadcrumb","itemListElement":[{"@type":"ListItem","position":1,"name":"Portada","item":"https:\/\/anam.org.gt\/inicio\/"},{"@type":"ListItem","position":2,"name":"ANAM gestiona reuni\u00f3n interinstitucional para definir agenda conjunta de desarrollo en Quetzaltenango"}]},{"@type":"WebSite","@id":"https:\/\/anam.org.gt\/inicio\/#website","url":"https:\/\/anam.org.gt\/inicio\/","name":"ANAM","description":"Asociaci\u00f3n Nacional de Municipalidades de la Rep\u00fablica de Guatemala","publisher":{"@id":"https:\/\/anam.org.gt\/inicio\/#organization"},"potentialAction":[{"@type":"SearchAction","target":{"@type":"EntryPoint","urlTemplate":"https:\/\/anam.org.gt\/inicio\/?s={search_term_string}"},"query-input":{"@type":"PropertyValueSpecification","valueRequired":true,"valueName":"search_term_string"}}],"inLanguage":"es"},{"@type":"Organization","@id":"https:\/\/anam.org.gt\/inicio\/#organization","name":"Asociaci\u00f3n Nacional de Municipalidades de la Rep\u00fablica de Guatemala","url":"https:\/\/anam.org.gt\/inicio\/","logo":{"@type":"ImageObject","inLanguage":"es","@id":"https:\/\/anam.org.gt\/inicio\/#\/schema\/logo\/image\/","url":"https:\/\/anam.org.gt\/inicio\/wp-content\/uploads\/2026\/02\/logo-anam-central-1.png","contentUrl":"https:\/\/anam.org.gt\/inicio\/wp-content\/uploads\/2026\/02\/logo-anam-central-1.png","width":600,"height":280,"caption":"Asociaci\u00f3n Nacional de Municipalidades de la Rep\u00fablica de Guatemala"},"image":{"@id":"https:\/\/anam.org.gt\/inicio\/#\/schema\/logo\/image\/"},"sameAs":["https:\/\/www.facebook.com\/ANAMGuatemala.org.gt","https:\/\/x.com\/ANAM_Guatemala","https:\/\/www.instagram.com\/anam_guatemala\/?hl=es"]},{"@type":"Person","@id":"https:\/\/anam.org.gt\/inicio\/#\/schema\/person\/568dcb3e3f73c87e66aedf646a399340","name":"admin","image":{"@type":"ImageObject","inLanguage":"es","@id":"https:\/\/anam.org.gt\/inicio\/#\/schema\/person\/image\/","url":"https:\/\/secure.gravatar.com\/avatar\/e28deb147a21fce7c80709f121c112cdeff455f99e5227e39053d3fdbf557402?s=96&d=mm&r=g","contentUrl":"https:\/\/secure.gravatar.com\/avatar\/e28deb147a21fce7c80709f121c112cdeff455f99e5227e39053d3fdbf557402?s=96&d=mm&r=g","caption":"admin"},"url":"https:\/\/anam.org.gt\/inicio\/author\/admin\/"}]}},"_links":{"self":[{"href":"https:\/\/anam.org.gt\/inicio\/wp-json\/wp\/v2\/posts\/3566","targetHints":{"allow":["GET"]}}],"collection":[{"href":"https:\/\/anam.org.gt\/inicio\/wp-json\/wp\/v2\/posts"}],"about":[{"href":"https:\/\/anam.org.gt\/inicio\/wp-json\/wp\/v2\/types\/post"}],"author":[{"embeddable":true,"href":"https:\/\/anam.org.gt\/inicio\/wp-json\/wp\/v2\/users\/4"}],"replies":[{"embeddable":true,"href":"https:\/\/anam.org.gt\/inicio\/wp-json\/wp\/v2\/comments?post=3566"}],"version-history":[{"count":1,"href":"https:\/\/anam.org.gt\/inicio\/wp-json\/wp\/v2\/posts\/3566\/revisions"}],"predecessor-version":[{"id":3568,"href":"https:\/\/anam.org.gt\/inicio\/wp-json\/wp\/v2\/posts\/3566\/revisions\/3568"}],"wp:featuredmedia":[{"embeddable":true,"href":"https:\/\/anam.org.gt\/inicio\/wp-json\/wp\/v2\/media\/3567"}],"wp:attachment":[{"href":"https:\/\/anam.org.gt\/inicio\/wp-json\/wp\/v2\/media?parent=3566"}],"wp:term":[{"taxonomy":"category","embeddable":true,"href":"https:\/\/anam.org.gt\/inicio\/wp-json\/wp\/v2\/categories?post=3566"},{"taxonomy":"post_tag","embeddable":true,"href":"https:\/\/anam.org.gt\/inicio\/wp-json\/wp\/v2\/tags?post=3566"}],"curies":[{"name":"wp","href":"https:\/\/api.w.org\/{rel}","templated":true}]}}