{"id":3569,"date":"2025-04-30T17:13:06","date_gmt":"2025-04-30T17:13:06","guid":{"rendered":"https:\/\/anam.org.gt\/inicio\/?p=3569"},"modified":"2025-05-07T17:14:08","modified_gmt":"2025-05-07T17:14:08","slug":"anam-fortalece-su-estructura-operativa-en-reunion-nacional-con-coordinadores-regionales","status":"publish","type":"post","link":"https:\/\/anam.org.gt\/inicio\/anam-fortalece-su-estructura-operativa-en-reunion-nacional-con-coordinadores-regionales\/","title":{"rendered":"ANAM fortalece su estructura operativa en reuni\u00f3n nacional con coordinadores regionales"},"content":{"rendered":"<p>Bajo el liderazgo del presidente de la Asociaci\u00f3n Nacional de Municipalidades (ANAM), Sebasti\u00e1n Siero, y con el respaldo del director ejecutivo, Patric Gramajo, se llev\u00f3 a cabo una importante reuni\u00f3n de trabajo con los coordinadores regionales de la instituci\u00f3n, con el objetivo de fortalecer el acompa\u00f1amiento t\u00e9cnico y estrat\u00e9gico a las municipalidades de todo el pa\u00eds.<\/p><p>Durante el encuentro, se analizaron los avances y desaf\u00edos actuales en el trabajo territorial, as\u00ed como la necesidad de mejorar los mecanismos de articulaci\u00f3n entre ANAM, sus dependencias y los gobiernos locales, especialmente en temas como gesti\u00f3n administrativa, inversi\u00f3n p\u00fablica, servicios municipales y desarrollo comunitario.<\/p><p>El presidente Siero destac\u00f3 que el rol de los coordinadores regionales es clave para garantizar que cada municipalidad cuente con las herramientas necesarias para avanzar en su gesti\u00f3n, ejecutar proyectos de calidad y brindar mejores servicios a la poblaci\u00f3n.<\/p>","protected":false},"excerpt":{"rendered":"<p>Bajo el liderazgo del presidente de la Asociaci\u00f3n Nacional de Municipalidades (ANAM), Sebasti\u00e1n Siero, y con el respaldo del director ejecutivo, Patric Gramajo, se llev\u00f3 a cabo una importante reuni\u00f3n de trabajo con los coordinadores regionales de la instituci\u00f3n, con el objetivo de fortalecer el acompa\u00f1amiento t\u00e9cnico y estrat\u00e9gico a las municipalidades de todo el [&hellip;]<\/p>\n","protected":false},"author":4,"featured_media":3570,"comment_status":"open","ping_status":"open","sticky":false,"template":"","format":"standard","meta":{"footnotes":""},"categories":[1],"tags":[],"class_list":["post-3569","post","type-post","status-publish","format-standard","has-post-thumbnail","hentry","category-anam"],"yoast_head":"<!-- This site is optimized with the Yoast SEO plugin v27.0 - https:\/\/yoast.com\/product\/yoast-seo-wordpress\/ -->\n<title>ANAM fortalece su estructura operativa en reuni\u00f3n nacional con coordinadores regionales - ANAM<\/title>\n<meta name=\"robots\" content=\"index, follow, max-snippet:-1, max-image-preview:large, max-video-preview:-1\" \/>\n<link rel=\"canonical\" href=\"https:\/\/anam.org.gt\/inicio\/anam-fortalece-su-estructura-operativa-en-reunion-nacional-con-coordinadores-regionales\/\" \/>\n<meta property=\"og:locale\" content=\"es_ES\" \/>\n<meta property=\"og:type\" content=\"article\" \/>\n<meta property=\"og:title\" content=\"ANAM fortalece su estructura operativa en reuni\u00f3n nacional con coordinadores regionales - ANAM\" \/>\n<meta property=\"og:description\" content=\"Bajo el liderazgo del presidente de la Asociaci\u00f3n Nacional de Municipalidades (ANAM), Sebasti\u00e1n Siero, y con el respaldo del director ejecutivo, Patric Gramajo, se llev\u00f3 a cabo una importante reuni\u00f3n de trabajo con los coordinadores regionales de la instituci\u00f3n, con el objetivo de fortalecer el acompa\u00f1amiento t\u00e9cnico y estrat\u00e9gico a las municipalidades de todo el [&hellip;]\" \/>\n<meta property=\"og:url\" content=\"https:\/\/anam.org.gt\/inicio\/anam-fortalece-su-estructura-operativa-en-reunion-nacional-con-coordinadores-regionales\/\" \/>\n<meta property=\"og:site_name\" content=\"ANAM\" \/>\n<meta property=\"article:publisher\" content=\"https:\/\/www.facebook.com\/ANAMGuatemala.org.gt\" \/>\n<meta property=\"article:published_time\" content=\"2025-04-30T17:13:06+00:00\" \/>\n<meta property=\"article:modified_time\" content=\"2025-05-07T17:14:08+00:00\" \/>\n<meta property=\"og:image\" content=\"https:\/\/anam.org.gt\/inicio\/wp-content\/uploads\/2025\/05\/image-17.png\" \/>\n\t<meta property=\"og:image:width\" content=\"1440\" \/>\n\t<meta property=\"og:image:height\" content=\"960\" \/>\n\t<meta property=\"og:image:type\" content=\"image\/png\" \/>\n<meta name=\"author\" content=\"admin\" \/>\n<meta name=\"twitter:card\" content=\"summary_large_image\" \/>\n<meta name=\"twitter:creator\" content=\"@ANAM_Guatemala\" \/>\n<meta name=\"twitter:site\" content=\"@ANAM_Guatemala\" \/>\n<meta name=\"twitter:label1\" content=\"Escrito por\" \/>\n\t<meta name=\"twitter:data1\" content=\"admin\" \/>\n\t<meta name=\"twitter:label2\" content=\"Tiempo de lectura\" \/>\n\t<meta name=\"twitter:data2\" content=\"1 minuto\" \/>\n<script type=\"application\/ld+json\" class=\"yoast-schema-graph\">{\"@context\":\"https:\/\/schema.org\",\"@graph\":[{\"@type\":\"Article\",\"@id\":\"https:\/\/anam.org.gt\/inicio\/anam-fortalece-su-estructura-operativa-en-reunion-nacional-con-coordinadores-regionales\/#article\",\"isPartOf\":{\"@id\":\"https:\/\/anam.org.gt\/inicio\/anam-fortalece-su-estructura-operativa-en-reunion-nacional-con-coordinadores-regionales\/\"},\"author\":{\"name\":\"admin\",\"@id\":\"https:\/\/anam.org.gt\/inicio\/#\/schema\/person\/568dcb3e3f73c87e66aedf646a399340\"},\"headline\":\"ANAM fortalece su estructura operativa en reuni\u00f3n nacional con coordinadores regionales\",\"datePublished\":\"2025-04-30T17:13:06+00:00\",\"dateModified\":\"2025-05-07T17:14:08+00:00\",\"mainEntityOfPage\":{\"@id\":\"https:\/\/anam.org.gt\/inicio\/anam-fortalece-su-estructura-operativa-en-reunion-nacional-con-coordinadores-regionales\/\"},\"wordCount\":167,\"commentCount\":0,\"publisher\":{\"@id\":\"https:\/\/anam.org.gt\/inicio\/#organization\"},\"image\":{\"@id\":\"https:\/\/anam.org.gt\/inicio\/anam-fortalece-su-estructura-operativa-en-reunion-nacional-con-coordinadores-regionales\/#primaryimage\"},\"thumbnailUrl\":\"https:\/\/anam.org.gt\/inicio\/wp-content\/uploads\/2025\/05\/image-17.png\",\"articleSection\":[\"ANAM\"],\"inLanguage\":\"es\",\"potentialAction\":[{\"@type\":\"CommentAction\",\"name\":\"Comment\",\"target\":[\"https:\/\/anam.org.gt\/inicio\/anam-fortalece-su-estructura-operativa-en-reunion-nacional-con-coordinadores-regionales\/#respond\"]}]},{\"@type\":\"WebPage\",\"@id\":\"https:\/\/anam.org.gt\/inicio\/anam-fortalece-su-estructura-operativa-en-reunion-nacional-con-coordinadores-regionales\/\",\"url\":\"https:\/\/anam.org.gt\/inicio\/anam-fortalece-su-estructura-operativa-en-reunion-nacional-con-coordinadores-regionales\/\",\"name\":\"ANAM fortalece su estructura operativa en reuni\u00f3n nacional con coordinadores regionales - ANAM\",\"isPartOf\":{\"@id\":\"https:\/\/anam.org.gt\/inicio\/#website\"},\"primaryImageOfPage\":{\"@id\":\"https:\/\/anam.org.gt\/inicio\/anam-fortalece-su-estructura-operativa-en-reunion-nacional-con-coordinadores-regionales\/#primaryimage\"},\"image\":{\"@id\":\"https:\/\/anam.org.gt\/inicio\/anam-fortalece-su-estructura-operativa-en-reunion-nacional-con-coordinadores-regionales\/#primaryimage\"},\"thumbnailUrl\":\"https:\/\/anam.org.gt\/inicio\/wp-content\/uploads\/2025\/05\/image-17.png\",\"datePublished\":\"2025-04-30T17:13:06+00:00\",\"dateModified\":\"2025-05-07T17:14:08+00:00\",\"breadcrumb\":{\"@id\":\"https:\/\/anam.org.gt\/inicio\/anam-fortalece-su-estructura-operativa-en-reunion-nacional-con-coordinadores-regionales\/#breadcrumb\"},\"inLanguage\":\"es\",\"potentialAction\":[{\"@type\":\"ReadAction\",\"target\":[\"https:\/\/anam.org.gt\/inicio\/anam-fortalece-su-estructura-operativa-en-reunion-nacional-con-coordinadores-regionales\/\"]}]},{\"@type\":\"ImageObject\",\"inLanguage\":\"es\",\"@id\":\"https:\/\/anam.org.gt\/inicio\/anam-fortalece-su-estructura-operativa-en-reunion-nacional-con-coordinadores-regionales\/#primaryimage\",\"url\":\"https:\/\/anam.org.gt\/inicio\/wp-content\/uploads\/2025\/05\/image-17.png\",\"contentUrl\":\"https:\/\/anam.org.gt\/inicio\/wp-content\/uploads\/2025\/05\/image-17.png\",\"width\":1440,\"height\":960},{\"@type\":\"BreadcrumbList\",\"@id\":\"https:\/\/anam.org.gt\/inicio\/anam-fortalece-su-estructura-operativa-en-reunion-nacional-con-coordinadores-regionales\/#breadcrumb\",\"itemListElement\":[{\"@type\":\"ListItem\",\"position\":1,\"name\":\"Portada\",\"item\":\"https:\/\/anam.org.gt\/inicio\/\"},{\"@type\":\"ListItem\",\"position\":2,\"name\":\"ANAM fortalece su estructura operativa en reuni\u00f3n nacional con coordinadores regionales\"}]},{\"@type\":\"WebSite\",\"@id\":\"https:\/\/anam.org.gt\/inicio\/#website\",\"url\":\"https:\/\/anam.org.gt\/inicio\/\",\"name\":\"ANAM\",\"description\":\"Asociaci\u00f3n Nacional de Municipalidades de la Rep\u00fablica de Guatemala\",\"publisher\":{\"@id\":\"https:\/\/anam.org.gt\/inicio\/#organization\"},\"potentialAction\":[{\"@type\":\"SearchAction\",\"target\":{\"@type\":\"EntryPoint\",\"urlTemplate\":\"https:\/\/anam.org.gt\/inicio\/?s={search_term_string}\"},\"query-input\":{\"@type\":\"PropertyValueSpecification\",\"valueRequired\":true,\"valueName\":\"search_term_string\"}}],\"inLanguage\":\"es\"},{\"@type\":\"Organization\",\"@id\":\"https:\/\/anam.org.gt\/inicio\/#organization\",\"name\":\"Asociaci\u00f3n Nacional de Municipalidades de la Rep\u00fablica de Guatemala\",\"url\":\"https:\/\/anam.org.gt\/inicio\/\",\"logo\":{\"@type\":\"ImageObject\",\"inLanguage\":\"es\",\"@id\":\"https:\/\/anam.org.gt\/inicio\/#\/schema\/logo\/image\/\",\"url\":\"https:\/\/anam.org.gt\/inicio\/wp-content\/uploads\/2026\/02\/logo-anam-central-1.png\",\"contentUrl\":\"https:\/\/anam.org.gt\/inicio\/wp-content\/uploads\/2026\/02\/logo-anam-central-1.png\",\"width\":600,\"height\":280,\"caption\":\"Asociaci\u00f3n Nacional de Municipalidades de la Rep\u00fablica de Guatemala\"},\"image\":{\"@id\":\"https:\/\/anam.org.gt\/inicio\/#\/schema\/logo\/image\/\"},\"sameAs\":[\"https:\/\/www.facebook.com\/ANAMGuatemala.org.gt\",\"https:\/\/x.com\/ANAM_Guatemala\",\"https:\/\/www.instagram.com\/anam_guatemala\/?hl=es\"]},{\"@type\":\"Person\",\"@id\":\"https:\/\/anam.org.gt\/inicio\/#\/schema\/person\/568dcb3e3f73c87e66aedf646a399340\",\"name\":\"admin\",\"image\":{\"@type\":\"ImageObject\",\"inLanguage\":\"es\",\"@id\":\"https:\/\/anam.org.gt\/inicio\/#\/schema\/person\/image\/\",\"url\":\"https:\/\/secure.gravatar.com\/avatar\/e28deb147a21fce7c80709f121c112cdeff455f99e5227e39053d3fdbf557402?s=96&d=mm&r=g\",\"contentUrl\":\"https:\/\/secure.gravatar.com\/avatar\/e28deb147a21fce7c80709f121c112cdeff455f99e5227e39053d3fdbf557402?s=96&d=mm&r=g\",\"caption\":\"admin\"},\"url\":\"https:\/\/anam.org.gt\/inicio\/author\/admin\/\"}]}<\/script>\n<!-- \/ Yoast SEO plugin. -->","yoast_head_json":{"title":"ANAM fortalece su estructura operativa en reuni\u00f3n nacional con coordinadores regionales - ANAM","robots":{"index":"index","follow":"follow","max-snippet":"max-snippet:-1","max-image-preview":"max-image-preview:large","max-video-preview":"max-video-preview:-1"},"canonical":"https:\/\/anam.org.gt\/inicio\/anam-fortalece-su-estructura-operativa-en-reunion-nacional-con-coordinadores-regionales\/","og_locale":"es_ES","og_type":"article","og_title":"ANAM fortalece su estructura operativa en reuni\u00f3n nacional con coordinadores regionales - ANAM","og_description":"Bajo el liderazgo del presidente de la Asociaci\u00f3n Nacional de Municipalidades (ANAM), Sebasti\u00e1n Siero, y con el respaldo del director ejecutivo, Patric Gramajo, se llev\u00f3 a cabo una importante reuni\u00f3n de trabajo con los coordinadores regionales de la instituci\u00f3n, con el objetivo de fortalecer el acompa\u00f1amiento t\u00e9cnico y estrat\u00e9gico a las municipalidades de todo el [&hellip;]","og_url":"https:\/\/anam.org.gt\/inicio\/anam-fortalece-su-estructura-operativa-en-reunion-nacional-con-coordinadores-regionales\/","og_site_name":"ANAM","article_publisher":"https:\/\/www.facebook.com\/ANAMGuatemala.org.gt","article_published_time":"2025-04-30T17:13:06+00:00","article_modified_time":"2025-05-07T17:14:08+00:00","og_image":[{"width":1440,"height":960,"url":"https:\/\/anam.org.gt\/inicio\/wp-content\/uploads\/2025\/05\/image-17.png","type":"image\/png"}],"author":"admin","twitter_card":"summary_large_image","twitter_creator":"@ANAM_Guatemala","twitter_site":"@ANAM_Guatemala","twitter_misc":{"Escrito por":"admin","Tiempo de lectura":"1 minuto"},"schema":{"@context":"https:\/\/schema.org","@graph":[{"@type":"Article","@id":"https:\/\/anam.org.gt\/inicio\/anam-fortalece-su-estructura-operativa-en-reunion-nacional-con-coordinadores-regionales\/#article","isPartOf":{"@id":"https:\/\/anam.org.gt\/inicio\/anam-fortalece-su-estructura-operativa-en-reunion-nacional-con-coordinadores-regionales\/"},"author":{"name":"admin","@id":"https:\/\/anam.org.gt\/inicio\/#\/schema\/person\/568dcb3e3f73c87e66aedf646a399340"},"headline":"ANAM fortalece su estructura operativa en reuni\u00f3n nacional con coordinadores regionales","datePublished":"2025-04-30T17:13:06+00:00","dateModified":"2025-05-07T17:14:08+00:00","mainEntityOfPage":{"@id":"https:\/\/anam.org.gt\/inicio\/anam-fortalece-su-estructura-operativa-en-reunion-nacional-con-coordinadores-regionales\/"},"wordCount":167,"commentCount":0,"publisher":{"@id":"https:\/\/anam.org.gt\/inicio\/#organization"},"image":{"@id":"https:\/\/anam.org.gt\/inicio\/anam-fortalece-su-estructura-operativa-en-reunion-nacional-con-coordinadores-regionales\/#primaryimage"},"thumbnailUrl":"https:\/\/anam.org.gt\/inicio\/wp-content\/uploads\/2025\/05\/image-17.png","articleSection":["ANAM"],"inLanguage":"es","potentialAction":[{"@type":"CommentAction","name":"Comment","target":["https:\/\/anam.org.gt\/inicio\/anam-fortalece-su-estructura-operativa-en-reunion-nacional-con-coordinadores-regionales\/#respond"]}]},{"@type":"WebPage","@id":"https:\/\/anam.org.gt\/inicio\/anam-fortalece-su-estructura-operativa-en-reunion-nacional-con-coordinadores-regionales\/","url":"https:\/\/anam.org.gt\/inicio\/anam-fortalece-su-estructura-operativa-en-reunion-nacional-con-coordinadores-regionales\/","name":"ANAM fortalece su estructura operativa en reuni\u00f3n nacional con coordinadores regionales - ANAM","isPartOf":{"@id":"https:\/\/anam.org.gt\/inicio\/#website"},"primaryImageOfPage":{"@id":"https:\/\/anam.org.gt\/inicio\/anam-fortalece-su-estructura-operativa-en-reunion-nacional-con-coordinadores-regionales\/#primaryimage"},"image":{"@id":"https:\/\/anam.org.gt\/inicio\/anam-fortalece-su-estructura-operativa-en-reunion-nacional-con-coordinadores-regionales\/#primaryimage"},"thumbnailUrl":"https:\/\/anam.org.gt\/inicio\/wp-content\/uploads\/2025\/05\/image-17.png","datePublished":"2025-04-30T17:13:06+00:00","dateModified":"2025-05-07T17:14:08+00:00","breadcrumb":{"@id":"https:\/\/anam.org.gt\/inicio\/anam-fortalece-su-estructura-operativa-en-reunion-nacional-con-coordinadores-regionales\/#breadcrumb"},"inLanguage":"es","potentialAction":[{"@type":"ReadAction","target":["https:\/\/anam.org.gt\/inicio\/anam-fortalece-su-estructura-operativa-en-reunion-nacional-con-coordinadores-regionales\/"]}]},{"@type":"ImageObject","inLanguage":"es","@id":"https:\/\/anam.org.gt\/inicio\/anam-fortalece-su-estructura-operativa-en-reunion-nacional-con-coordinadores-regionales\/#primaryimage","url":"https:\/\/anam.org.gt\/inicio\/wp-content\/uploads\/2025\/05\/image-17.png","contentUrl":"https:\/\/anam.org.gt\/inicio\/wp-content\/uploads\/2025\/05\/image-17.png","width":1440,"height":960},{"@type":"BreadcrumbList","@id":"https:\/\/anam.org.gt\/inicio\/anam-fortalece-su-estructura-operativa-en-reunion-nacional-con-coordinadores-regionales\/#breadcrumb","itemListElement":[{"@type":"ListItem","position":1,"name":"Portada","item":"https:\/\/anam.org.gt\/inicio\/"},{"@type":"ListItem","position":2,"name":"ANAM fortalece su estructura operativa en reuni\u00f3n nacional con coordinadores regionales"}]},{"@type":"WebSite","@id":"https:\/\/anam.org.gt\/inicio\/#website","url":"https:\/\/anam.org.gt\/inicio\/","name":"ANAM","description":"Asociaci\u00f3n Nacional de Municipalidades de la Rep\u00fablica de Guatemala","publisher":{"@id":"https:\/\/anam.org.gt\/inicio\/#organization"},"potentialAction":[{"@type":"SearchAction","target":{"@type":"EntryPoint","urlTemplate":"https:\/\/anam.org.gt\/inicio\/?s={search_term_string}"},"query-input":{"@type":"PropertyValueSpecification","valueRequired":true,"valueName":"search_term_string"}}],"inLanguage":"es"},{"@type":"Organization","@id":"https:\/\/anam.org.gt\/inicio\/#organization","name":"Asociaci\u00f3n Nacional de Municipalidades de la Rep\u00fablica de Guatemala","url":"https:\/\/anam.org.gt\/inicio\/","logo":{"@type":"ImageObject","inLanguage":"es","@id":"https:\/\/anam.org.gt\/inicio\/#\/schema\/logo\/image\/","url":"https:\/\/anam.org.gt\/inicio\/wp-content\/uploads\/2026\/02\/logo-anam-central-1.png","contentUrl":"https:\/\/anam.org.gt\/inicio\/wp-content\/uploads\/2026\/02\/logo-anam-central-1.png","width":600,"height":280,"caption":"Asociaci\u00f3n Nacional de Municipalidades de la Rep\u00fablica de Guatemala"},"image":{"@id":"https:\/\/anam.org.gt\/inicio\/#\/schema\/logo\/image\/"},"sameAs":["https:\/\/www.facebook.com\/ANAMGuatemala.org.gt","https:\/\/x.com\/ANAM_Guatemala","https:\/\/www.instagram.com\/anam_guatemala\/?hl=es"]},{"@type":"Person","@id":"https:\/\/anam.org.gt\/inicio\/#\/schema\/person\/568dcb3e3f73c87e66aedf646a399340","name":"admin","image":{"@type":"ImageObject","inLanguage":"es","@id":"https:\/\/anam.org.gt\/inicio\/#\/schema\/person\/image\/","url":"https:\/\/secure.gravatar.com\/avatar\/e28deb147a21fce7c80709f121c112cdeff455f99e5227e39053d3fdbf557402?s=96&d=mm&r=g","contentUrl":"https:\/\/secure.gravatar.com\/avatar\/e28deb147a21fce7c80709f121c112cdeff455f99e5227e39053d3fdbf557402?s=96&d=mm&r=g","caption":"admin"},"url":"https:\/\/anam.org.gt\/inicio\/author\/admin\/"}]}},"_links":{"self":[{"href":"https:\/\/anam.org.gt\/inicio\/wp-json\/wp\/v2\/posts\/3569","targetHints":{"allow":["GET"]}}],"collection":[{"href":"https:\/\/anam.org.gt\/inicio\/wp-json\/wp\/v2\/posts"}],"about":[{"href":"https:\/\/anam.org.gt\/inicio\/wp-json\/wp\/v2\/types\/post"}],"author":[{"embeddable":true,"href":"https:\/\/anam.org.gt\/inicio\/wp-json\/wp\/v2\/users\/4"}],"replies":[{"embeddable":true,"href":"https:\/\/anam.org.gt\/inicio\/wp-json\/wp\/v2\/comments?post=3569"}],"version-history":[{"count":1,"href":"https:\/\/anam.org.gt\/inicio\/wp-json\/wp\/v2\/posts\/3569\/revisions"}],"predecessor-version":[{"id":3571,"href":"https:\/\/anam.org.gt\/inicio\/wp-json\/wp\/v2\/posts\/3569\/revisions\/3571"}],"wp:featuredmedia":[{"embeddable":true,"href":"https:\/\/anam.org.gt\/inicio\/wp-json\/wp\/v2\/media\/3570"}],"wp:attachment":[{"href":"https:\/\/anam.org.gt\/inicio\/wp-json\/wp\/v2\/media?parent=3569"}],"wp:term":[{"taxonomy":"category","embeddable":true,"href":"https:\/\/anam.org.gt\/inicio\/wp-json\/wp\/v2\/categories?post=3569"},{"taxonomy":"post_tag","embeddable":true,"href":"https:\/\/anam.org.gt\/inicio\/wp-json\/wp\/v2\/tags?post=3569"}],"curies":[{"name":"wp","href":"https:\/\/api.w.org\/{rel}","templated":true}]}}