{"id":3785,"date":"2025-05-04T16:54:44","date_gmt":"2025-05-04T16:54:44","guid":{"rendered":"https:\/\/anam.org.gt\/inicio\/?p=3785"},"modified":"2025-06-03T16:57:53","modified_gmt":"2025-06-03T16:57:53","slug":"capacitacion-al-personal-de-la-municipalidad-de-san-juan-tecuaco-santa-rosa","status":"publish","type":"post","link":"https:\/\/anam.org.gt\/inicio\/capacitacion-al-personal-de-la-municipalidad-de-san-juan-tecuaco-santa-rosa\/","title":{"rendered":"Capacitaci\u00f3n al personal de la Municipalidad de San Juan Tecuaco, Santa Rosa"},"content":{"rendered":"<p>Capacitamos al personal de la Municipalidad de San Juan Tecuaco, Santa Rosa, en temas clave relacionados con las Juntas de Cotizaci\u00f3n y Licitaci\u00f3n, con el objetivo de <a><\/a>fortalecer sus capacidades t\u00e9cnicas y operativas.<\/p><p>Esta formaci\u00f3n busca mejorar la toma de decisiones en los procesos de adquisici\u00f3n municipal, promoviendo pr\u00e1cticas m\u00e1s transparentes, responsables y alineadas con la normativa vigente.<\/p><p><\/p>","protected":false},"excerpt":{"rendered":"<p>Capacitamos al personal de la Municipalidad de San Juan Tecuaco, Santa Rosa, en temas clave relacionados con las Juntas de Cotizaci\u00f3n y Licitaci\u00f3n, con el objetivo de fortalecer sus capacidades t\u00e9cnicas y operativas. Esta formaci\u00f3n busca mejorar la toma de decisiones en los procesos de adquisici\u00f3n municipal, promoviendo pr\u00e1cticas m\u00e1s transparentes, responsables y alineadas con [&hellip;]<\/p>\n","protected":false},"author":4,"featured_media":3787,"comment_status":"open","ping_status":"open","sticky":false,"template":"","format":"standard","meta":{"footnotes":""},"categories":[1],"tags":[],"class_list":["post-3785","post","type-post","status-publish","format-standard","has-post-thumbnail","hentry","category-anam"],"yoast_head":"<!-- This site is optimized with the Yoast SEO plugin v27.0 - https:\/\/yoast.com\/product\/yoast-seo-wordpress\/ -->\n<title>Capacitaci\u00f3n al personal de la Municipalidad de San Juan Tecuaco, Santa Rosa - ANAM<\/title>\n<meta name=\"robots\" content=\"index, follow, max-snippet:-1, max-image-preview:large, max-video-preview:-1\" \/>\n<link rel=\"canonical\" href=\"https:\/\/anam.org.gt\/inicio\/capacitacion-al-personal-de-la-municipalidad-de-san-juan-tecuaco-santa-rosa\/\" \/>\n<meta property=\"og:locale\" content=\"es_ES\" \/>\n<meta property=\"og:type\" content=\"article\" \/>\n<meta property=\"og:title\" content=\"Capacitaci\u00f3n al personal de la Municipalidad de San Juan Tecuaco, Santa Rosa - ANAM\" \/>\n<meta property=\"og:description\" content=\"Capacitamos al personal de la Municipalidad de San Juan Tecuaco, Santa Rosa, en temas clave relacionados con las Juntas de Cotizaci\u00f3n y Licitaci\u00f3n, con el objetivo de fortalecer sus capacidades t\u00e9cnicas y operativas. Esta formaci\u00f3n busca mejorar la toma de decisiones en los procesos de adquisici\u00f3n municipal, promoviendo pr\u00e1cticas m\u00e1s transparentes, responsables y alineadas con [&hellip;]\" \/>\n<meta property=\"og:url\" content=\"https:\/\/anam.org.gt\/inicio\/capacitacion-al-personal-de-la-municipalidad-de-san-juan-tecuaco-santa-rosa\/\" \/>\n<meta property=\"og:site_name\" content=\"ANAM\" \/>\n<meta property=\"article:publisher\" content=\"https:\/\/www.facebook.com\/ANAMGuatemala.org.gt\" \/>\n<meta property=\"article:published_time\" content=\"2025-05-04T16:54:44+00:00\" \/>\n<meta property=\"article:modified_time\" content=\"2025-06-03T16:57:53+00:00\" \/>\n<meta property=\"og:image\" content=\"https:\/\/anam.org.gt\/inicio\/wp-content\/uploads\/2025\/06\/image-1024x766.png\" \/>\n\t<meta property=\"og:image:width\" content=\"1024\" \/>\n\t<meta property=\"og:image:height\" content=\"766\" \/>\n\t<meta property=\"og:image:type\" content=\"image\/png\" \/>\n<meta name=\"author\" content=\"admin\" \/>\n<meta name=\"twitter:card\" content=\"summary_large_image\" \/>\n<meta name=\"twitter:creator\" content=\"@ANAM_Guatemala\" \/>\n<meta name=\"twitter:site\" content=\"@ANAM_Guatemala\" \/>\n<meta name=\"twitter:label1\" content=\"Escrito por\" \/>\n\t<meta name=\"twitter:data1\" content=\"admin\" \/>\n<script type=\"application\/ld+json\" class=\"yoast-schema-graph\">{\"@context\":\"https:\/\/schema.org\",\"@graph\":[{\"@type\":\"Article\",\"@id\":\"https:\/\/anam.org.gt\/inicio\/capacitacion-al-personal-de-la-municipalidad-de-san-juan-tecuaco-santa-rosa\/#article\",\"isPartOf\":{\"@id\":\"https:\/\/anam.org.gt\/inicio\/capacitacion-al-personal-de-la-municipalidad-de-san-juan-tecuaco-santa-rosa\/\"},\"author\":{\"name\":\"admin\",\"@id\":\"https:\/\/anam.org.gt\/inicio\/#\/schema\/person\/568dcb3e3f73c87e66aedf646a399340\"},\"headline\":\"Capacitaci\u00f3n al personal de la Municipalidad de San Juan Tecuaco, Santa Rosa\",\"datePublished\":\"2025-05-04T16:54:44+00:00\",\"dateModified\":\"2025-06-03T16:57:53+00:00\",\"mainEntityOfPage\":{\"@id\":\"https:\/\/anam.org.gt\/inicio\/capacitacion-al-personal-de-la-municipalidad-de-san-juan-tecuaco-santa-rosa\/\"},\"wordCount\":78,\"commentCount\":0,\"publisher\":{\"@id\":\"https:\/\/anam.org.gt\/inicio\/#organization\"},\"image\":{\"@id\":\"https:\/\/anam.org.gt\/inicio\/capacitacion-al-personal-de-la-municipalidad-de-san-juan-tecuaco-santa-rosa\/#primaryimage\"},\"thumbnailUrl\":\"https:\/\/anam.org.gt\/inicio\/wp-content\/uploads\/2025\/06\/image.png\",\"articleSection\":[\"ANAM\"],\"inLanguage\":\"es\",\"potentialAction\":[{\"@type\":\"CommentAction\",\"name\":\"Comment\",\"target\":[\"https:\/\/anam.org.gt\/inicio\/capacitacion-al-personal-de-la-municipalidad-de-san-juan-tecuaco-santa-rosa\/#respond\"]}]},{\"@type\":\"WebPage\",\"@id\":\"https:\/\/anam.org.gt\/inicio\/capacitacion-al-personal-de-la-municipalidad-de-san-juan-tecuaco-santa-rosa\/\",\"url\":\"https:\/\/anam.org.gt\/inicio\/capacitacion-al-personal-de-la-municipalidad-de-san-juan-tecuaco-santa-rosa\/\",\"name\":\"Capacitaci\u00f3n al personal de la Municipalidad de San Juan Tecuaco, Santa Rosa - ANAM\",\"isPartOf\":{\"@id\":\"https:\/\/anam.org.gt\/inicio\/#website\"},\"primaryImageOfPage\":{\"@id\":\"https:\/\/anam.org.gt\/inicio\/capacitacion-al-personal-de-la-municipalidad-de-san-juan-tecuaco-santa-rosa\/#primaryimage\"},\"image\":{\"@id\":\"https:\/\/anam.org.gt\/inicio\/capacitacion-al-personal-de-la-municipalidad-de-san-juan-tecuaco-santa-rosa\/#primaryimage\"},\"thumbnailUrl\":\"https:\/\/anam.org.gt\/inicio\/wp-content\/uploads\/2025\/06\/image.png\",\"datePublished\":\"2025-05-04T16:54:44+00:00\",\"dateModified\":\"2025-06-03T16:57:53+00:00\",\"breadcrumb\":{\"@id\":\"https:\/\/anam.org.gt\/inicio\/capacitacion-al-personal-de-la-municipalidad-de-san-juan-tecuaco-santa-rosa\/#breadcrumb\"},\"inLanguage\":\"es\",\"potentialAction\":[{\"@type\":\"ReadAction\",\"target\":[\"https:\/\/anam.org.gt\/inicio\/capacitacion-al-personal-de-la-municipalidad-de-san-juan-tecuaco-santa-rosa\/\"]}]},{\"@type\":\"ImageObject\",\"inLanguage\":\"es\",\"@id\":\"https:\/\/anam.org.gt\/inicio\/capacitacion-al-personal-de-la-municipalidad-de-san-juan-tecuaco-santa-rosa\/#primaryimage\",\"url\":\"https:\/\/anam.org.gt\/inicio\/wp-content\/uploads\/2025\/06\/image.png\",\"contentUrl\":\"https:\/\/anam.org.gt\/inicio\/wp-content\/uploads\/2025\/06\/image.png\",\"width\":1440,\"height\":1077},{\"@type\":\"BreadcrumbList\",\"@id\":\"https:\/\/anam.org.gt\/inicio\/capacitacion-al-personal-de-la-municipalidad-de-san-juan-tecuaco-santa-rosa\/#breadcrumb\",\"itemListElement\":[{\"@type\":\"ListItem\",\"position\":1,\"name\":\"Portada\",\"item\":\"https:\/\/anam.org.gt\/inicio\/\"},{\"@type\":\"ListItem\",\"position\":2,\"name\":\"Capacitaci\u00f3n al personal de la Municipalidad de San Juan Tecuaco, Santa Rosa\"}]},{\"@type\":\"WebSite\",\"@id\":\"https:\/\/anam.org.gt\/inicio\/#website\",\"url\":\"https:\/\/anam.org.gt\/inicio\/\",\"name\":\"ANAM\",\"description\":\"Asociaci\u00f3n Nacional de Municipalidades de la Rep\u00fablica de Guatemala\",\"publisher\":{\"@id\":\"https:\/\/anam.org.gt\/inicio\/#organization\"},\"potentialAction\":[{\"@type\":\"SearchAction\",\"target\":{\"@type\":\"EntryPoint\",\"urlTemplate\":\"https:\/\/anam.org.gt\/inicio\/?s={search_term_string}\"},\"query-input\":{\"@type\":\"PropertyValueSpecification\",\"valueRequired\":true,\"valueName\":\"search_term_string\"}}],\"inLanguage\":\"es\"},{\"@type\":\"Organization\",\"@id\":\"https:\/\/anam.org.gt\/inicio\/#organization\",\"name\":\"Asociaci\u00f3n Nacional de Municipalidades de la Rep\u00fablica de Guatemala\",\"url\":\"https:\/\/anam.org.gt\/inicio\/\",\"logo\":{\"@type\":\"ImageObject\",\"inLanguage\":\"es\",\"@id\":\"https:\/\/anam.org.gt\/inicio\/#\/schema\/logo\/image\/\",\"url\":\"https:\/\/anam.org.gt\/inicio\/wp-content\/uploads\/2026\/02\/logo-anam-central-1.png\",\"contentUrl\":\"https:\/\/anam.org.gt\/inicio\/wp-content\/uploads\/2026\/02\/logo-anam-central-1.png\",\"width\":600,\"height\":280,\"caption\":\"Asociaci\u00f3n Nacional de Municipalidades de la Rep\u00fablica de Guatemala\"},\"image\":{\"@id\":\"https:\/\/anam.org.gt\/inicio\/#\/schema\/logo\/image\/\"},\"sameAs\":[\"https:\/\/www.facebook.com\/ANAMGuatemala.org.gt\",\"https:\/\/x.com\/ANAM_Guatemala\",\"https:\/\/www.instagram.com\/anam_guatemala\/?hl=es\"]},{\"@type\":\"Person\",\"@id\":\"https:\/\/anam.org.gt\/inicio\/#\/schema\/person\/568dcb3e3f73c87e66aedf646a399340\",\"name\":\"admin\",\"image\":{\"@type\":\"ImageObject\",\"inLanguage\":\"es\",\"@id\":\"https:\/\/anam.org.gt\/inicio\/#\/schema\/person\/image\/\",\"url\":\"https:\/\/secure.gravatar.com\/avatar\/e28deb147a21fce7c80709f121c112cdeff455f99e5227e39053d3fdbf557402?s=96&d=mm&r=g\",\"contentUrl\":\"https:\/\/secure.gravatar.com\/avatar\/e28deb147a21fce7c80709f121c112cdeff455f99e5227e39053d3fdbf557402?s=96&d=mm&r=g\",\"caption\":\"admin\"},\"url\":\"https:\/\/anam.org.gt\/inicio\/author\/admin\/\"}]}<\/script>\n<!-- \/ Yoast SEO plugin. -->","yoast_head_json":{"title":"Capacitaci\u00f3n al personal de la Municipalidad de San Juan Tecuaco, Santa Rosa - ANAM","robots":{"index":"index","follow":"follow","max-snippet":"max-snippet:-1","max-image-preview":"max-image-preview:large","max-video-preview":"max-video-preview:-1"},"canonical":"https:\/\/anam.org.gt\/inicio\/capacitacion-al-personal-de-la-municipalidad-de-san-juan-tecuaco-santa-rosa\/","og_locale":"es_ES","og_type":"article","og_title":"Capacitaci\u00f3n al personal de la Municipalidad de San Juan Tecuaco, Santa Rosa - ANAM","og_description":"Capacitamos al personal de la Municipalidad de San Juan Tecuaco, Santa Rosa, en temas clave relacionados con las Juntas de Cotizaci\u00f3n y Licitaci\u00f3n, con el objetivo de fortalecer sus capacidades t\u00e9cnicas y operativas. Esta formaci\u00f3n busca mejorar la toma de decisiones en los procesos de adquisici\u00f3n municipal, promoviendo pr\u00e1cticas m\u00e1s transparentes, responsables y alineadas con [&hellip;]","og_url":"https:\/\/anam.org.gt\/inicio\/capacitacion-al-personal-de-la-municipalidad-de-san-juan-tecuaco-santa-rosa\/","og_site_name":"ANAM","article_publisher":"https:\/\/www.facebook.com\/ANAMGuatemala.org.gt","article_published_time":"2025-05-04T16:54:44+00:00","article_modified_time":"2025-06-03T16:57:53+00:00","og_image":[{"width":1024,"height":766,"url":"https:\/\/anam.org.gt\/inicio\/wp-content\/uploads\/2025\/06\/image-1024x766.png","type":"image\/png"}],"author":"admin","twitter_card":"summary_large_image","twitter_creator":"@ANAM_Guatemala","twitter_site":"@ANAM_Guatemala","twitter_misc":{"Escrito por":"admin"},"schema":{"@context":"https:\/\/schema.org","@graph":[{"@type":"Article","@id":"https:\/\/anam.org.gt\/inicio\/capacitacion-al-personal-de-la-municipalidad-de-san-juan-tecuaco-santa-rosa\/#article","isPartOf":{"@id":"https:\/\/anam.org.gt\/inicio\/capacitacion-al-personal-de-la-municipalidad-de-san-juan-tecuaco-santa-rosa\/"},"author":{"name":"admin","@id":"https:\/\/anam.org.gt\/inicio\/#\/schema\/person\/568dcb3e3f73c87e66aedf646a399340"},"headline":"Capacitaci\u00f3n al personal de la Municipalidad de San Juan Tecuaco, Santa Rosa","datePublished":"2025-05-04T16:54:44+00:00","dateModified":"2025-06-03T16:57:53+00:00","mainEntityOfPage":{"@id":"https:\/\/anam.org.gt\/inicio\/capacitacion-al-personal-de-la-municipalidad-de-san-juan-tecuaco-santa-rosa\/"},"wordCount":78,"commentCount":0,"publisher":{"@id":"https:\/\/anam.org.gt\/inicio\/#organization"},"image":{"@id":"https:\/\/anam.org.gt\/inicio\/capacitacion-al-personal-de-la-municipalidad-de-san-juan-tecuaco-santa-rosa\/#primaryimage"},"thumbnailUrl":"https:\/\/anam.org.gt\/inicio\/wp-content\/uploads\/2025\/06\/image.png","articleSection":["ANAM"],"inLanguage":"es","potentialAction":[{"@type":"CommentAction","name":"Comment","target":["https:\/\/anam.org.gt\/inicio\/capacitacion-al-personal-de-la-municipalidad-de-san-juan-tecuaco-santa-rosa\/#respond"]}]},{"@type":"WebPage","@id":"https:\/\/anam.org.gt\/inicio\/capacitacion-al-personal-de-la-municipalidad-de-san-juan-tecuaco-santa-rosa\/","url":"https:\/\/anam.org.gt\/inicio\/capacitacion-al-personal-de-la-municipalidad-de-san-juan-tecuaco-santa-rosa\/","name":"Capacitaci\u00f3n al personal de la Municipalidad de San Juan Tecuaco, Santa Rosa - ANAM","isPartOf":{"@id":"https:\/\/anam.org.gt\/inicio\/#website"},"primaryImageOfPage":{"@id":"https:\/\/anam.org.gt\/inicio\/capacitacion-al-personal-de-la-municipalidad-de-san-juan-tecuaco-santa-rosa\/#primaryimage"},"image":{"@id":"https:\/\/anam.org.gt\/inicio\/capacitacion-al-personal-de-la-municipalidad-de-san-juan-tecuaco-santa-rosa\/#primaryimage"},"thumbnailUrl":"https:\/\/anam.org.gt\/inicio\/wp-content\/uploads\/2025\/06\/image.png","datePublished":"2025-05-04T16:54:44+00:00","dateModified":"2025-06-03T16:57:53+00:00","breadcrumb":{"@id":"https:\/\/anam.org.gt\/inicio\/capacitacion-al-personal-de-la-municipalidad-de-san-juan-tecuaco-santa-rosa\/#breadcrumb"},"inLanguage":"es","potentialAction":[{"@type":"ReadAction","target":["https:\/\/anam.org.gt\/inicio\/capacitacion-al-personal-de-la-municipalidad-de-san-juan-tecuaco-santa-rosa\/"]}]},{"@type":"ImageObject","inLanguage":"es","@id":"https:\/\/anam.org.gt\/inicio\/capacitacion-al-personal-de-la-municipalidad-de-san-juan-tecuaco-santa-rosa\/#primaryimage","url":"https:\/\/anam.org.gt\/inicio\/wp-content\/uploads\/2025\/06\/image.png","contentUrl":"https:\/\/anam.org.gt\/inicio\/wp-content\/uploads\/2025\/06\/image.png","width":1440,"height":1077},{"@type":"BreadcrumbList","@id":"https:\/\/anam.org.gt\/inicio\/capacitacion-al-personal-de-la-municipalidad-de-san-juan-tecuaco-santa-rosa\/#breadcrumb","itemListElement":[{"@type":"ListItem","position":1,"name":"Portada","item":"https:\/\/anam.org.gt\/inicio\/"},{"@type":"ListItem","position":2,"name":"Capacitaci\u00f3n al personal de la Municipalidad de San Juan Tecuaco, Santa Rosa"}]},{"@type":"WebSite","@id":"https:\/\/anam.org.gt\/inicio\/#website","url":"https:\/\/anam.org.gt\/inicio\/","name":"ANAM","description":"Asociaci\u00f3n Nacional de Municipalidades de la Rep\u00fablica de Guatemala","publisher":{"@id":"https:\/\/anam.org.gt\/inicio\/#organization"},"potentialAction":[{"@type":"SearchAction","target":{"@type":"EntryPoint","urlTemplate":"https:\/\/anam.org.gt\/inicio\/?s={search_term_string}"},"query-input":{"@type":"PropertyValueSpecification","valueRequired":true,"valueName":"search_term_string"}}],"inLanguage":"es"},{"@type":"Organization","@id":"https:\/\/anam.org.gt\/inicio\/#organization","name":"Asociaci\u00f3n Nacional de Municipalidades de la Rep\u00fablica de Guatemala","url":"https:\/\/anam.org.gt\/inicio\/","logo":{"@type":"ImageObject","inLanguage":"es","@id":"https:\/\/anam.org.gt\/inicio\/#\/schema\/logo\/image\/","url":"https:\/\/anam.org.gt\/inicio\/wp-content\/uploads\/2026\/02\/logo-anam-central-1.png","contentUrl":"https:\/\/anam.org.gt\/inicio\/wp-content\/uploads\/2026\/02\/logo-anam-central-1.png","width":600,"height":280,"caption":"Asociaci\u00f3n Nacional de Municipalidades de la Rep\u00fablica de Guatemala"},"image":{"@id":"https:\/\/anam.org.gt\/inicio\/#\/schema\/logo\/image\/"},"sameAs":["https:\/\/www.facebook.com\/ANAMGuatemala.org.gt","https:\/\/x.com\/ANAM_Guatemala","https:\/\/www.instagram.com\/anam_guatemala\/?hl=es"]},{"@type":"Person","@id":"https:\/\/anam.org.gt\/inicio\/#\/schema\/person\/568dcb3e3f73c87e66aedf646a399340","name":"admin","image":{"@type":"ImageObject","inLanguage":"es","@id":"https:\/\/anam.org.gt\/inicio\/#\/schema\/person\/image\/","url":"https:\/\/secure.gravatar.com\/avatar\/e28deb147a21fce7c80709f121c112cdeff455f99e5227e39053d3fdbf557402?s=96&d=mm&r=g","contentUrl":"https:\/\/secure.gravatar.com\/avatar\/e28deb147a21fce7c80709f121c112cdeff455f99e5227e39053d3fdbf557402?s=96&d=mm&r=g","caption":"admin"},"url":"https:\/\/anam.org.gt\/inicio\/author\/admin\/"}]}},"_links":{"self":[{"href":"https:\/\/anam.org.gt\/inicio\/wp-json\/wp\/v2\/posts\/3785","targetHints":{"allow":["GET"]}}],"collection":[{"href":"https:\/\/anam.org.gt\/inicio\/wp-json\/wp\/v2\/posts"}],"about":[{"href":"https:\/\/anam.org.gt\/inicio\/wp-json\/wp\/v2\/types\/post"}],"author":[{"embeddable":true,"href":"https:\/\/anam.org.gt\/inicio\/wp-json\/wp\/v2\/users\/4"}],"replies":[{"embeddable":true,"href":"https:\/\/anam.org.gt\/inicio\/wp-json\/wp\/v2\/comments?post=3785"}],"version-history":[{"count":3,"href":"https:\/\/anam.org.gt\/inicio\/wp-json\/wp\/v2\/posts\/3785\/revisions"}],"predecessor-version":[{"id":3789,"href":"https:\/\/anam.org.gt\/inicio\/wp-json\/wp\/v2\/posts\/3785\/revisions\/3789"}],"wp:featuredmedia":[{"embeddable":true,"href":"https:\/\/anam.org.gt\/inicio\/wp-json\/wp\/v2\/media\/3787"}],"wp:attachment":[{"href":"https:\/\/anam.org.gt\/inicio\/wp-json\/wp\/v2\/media?parent=3785"}],"wp:term":[{"taxonomy":"category","embeddable":true,"href":"https:\/\/anam.org.gt\/inicio\/wp-json\/wp\/v2\/categories?post=3785"},{"taxonomy":"post_tag","embeddable":true,"href":"https:\/\/anam.org.gt\/inicio\/wp-json\/wp\/v2\/tags?post=3785"}],"curies":[{"name":"wp","href":"https:\/\/api.w.org\/{rel}","templated":true}]}}