{"id":3797,"date":"2025-05-09T17:03:10","date_gmt":"2025-05-09T17:03:10","guid":{"rendered":"https:\/\/anam.org.gt\/inicio\/?p=3797"},"modified":"2025-06-03T17:04:47","modified_gmt":"2025-06-03T17:04:47","slug":"el-presidente-de-anam-sebastian-siero-y-el-director-ejecutivo-patric-gramajo-matsui-acompanaron-al-alcalde-de-san-juan-ostuncalco","status":"publish","type":"post","link":"https:\/\/anam.org.gt\/inicio\/el-presidente-de-anam-sebastian-siero-y-el-director-ejecutivo-patric-gramajo-matsui-acompanaron-al-alcalde-de-san-juan-ostuncalco\/","title":{"rendered":"El Presidente de ANAM, Sebastian Siero y el Director Ejecutivo, Patric Gramajo Matsui acompa\u00f1aron al alcalde de San Juan Ostuncalco"},"content":{"rendered":"<p>El Presidente de ANAM, Sebastian Siero y el Director Ejecutivo, Patric Gramajo Matsui acompa\u00f1aron al alcalde de San Juan Ostuncalco, Filiberto Romero, en la hist\u00f3rica inauguraci\u00f3n del inicio de los trabajos de construcci\u00f3n del nuevo Palacio Municipal.<\/p><p>Esta obra marca un antes y un despu\u00e9s en la gesti\u00f3n p\u00fablica del municipio, al representar un espacio digno, moderno y funcional para el servicio de la poblaci\u00f3n.<\/p>","protected":false},"excerpt":{"rendered":"<p>El Presidente de ANAM, Sebastian Siero y el Director Ejecutivo, Patric Gramajo Matsui acompa\u00f1aron al alcalde de San Juan Ostuncalco, Filiberto Romero, en la hist\u00f3rica inauguraci\u00f3n del inicio de los trabajos de construcci\u00f3n del nuevo Palacio Municipal. Esta obra marca un antes y un despu\u00e9s en la gesti\u00f3n p\u00fablica del municipio, al representar un espacio [&hellip;]<\/p>\n","protected":false},"author":4,"featured_media":3798,"comment_status":"open","ping_status":"open","sticky":false,"template":"","format":"standard","meta":{"footnotes":""},"categories":[1],"tags":[],"class_list":["post-3797","post","type-post","status-publish","format-standard","has-post-thumbnail","hentry","category-anam"],"yoast_head":"<!-- This site is optimized with the Yoast SEO plugin v27.0 - https:\/\/yoast.com\/product\/yoast-seo-wordpress\/ -->\n<title>El Presidente de ANAM, Sebastian Siero y el Director Ejecutivo, Patric Gramajo Matsui acompa\u00f1aron al alcalde de San Juan Ostuncalco - ANAM<\/title>\n<meta name=\"robots\" content=\"index, follow, max-snippet:-1, max-image-preview:large, max-video-preview:-1\" \/>\n<link rel=\"canonical\" href=\"https:\/\/anam.org.gt\/inicio\/el-presidente-de-anam-sebastian-siero-y-el-director-ejecutivo-patric-gramajo-matsui-acompanaron-al-alcalde-de-san-juan-ostuncalco\/\" \/>\n<meta property=\"og:locale\" content=\"es_ES\" \/>\n<meta property=\"og:type\" content=\"article\" \/>\n<meta property=\"og:title\" content=\"El Presidente de ANAM, Sebastian Siero y el Director Ejecutivo, Patric Gramajo Matsui acompa\u00f1aron al alcalde de San Juan Ostuncalco - ANAM\" \/>\n<meta property=\"og:description\" content=\"El Presidente de ANAM, Sebastian Siero y el Director Ejecutivo, Patric Gramajo Matsui acompa\u00f1aron al alcalde de San Juan Ostuncalco, Filiberto Romero, en la hist\u00f3rica inauguraci\u00f3n del inicio de los trabajos de construcci\u00f3n del nuevo Palacio Municipal. Esta obra marca un antes y un despu\u00e9s en la gesti\u00f3n p\u00fablica del municipio, al representar un espacio [&hellip;]\" \/>\n<meta property=\"og:url\" content=\"https:\/\/anam.org.gt\/inicio\/el-presidente-de-anam-sebastian-siero-y-el-director-ejecutivo-patric-gramajo-matsui-acompanaron-al-alcalde-de-san-juan-ostuncalco\/\" \/>\n<meta property=\"og:site_name\" content=\"ANAM\" \/>\n<meta property=\"article:publisher\" content=\"https:\/\/www.facebook.com\/ANAMGuatemala.org.gt\" \/>\n<meta property=\"article:published_time\" content=\"2025-05-09T17:03:10+00:00\" \/>\n<meta property=\"article:modified_time\" content=\"2025-06-03T17:04:47+00:00\" \/>\n<meta property=\"og:image\" content=\"https:\/\/anam.org.gt\/inicio\/wp-content\/uploads\/2025\/06\/image-3.png\" \/>\n\t<meta property=\"og:image:width\" content=\"1440\" \/>\n\t<meta property=\"og:image:height\" content=\"960\" \/>\n\t<meta property=\"og:image:type\" content=\"image\/png\" \/>\n<meta name=\"author\" content=\"admin\" \/>\n<meta name=\"twitter:card\" content=\"summary_large_image\" \/>\n<meta name=\"twitter:creator\" content=\"@ANAM_Guatemala\" \/>\n<meta name=\"twitter:site\" content=\"@ANAM_Guatemala\" \/>\n<meta name=\"twitter:label1\" content=\"Escrito por\" \/>\n\t<meta name=\"twitter:data1\" content=\"admin\" \/>\n<script type=\"application\/ld+json\" class=\"yoast-schema-graph\">{\"@context\":\"https:\/\/schema.org\",\"@graph\":[{\"@type\":\"Article\",\"@id\":\"https:\/\/anam.org.gt\/inicio\/el-presidente-de-anam-sebastian-siero-y-el-director-ejecutivo-patric-gramajo-matsui-acompanaron-al-alcalde-de-san-juan-ostuncalco\/#article\",\"isPartOf\":{\"@id\":\"https:\/\/anam.org.gt\/inicio\/el-presidente-de-anam-sebastian-siero-y-el-director-ejecutivo-patric-gramajo-matsui-acompanaron-al-alcalde-de-san-juan-ostuncalco\/\"},\"author\":{\"name\":\"admin\",\"@id\":\"https:\/\/anam.org.gt\/inicio\/#\/schema\/person\/568dcb3e3f73c87e66aedf646a399340\"},\"headline\":\"El Presidente de ANAM, Sebastian Siero y el Director Ejecutivo, Patric Gramajo Matsui acompa\u00f1aron al alcalde de San Juan Ostuncalco\",\"datePublished\":\"2025-05-09T17:03:10+00:00\",\"dateModified\":\"2025-06-03T17:04:47+00:00\",\"mainEntityOfPage\":{\"@id\":\"https:\/\/anam.org.gt\/inicio\/el-presidente-de-anam-sebastian-siero-y-el-director-ejecutivo-patric-gramajo-matsui-acompanaron-al-alcalde-de-san-juan-ostuncalco\/\"},\"wordCount\":94,\"commentCount\":0,\"publisher\":{\"@id\":\"https:\/\/anam.org.gt\/inicio\/#organization\"},\"image\":{\"@id\":\"https:\/\/anam.org.gt\/inicio\/el-presidente-de-anam-sebastian-siero-y-el-director-ejecutivo-patric-gramajo-matsui-acompanaron-al-alcalde-de-san-juan-ostuncalco\/#primaryimage\"},\"thumbnailUrl\":\"https:\/\/anam.org.gt\/inicio\/wp-content\/uploads\/2025\/06\/image-3.png\",\"articleSection\":[\"ANAM\"],\"inLanguage\":\"es\",\"potentialAction\":[{\"@type\":\"CommentAction\",\"name\":\"Comment\",\"target\":[\"https:\/\/anam.org.gt\/inicio\/el-presidente-de-anam-sebastian-siero-y-el-director-ejecutivo-patric-gramajo-matsui-acompanaron-al-alcalde-de-san-juan-ostuncalco\/#respond\"]}]},{\"@type\":\"WebPage\",\"@id\":\"https:\/\/anam.org.gt\/inicio\/el-presidente-de-anam-sebastian-siero-y-el-director-ejecutivo-patric-gramajo-matsui-acompanaron-al-alcalde-de-san-juan-ostuncalco\/\",\"url\":\"https:\/\/anam.org.gt\/inicio\/el-presidente-de-anam-sebastian-siero-y-el-director-ejecutivo-patric-gramajo-matsui-acompanaron-al-alcalde-de-san-juan-ostuncalco\/\",\"name\":\"El Presidente de ANAM, Sebastian Siero y el Director Ejecutivo, Patric Gramajo Matsui acompa\u00f1aron al alcalde de San Juan Ostuncalco - ANAM\",\"isPartOf\":{\"@id\":\"https:\/\/anam.org.gt\/inicio\/#website\"},\"primaryImageOfPage\":{\"@id\":\"https:\/\/anam.org.gt\/inicio\/el-presidente-de-anam-sebastian-siero-y-el-director-ejecutivo-patric-gramajo-matsui-acompanaron-al-alcalde-de-san-juan-ostuncalco\/#primaryimage\"},\"image\":{\"@id\":\"https:\/\/anam.org.gt\/inicio\/el-presidente-de-anam-sebastian-siero-y-el-director-ejecutivo-patric-gramajo-matsui-acompanaron-al-alcalde-de-san-juan-ostuncalco\/#primaryimage\"},\"thumbnailUrl\":\"https:\/\/anam.org.gt\/inicio\/wp-content\/uploads\/2025\/06\/image-3.png\",\"datePublished\":\"2025-05-09T17:03:10+00:00\",\"dateModified\":\"2025-06-03T17:04:47+00:00\",\"breadcrumb\":{\"@id\":\"https:\/\/anam.org.gt\/inicio\/el-presidente-de-anam-sebastian-siero-y-el-director-ejecutivo-patric-gramajo-matsui-acompanaron-al-alcalde-de-san-juan-ostuncalco\/#breadcrumb\"},\"inLanguage\":\"es\",\"potentialAction\":[{\"@type\":\"ReadAction\",\"target\":[\"https:\/\/anam.org.gt\/inicio\/el-presidente-de-anam-sebastian-siero-y-el-director-ejecutivo-patric-gramajo-matsui-acompanaron-al-alcalde-de-san-juan-ostuncalco\/\"]}]},{\"@type\":\"ImageObject\",\"inLanguage\":\"es\",\"@id\":\"https:\/\/anam.org.gt\/inicio\/el-presidente-de-anam-sebastian-siero-y-el-director-ejecutivo-patric-gramajo-matsui-acompanaron-al-alcalde-de-san-juan-ostuncalco\/#primaryimage\",\"url\":\"https:\/\/anam.org.gt\/inicio\/wp-content\/uploads\/2025\/06\/image-3.png\",\"contentUrl\":\"https:\/\/anam.org.gt\/inicio\/wp-content\/uploads\/2025\/06\/image-3.png\",\"width\":1440,\"height\":960},{\"@type\":\"BreadcrumbList\",\"@id\":\"https:\/\/anam.org.gt\/inicio\/el-presidente-de-anam-sebastian-siero-y-el-director-ejecutivo-patric-gramajo-matsui-acompanaron-al-alcalde-de-san-juan-ostuncalco\/#breadcrumb\",\"itemListElement\":[{\"@type\":\"ListItem\",\"position\":1,\"name\":\"Portada\",\"item\":\"https:\/\/anam.org.gt\/inicio\/\"},{\"@type\":\"ListItem\",\"position\":2,\"name\":\"El Presidente de ANAM, Sebastian Siero y el Director Ejecutivo, Patric Gramajo Matsui acompa\u00f1aron al alcalde de San Juan Ostuncalco\"}]},{\"@type\":\"WebSite\",\"@id\":\"https:\/\/anam.org.gt\/inicio\/#website\",\"url\":\"https:\/\/anam.org.gt\/inicio\/\",\"name\":\"ANAM\",\"description\":\"Asociaci\u00f3n Nacional de Municipalidades de la Rep\u00fablica de Guatemala\",\"publisher\":{\"@id\":\"https:\/\/anam.org.gt\/inicio\/#organization\"},\"potentialAction\":[{\"@type\":\"SearchAction\",\"target\":{\"@type\":\"EntryPoint\",\"urlTemplate\":\"https:\/\/anam.org.gt\/inicio\/?s={search_term_string}\"},\"query-input\":{\"@type\":\"PropertyValueSpecification\",\"valueRequired\":true,\"valueName\":\"search_term_string\"}}],\"inLanguage\":\"es\"},{\"@type\":\"Organization\",\"@id\":\"https:\/\/anam.org.gt\/inicio\/#organization\",\"name\":\"Asociaci\u00f3n Nacional de Municipalidades de la Rep\u00fablica de Guatemala\",\"url\":\"https:\/\/anam.org.gt\/inicio\/\",\"logo\":{\"@type\":\"ImageObject\",\"inLanguage\":\"es\",\"@id\":\"https:\/\/anam.org.gt\/inicio\/#\/schema\/logo\/image\/\",\"url\":\"https:\/\/anam.org.gt\/inicio\/wp-content\/uploads\/2026\/02\/logo-anam-central-1.png\",\"contentUrl\":\"https:\/\/anam.org.gt\/inicio\/wp-content\/uploads\/2026\/02\/logo-anam-central-1.png\",\"width\":600,\"height\":280,\"caption\":\"Asociaci\u00f3n Nacional de Municipalidades de la Rep\u00fablica de Guatemala\"},\"image\":{\"@id\":\"https:\/\/anam.org.gt\/inicio\/#\/schema\/logo\/image\/\"},\"sameAs\":[\"https:\/\/www.facebook.com\/ANAMGuatemala.org.gt\",\"https:\/\/x.com\/ANAM_Guatemala\",\"https:\/\/www.instagram.com\/anam_guatemala\/?hl=es\"]},{\"@type\":\"Person\",\"@id\":\"https:\/\/anam.org.gt\/inicio\/#\/schema\/person\/568dcb3e3f73c87e66aedf646a399340\",\"name\":\"admin\",\"image\":{\"@type\":\"ImageObject\",\"inLanguage\":\"es\",\"@id\":\"https:\/\/anam.org.gt\/inicio\/#\/schema\/person\/image\/\",\"url\":\"https:\/\/secure.gravatar.com\/avatar\/e28deb147a21fce7c80709f121c112cdeff455f99e5227e39053d3fdbf557402?s=96&d=mm&r=g\",\"contentUrl\":\"https:\/\/secure.gravatar.com\/avatar\/e28deb147a21fce7c80709f121c112cdeff455f99e5227e39053d3fdbf557402?s=96&d=mm&r=g\",\"caption\":\"admin\"},\"url\":\"https:\/\/anam.org.gt\/inicio\/author\/admin\/\"}]}<\/script>\n<!-- \/ Yoast SEO plugin. -->","yoast_head_json":{"title":"El Presidente de ANAM, Sebastian Siero y el Director Ejecutivo, Patric Gramajo Matsui acompa\u00f1aron al alcalde de San Juan Ostuncalco - ANAM","robots":{"index":"index","follow":"follow","max-snippet":"max-snippet:-1","max-image-preview":"max-image-preview:large","max-video-preview":"max-video-preview:-1"},"canonical":"https:\/\/anam.org.gt\/inicio\/el-presidente-de-anam-sebastian-siero-y-el-director-ejecutivo-patric-gramajo-matsui-acompanaron-al-alcalde-de-san-juan-ostuncalco\/","og_locale":"es_ES","og_type":"article","og_title":"El Presidente de ANAM, Sebastian Siero y el Director Ejecutivo, Patric Gramajo Matsui acompa\u00f1aron al alcalde de San Juan Ostuncalco - ANAM","og_description":"El Presidente de ANAM, Sebastian Siero y el Director Ejecutivo, Patric Gramajo Matsui acompa\u00f1aron al alcalde de San Juan Ostuncalco, Filiberto Romero, en la hist\u00f3rica inauguraci\u00f3n del inicio de los trabajos de construcci\u00f3n del nuevo Palacio Municipal. Esta obra marca un antes y un despu\u00e9s en la gesti\u00f3n p\u00fablica del municipio, al representar un espacio [&hellip;]","og_url":"https:\/\/anam.org.gt\/inicio\/el-presidente-de-anam-sebastian-siero-y-el-director-ejecutivo-patric-gramajo-matsui-acompanaron-al-alcalde-de-san-juan-ostuncalco\/","og_site_name":"ANAM","article_publisher":"https:\/\/www.facebook.com\/ANAMGuatemala.org.gt","article_published_time":"2025-05-09T17:03:10+00:00","article_modified_time":"2025-06-03T17:04:47+00:00","og_image":[{"width":1440,"height":960,"url":"https:\/\/anam.org.gt\/inicio\/wp-content\/uploads\/2025\/06\/image-3.png","type":"image\/png"}],"author":"admin","twitter_card":"summary_large_image","twitter_creator":"@ANAM_Guatemala","twitter_site":"@ANAM_Guatemala","twitter_misc":{"Escrito por":"admin"},"schema":{"@context":"https:\/\/schema.org","@graph":[{"@type":"Article","@id":"https:\/\/anam.org.gt\/inicio\/el-presidente-de-anam-sebastian-siero-y-el-director-ejecutivo-patric-gramajo-matsui-acompanaron-al-alcalde-de-san-juan-ostuncalco\/#article","isPartOf":{"@id":"https:\/\/anam.org.gt\/inicio\/el-presidente-de-anam-sebastian-siero-y-el-director-ejecutivo-patric-gramajo-matsui-acompanaron-al-alcalde-de-san-juan-ostuncalco\/"},"author":{"name":"admin","@id":"https:\/\/anam.org.gt\/inicio\/#\/schema\/person\/568dcb3e3f73c87e66aedf646a399340"},"headline":"El Presidente de ANAM, Sebastian Siero y el Director Ejecutivo, Patric Gramajo Matsui acompa\u00f1aron al alcalde de San Juan Ostuncalco","datePublished":"2025-05-09T17:03:10+00:00","dateModified":"2025-06-03T17:04:47+00:00","mainEntityOfPage":{"@id":"https:\/\/anam.org.gt\/inicio\/el-presidente-de-anam-sebastian-siero-y-el-director-ejecutivo-patric-gramajo-matsui-acompanaron-al-alcalde-de-san-juan-ostuncalco\/"},"wordCount":94,"commentCount":0,"publisher":{"@id":"https:\/\/anam.org.gt\/inicio\/#organization"},"image":{"@id":"https:\/\/anam.org.gt\/inicio\/el-presidente-de-anam-sebastian-siero-y-el-director-ejecutivo-patric-gramajo-matsui-acompanaron-al-alcalde-de-san-juan-ostuncalco\/#primaryimage"},"thumbnailUrl":"https:\/\/anam.org.gt\/inicio\/wp-content\/uploads\/2025\/06\/image-3.png","articleSection":["ANAM"],"inLanguage":"es","potentialAction":[{"@type":"CommentAction","name":"Comment","target":["https:\/\/anam.org.gt\/inicio\/el-presidente-de-anam-sebastian-siero-y-el-director-ejecutivo-patric-gramajo-matsui-acompanaron-al-alcalde-de-san-juan-ostuncalco\/#respond"]}]},{"@type":"WebPage","@id":"https:\/\/anam.org.gt\/inicio\/el-presidente-de-anam-sebastian-siero-y-el-director-ejecutivo-patric-gramajo-matsui-acompanaron-al-alcalde-de-san-juan-ostuncalco\/","url":"https:\/\/anam.org.gt\/inicio\/el-presidente-de-anam-sebastian-siero-y-el-director-ejecutivo-patric-gramajo-matsui-acompanaron-al-alcalde-de-san-juan-ostuncalco\/","name":"El Presidente de ANAM, Sebastian Siero y el Director Ejecutivo, Patric Gramajo Matsui acompa\u00f1aron al alcalde de San Juan Ostuncalco - ANAM","isPartOf":{"@id":"https:\/\/anam.org.gt\/inicio\/#website"},"primaryImageOfPage":{"@id":"https:\/\/anam.org.gt\/inicio\/el-presidente-de-anam-sebastian-siero-y-el-director-ejecutivo-patric-gramajo-matsui-acompanaron-al-alcalde-de-san-juan-ostuncalco\/#primaryimage"},"image":{"@id":"https:\/\/anam.org.gt\/inicio\/el-presidente-de-anam-sebastian-siero-y-el-director-ejecutivo-patric-gramajo-matsui-acompanaron-al-alcalde-de-san-juan-ostuncalco\/#primaryimage"},"thumbnailUrl":"https:\/\/anam.org.gt\/inicio\/wp-content\/uploads\/2025\/06\/image-3.png","datePublished":"2025-05-09T17:03:10+00:00","dateModified":"2025-06-03T17:04:47+00:00","breadcrumb":{"@id":"https:\/\/anam.org.gt\/inicio\/el-presidente-de-anam-sebastian-siero-y-el-director-ejecutivo-patric-gramajo-matsui-acompanaron-al-alcalde-de-san-juan-ostuncalco\/#breadcrumb"},"inLanguage":"es","potentialAction":[{"@type":"ReadAction","target":["https:\/\/anam.org.gt\/inicio\/el-presidente-de-anam-sebastian-siero-y-el-director-ejecutivo-patric-gramajo-matsui-acompanaron-al-alcalde-de-san-juan-ostuncalco\/"]}]},{"@type":"ImageObject","inLanguage":"es","@id":"https:\/\/anam.org.gt\/inicio\/el-presidente-de-anam-sebastian-siero-y-el-director-ejecutivo-patric-gramajo-matsui-acompanaron-al-alcalde-de-san-juan-ostuncalco\/#primaryimage","url":"https:\/\/anam.org.gt\/inicio\/wp-content\/uploads\/2025\/06\/image-3.png","contentUrl":"https:\/\/anam.org.gt\/inicio\/wp-content\/uploads\/2025\/06\/image-3.png","width":1440,"height":960},{"@type":"BreadcrumbList","@id":"https:\/\/anam.org.gt\/inicio\/el-presidente-de-anam-sebastian-siero-y-el-director-ejecutivo-patric-gramajo-matsui-acompanaron-al-alcalde-de-san-juan-ostuncalco\/#breadcrumb","itemListElement":[{"@type":"ListItem","position":1,"name":"Portada","item":"https:\/\/anam.org.gt\/inicio\/"},{"@type":"ListItem","position":2,"name":"El Presidente de ANAM, Sebastian Siero y el Director Ejecutivo, Patric Gramajo Matsui acompa\u00f1aron al alcalde de San Juan Ostuncalco"}]},{"@type":"WebSite","@id":"https:\/\/anam.org.gt\/inicio\/#website","url":"https:\/\/anam.org.gt\/inicio\/","name":"ANAM","description":"Asociaci\u00f3n Nacional de Municipalidades de la Rep\u00fablica de Guatemala","publisher":{"@id":"https:\/\/anam.org.gt\/inicio\/#organization"},"potentialAction":[{"@type":"SearchAction","target":{"@type":"EntryPoint","urlTemplate":"https:\/\/anam.org.gt\/inicio\/?s={search_term_string}"},"query-input":{"@type":"PropertyValueSpecification","valueRequired":true,"valueName":"search_term_string"}}],"inLanguage":"es"},{"@type":"Organization","@id":"https:\/\/anam.org.gt\/inicio\/#organization","name":"Asociaci\u00f3n Nacional de Municipalidades de la Rep\u00fablica de Guatemala","url":"https:\/\/anam.org.gt\/inicio\/","logo":{"@type":"ImageObject","inLanguage":"es","@id":"https:\/\/anam.org.gt\/inicio\/#\/schema\/logo\/image\/","url":"https:\/\/anam.org.gt\/inicio\/wp-content\/uploads\/2026\/02\/logo-anam-central-1.png","contentUrl":"https:\/\/anam.org.gt\/inicio\/wp-content\/uploads\/2026\/02\/logo-anam-central-1.png","width":600,"height":280,"caption":"Asociaci\u00f3n Nacional de Municipalidades de la Rep\u00fablica de Guatemala"},"image":{"@id":"https:\/\/anam.org.gt\/inicio\/#\/schema\/logo\/image\/"},"sameAs":["https:\/\/www.facebook.com\/ANAMGuatemala.org.gt","https:\/\/x.com\/ANAM_Guatemala","https:\/\/www.instagram.com\/anam_guatemala\/?hl=es"]},{"@type":"Person","@id":"https:\/\/anam.org.gt\/inicio\/#\/schema\/person\/568dcb3e3f73c87e66aedf646a399340","name":"admin","image":{"@type":"ImageObject","inLanguage":"es","@id":"https:\/\/anam.org.gt\/inicio\/#\/schema\/person\/image\/","url":"https:\/\/secure.gravatar.com\/avatar\/e28deb147a21fce7c80709f121c112cdeff455f99e5227e39053d3fdbf557402?s=96&d=mm&r=g","contentUrl":"https:\/\/secure.gravatar.com\/avatar\/e28deb147a21fce7c80709f121c112cdeff455f99e5227e39053d3fdbf557402?s=96&d=mm&r=g","caption":"admin"},"url":"https:\/\/anam.org.gt\/inicio\/author\/admin\/"}]}},"_links":{"self":[{"href":"https:\/\/anam.org.gt\/inicio\/wp-json\/wp\/v2\/posts\/3797","targetHints":{"allow":["GET"]}}],"collection":[{"href":"https:\/\/anam.org.gt\/inicio\/wp-json\/wp\/v2\/posts"}],"about":[{"href":"https:\/\/anam.org.gt\/inicio\/wp-json\/wp\/v2\/types\/post"}],"author":[{"embeddable":true,"href":"https:\/\/anam.org.gt\/inicio\/wp-json\/wp\/v2\/users\/4"}],"replies":[{"embeddable":true,"href":"https:\/\/anam.org.gt\/inicio\/wp-json\/wp\/v2\/comments?post=3797"}],"version-history":[{"count":1,"href":"https:\/\/anam.org.gt\/inicio\/wp-json\/wp\/v2\/posts\/3797\/revisions"}],"predecessor-version":[{"id":3799,"href":"https:\/\/anam.org.gt\/inicio\/wp-json\/wp\/v2\/posts\/3797\/revisions\/3799"}],"wp:featuredmedia":[{"embeddable":true,"href":"https:\/\/anam.org.gt\/inicio\/wp-json\/wp\/v2\/media\/3798"}],"wp:attachment":[{"href":"https:\/\/anam.org.gt\/inicio\/wp-json\/wp\/v2\/media?parent=3797"}],"wp:term":[{"taxonomy":"category","embeddable":true,"href":"https:\/\/anam.org.gt\/inicio\/wp-json\/wp\/v2\/categories?post=3797"},{"taxonomy":"post_tag","embeddable":true,"href":"https:\/\/anam.org.gt\/inicio\/wp-json\/wp\/v2\/tags?post=3797"}],"curies":[{"name":"wp","href":"https:\/\/api.w.org\/{rel}","templated":true}]}}