{"id":3809,"date":"2025-05-23T17:21:43","date_gmt":"2025-05-23T17:21:43","guid":{"rendered":"https:\/\/anam.org.gt\/inicio\/?p=3809"},"modified":"2025-06-03T17:53:30","modified_gmt":"2025-06-03T17:53:30","slug":"presidente-de-anam-sebastian-siero-sostuvo-un-encuentro-con-los-alcaldes-del-departamento-de-chiquimula","status":"publish","type":"post","link":"https:\/\/anam.org.gt\/inicio\/presidente-de-anam-sebastian-siero-sostuvo-un-encuentro-con-los-alcaldes-del-departamento-de-chiquimula\/","title":{"rendered":"Presidente de ANAM Sebastian Siero, sostuvo un encuentro con los alcaldes del departamento de chiquimula."},"content":{"rendered":"<p>Desde Chiquimula, el presidente de ANAM Sebastian Siero, sostuvo un encuentro con los alcaldes del departamento con el objetivo de escuchar sus necesidades, compartir avances institucionales y coordinar acciones en favor del desarrollo integral de los municipios.<\/p><p>La reuni\u00f3n permiti\u00f3 fortalecer los lazos de cooperaci\u00f3n intermunicipal y reafirmar el compromiso de ANAM con una gesti\u00f3n local m\u00e1s eficiente, participativa y cercana a la poblaci\u00f3n.<\/p><p><\/p>","protected":false},"excerpt":{"rendered":"<p>Desde Chiquimula, el presidente de ANAM Sebastian Siero, sostuvo un encuentro con los alcaldes del departamento con el objetivo de escuchar sus necesidades, compartir avances institucionales y coordinar acciones en favor del desarrollo integral de los municipios. La reuni\u00f3n permiti\u00f3 fortalecer los lazos de cooperaci\u00f3n intermunicipal y reafirmar el compromiso de ANAM con una gesti\u00f3n [&hellip;]<\/p>\n","protected":false},"author":4,"featured_media":3810,"comment_status":"open","ping_status":"open","sticky":false,"template":"","format":"standard","meta":{"footnotes":""},"categories":[1],"tags":[],"class_list":["post-3809","post","type-post","status-publish","format-standard","has-post-thumbnail","hentry","category-anam"],"yoast_head":"<!-- This site is optimized with the Yoast SEO plugin v27.0 - https:\/\/yoast.com\/product\/yoast-seo-wordpress\/ -->\n<title>Presidente de ANAM Sebastian Siero, sostuvo un encuentro con los alcaldes del departamento de chiquimula. - ANAM<\/title>\n<meta name=\"robots\" content=\"index, follow, max-snippet:-1, max-image-preview:large, max-video-preview:-1\" \/>\n<link rel=\"canonical\" href=\"https:\/\/anam.org.gt\/inicio\/presidente-de-anam-sebastian-siero-sostuvo-un-encuentro-con-los-alcaldes-del-departamento-de-chiquimula\/\" \/>\n<meta property=\"og:locale\" content=\"es_ES\" \/>\n<meta property=\"og:type\" content=\"article\" \/>\n<meta property=\"og:title\" content=\"Presidente de ANAM Sebastian Siero, sostuvo un encuentro con los alcaldes del departamento de chiquimula. - ANAM\" \/>\n<meta property=\"og:description\" content=\"Desde Chiquimula, el presidente de ANAM Sebastian Siero, sostuvo un encuentro con los alcaldes del departamento con el objetivo de escuchar sus necesidades, compartir avances institucionales y coordinar acciones en favor del desarrollo integral de los municipios. La reuni\u00f3n permiti\u00f3 fortalecer los lazos de cooperaci\u00f3n intermunicipal y reafirmar el compromiso de ANAM con una gesti\u00f3n [&hellip;]\" \/>\n<meta property=\"og:url\" content=\"https:\/\/anam.org.gt\/inicio\/presidente-de-anam-sebastian-siero-sostuvo-un-encuentro-con-los-alcaldes-del-departamento-de-chiquimula\/\" \/>\n<meta property=\"og:site_name\" content=\"ANAM\" \/>\n<meta property=\"article:publisher\" content=\"https:\/\/www.facebook.com\/ANAMGuatemala.org.gt\" \/>\n<meta property=\"article:published_time\" content=\"2025-05-23T17:21:43+00:00\" \/>\n<meta property=\"article:modified_time\" content=\"2025-06-03T17:53:30+00:00\" \/>\n<meta property=\"og:image\" content=\"https:\/\/anam.org.gt\/inicio\/wp-content\/uploads\/2025\/06\/image-7.png\" \/>\n\t<meta property=\"og:image:width\" content=\"1280\" \/>\n\t<meta property=\"og:image:height\" content=\"855\" \/>\n\t<meta property=\"og:image:type\" content=\"image\/png\" \/>\n<meta name=\"author\" content=\"admin\" \/>\n<meta name=\"twitter:card\" content=\"summary_large_image\" \/>\n<meta name=\"twitter:creator\" content=\"@ANAM_Guatemala\" \/>\n<meta name=\"twitter:site\" content=\"@ANAM_Guatemala\" \/>\n<meta name=\"twitter:label1\" content=\"Escrito por\" \/>\n\t<meta name=\"twitter:data1\" content=\"admin\" \/>\n<script type=\"application\/ld+json\" class=\"yoast-schema-graph\">{\"@context\":\"https:\/\/schema.org\",\"@graph\":[{\"@type\":\"Article\",\"@id\":\"https:\/\/anam.org.gt\/inicio\/presidente-de-anam-sebastian-siero-sostuvo-un-encuentro-con-los-alcaldes-del-departamento-de-chiquimula\/#article\",\"isPartOf\":{\"@id\":\"https:\/\/anam.org.gt\/inicio\/presidente-de-anam-sebastian-siero-sostuvo-un-encuentro-con-los-alcaldes-del-departamento-de-chiquimula\/\"},\"author\":{\"name\":\"admin\",\"@id\":\"https:\/\/anam.org.gt\/inicio\/#\/schema\/person\/568dcb3e3f73c87e66aedf646a399340\"},\"headline\":\"Presidente de ANAM Sebastian Siero, sostuvo un encuentro con los alcaldes del departamento de chiquimula.\",\"datePublished\":\"2025-05-23T17:21:43+00:00\",\"dateModified\":\"2025-06-03T17:53:30+00:00\",\"mainEntityOfPage\":{\"@id\":\"https:\/\/anam.org.gt\/inicio\/presidente-de-anam-sebastian-siero-sostuvo-un-encuentro-con-los-alcaldes-del-departamento-de-chiquimula\/\"},\"wordCount\":84,\"commentCount\":0,\"publisher\":{\"@id\":\"https:\/\/anam.org.gt\/inicio\/#organization\"},\"image\":{\"@id\":\"https:\/\/anam.org.gt\/inicio\/presidente-de-anam-sebastian-siero-sostuvo-un-encuentro-con-los-alcaldes-del-departamento-de-chiquimula\/#primaryimage\"},\"thumbnailUrl\":\"https:\/\/anam.org.gt\/inicio\/wp-content\/uploads\/2025\/06\/image-7.png\",\"articleSection\":[\"ANAM\"],\"inLanguage\":\"es\",\"potentialAction\":[{\"@type\":\"CommentAction\",\"name\":\"Comment\",\"target\":[\"https:\/\/anam.org.gt\/inicio\/presidente-de-anam-sebastian-siero-sostuvo-un-encuentro-con-los-alcaldes-del-departamento-de-chiquimula\/#respond\"]}]},{\"@type\":\"WebPage\",\"@id\":\"https:\/\/anam.org.gt\/inicio\/presidente-de-anam-sebastian-siero-sostuvo-un-encuentro-con-los-alcaldes-del-departamento-de-chiquimula\/\",\"url\":\"https:\/\/anam.org.gt\/inicio\/presidente-de-anam-sebastian-siero-sostuvo-un-encuentro-con-los-alcaldes-del-departamento-de-chiquimula\/\",\"name\":\"Presidente de ANAM Sebastian Siero, sostuvo un encuentro con los alcaldes del departamento de chiquimula. - ANAM\",\"isPartOf\":{\"@id\":\"https:\/\/anam.org.gt\/inicio\/#website\"},\"primaryImageOfPage\":{\"@id\":\"https:\/\/anam.org.gt\/inicio\/presidente-de-anam-sebastian-siero-sostuvo-un-encuentro-con-los-alcaldes-del-departamento-de-chiquimula\/#primaryimage\"},\"image\":{\"@id\":\"https:\/\/anam.org.gt\/inicio\/presidente-de-anam-sebastian-siero-sostuvo-un-encuentro-con-los-alcaldes-del-departamento-de-chiquimula\/#primaryimage\"},\"thumbnailUrl\":\"https:\/\/anam.org.gt\/inicio\/wp-content\/uploads\/2025\/06\/image-7.png\",\"datePublished\":\"2025-05-23T17:21:43+00:00\",\"dateModified\":\"2025-06-03T17:53:30+00:00\",\"breadcrumb\":{\"@id\":\"https:\/\/anam.org.gt\/inicio\/presidente-de-anam-sebastian-siero-sostuvo-un-encuentro-con-los-alcaldes-del-departamento-de-chiquimula\/#breadcrumb\"},\"inLanguage\":\"es\",\"potentialAction\":[{\"@type\":\"ReadAction\",\"target\":[\"https:\/\/anam.org.gt\/inicio\/presidente-de-anam-sebastian-siero-sostuvo-un-encuentro-con-los-alcaldes-del-departamento-de-chiquimula\/\"]}]},{\"@type\":\"ImageObject\",\"inLanguage\":\"es\",\"@id\":\"https:\/\/anam.org.gt\/inicio\/presidente-de-anam-sebastian-siero-sostuvo-un-encuentro-con-los-alcaldes-del-departamento-de-chiquimula\/#primaryimage\",\"url\":\"https:\/\/anam.org.gt\/inicio\/wp-content\/uploads\/2025\/06\/image-7.png\",\"contentUrl\":\"https:\/\/anam.org.gt\/inicio\/wp-content\/uploads\/2025\/06\/image-7.png\",\"width\":1280,\"height\":855},{\"@type\":\"BreadcrumbList\",\"@id\":\"https:\/\/anam.org.gt\/inicio\/presidente-de-anam-sebastian-siero-sostuvo-un-encuentro-con-los-alcaldes-del-departamento-de-chiquimula\/#breadcrumb\",\"itemListElement\":[{\"@type\":\"ListItem\",\"position\":1,\"name\":\"Portada\",\"item\":\"https:\/\/anam.org.gt\/inicio\/\"},{\"@type\":\"ListItem\",\"position\":2,\"name\":\"Presidente de ANAM Sebastian Siero, sostuvo un encuentro con los alcaldes del departamento de chiquimula.\"}]},{\"@type\":\"WebSite\",\"@id\":\"https:\/\/anam.org.gt\/inicio\/#website\",\"url\":\"https:\/\/anam.org.gt\/inicio\/\",\"name\":\"ANAM\",\"description\":\"Asociaci\u00f3n Nacional de Municipalidades de la Rep\u00fablica de Guatemala\",\"publisher\":{\"@id\":\"https:\/\/anam.org.gt\/inicio\/#organization\"},\"potentialAction\":[{\"@type\":\"SearchAction\",\"target\":{\"@type\":\"EntryPoint\",\"urlTemplate\":\"https:\/\/anam.org.gt\/inicio\/?s={search_term_string}\"},\"query-input\":{\"@type\":\"PropertyValueSpecification\",\"valueRequired\":true,\"valueName\":\"search_term_string\"}}],\"inLanguage\":\"es\"},{\"@type\":\"Organization\",\"@id\":\"https:\/\/anam.org.gt\/inicio\/#organization\",\"name\":\"Asociaci\u00f3n Nacional de Municipalidades de la Rep\u00fablica de Guatemala\",\"url\":\"https:\/\/anam.org.gt\/inicio\/\",\"logo\":{\"@type\":\"ImageObject\",\"inLanguage\":\"es\",\"@id\":\"https:\/\/anam.org.gt\/inicio\/#\/schema\/logo\/image\/\",\"url\":\"https:\/\/anam.org.gt\/inicio\/wp-content\/uploads\/2026\/02\/logo-anam-central-1.png\",\"contentUrl\":\"https:\/\/anam.org.gt\/inicio\/wp-content\/uploads\/2026\/02\/logo-anam-central-1.png\",\"width\":600,\"height\":280,\"caption\":\"Asociaci\u00f3n Nacional de Municipalidades de la Rep\u00fablica de Guatemala\"},\"image\":{\"@id\":\"https:\/\/anam.org.gt\/inicio\/#\/schema\/logo\/image\/\"},\"sameAs\":[\"https:\/\/www.facebook.com\/ANAMGuatemala.org.gt\",\"https:\/\/x.com\/ANAM_Guatemala\",\"https:\/\/www.instagram.com\/anam_guatemala\/?hl=es\"]},{\"@type\":\"Person\",\"@id\":\"https:\/\/anam.org.gt\/inicio\/#\/schema\/person\/568dcb3e3f73c87e66aedf646a399340\",\"name\":\"admin\",\"image\":{\"@type\":\"ImageObject\",\"inLanguage\":\"es\",\"@id\":\"https:\/\/anam.org.gt\/inicio\/#\/schema\/person\/image\/\",\"url\":\"https:\/\/secure.gravatar.com\/avatar\/e28deb147a21fce7c80709f121c112cdeff455f99e5227e39053d3fdbf557402?s=96&d=mm&r=g\",\"contentUrl\":\"https:\/\/secure.gravatar.com\/avatar\/e28deb147a21fce7c80709f121c112cdeff455f99e5227e39053d3fdbf557402?s=96&d=mm&r=g\",\"caption\":\"admin\"},\"url\":\"https:\/\/anam.org.gt\/inicio\/author\/admin\/\"}]}<\/script>\n<!-- \/ Yoast SEO plugin. -->","yoast_head_json":{"title":"Presidente de ANAM Sebastian Siero, sostuvo un encuentro con los alcaldes del departamento de chiquimula. - ANAM","robots":{"index":"index","follow":"follow","max-snippet":"max-snippet:-1","max-image-preview":"max-image-preview:large","max-video-preview":"max-video-preview:-1"},"canonical":"https:\/\/anam.org.gt\/inicio\/presidente-de-anam-sebastian-siero-sostuvo-un-encuentro-con-los-alcaldes-del-departamento-de-chiquimula\/","og_locale":"es_ES","og_type":"article","og_title":"Presidente de ANAM Sebastian Siero, sostuvo un encuentro con los alcaldes del departamento de chiquimula. - ANAM","og_description":"Desde Chiquimula, el presidente de ANAM Sebastian Siero, sostuvo un encuentro con los alcaldes del departamento con el objetivo de escuchar sus necesidades, compartir avances institucionales y coordinar acciones en favor del desarrollo integral de los municipios. La reuni\u00f3n permiti\u00f3 fortalecer los lazos de cooperaci\u00f3n intermunicipal y reafirmar el compromiso de ANAM con una gesti\u00f3n [&hellip;]","og_url":"https:\/\/anam.org.gt\/inicio\/presidente-de-anam-sebastian-siero-sostuvo-un-encuentro-con-los-alcaldes-del-departamento-de-chiquimula\/","og_site_name":"ANAM","article_publisher":"https:\/\/www.facebook.com\/ANAMGuatemala.org.gt","article_published_time":"2025-05-23T17:21:43+00:00","article_modified_time":"2025-06-03T17:53:30+00:00","og_image":[{"width":1280,"height":855,"url":"https:\/\/anam.org.gt\/inicio\/wp-content\/uploads\/2025\/06\/image-7.png","type":"image\/png"}],"author":"admin","twitter_card":"summary_large_image","twitter_creator":"@ANAM_Guatemala","twitter_site":"@ANAM_Guatemala","twitter_misc":{"Escrito por":"admin"},"schema":{"@context":"https:\/\/schema.org","@graph":[{"@type":"Article","@id":"https:\/\/anam.org.gt\/inicio\/presidente-de-anam-sebastian-siero-sostuvo-un-encuentro-con-los-alcaldes-del-departamento-de-chiquimula\/#article","isPartOf":{"@id":"https:\/\/anam.org.gt\/inicio\/presidente-de-anam-sebastian-siero-sostuvo-un-encuentro-con-los-alcaldes-del-departamento-de-chiquimula\/"},"author":{"name":"admin","@id":"https:\/\/anam.org.gt\/inicio\/#\/schema\/person\/568dcb3e3f73c87e66aedf646a399340"},"headline":"Presidente de ANAM Sebastian Siero, sostuvo un encuentro con los alcaldes del departamento de chiquimula.","datePublished":"2025-05-23T17:21:43+00:00","dateModified":"2025-06-03T17:53:30+00:00","mainEntityOfPage":{"@id":"https:\/\/anam.org.gt\/inicio\/presidente-de-anam-sebastian-siero-sostuvo-un-encuentro-con-los-alcaldes-del-departamento-de-chiquimula\/"},"wordCount":84,"commentCount":0,"publisher":{"@id":"https:\/\/anam.org.gt\/inicio\/#organization"},"image":{"@id":"https:\/\/anam.org.gt\/inicio\/presidente-de-anam-sebastian-siero-sostuvo-un-encuentro-con-los-alcaldes-del-departamento-de-chiquimula\/#primaryimage"},"thumbnailUrl":"https:\/\/anam.org.gt\/inicio\/wp-content\/uploads\/2025\/06\/image-7.png","articleSection":["ANAM"],"inLanguage":"es","potentialAction":[{"@type":"CommentAction","name":"Comment","target":["https:\/\/anam.org.gt\/inicio\/presidente-de-anam-sebastian-siero-sostuvo-un-encuentro-con-los-alcaldes-del-departamento-de-chiquimula\/#respond"]}]},{"@type":"WebPage","@id":"https:\/\/anam.org.gt\/inicio\/presidente-de-anam-sebastian-siero-sostuvo-un-encuentro-con-los-alcaldes-del-departamento-de-chiquimula\/","url":"https:\/\/anam.org.gt\/inicio\/presidente-de-anam-sebastian-siero-sostuvo-un-encuentro-con-los-alcaldes-del-departamento-de-chiquimula\/","name":"Presidente de ANAM Sebastian Siero, sostuvo un encuentro con los alcaldes del departamento de chiquimula. - ANAM","isPartOf":{"@id":"https:\/\/anam.org.gt\/inicio\/#website"},"primaryImageOfPage":{"@id":"https:\/\/anam.org.gt\/inicio\/presidente-de-anam-sebastian-siero-sostuvo-un-encuentro-con-los-alcaldes-del-departamento-de-chiquimula\/#primaryimage"},"image":{"@id":"https:\/\/anam.org.gt\/inicio\/presidente-de-anam-sebastian-siero-sostuvo-un-encuentro-con-los-alcaldes-del-departamento-de-chiquimula\/#primaryimage"},"thumbnailUrl":"https:\/\/anam.org.gt\/inicio\/wp-content\/uploads\/2025\/06\/image-7.png","datePublished":"2025-05-23T17:21:43+00:00","dateModified":"2025-06-03T17:53:30+00:00","breadcrumb":{"@id":"https:\/\/anam.org.gt\/inicio\/presidente-de-anam-sebastian-siero-sostuvo-un-encuentro-con-los-alcaldes-del-departamento-de-chiquimula\/#breadcrumb"},"inLanguage":"es","potentialAction":[{"@type":"ReadAction","target":["https:\/\/anam.org.gt\/inicio\/presidente-de-anam-sebastian-siero-sostuvo-un-encuentro-con-los-alcaldes-del-departamento-de-chiquimula\/"]}]},{"@type":"ImageObject","inLanguage":"es","@id":"https:\/\/anam.org.gt\/inicio\/presidente-de-anam-sebastian-siero-sostuvo-un-encuentro-con-los-alcaldes-del-departamento-de-chiquimula\/#primaryimage","url":"https:\/\/anam.org.gt\/inicio\/wp-content\/uploads\/2025\/06\/image-7.png","contentUrl":"https:\/\/anam.org.gt\/inicio\/wp-content\/uploads\/2025\/06\/image-7.png","width":1280,"height":855},{"@type":"BreadcrumbList","@id":"https:\/\/anam.org.gt\/inicio\/presidente-de-anam-sebastian-siero-sostuvo-un-encuentro-con-los-alcaldes-del-departamento-de-chiquimula\/#breadcrumb","itemListElement":[{"@type":"ListItem","position":1,"name":"Portada","item":"https:\/\/anam.org.gt\/inicio\/"},{"@type":"ListItem","position":2,"name":"Presidente de ANAM Sebastian Siero, sostuvo un encuentro con los alcaldes del departamento de chiquimula."}]},{"@type":"WebSite","@id":"https:\/\/anam.org.gt\/inicio\/#website","url":"https:\/\/anam.org.gt\/inicio\/","name":"ANAM","description":"Asociaci\u00f3n Nacional de Municipalidades de la Rep\u00fablica de Guatemala","publisher":{"@id":"https:\/\/anam.org.gt\/inicio\/#organization"},"potentialAction":[{"@type":"SearchAction","target":{"@type":"EntryPoint","urlTemplate":"https:\/\/anam.org.gt\/inicio\/?s={search_term_string}"},"query-input":{"@type":"PropertyValueSpecification","valueRequired":true,"valueName":"search_term_string"}}],"inLanguage":"es"},{"@type":"Organization","@id":"https:\/\/anam.org.gt\/inicio\/#organization","name":"Asociaci\u00f3n Nacional de Municipalidades de la Rep\u00fablica de Guatemala","url":"https:\/\/anam.org.gt\/inicio\/","logo":{"@type":"ImageObject","inLanguage":"es","@id":"https:\/\/anam.org.gt\/inicio\/#\/schema\/logo\/image\/","url":"https:\/\/anam.org.gt\/inicio\/wp-content\/uploads\/2026\/02\/logo-anam-central-1.png","contentUrl":"https:\/\/anam.org.gt\/inicio\/wp-content\/uploads\/2026\/02\/logo-anam-central-1.png","width":600,"height":280,"caption":"Asociaci\u00f3n Nacional de Municipalidades de la Rep\u00fablica de Guatemala"},"image":{"@id":"https:\/\/anam.org.gt\/inicio\/#\/schema\/logo\/image\/"},"sameAs":["https:\/\/www.facebook.com\/ANAMGuatemala.org.gt","https:\/\/x.com\/ANAM_Guatemala","https:\/\/www.instagram.com\/anam_guatemala\/?hl=es"]},{"@type":"Person","@id":"https:\/\/anam.org.gt\/inicio\/#\/schema\/person\/568dcb3e3f73c87e66aedf646a399340","name":"admin","image":{"@type":"ImageObject","inLanguage":"es","@id":"https:\/\/anam.org.gt\/inicio\/#\/schema\/person\/image\/","url":"https:\/\/secure.gravatar.com\/avatar\/e28deb147a21fce7c80709f121c112cdeff455f99e5227e39053d3fdbf557402?s=96&d=mm&r=g","contentUrl":"https:\/\/secure.gravatar.com\/avatar\/e28deb147a21fce7c80709f121c112cdeff455f99e5227e39053d3fdbf557402?s=96&d=mm&r=g","caption":"admin"},"url":"https:\/\/anam.org.gt\/inicio\/author\/admin\/"}]}},"_links":{"self":[{"href":"https:\/\/anam.org.gt\/inicio\/wp-json\/wp\/v2\/posts\/3809","targetHints":{"allow":["GET"]}}],"collection":[{"href":"https:\/\/anam.org.gt\/inicio\/wp-json\/wp\/v2\/posts"}],"about":[{"href":"https:\/\/anam.org.gt\/inicio\/wp-json\/wp\/v2\/types\/post"}],"author":[{"embeddable":true,"href":"https:\/\/anam.org.gt\/inicio\/wp-json\/wp\/v2\/users\/4"}],"replies":[{"embeddable":true,"href":"https:\/\/anam.org.gt\/inicio\/wp-json\/wp\/v2\/comments?post=3809"}],"version-history":[{"count":1,"href":"https:\/\/anam.org.gt\/inicio\/wp-json\/wp\/v2\/posts\/3809\/revisions"}],"predecessor-version":[{"id":3816,"href":"https:\/\/anam.org.gt\/inicio\/wp-json\/wp\/v2\/posts\/3809\/revisions\/3816"}],"wp:featuredmedia":[{"embeddable":true,"href":"https:\/\/anam.org.gt\/inicio\/wp-json\/wp\/v2\/media\/3810"}],"wp:attachment":[{"href":"https:\/\/anam.org.gt\/inicio\/wp-json\/wp\/v2\/media?parent=3809"}],"wp:term":[{"taxonomy":"category","embeddable":true,"href":"https:\/\/anam.org.gt\/inicio\/wp-json\/wp\/v2\/categories?post=3809"},{"taxonomy":"post_tag","embeddable":true,"href":"https:\/\/anam.org.gt\/inicio\/wp-json\/wp\/v2\/tags?post=3809"}],"curies":[{"name":"wp","href":"https:\/\/api.w.org\/{rel}","templated":true}]}}