{"id":3820,"date":"2025-06-02T17:58:37","date_gmt":"2025-06-02T17:58:37","guid":{"rendered":"https:\/\/anam.org.gt\/inicio\/?p=3820"},"modified":"2025-06-03T18:00:16","modified_gmt":"2025-06-03T18:00:16","slug":"director-ejecutivo-patric-gramajo-se-reune-con-alcaldesa-de-zacapa-para-fortalecer-gestion-municipal","status":"publish","type":"post","link":"https:\/\/anam.org.gt\/inicio\/director-ejecutivo-patric-gramajo-se-reune-con-alcaldesa-de-zacapa-para-fortalecer-gestion-municipal\/","title":{"rendered":"Director Ejecutivo, Patric Gramajo se re\u00fane con alcaldesa de Zacapa para fortalecer gesti\u00f3n municipal."},"content":{"rendered":"<p>El Director Ejecutivo de la Asociaci\u00f3n Nacional de Municipalidades (ANAM), Patric Gramajo, sostuvo una reuni\u00f3n de trabajo con la alcaldesa de Zacapa, Xiomara Ovalle, con el objetivo de abordar temas estrat\u00e9gicos orientados al desarrollo del municipio y del departamento.<\/p><p>Durante el encuentro, se discutieron diversas iniciativas de gesti\u00f3n municipal y acciones para el fortalecimiento institucional. En este marco, ANAM reafirm\u00f3 su compromiso de brindar acompa\u00f1amiento t\u00e9cnico y asesor\u00eda especializada para facilitar la implementaci\u00f3n de proyectos a nivel local.<\/p><p>La reuni\u00f3n se enmarca en los esfuerzos que impulsa ANAM para mejorar la capacidad operativa de las municipalidades del pa\u00eds, promoviendo una administraci\u00f3n p\u00fablica m\u00e1s eficiente, transparente y orientada a resultados.<\/p>","protected":false},"excerpt":{"rendered":"<p>El Director Ejecutivo de la Asociaci\u00f3n Nacional de Municipalidades (ANAM), Patric Gramajo, sostuvo una reuni\u00f3n de trabajo con la alcaldesa de Zacapa, Xiomara Ovalle, con el objetivo de abordar temas estrat\u00e9gicos orientados al desarrollo del municipio y del departamento. Durante el encuentro, se discutieron diversas iniciativas de gesti\u00f3n municipal y acciones para el fortalecimiento institucional. [&hellip;]<\/p>\n","protected":false},"author":4,"featured_media":3821,"comment_status":"open","ping_status":"open","sticky":false,"template":"","format":"standard","meta":{"footnotes":""},"categories":[1],"tags":[],"class_list":["post-3820","post","type-post","status-publish","format-standard","has-post-thumbnail","hentry","category-anam"],"yoast_head":"<!-- This site is optimized with the Yoast SEO plugin v27.0 - https:\/\/yoast.com\/product\/yoast-seo-wordpress\/ -->\n<title>Director Ejecutivo, Patric Gramajo se re\u00fane con alcaldesa de Zacapa para fortalecer gesti\u00f3n municipal. - ANAM<\/title>\n<meta name=\"robots\" content=\"index, follow, max-snippet:-1, max-image-preview:large, max-video-preview:-1\" \/>\n<link rel=\"canonical\" href=\"https:\/\/anam.org.gt\/inicio\/director-ejecutivo-patric-gramajo-se-reune-con-alcaldesa-de-zacapa-para-fortalecer-gestion-municipal\/\" \/>\n<meta property=\"og:locale\" content=\"es_ES\" \/>\n<meta property=\"og:type\" content=\"article\" \/>\n<meta property=\"og:title\" content=\"Director Ejecutivo, Patric Gramajo se re\u00fane con alcaldesa de Zacapa para fortalecer gesti\u00f3n municipal. - ANAM\" \/>\n<meta property=\"og:description\" content=\"El Director Ejecutivo de la Asociaci\u00f3n Nacional de Municipalidades (ANAM), Patric Gramajo, sostuvo una reuni\u00f3n de trabajo con la alcaldesa de Zacapa, Xiomara Ovalle, con el objetivo de abordar temas estrat\u00e9gicos orientados al desarrollo del municipio y del departamento. Durante el encuentro, se discutieron diversas iniciativas de gesti\u00f3n municipal y acciones para el fortalecimiento institucional. [&hellip;]\" \/>\n<meta property=\"og:url\" content=\"https:\/\/anam.org.gt\/inicio\/director-ejecutivo-patric-gramajo-se-reune-con-alcaldesa-de-zacapa-para-fortalecer-gestion-municipal\/\" \/>\n<meta property=\"og:site_name\" content=\"ANAM\" \/>\n<meta property=\"article:publisher\" content=\"https:\/\/www.facebook.com\/ANAMGuatemala.org.gt\" \/>\n<meta property=\"article:published_time\" content=\"2025-06-02T17:58:37+00:00\" \/>\n<meta property=\"article:modified_time\" content=\"2025-06-03T18:00:16+00:00\" \/>\n<meta property=\"og:image\" content=\"https:\/\/anam.org.gt\/inicio\/wp-content\/uploads\/2025\/06\/image-9.png\" \/>\n\t<meta property=\"og:image:width\" content=\"783\" \/>\n\t<meta property=\"og:image:height\" content=\"783\" \/>\n\t<meta property=\"og:image:type\" content=\"image\/png\" \/>\n<meta name=\"author\" content=\"admin\" \/>\n<meta name=\"twitter:card\" content=\"summary_large_image\" \/>\n<meta name=\"twitter:creator\" content=\"@ANAM_Guatemala\" \/>\n<meta name=\"twitter:site\" content=\"@ANAM_Guatemala\" \/>\n<meta name=\"twitter:label1\" content=\"Escrito por\" \/>\n\t<meta name=\"twitter:data1\" content=\"admin\" \/>\n\t<meta name=\"twitter:label2\" content=\"Tiempo de lectura\" \/>\n\t<meta name=\"twitter:data2\" content=\"1 minuto\" \/>\n<script type=\"application\/ld+json\" class=\"yoast-schema-graph\">{\"@context\":\"https:\/\/schema.org\",\"@graph\":[{\"@type\":\"Article\",\"@id\":\"https:\/\/anam.org.gt\/inicio\/director-ejecutivo-patric-gramajo-se-reune-con-alcaldesa-de-zacapa-para-fortalecer-gestion-municipal\/#article\",\"isPartOf\":{\"@id\":\"https:\/\/anam.org.gt\/inicio\/director-ejecutivo-patric-gramajo-se-reune-con-alcaldesa-de-zacapa-para-fortalecer-gestion-municipal\/\"},\"author\":{\"name\":\"admin\",\"@id\":\"https:\/\/anam.org.gt\/inicio\/#\/schema\/person\/568dcb3e3f73c87e66aedf646a399340\"},\"headline\":\"Director Ejecutivo, Patric Gramajo se re\u00fane con alcaldesa de Zacapa para fortalecer gesti\u00f3n municipal.\",\"datePublished\":\"2025-06-02T17:58:37+00:00\",\"dateModified\":\"2025-06-03T18:00:16+00:00\",\"mainEntityOfPage\":{\"@id\":\"https:\/\/anam.org.gt\/inicio\/director-ejecutivo-patric-gramajo-se-reune-con-alcaldesa-de-zacapa-para-fortalecer-gestion-municipal\/\"},\"wordCount\":138,\"commentCount\":0,\"publisher\":{\"@id\":\"https:\/\/anam.org.gt\/inicio\/#organization\"},\"image\":{\"@id\":\"https:\/\/anam.org.gt\/inicio\/director-ejecutivo-patric-gramajo-se-reune-con-alcaldesa-de-zacapa-para-fortalecer-gestion-municipal\/#primaryimage\"},\"thumbnailUrl\":\"https:\/\/anam.org.gt\/inicio\/wp-content\/uploads\/2025\/06\/image-9.png\",\"articleSection\":[\"ANAM\"],\"inLanguage\":\"es\",\"potentialAction\":[{\"@type\":\"CommentAction\",\"name\":\"Comment\",\"target\":[\"https:\/\/anam.org.gt\/inicio\/director-ejecutivo-patric-gramajo-se-reune-con-alcaldesa-de-zacapa-para-fortalecer-gestion-municipal\/#respond\"]}]},{\"@type\":\"WebPage\",\"@id\":\"https:\/\/anam.org.gt\/inicio\/director-ejecutivo-patric-gramajo-se-reune-con-alcaldesa-de-zacapa-para-fortalecer-gestion-municipal\/\",\"url\":\"https:\/\/anam.org.gt\/inicio\/director-ejecutivo-patric-gramajo-se-reune-con-alcaldesa-de-zacapa-para-fortalecer-gestion-municipal\/\",\"name\":\"Director Ejecutivo, Patric Gramajo se re\u00fane con alcaldesa de Zacapa para fortalecer gesti\u00f3n municipal. - ANAM\",\"isPartOf\":{\"@id\":\"https:\/\/anam.org.gt\/inicio\/#website\"},\"primaryImageOfPage\":{\"@id\":\"https:\/\/anam.org.gt\/inicio\/director-ejecutivo-patric-gramajo-se-reune-con-alcaldesa-de-zacapa-para-fortalecer-gestion-municipal\/#primaryimage\"},\"image\":{\"@id\":\"https:\/\/anam.org.gt\/inicio\/director-ejecutivo-patric-gramajo-se-reune-con-alcaldesa-de-zacapa-para-fortalecer-gestion-municipal\/#primaryimage\"},\"thumbnailUrl\":\"https:\/\/anam.org.gt\/inicio\/wp-content\/uploads\/2025\/06\/image-9.png\",\"datePublished\":\"2025-06-02T17:58:37+00:00\",\"dateModified\":\"2025-06-03T18:00:16+00:00\",\"breadcrumb\":{\"@id\":\"https:\/\/anam.org.gt\/inicio\/director-ejecutivo-patric-gramajo-se-reune-con-alcaldesa-de-zacapa-para-fortalecer-gestion-municipal\/#breadcrumb\"},\"inLanguage\":\"es\",\"potentialAction\":[{\"@type\":\"ReadAction\",\"target\":[\"https:\/\/anam.org.gt\/inicio\/director-ejecutivo-patric-gramajo-se-reune-con-alcaldesa-de-zacapa-para-fortalecer-gestion-municipal\/\"]}]},{\"@type\":\"ImageObject\",\"inLanguage\":\"es\",\"@id\":\"https:\/\/anam.org.gt\/inicio\/director-ejecutivo-patric-gramajo-se-reune-con-alcaldesa-de-zacapa-para-fortalecer-gestion-municipal\/#primaryimage\",\"url\":\"https:\/\/anam.org.gt\/inicio\/wp-content\/uploads\/2025\/06\/image-9.png\",\"contentUrl\":\"https:\/\/anam.org.gt\/inicio\/wp-content\/uploads\/2025\/06\/image-9.png\",\"width\":783,\"height\":783},{\"@type\":\"BreadcrumbList\",\"@id\":\"https:\/\/anam.org.gt\/inicio\/director-ejecutivo-patric-gramajo-se-reune-con-alcaldesa-de-zacapa-para-fortalecer-gestion-municipal\/#breadcrumb\",\"itemListElement\":[{\"@type\":\"ListItem\",\"position\":1,\"name\":\"Portada\",\"item\":\"https:\/\/anam.org.gt\/inicio\/\"},{\"@type\":\"ListItem\",\"position\":2,\"name\":\"Director Ejecutivo, Patric Gramajo se re\u00fane con alcaldesa de Zacapa para fortalecer gesti\u00f3n municipal.\"}]},{\"@type\":\"WebSite\",\"@id\":\"https:\/\/anam.org.gt\/inicio\/#website\",\"url\":\"https:\/\/anam.org.gt\/inicio\/\",\"name\":\"ANAM\",\"description\":\"Asociaci\u00f3n Nacional de Municipalidades de la Rep\u00fablica de Guatemala\",\"publisher\":{\"@id\":\"https:\/\/anam.org.gt\/inicio\/#organization\"},\"potentialAction\":[{\"@type\":\"SearchAction\",\"target\":{\"@type\":\"EntryPoint\",\"urlTemplate\":\"https:\/\/anam.org.gt\/inicio\/?s={search_term_string}\"},\"query-input\":{\"@type\":\"PropertyValueSpecification\",\"valueRequired\":true,\"valueName\":\"search_term_string\"}}],\"inLanguage\":\"es\"},{\"@type\":\"Organization\",\"@id\":\"https:\/\/anam.org.gt\/inicio\/#organization\",\"name\":\"Asociaci\u00f3n Nacional de Municipalidades de la Rep\u00fablica de Guatemala\",\"url\":\"https:\/\/anam.org.gt\/inicio\/\",\"logo\":{\"@type\":\"ImageObject\",\"inLanguage\":\"es\",\"@id\":\"https:\/\/anam.org.gt\/inicio\/#\/schema\/logo\/image\/\",\"url\":\"https:\/\/anam.org.gt\/inicio\/wp-content\/uploads\/2026\/02\/logo-anam-central-1.png\",\"contentUrl\":\"https:\/\/anam.org.gt\/inicio\/wp-content\/uploads\/2026\/02\/logo-anam-central-1.png\",\"width\":600,\"height\":280,\"caption\":\"Asociaci\u00f3n Nacional de Municipalidades de la Rep\u00fablica de Guatemala\"},\"image\":{\"@id\":\"https:\/\/anam.org.gt\/inicio\/#\/schema\/logo\/image\/\"},\"sameAs\":[\"https:\/\/www.facebook.com\/ANAMGuatemala.org.gt\",\"https:\/\/x.com\/ANAM_Guatemala\",\"https:\/\/www.instagram.com\/anam_guatemala\/?hl=es\"]},{\"@type\":\"Person\",\"@id\":\"https:\/\/anam.org.gt\/inicio\/#\/schema\/person\/568dcb3e3f73c87e66aedf646a399340\",\"name\":\"admin\",\"image\":{\"@type\":\"ImageObject\",\"inLanguage\":\"es\",\"@id\":\"https:\/\/anam.org.gt\/inicio\/#\/schema\/person\/image\/\",\"url\":\"https:\/\/secure.gravatar.com\/avatar\/e28deb147a21fce7c80709f121c112cdeff455f99e5227e39053d3fdbf557402?s=96&d=mm&r=g\",\"contentUrl\":\"https:\/\/secure.gravatar.com\/avatar\/e28deb147a21fce7c80709f121c112cdeff455f99e5227e39053d3fdbf557402?s=96&d=mm&r=g\",\"caption\":\"admin\"},\"url\":\"https:\/\/anam.org.gt\/inicio\/author\/admin\/\"}]}<\/script>\n<!-- \/ Yoast SEO plugin. -->","yoast_head_json":{"title":"Director Ejecutivo, Patric Gramajo se re\u00fane con alcaldesa de Zacapa para fortalecer gesti\u00f3n municipal. - ANAM","robots":{"index":"index","follow":"follow","max-snippet":"max-snippet:-1","max-image-preview":"max-image-preview:large","max-video-preview":"max-video-preview:-1"},"canonical":"https:\/\/anam.org.gt\/inicio\/director-ejecutivo-patric-gramajo-se-reune-con-alcaldesa-de-zacapa-para-fortalecer-gestion-municipal\/","og_locale":"es_ES","og_type":"article","og_title":"Director Ejecutivo, Patric Gramajo se re\u00fane con alcaldesa de Zacapa para fortalecer gesti\u00f3n municipal. - ANAM","og_description":"El Director Ejecutivo de la Asociaci\u00f3n Nacional de Municipalidades (ANAM), Patric Gramajo, sostuvo una reuni\u00f3n de trabajo con la alcaldesa de Zacapa, Xiomara Ovalle, con el objetivo de abordar temas estrat\u00e9gicos orientados al desarrollo del municipio y del departamento. Durante el encuentro, se discutieron diversas iniciativas de gesti\u00f3n municipal y acciones para el fortalecimiento institucional. [&hellip;]","og_url":"https:\/\/anam.org.gt\/inicio\/director-ejecutivo-patric-gramajo-se-reune-con-alcaldesa-de-zacapa-para-fortalecer-gestion-municipal\/","og_site_name":"ANAM","article_publisher":"https:\/\/www.facebook.com\/ANAMGuatemala.org.gt","article_published_time":"2025-06-02T17:58:37+00:00","article_modified_time":"2025-06-03T18:00:16+00:00","og_image":[{"width":783,"height":783,"url":"https:\/\/anam.org.gt\/inicio\/wp-content\/uploads\/2025\/06\/image-9.png","type":"image\/png"}],"author":"admin","twitter_card":"summary_large_image","twitter_creator":"@ANAM_Guatemala","twitter_site":"@ANAM_Guatemala","twitter_misc":{"Escrito por":"admin","Tiempo de lectura":"1 minuto"},"schema":{"@context":"https:\/\/schema.org","@graph":[{"@type":"Article","@id":"https:\/\/anam.org.gt\/inicio\/director-ejecutivo-patric-gramajo-se-reune-con-alcaldesa-de-zacapa-para-fortalecer-gestion-municipal\/#article","isPartOf":{"@id":"https:\/\/anam.org.gt\/inicio\/director-ejecutivo-patric-gramajo-se-reune-con-alcaldesa-de-zacapa-para-fortalecer-gestion-municipal\/"},"author":{"name":"admin","@id":"https:\/\/anam.org.gt\/inicio\/#\/schema\/person\/568dcb3e3f73c87e66aedf646a399340"},"headline":"Director Ejecutivo, Patric Gramajo se re\u00fane con alcaldesa de Zacapa para fortalecer gesti\u00f3n municipal.","datePublished":"2025-06-02T17:58:37+00:00","dateModified":"2025-06-03T18:00:16+00:00","mainEntityOfPage":{"@id":"https:\/\/anam.org.gt\/inicio\/director-ejecutivo-patric-gramajo-se-reune-con-alcaldesa-de-zacapa-para-fortalecer-gestion-municipal\/"},"wordCount":138,"commentCount":0,"publisher":{"@id":"https:\/\/anam.org.gt\/inicio\/#organization"},"image":{"@id":"https:\/\/anam.org.gt\/inicio\/director-ejecutivo-patric-gramajo-se-reune-con-alcaldesa-de-zacapa-para-fortalecer-gestion-municipal\/#primaryimage"},"thumbnailUrl":"https:\/\/anam.org.gt\/inicio\/wp-content\/uploads\/2025\/06\/image-9.png","articleSection":["ANAM"],"inLanguage":"es","potentialAction":[{"@type":"CommentAction","name":"Comment","target":["https:\/\/anam.org.gt\/inicio\/director-ejecutivo-patric-gramajo-se-reune-con-alcaldesa-de-zacapa-para-fortalecer-gestion-municipal\/#respond"]}]},{"@type":"WebPage","@id":"https:\/\/anam.org.gt\/inicio\/director-ejecutivo-patric-gramajo-se-reune-con-alcaldesa-de-zacapa-para-fortalecer-gestion-municipal\/","url":"https:\/\/anam.org.gt\/inicio\/director-ejecutivo-patric-gramajo-se-reune-con-alcaldesa-de-zacapa-para-fortalecer-gestion-municipal\/","name":"Director Ejecutivo, Patric Gramajo se re\u00fane con alcaldesa de Zacapa para fortalecer gesti\u00f3n municipal. - ANAM","isPartOf":{"@id":"https:\/\/anam.org.gt\/inicio\/#website"},"primaryImageOfPage":{"@id":"https:\/\/anam.org.gt\/inicio\/director-ejecutivo-patric-gramajo-se-reune-con-alcaldesa-de-zacapa-para-fortalecer-gestion-municipal\/#primaryimage"},"image":{"@id":"https:\/\/anam.org.gt\/inicio\/director-ejecutivo-patric-gramajo-se-reune-con-alcaldesa-de-zacapa-para-fortalecer-gestion-municipal\/#primaryimage"},"thumbnailUrl":"https:\/\/anam.org.gt\/inicio\/wp-content\/uploads\/2025\/06\/image-9.png","datePublished":"2025-06-02T17:58:37+00:00","dateModified":"2025-06-03T18:00:16+00:00","breadcrumb":{"@id":"https:\/\/anam.org.gt\/inicio\/director-ejecutivo-patric-gramajo-se-reune-con-alcaldesa-de-zacapa-para-fortalecer-gestion-municipal\/#breadcrumb"},"inLanguage":"es","potentialAction":[{"@type":"ReadAction","target":["https:\/\/anam.org.gt\/inicio\/director-ejecutivo-patric-gramajo-se-reune-con-alcaldesa-de-zacapa-para-fortalecer-gestion-municipal\/"]}]},{"@type":"ImageObject","inLanguage":"es","@id":"https:\/\/anam.org.gt\/inicio\/director-ejecutivo-patric-gramajo-se-reune-con-alcaldesa-de-zacapa-para-fortalecer-gestion-municipal\/#primaryimage","url":"https:\/\/anam.org.gt\/inicio\/wp-content\/uploads\/2025\/06\/image-9.png","contentUrl":"https:\/\/anam.org.gt\/inicio\/wp-content\/uploads\/2025\/06\/image-9.png","width":783,"height":783},{"@type":"BreadcrumbList","@id":"https:\/\/anam.org.gt\/inicio\/director-ejecutivo-patric-gramajo-se-reune-con-alcaldesa-de-zacapa-para-fortalecer-gestion-municipal\/#breadcrumb","itemListElement":[{"@type":"ListItem","position":1,"name":"Portada","item":"https:\/\/anam.org.gt\/inicio\/"},{"@type":"ListItem","position":2,"name":"Director Ejecutivo, Patric Gramajo se re\u00fane con alcaldesa de Zacapa para fortalecer gesti\u00f3n municipal."}]},{"@type":"WebSite","@id":"https:\/\/anam.org.gt\/inicio\/#website","url":"https:\/\/anam.org.gt\/inicio\/","name":"ANAM","description":"Asociaci\u00f3n Nacional de Municipalidades de la Rep\u00fablica de Guatemala","publisher":{"@id":"https:\/\/anam.org.gt\/inicio\/#organization"},"potentialAction":[{"@type":"SearchAction","target":{"@type":"EntryPoint","urlTemplate":"https:\/\/anam.org.gt\/inicio\/?s={search_term_string}"},"query-input":{"@type":"PropertyValueSpecification","valueRequired":true,"valueName":"search_term_string"}}],"inLanguage":"es"},{"@type":"Organization","@id":"https:\/\/anam.org.gt\/inicio\/#organization","name":"Asociaci\u00f3n Nacional de Municipalidades de la Rep\u00fablica de Guatemala","url":"https:\/\/anam.org.gt\/inicio\/","logo":{"@type":"ImageObject","inLanguage":"es","@id":"https:\/\/anam.org.gt\/inicio\/#\/schema\/logo\/image\/","url":"https:\/\/anam.org.gt\/inicio\/wp-content\/uploads\/2026\/02\/logo-anam-central-1.png","contentUrl":"https:\/\/anam.org.gt\/inicio\/wp-content\/uploads\/2026\/02\/logo-anam-central-1.png","width":600,"height":280,"caption":"Asociaci\u00f3n Nacional de Municipalidades de la Rep\u00fablica de Guatemala"},"image":{"@id":"https:\/\/anam.org.gt\/inicio\/#\/schema\/logo\/image\/"},"sameAs":["https:\/\/www.facebook.com\/ANAMGuatemala.org.gt","https:\/\/x.com\/ANAM_Guatemala","https:\/\/www.instagram.com\/anam_guatemala\/?hl=es"]},{"@type":"Person","@id":"https:\/\/anam.org.gt\/inicio\/#\/schema\/person\/568dcb3e3f73c87e66aedf646a399340","name":"admin","image":{"@type":"ImageObject","inLanguage":"es","@id":"https:\/\/anam.org.gt\/inicio\/#\/schema\/person\/image\/","url":"https:\/\/secure.gravatar.com\/avatar\/e28deb147a21fce7c80709f121c112cdeff455f99e5227e39053d3fdbf557402?s=96&d=mm&r=g","contentUrl":"https:\/\/secure.gravatar.com\/avatar\/e28deb147a21fce7c80709f121c112cdeff455f99e5227e39053d3fdbf557402?s=96&d=mm&r=g","caption":"admin"},"url":"https:\/\/anam.org.gt\/inicio\/author\/admin\/"}]}},"_links":{"self":[{"href":"https:\/\/anam.org.gt\/inicio\/wp-json\/wp\/v2\/posts\/3820","targetHints":{"allow":["GET"]}}],"collection":[{"href":"https:\/\/anam.org.gt\/inicio\/wp-json\/wp\/v2\/posts"}],"about":[{"href":"https:\/\/anam.org.gt\/inicio\/wp-json\/wp\/v2\/types\/post"}],"author":[{"embeddable":true,"href":"https:\/\/anam.org.gt\/inicio\/wp-json\/wp\/v2\/users\/4"}],"replies":[{"embeddable":true,"href":"https:\/\/anam.org.gt\/inicio\/wp-json\/wp\/v2\/comments?post=3820"}],"version-history":[{"count":1,"href":"https:\/\/anam.org.gt\/inicio\/wp-json\/wp\/v2\/posts\/3820\/revisions"}],"predecessor-version":[{"id":3822,"href":"https:\/\/anam.org.gt\/inicio\/wp-json\/wp\/v2\/posts\/3820\/revisions\/3822"}],"wp:featuredmedia":[{"embeddable":true,"href":"https:\/\/anam.org.gt\/inicio\/wp-json\/wp\/v2\/media\/3821"}],"wp:attachment":[{"href":"https:\/\/anam.org.gt\/inicio\/wp-json\/wp\/v2\/media?parent=3820"}],"wp:term":[{"taxonomy":"category","embeddable":true,"href":"https:\/\/anam.org.gt\/inicio\/wp-json\/wp\/v2\/categories?post=3820"},{"taxonomy":"post_tag","embeddable":true,"href":"https:\/\/anam.org.gt\/inicio\/wp-json\/wp\/v2\/tags?post=3820"}],"curies":[{"name":"wp","href":"https:\/\/api.w.org\/{rel}","templated":true}]}}