{"id":3875,"date":"2025-06-12T16:20:13","date_gmt":"2025-06-12T16:20:13","guid":{"rendered":"https:\/\/anam.org.gt\/inicio\/?p=3875"},"modified":"2025-06-17T16:35:19","modified_gmt":"2025-06-17T16:35:19","slug":"sebastian-siero-reafirma-compromiso-con-el-desarrollo-de-suchitepequez-en-reunion-con-alcaldes-del-departamento","status":"publish","type":"post","link":"https:\/\/anam.org.gt\/inicio\/sebastian-siero-reafirma-compromiso-con-el-desarrollo-de-suchitepequez-en-reunion-con-alcaldes-del-departamento\/","title":{"rendered":"Presidente de ANAM, Sebasti\u00e1n Siero, reafirma compromiso con el desarrollo de Suchitep\u00e9quez en reuni\u00f3n con alcaldes del departamento."},"content":{"rendered":"<p>El presidente de la Asociaci\u00f3n Nacional de Municipalidades de la Rep\u00fablica de Guatemala (ANAM), Sebasti\u00e1n Siero, sostuvo una reuni\u00f3n de trabajo con los alcaldes del departamento de Suchitep\u00e9quez, con el objetivo de fortalecer la articulaci\u00f3n intermunicipal y promover acciones conjuntas orientadas al desarrollo del territorio.<\/p><p>Durante la actividad, se abordaron temas estrat\u00e9gicos relacionados con la gesti\u00f3n p\u00fablica municipal, la implementaci\u00f3n de buenas pr\u00e1cticas administrativas y la necesidad de generar mecanismos de coordinaci\u00f3n que permitan atender con mayor eficacia las necesidades de la poblaci\u00f3n.<\/p><p>Asimismo, el presidente Siero present\u00f3 los avances de su gesti\u00f3n al frente de la ANAM, destacando el fortalecimiento institucional de las municipalidades, el impulso a la formaci\u00f3n t\u00e9cnica de los equipos municipales y las iniciativas orientadas a mejorar la prestaci\u00f3n de servicios p\u00fablicos en todo el pa\u00eds.<\/p>","protected":false},"excerpt":{"rendered":"<p>El presidente de la Asociaci\u00f3n Nacional de Municipalidades de la Rep\u00fablica de Guatemala (ANAM), Sebasti\u00e1n Siero, sostuvo una reuni\u00f3n de trabajo con los alcaldes del departamento de Suchitep\u00e9quez, con el objetivo de fortalecer la articulaci\u00f3n intermunicipal y promover acciones conjuntas orientadas al desarrollo del territorio. Durante la actividad, se abordaron temas estrat\u00e9gicos relacionados con la [&hellip;]<\/p>\n","protected":false},"author":4,"featured_media":3876,"comment_status":"open","ping_status":"open","sticky":false,"template":"","format":"standard","meta":{"footnotes":""},"categories":[1],"tags":[],"class_list":["post-3875","post","type-post","status-publish","format-standard","has-post-thumbnail","hentry","category-anam"],"yoast_head":"<!-- This site is optimized with the Yoast SEO plugin v27.0 - https:\/\/yoast.com\/product\/yoast-seo-wordpress\/ -->\n<title>Presidente de ANAM, Sebasti\u00e1n Siero, reafirma compromiso con el desarrollo de Suchitep\u00e9quez en reuni\u00f3n con alcaldes del departamento. - ANAM<\/title>\n<meta name=\"robots\" content=\"index, follow, max-snippet:-1, max-image-preview:large, max-video-preview:-1\" \/>\n<link rel=\"canonical\" href=\"https:\/\/anam.org.gt\/inicio\/sebastian-siero-reafirma-compromiso-con-el-desarrollo-de-suchitepequez-en-reunion-con-alcaldes-del-departamento\/\" \/>\n<meta property=\"og:locale\" content=\"es_ES\" \/>\n<meta property=\"og:type\" content=\"article\" \/>\n<meta property=\"og:title\" content=\"Presidente de ANAM, Sebasti\u00e1n Siero, reafirma compromiso con el desarrollo de Suchitep\u00e9quez en reuni\u00f3n con alcaldes del departamento. - ANAM\" \/>\n<meta property=\"og:description\" content=\"El presidente de la Asociaci\u00f3n Nacional de Municipalidades de la Rep\u00fablica de Guatemala (ANAM), Sebasti\u00e1n Siero, sostuvo una reuni\u00f3n de trabajo con los alcaldes del departamento de Suchitep\u00e9quez, con el objetivo de fortalecer la articulaci\u00f3n intermunicipal y promover acciones conjuntas orientadas al desarrollo del territorio. Durante la actividad, se abordaron temas estrat\u00e9gicos relacionados con la [&hellip;]\" \/>\n<meta property=\"og:url\" content=\"https:\/\/anam.org.gt\/inicio\/sebastian-siero-reafirma-compromiso-con-el-desarrollo-de-suchitepequez-en-reunion-con-alcaldes-del-departamento\/\" \/>\n<meta property=\"og:site_name\" content=\"ANAM\" \/>\n<meta property=\"article:publisher\" content=\"https:\/\/www.facebook.com\/ANAMGuatemala.org.gt\" \/>\n<meta property=\"article:published_time\" content=\"2025-06-12T16:20:13+00:00\" \/>\n<meta property=\"article:modified_time\" content=\"2025-06-17T16:35:19+00:00\" \/>\n<meta property=\"og:image\" content=\"https:\/\/anam.org.gt\/inicio\/wp-content\/uploads\/2025\/06\/image-10-1024x683.png\" \/>\n\t<meta property=\"og:image:width\" content=\"1024\" \/>\n\t<meta property=\"og:image:height\" content=\"683\" \/>\n\t<meta property=\"og:image:type\" content=\"image\/png\" \/>\n<meta name=\"author\" content=\"admin\" \/>\n<meta name=\"twitter:card\" content=\"summary_large_image\" \/>\n<meta name=\"twitter:creator\" content=\"@ANAM_Guatemala\" \/>\n<meta name=\"twitter:site\" content=\"@ANAM_Guatemala\" \/>\n<meta name=\"twitter:label1\" content=\"Escrito por\" \/>\n\t<meta name=\"twitter:data1\" content=\"admin\" \/>\n\t<meta name=\"twitter:label2\" content=\"Tiempo de lectura\" \/>\n\t<meta name=\"twitter:data2\" content=\"1 minuto\" \/>\n<script type=\"application\/ld+json\" class=\"yoast-schema-graph\">{\"@context\":\"https:\/\/schema.org\",\"@graph\":[{\"@type\":\"Article\",\"@id\":\"https:\/\/anam.org.gt\/inicio\/sebastian-siero-reafirma-compromiso-con-el-desarrollo-de-suchitepequez-en-reunion-con-alcaldes-del-departamento\/#article\",\"isPartOf\":{\"@id\":\"https:\/\/anam.org.gt\/inicio\/sebastian-siero-reafirma-compromiso-con-el-desarrollo-de-suchitepequez-en-reunion-con-alcaldes-del-departamento\/\"},\"author\":{\"name\":\"admin\",\"@id\":\"https:\/\/anam.org.gt\/inicio\/#\/schema\/person\/568dcb3e3f73c87e66aedf646a399340\"},\"headline\":\"Presidente de ANAM, Sebasti\u00e1n Siero, reafirma compromiso con el desarrollo de Suchitep\u00e9quez en reuni\u00f3n con alcaldes del departamento.\",\"datePublished\":\"2025-06-12T16:20:13+00:00\",\"dateModified\":\"2025-06-17T16:35:19+00:00\",\"mainEntityOfPage\":{\"@id\":\"https:\/\/anam.org.gt\/inicio\/sebastian-siero-reafirma-compromiso-con-el-desarrollo-de-suchitepequez-en-reunion-con-alcaldes-del-departamento\/\"},\"wordCount\":170,\"commentCount\":0,\"publisher\":{\"@id\":\"https:\/\/anam.org.gt\/inicio\/#organization\"},\"image\":{\"@id\":\"https:\/\/anam.org.gt\/inicio\/sebastian-siero-reafirma-compromiso-con-el-desarrollo-de-suchitepequez-en-reunion-con-alcaldes-del-departamento\/#primaryimage\"},\"thumbnailUrl\":\"https:\/\/anam.org.gt\/inicio\/wp-content\/uploads\/2025\/06\/image-10.png\",\"articleSection\":[\"ANAM\"],\"inLanguage\":\"es\",\"potentialAction\":[{\"@type\":\"CommentAction\",\"name\":\"Comment\",\"target\":[\"https:\/\/anam.org.gt\/inicio\/sebastian-siero-reafirma-compromiso-con-el-desarrollo-de-suchitepequez-en-reunion-con-alcaldes-del-departamento\/#respond\"]}]},{\"@type\":\"WebPage\",\"@id\":\"https:\/\/anam.org.gt\/inicio\/sebastian-siero-reafirma-compromiso-con-el-desarrollo-de-suchitepequez-en-reunion-con-alcaldes-del-departamento\/\",\"url\":\"https:\/\/anam.org.gt\/inicio\/sebastian-siero-reafirma-compromiso-con-el-desarrollo-de-suchitepequez-en-reunion-con-alcaldes-del-departamento\/\",\"name\":\"Presidente de ANAM, Sebasti\u00e1n Siero, reafirma compromiso con el desarrollo de Suchitep\u00e9quez en reuni\u00f3n con alcaldes del departamento. - ANAM\",\"isPartOf\":{\"@id\":\"https:\/\/anam.org.gt\/inicio\/#website\"},\"primaryImageOfPage\":{\"@id\":\"https:\/\/anam.org.gt\/inicio\/sebastian-siero-reafirma-compromiso-con-el-desarrollo-de-suchitepequez-en-reunion-con-alcaldes-del-departamento\/#primaryimage\"},\"image\":{\"@id\":\"https:\/\/anam.org.gt\/inicio\/sebastian-siero-reafirma-compromiso-con-el-desarrollo-de-suchitepequez-en-reunion-con-alcaldes-del-departamento\/#primaryimage\"},\"thumbnailUrl\":\"https:\/\/anam.org.gt\/inicio\/wp-content\/uploads\/2025\/06\/image-10.png\",\"datePublished\":\"2025-06-12T16:20:13+00:00\",\"dateModified\":\"2025-06-17T16:35:19+00:00\",\"breadcrumb\":{\"@id\":\"https:\/\/anam.org.gt\/inicio\/sebastian-siero-reafirma-compromiso-con-el-desarrollo-de-suchitepequez-en-reunion-con-alcaldes-del-departamento\/#breadcrumb\"},\"inLanguage\":\"es\",\"potentialAction\":[{\"@type\":\"ReadAction\",\"target\":[\"https:\/\/anam.org.gt\/inicio\/sebastian-siero-reafirma-compromiso-con-el-desarrollo-de-suchitepequez-en-reunion-con-alcaldes-del-departamento\/\"]}]},{\"@type\":\"ImageObject\",\"inLanguage\":\"es\",\"@id\":\"https:\/\/anam.org.gt\/inicio\/sebastian-siero-reafirma-compromiso-con-el-desarrollo-de-suchitepequez-en-reunion-con-alcaldes-del-departamento\/#primaryimage\",\"url\":\"https:\/\/anam.org.gt\/inicio\/wp-content\/uploads\/2025\/06\/image-10.png\",\"contentUrl\":\"https:\/\/anam.org.gt\/inicio\/wp-content\/uploads\/2025\/06\/image-10.png\",\"width\":2048,\"height\":1366},{\"@type\":\"BreadcrumbList\",\"@id\":\"https:\/\/anam.org.gt\/inicio\/sebastian-siero-reafirma-compromiso-con-el-desarrollo-de-suchitepequez-en-reunion-con-alcaldes-del-departamento\/#breadcrumb\",\"itemListElement\":[{\"@type\":\"ListItem\",\"position\":1,\"name\":\"Portada\",\"item\":\"https:\/\/anam.org.gt\/inicio\/\"},{\"@type\":\"ListItem\",\"position\":2,\"name\":\"Presidente de ANAM, Sebasti\u00e1n Siero, reafirma compromiso con el desarrollo de Suchitep\u00e9quez en reuni\u00f3n con alcaldes del departamento.\"}]},{\"@type\":\"WebSite\",\"@id\":\"https:\/\/anam.org.gt\/inicio\/#website\",\"url\":\"https:\/\/anam.org.gt\/inicio\/\",\"name\":\"ANAM\",\"description\":\"Asociaci\u00f3n Nacional de Municipalidades de la Rep\u00fablica de Guatemala\",\"publisher\":{\"@id\":\"https:\/\/anam.org.gt\/inicio\/#organization\"},\"potentialAction\":[{\"@type\":\"SearchAction\",\"target\":{\"@type\":\"EntryPoint\",\"urlTemplate\":\"https:\/\/anam.org.gt\/inicio\/?s={search_term_string}\"},\"query-input\":{\"@type\":\"PropertyValueSpecification\",\"valueRequired\":true,\"valueName\":\"search_term_string\"}}],\"inLanguage\":\"es\"},{\"@type\":\"Organization\",\"@id\":\"https:\/\/anam.org.gt\/inicio\/#organization\",\"name\":\"Asociaci\u00f3n Nacional de Municipalidades de la Rep\u00fablica de Guatemala\",\"url\":\"https:\/\/anam.org.gt\/inicio\/\",\"logo\":{\"@type\":\"ImageObject\",\"inLanguage\":\"es\",\"@id\":\"https:\/\/anam.org.gt\/inicio\/#\/schema\/logo\/image\/\",\"url\":\"https:\/\/anam.org.gt\/inicio\/wp-content\/uploads\/2026\/02\/logo-anam-central-1.png\",\"contentUrl\":\"https:\/\/anam.org.gt\/inicio\/wp-content\/uploads\/2026\/02\/logo-anam-central-1.png\",\"width\":600,\"height\":280,\"caption\":\"Asociaci\u00f3n Nacional de Municipalidades de la Rep\u00fablica de Guatemala\"},\"image\":{\"@id\":\"https:\/\/anam.org.gt\/inicio\/#\/schema\/logo\/image\/\"},\"sameAs\":[\"https:\/\/www.facebook.com\/ANAMGuatemala.org.gt\",\"https:\/\/x.com\/ANAM_Guatemala\",\"https:\/\/www.instagram.com\/anam_guatemala\/?hl=es\"]},{\"@type\":\"Person\",\"@id\":\"https:\/\/anam.org.gt\/inicio\/#\/schema\/person\/568dcb3e3f73c87e66aedf646a399340\",\"name\":\"admin\",\"image\":{\"@type\":\"ImageObject\",\"inLanguage\":\"es\",\"@id\":\"https:\/\/anam.org.gt\/inicio\/#\/schema\/person\/image\/\",\"url\":\"https:\/\/secure.gravatar.com\/avatar\/e28deb147a21fce7c80709f121c112cdeff455f99e5227e39053d3fdbf557402?s=96&d=mm&r=g\",\"contentUrl\":\"https:\/\/secure.gravatar.com\/avatar\/e28deb147a21fce7c80709f121c112cdeff455f99e5227e39053d3fdbf557402?s=96&d=mm&r=g\",\"caption\":\"admin\"},\"url\":\"https:\/\/anam.org.gt\/inicio\/author\/admin\/\"}]}<\/script>\n<!-- \/ Yoast SEO plugin. -->","yoast_head_json":{"title":"Presidente de ANAM, Sebasti\u00e1n Siero, reafirma compromiso con el desarrollo de Suchitep\u00e9quez en reuni\u00f3n con alcaldes del departamento. - ANAM","robots":{"index":"index","follow":"follow","max-snippet":"max-snippet:-1","max-image-preview":"max-image-preview:large","max-video-preview":"max-video-preview:-1"},"canonical":"https:\/\/anam.org.gt\/inicio\/sebastian-siero-reafirma-compromiso-con-el-desarrollo-de-suchitepequez-en-reunion-con-alcaldes-del-departamento\/","og_locale":"es_ES","og_type":"article","og_title":"Presidente de ANAM, Sebasti\u00e1n Siero, reafirma compromiso con el desarrollo de Suchitep\u00e9quez en reuni\u00f3n con alcaldes del departamento. - ANAM","og_description":"El presidente de la Asociaci\u00f3n Nacional de Municipalidades de la Rep\u00fablica de Guatemala (ANAM), Sebasti\u00e1n Siero, sostuvo una reuni\u00f3n de trabajo con los alcaldes del departamento de Suchitep\u00e9quez, con el objetivo de fortalecer la articulaci\u00f3n intermunicipal y promover acciones conjuntas orientadas al desarrollo del territorio. Durante la actividad, se abordaron temas estrat\u00e9gicos relacionados con la [&hellip;]","og_url":"https:\/\/anam.org.gt\/inicio\/sebastian-siero-reafirma-compromiso-con-el-desarrollo-de-suchitepequez-en-reunion-con-alcaldes-del-departamento\/","og_site_name":"ANAM","article_publisher":"https:\/\/www.facebook.com\/ANAMGuatemala.org.gt","article_published_time":"2025-06-12T16:20:13+00:00","article_modified_time":"2025-06-17T16:35:19+00:00","og_image":[{"width":1024,"height":683,"url":"https:\/\/anam.org.gt\/inicio\/wp-content\/uploads\/2025\/06\/image-10-1024x683.png","type":"image\/png"}],"author":"admin","twitter_card":"summary_large_image","twitter_creator":"@ANAM_Guatemala","twitter_site":"@ANAM_Guatemala","twitter_misc":{"Escrito por":"admin","Tiempo de lectura":"1 minuto"},"schema":{"@context":"https:\/\/schema.org","@graph":[{"@type":"Article","@id":"https:\/\/anam.org.gt\/inicio\/sebastian-siero-reafirma-compromiso-con-el-desarrollo-de-suchitepequez-en-reunion-con-alcaldes-del-departamento\/#article","isPartOf":{"@id":"https:\/\/anam.org.gt\/inicio\/sebastian-siero-reafirma-compromiso-con-el-desarrollo-de-suchitepequez-en-reunion-con-alcaldes-del-departamento\/"},"author":{"name":"admin","@id":"https:\/\/anam.org.gt\/inicio\/#\/schema\/person\/568dcb3e3f73c87e66aedf646a399340"},"headline":"Presidente de ANAM, Sebasti\u00e1n Siero, reafirma compromiso con el desarrollo de Suchitep\u00e9quez en reuni\u00f3n con alcaldes del departamento.","datePublished":"2025-06-12T16:20:13+00:00","dateModified":"2025-06-17T16:35:19+00:00","mainEntityOfPage":{"@id":"https:\/\/anam.org.gt\/inicio\/sebastian-siero-reafirma-compromiso-con-el-desarrollo-de-suchitepequez-en-reunion-con-alcaldes-del-departamento\/"},"wordCount":170,"commentCount":0,"publisher":{"@id":"https:\/\/anam.org.gt\/inicio\/#organization"},"image":{"@id":"https:\/\/anam.org.gt\/inicio\/sebastian-siero-reafirma-compromiso-con-el-desarrollo-de-suchitepequez-en-reunion-con-alcaldes-del-departamento\/#primaryimage"},"thumbnailUrl":"https:\/\/anam.org.gt\/inicio\/wp-content\/uploads\/2025\/06\/image-10.png","articleSection":["ANAM"],"inLanguage":"es","potentialAction":[{"@type":"CommentAction","name":"Comment","target":["https:\/\/anam.org.gt\/inicio\/sebastian-siero-reafirma-compromiso-con-el-desarrollo-de-suchitepequez-en-reunion-con-alcaldes-del-departamento\/#respond"]}]},{"@type":"WebPage","@id":"https:\/\/anam.org.gt\/inicio\/sebastian-siero-reafirma-compromiso-con-el-desarrollo-de-suchitepequez-en-reunion-con-alcaldes-del-departamento\/","url":"https:\/\/anam.org.gt\/inicio\/sebastian-siero-reafirma-compromiso-con-el-desarrollo-de-suchitepequez-en-reunion-con-alcaldes-del-departamento\/","name":"Presidente de ANAM, Sebasti\u00e1n Siero, reafirma compromiso con el desarrollo de Suchitep\u00e9quez en reuni\u00f3n con alcaldes del departamento. - ANAM","isPartOf":{"@id":"https:\/\/anam.org.gt\/inicio\/#website"},"primaryImageOfPage":{"@id":"https:\/\/anam.org.gt\/inicio\/sebastian-siero-reafirma-compromiso-con-el-desarrollo-de-suchitepequez-en-reunion-con-alcaldes-del-departamento\/#primaryimage"},"image":{"@id":"https:\/\/anam.org.gt\/inicio\/sebastian-siero-reafirma-compromiso-con-el-desarrollo-de-suchitepequez-en-reunion-con-alcaldes-del-departamento\/#primaryimage"},"thumbnailUrl":"https:\/\/anam.org.gt\/inicio\/wp-content\/uploads\/2025\/06\/image-10.png","datePublished":"2025-06-12T16:20:13+00:00","dateModified":"2025-06-17T16:35:19+00:00","breadcrumb":{"@id":"https:\/\/anam.org.gt\/inicio\/sebastian-siero-reafirma-compromiso-con-el-desarrollo-de-suchitepequez-en-reunion-con-alcaldes-del-departamento\/#breadcrumb"},"inLanguage":"es","potentialAction":[{"@type":"ReadAction","target":["https:\/\/anam.org.gt\/inicio\/sebastian-siero-reafirma-compromiso-con-el-desarrollo-de-suchitepequez-en-reunion-con-alcaldes-del-departamento\/"]}]},{"@type":"ImageObject","inLanguage":"es","@id":"https:\/\/anam.org.gt\/inicio\/sebastian-siero-reafirma-compromiso-con-el-desarrollo-de-suchitepequez-en-reunion-con-alcaldes-del-departamento\/#primaryimage","url":"https:\/\/anam.org.gt\/inicio\/wp-content\/uploads\/2025\/06\/image-10.png","contentUrl":"https:\/\/anam.org.gt\/inicio\/wp-content\/uploads\/2025\/06\/image-10.png","width":2048,"height":1366},{"@type":"BreadcrumbList","@id":"https:\/\/anam.org.gt\/inicio\/sebastian-siero-reafirma-compromiso-con-el-desarrollo-de-suchitepequez-en-reunion-con-alcaldes-del-departamento\/#breadcrumb","itemListElement":[{"@type":"ListItem","position":1,"name":"Portada","item":"https:\/\/anam.org.gt\/inicio\/"},{"@type":"ListItem","position":2,"name":"Presidente de ANAM, Sebasti\u00e1n Siero, reafirma compromiso con el desarrollo de Suchitep\u00e9quez en reuni\u00f3n con alcaldes del departamento."}]},{"@type":"WebSite","@id":"https:\/\/anam.org.gt\/inicio\/#website","url":"https:\/\/anam.org.gt\/inicio\/","name":"ANAM","description":"Asociaci\u00f3n Nacional de Municipalidades de la Rep\u00fablica de Guatemala","publisher":{"@id":"https:\/\/anam.org.gt\/inicio\/#organization"},"potentialAction":[{"@type":"SearchAction","target":{"@type":"EntryPoint","urlTemplate":"https:\/\/anam.org.gt\/inicio\/?s={search_term_string}"},"query-input":{"@type":"PropertyValueSpecification","valueRequired":true,"valueName":"search_term_string"}}],"inLanguage":"es"},{"@type":"Organization","@id":"https:\/\/anam.org.gt\/inicio\/#organization","name":"Asociaci\u00f3n Nacional de Municipalidades de la Rep\u00fablica de Guatemala","url":"https:\/\/anam.org.gt\/inicio\/","logo":{"@type":"ImageObject","inLanguage":"es","@id":"https:\/\/anam.org.gt\/inicio\/#\/schema\/logo\/image\/","url":"https:\/\/anam.org.gt\/inicio\/wp-content\/uploads\/2026\/02\/logo-anam-central-1.png","contentUrl":"https:\/\/anam.org.gt\/inicio\/wp-content\/uploads\/2026\/02\/logo-anam-central-1.png","width":600,"height":280,"caption":"Asociaci\u00f3n Nacional de Municipalidades de la Rep\u00fablica de Guatemala"},"image":{"@id":"https:\/\/anam.org.gt\/inicio\/#\/schema\/logo\/image\/"},"sameAs":["https:\/\/www.facebook.com\/ANAMGuatemala.org.gt","https:\/\/x.com\/ANAM_Guatemala","https:\/\/www.instagram.com\/anam_guatemala\/?hl=es"]},{"@type":"Person","@id":"https:\/\/anam.org.gt\/inicio\/#\/schema\/person\/568dcb3e3f73c87e66aedf646a399340","name":"admin","image":{"@type":"ImageObject","inLanguage":"es","@id":"https:\/\/anam.org.gt\/inicio\/#\/schema\/person\/image\/","url":"https:\/\/secure.gravatar.com\/avatar\/e28deb147a21fce7c80709f121c112cdeff455f99e5227e39053d3fdbf557402?s=96&d=mm&r=g","contentUrl":"https:\/\/secure.gravatar.com\/avatar\/e28deb147a21fce7c80709f121c112cdeff455f99e5227e39053d3fdbf557402?s=96&d=mm&r=g","caption":"admin"},"url":"https:\/\/anam.org.gt\/inicio\/author\/admin\/"}]}},"_links":{"self":[{"href":"https:\/\/anam.org.gt\/inicio\/wp-json\/wp\/v2\/posts\/3875","targetHints":{"allow":["GET"]}}],"collection":[{"href":"https:\/\/anam.org.gt\/inicio\/wp-json\/wp\/v2\/posts"}],"about":[{"href":"https:\/\/anam.org.gt\/inicio\/wp-json\/wp\/v2\/types\/post"}],"author":[{"embeddable":true,"href":"https:\/\/anam.org.gt\/inicio\/wp-json\/wp\/v2\/users\/4"}],"replies":[{"embeddable":true,"href":"https:\/\/anam.org.gt\/inicio\/wp-json\/wp\/v2\/comments?post=3875"}],"version-history":[{"count":2,"href":"https:\/\/anam.org.gt\/inicio\/wp-json\/wp\/v2\/posts\/3875\/revisions"}],"predecessor-version":[{"id":3878,"href":"https:\/\/anam.org.gt\/inicio\/wp-json\/wp\/v2\/posts\/3875\/revisions\/3878"}],"wp:featuredmedia":[{"embeddable":true,"href":"https:\/\/anam.org.gt\/inicio\/wp-json\/wp\/v2\/media\/3876"}],"wp:attachment":[{"href":"https:\/\/anam.org.gt\/inicio\/wp-json\/wp\/v2\/media?parent=3875"}],"wp:term":[{"taxonomy":"category","embeddable":true,"href":"https:\/\/anam.org.gt\/inicio\/wp-json\/wp\/v2\/categories?post=3875"},{"taxonomy":"post_tag","embeddable":true,"href":"https:\/\/anam.org.gt\/inicio\/wp-json\/wp\/v2\/tags?post=3875"}],"curies":[{"name":"wp","href":"https:\/\/api.w.org\/{rel}","templated":true}]}}