{"id":4455,"date":"2025-07-16T16:57:17","date_gmt":"2025-07-16T16:57:17","guid":{"rendered":"https:\/\/anam.org.gt\/inicio\/?p=4455"},"modified":"2025-08-25T16:58:58","modified_gmt":"2025-08-25T16:58:58","slug":"alcaldes-de-solola-respaldan-gestion-de-anam-en-jornada-de-trabajo","status":"publish","type":"post","link":"https:\/\/anam.org.gt\/inicio\/alcaldes-de-solola-respaldan-gestion-de-anam-en-jornada-de-trabajo\/","title":{"rendered":"Alcaldes de Solol\u00e1 respaldan gesti\u00f3n de ANAM en jornada de trabajo."},"content":{"rendered":"<p>Durante una jornada de trabajo en el departamento de Solol\u00e1, el presidente de la Asociaci\u00f3n Nacional de Municipalidades de la Rep\u00fablica de Guatemala \u2013ANAM\u2013, Sebasti\u00e1n Siero, sostuvo una reuni\u00f3n con los alcaldes del departamento para dialogar sobre el Aporte Constitucional y el acompa\u00f1amiento que la instituci\u00f3n brinda en la gesti\u00f3n municipal.<\/p><p>En el encuentro, los alcaldes expusieron las principales necesidades de sus municipios, con \u00e9nfasis en infraestructura, medio ambiente y turismo. Asimismo, reiteraron su total respaldo a la gesti\u00f3n de Sebasti\u00e1n Siero y la Junta Directiva de ANAM, destacando el compromiso demostrado con el fortalecimiento del desarrollo local.<\/p><p>Desde ANAM, reafirmamos nuestro compromiso de continuar impulsando acciones que fortalezcan la gesti\u00f3n p\u00fablica en cada municipio del pa\u00eds, contribuyendo al bienestar de los vecinos y al progreso de Guatemala.<\/p>","protected":false},"excerpt":{"rendered":"<p>Durante una jornada de trabajo en el departamento de Solol\u00e1, el presidente de la Asociaci\u00f3n Nacional de Municipalidades de la Rep\u00fablica de Guatemala \u2013ANAM\u2013, Sebasti\u00e1n Siero, sostuvo una reuni\u00f3n con los alcaldes del departamento para dialogar sobre el Aporte Constitucional y el acompa\u00f1amiento que la instituci\u00f3n brinda en la gesti\u00f3n municipal. En el encuentro, los [&hellip;]<\/p>\n","protected":false},"author":4,"featured_media":4456,"comment_status":"open","ping_status":"open","sticky":false,"template":"","format":"standard","meta":{"footnotes":""},"categories":[1],"tags":[],"class_list":["post-4455","post","type-post","status-publish","format-standard","has-post-thumbnail","hentry","category-anam"],"yoast_head":"<!-- This site is optimized with the Yoast SEO plugin v27.0 - https:\/\/yoast.com\/product\/yoast-seo-wordpress\/ -->\n<title>Alcaldes de Solol\u00e1 respaldan gesti\u00f3n de ANAM en jornada de trabajo. - ANAM<\/title>\n<meta name=\"robots\" content=\"index, follow, max-snippet:-1, max-image-preview:large, max-video-preview:-1\" \/>\n<link rel=\"canonical\" href=\"https:\/\/anam.org.gt\/inicio\/alcaldes-de-solola-respaldan-gestion-de-anam-en-jornada-de-trabajo\/\" \/>\n<meta property=\"og:locale\" content=\"es_ES\" \/>\n<meta property=\"og:type\" content=\"article\" \/>\n<meta property=\"og:title\" content=\"Alcaldes de Solol\u00e1 respaldan gesti\u00f3n de ANAM en jornada de trabajo. - ANAM\" \/>\n<meta property=\"og:description\" content=\"Durante una jornada de trabajo en el departamento de Solol\u00e1, el presidente de la Asociaci\u00f3n Nacional de Municipalidades de la Rep\u00fablica de Guatemala \u2013ANAM\u2013, Sebasti\u00e1n Siero, sostuvo una reuni\u00f3n con los alcaldes del departamento para dialogar sobre el Aporte Constitucional y el acompa\u00f1amiento que la instituci\u00f3n brinda en la gesti\u00f3n municipal. En el encuentro, los [&hellip;]\" \/>\n<meta property=\"og:url\" content=\"https:\/\/anam.org.gt\/inicio\/alcaldes-de-solola-respaldan-gestion-de-anam-en-jornada-de-trabajo\/\" \/>\n<meta property=\"og:site_name\" content=\"ANAM\" \/>\n<meta property=\"article:publisher\" content=\"https:\/\/www.facebook.com\/ANAMGuatemala.org.gt\" \/>\n<meta property=\"article:published_time\" content=\"2025-07-16T16:57:17+00:00\" \/>\n<meta property=\"article:modified_time\" content=\"2025-08-25T16:58:58+00:00\" \/>\n<meta property=\"og:image\" content=\"https:\/\/anam.org.gt\/inicio\/wp-content\/uploads\/2025\/08\/image-2.png\" \/>\n\t<meta property=\"og:image:width\" content=\"1440\" \/>\n\t<meta property=\"og:image:height\" content=\"959\" \/>\n\t<meta property=\"og:image:type\" content=\"image\/png\" \/>\n<meta name=\"author\" content=\"admin\" \/>\n<meta name=\"twitter:card\" content=\"summary_large_image\" \/>\n<meta name=\"twitter:creator\" content=\"@ANAM_Guatemala\" \/>\n<meta name=\"twitter:site\" content=\"@ANAM_Guatemala\" \/>\n<meta name=\"twitter:label1\" content=\"Escrito por\" \/>\n\t<meta name=\"twitter:data1\" content=\"admin\" \/>\n\t<meta name=\"twitter:label2\" content=\"Tiempo de lectura\" \/>\n\t<meta name=\"twitter:data2\" content=\"1 minuto\" \/>\n<script type=\"application\/ld+json\" class=\"yoast-schema-graph\">{\"@context\":\"https:\/\/schema.org\",\"@graph\":[{\"@type\":\"Article\",\"@id\":\"https:\/\/anam.org.gt\/inicio\/alcaldes-de-solola-respaldan-gestion-de-anam-en-jornada-de-trabajo\/#article\",\"isPartOf\":{\"@id\":\"https:\/\/anam.org.gt\/inicio\/alcaldes-de-solola-respaldan-gestion-de-anam-en-jornada-de-trabajo\/\"},\"author\":{\"name\":\"admin\",\"@id\":\"https:\/\/anam.org.gt\/inicio\/#\/schema\/person\/568dcb3e3f73c87e66aedf646a399340\"},\"headline\":\"Alcaldes de Solol\u00e1 respaldan gesti\u00f3n de ANAM en jornada de trabajo.\",\"datePublished\":\"2025-07-16T16:57:17+00:00\",\"dateModified\":\"2025-08-25T16:58:58+00:00\",\"mainEntityOfPage\":{\"@id\":\"https:\/\/anam.org.gt\/inicio\/alcaldes-de-solola-respaldan-gestion-de-anam-en-jornada-de-trabajo\/\"},\"wordCount\":152,\"commentCount\":0,\"publisher\":{\"@id\":\"https:\/\/anam.org.gt\/inicio\/#organization\"},\"image\":{\"@id\":\"https:\/\/anam.org.gt\/inicio\/alcaldes-de-solola-respaldan-gestion-de-anam-en-jornada-de-trabajo\/#primaryimage\"},\"thumbnailUrl\":\"https:\/\/anam.org.gt\/inicio\/wp-content\/uploads\/2025\/08\/image-2.png\",\"articleSection\":[\"ANAM\"],\"inLanguage\":\"es\",\"potentialAction\":[{\"@type\":\"CommentAction\",\"name\":\"Comment\",\"target\":[\"https:\/\/anam.org.gt\/inicio\/alcaldes-de-solola-respaldan-gestion-de-anam-en-jornada-de-trabajo\/#respond\"]}]},{\"@type\":\"WebPage\",\"@id\":\"https:\/\/anam.org.gt\/inicio\/alcaldes-de-solola-respaldan-gestion-de-anam-en-jornada-de-trabajo\/\",\"url\":\"https:\/\/anam.org.gt\/inicio\/alcaldes-de-solola-respaldan-gestion-de-anam-en-jornada-de-trabajo\/\",\"name\":\"Alcaldes de Solol\u00e1 respaldan gesti\u00f3n de ANAM en jornada de trabajo. - ANAM\",\"isPartOf\":{\"@id\":\"https:\/\/anam.org.gt\/inicio\/#website\"},\"primaryImageOfPage\":{\"@id\":\"https:\/\/anam.org.gt\/inicio\/alcaldes-de-solola-respaldan-gestion-de-anam-en-jornada-de-trabajo\/#primaryimage\"},\"image\":{\"@id\":\"https:\/\/anam.org.gt\/inicio\/alcaldes-de-solola-respaldan-gestion-de-anam-en-jornada-de-trabajo\/#primaryimage\"},\"thumbnailUrl\":\"https:\/\/anam.org.gt\/inicio\/wp-content\/uploads\/2025\/08\/image-2.png\",\"datePublished\":\"2025-07-16T16:57:17+00:00\",\"dateModified\":\"2025-08-25T16:58:58+00:00\",\"breadcrumb\":{\"@id\":\"https:\/\/anam.org.gt\/inicio\/alcaldes-de-solola-respaldan-gestion-de-anam-en-jornada-de-trabajo\/#breadcrumb\"},\"inLanguage\":\"es\",\"potentialAction\":[{\"@type\":\"ReadAction\",\"target\":[\"https:\/\/anam.org.gt\/inicio\/alcaldes-de-solola-respaldan-gestion-de-anam-en-jornada-de-trabajo\/\"]}]},{\"@type\":\"ImageObject\",\"inLanguage\":\"es\",\"@id\":\"https:\/\/anam.org.gt\/inicio\/alcaldes-de-solola-respaldan-gestion-de-anam-en-jornada-de-trabajo\/#primaryimage\",\"url\":\"https:\/\/anam.org.gt\/inicio\/wp-content\/uploads\/2025\/08\/image-2.png\",\"contentUrl\":\"https:\/\/anam.org.gt\/inicio\/wp-content\/uploads\/2025\/08\/image-2.png\",\"width\":1440,\"height\":959},{\"@type\":\"BreadcrumbList\",\"@id\":\"https:\/\/anam.org.gt\/inicio\/alcaldes-de-solola-respaldan-gestion-de-anam-en-jornada-de-trabajo\/#breadcrumb\",\"itemListElement\":[{\"@type\":\"ListItem\",\"position\":1,\"name\":\"Portada\",\"item\":\"https:\/\/anam.org.gt\/inicio\/\"},{\"@type\":\"ListItem\",\"position\":2,\"name\":\"Alcaldes de Solol\u00e1 respaldan gesti\u00f3n de ANAM en jornada de trabajo.\"}]},{\"@type\":\"WebSite\",\"@id\":\"https:\/\/anam.org.gt\/inicio\/#website\",\"url\":\"https:\/\/anam.org.gt\/inicio\/\",\"name\":\"ANAM\",\"description\":\"Asociaci\u00f3n Nacional de Municipalidades de la Rep\u00fablica de Guatemala\",\"publisher\":{\"@id\":\"https:\/\/anam.org.gt\/inicio\/#organization\"},\"potentialAction\":[{\"@type\":\"SearchAction\",\"target\":{\"@type\":\"EntryPoint\",\"urlTemplate\":\"https:\/\/anam.org.gt\/inicio\/?s={search_term_string}\"},\"query-input\":{\"@type\":\"PropertyValueSpecification\",\"valueRequired\":true,\"valueName\":\"search_term_string\"}}],\"inLanguage\":\"es\"},{\"@type\":\"Organization\",\"@id\":\"https:\/\/anam.org.gt\/inicio\/#organization\",\"name\":\"Asociaci\u00f3n Nacional de Municipalidades de la Rep\u00fablica de Guatemala\",\"url\":\"https:\/\/anam.org.gt\/inicio\/\",\"logo\":{\"@type\":\"ImageObject\",\"inLanguage\":\"es\",\"@id\":\"https:\/\/anam.org.gt\/inicio\/#\/schema\/logo\/image\/\",\"url\":\"https:\/\/anam.org.gt\/inicio\/wp-content\/uploads\/2026\/02\/logo-anam-central-1.png\",\"contentUrl\":\"https:\/\/anam.org.gt\/inicio\/wp-content\/uploads\/2026\/02\/logo-anam-central-1.png\",\"width\":600,\"height\":280,\"caption\":\"Asociaci\u00f3n Nacional de Municipalidades de la Rep\u00fablica de Guatemala\"},\"image\":{\"@id\":\"https:\/\/anam.org.gt\/inicio\/#\/schema\/logo\/image\/\"},\"sameAs\":[\"https:\/\/www.facebook.com\/ANAMGuatemala.org.gt\",\"https:\/\/x.com\/ANAM_Guatemala\",\"https:\/\/www.instagram.com\/anam_guatemala\/?hl=es\"]},{\"@type\":\"Person\",\"@id\":\"https:\/\/anam.org.gt\/inicio\/#\/schema\/person\/568dcb3e3f73c87e66aedf646a399340\",\"name\":\"admin\",\"image\":{\"@type\":\"ImageObject\",\"inLanguage\":\"es\",\"@id\":\"https:\/\/anam.org.gt\/inicio\/#\/schema\/person\/image\/\",\"url\":\"https:\/\/secure.gravatar.com\/avatar\/e28deb147a21fce7c80709f121c112cdeff455f99e5227e39053d3fdbf557402?s=96&d=mm&r=g\",\"contentUrl\":\"https:\/\/secure.gravatar.com\/avatar\/e28deb147a21fce7c80709f121c112cdeff455f99e5227e39053d3fdbf557402?s=96&d=mm&r=g\",\"caption\":\"admin\"},\"url\":\"https:\/\/anam.org.gt\/inicio\/author\/admin\/\"}]}<\/script>\n<!-- \/ Yoast SEO plugin. -->","yoast_head_json":{"title":"Alcaldes de Solol\u00e1 respaldan gesti\u00f3n de ANAM en jornada de trabajo. - ANAM","robots":{"index":"index","follow":"follow","max-snippet":"max-snippet:-1","max-image-preview":"max-image-preview:large","max-video-preview":"max-video-preview:-1"},"canonical":"https:\/\/anam.org.gt\/inicio\/alcaldes-de-solola-respaldan-gestion-de-anam-en-jornada-de-trabajo\/","og_locale":"es_ES","og_type":"article","og_title":"Alcaldes de Solol\u00e1 respaldan gesti\u00f3n de ANAM en jornada de trabajo. - ANAM","og_description":"Durante una jornada de trabajo en el departamento de Solol\u00e1, el presidente de la Asociaci\u00f3n Nacional de Municipalidades de la Rep\u00fablica de Guatemala \u2013ANAM\u2013, Sebasti\u00e1n Siero, sostuvo una reuni\u00f3n con los alcaldes del departamento para dialogar sobre el Aporte Constitucional y el acompa\u00f1amiento que la instituci\u00f3n brinda en la gesti\u00f3n municipal. En el encuentro, los [&hellip;]","og_url":"https:\/\/anam.org.gt\/inicio\/alcaldes-de-solola-respaldan-gestion-de-anam-en-jornada-de-trabajo\/","og_site_name":"ANAM","article_publisher":"https:\/\/www.facebook.com\/ANAMGuatemala.org.gt","article_published_time":"2025-07-16T16:57:17+00:00","article_modified_time":"2025-08-25T16:58:58+00:00","og_image":[{"width":1440,"height":959,"url":"https:\/\/anam.org.gt\/inicio\/wp-content\/uploads\/2025\/08\/image-2.png","type":"image\/png"}],"author":"admin","twitter_card":"summary_large_image","twitter_creator":"@ANAM_Guatemala","twitter_site":"@ANAM_Guatemala","twitter_misc":{"Escrito por":"admin","Tiempo de lectura":"1 minuto"},"schema":{"@context":"https:\/\/schema.org","@graph":[{"@type":"Article","@id":"https:\/\/anam.org.gt\/inicio\/alcaldes-de-solola-respaldan-gestion-de-anam-en-jornada-de-trabajo\/#article","isPartOf":{"@id":"https:\/\/anam.org.gt\/inicio\/alcaldes-de-solola-respaldan-gestion-de-anam-en-jornada-de-trabajo\/"},"author":{"name":"admin","@id":"https:\/\/anam.org.gt\/inicio\/#\/schema\/person\/568dcb3e3f73c87e66aedf646a399340"},"headline":"Alcaldes de Solol\u00e1 respaldan gesti\u00f3n de ANAM en jornada de trabajo.","datePublished":"2025-07-16T16:57:17+00:00","dateModified":"2025-08-25T16:58:58+00:00","mainEntityOfPage":{"@id":"https:\/\/anam.org.gt\/inicio\/alcaldes-de-solola-respaldan-gestion-de-anam-en-jornada-de-trabajo\/"},"wordCount":152,"commentCount":0,"publisher":{"@id":"https:\/\/anam.org.gt\/inicio\/#organization"},"image":{"@id":"https:\/\/anam.org.gt\/inicio\/alcaldes-de-solola-respaldan-gestion-de-anam-en-jornada-de-trabajo\/#primaryimage"},"thumbnailUrl":"https:\/\/anam.org.gt\/inicio\/wp-content\/uploads\/2025\/08\/image-2.png","articleSection":["ANAM"],"inLanguage":"es","potentialAction":[{"@type":"CommentAction","name":"Comment","target":["https:\/\/anam.org.gt\/inicio\/alcaldes-de-solola-respaldan-gestion-de-anam-en-jornada-de-trabajo\/#respond"]}]},{"@type":"WebPage","@id":"https:\/\/anam.org.gt\/inicio\/alcaldes-de-solola-respaldan-gestion-de-anam-en-jornada-de-trabajo\/","url":"https:\/\/anam.org.gt\/inicio\/alcaldes-de-solola-respaldan-gestion-de-anam-en-jornada-de-trabajo\/","name":"Alcaldes de Solol\u00e1 respaldan gesti\u00f3n de ANAM en jornada de trabajo. - ANAM","isPartOf":{"@id":"https:\/\/anam.org.gt\/inicio\/#website"},"primaryImageOfPage":{"@id":"https:\/\/anam.org.gt\/inicio\/alcaldes-de-solola-respaldan-gestion-de-anam-en-jornada-de-trabajo\/#primaryimage"},"image":{"@id":"https:\/\/anam.org.gt\/inicio\/alcaldes-de-solola-respaldan-gestion-de-anam-en-jornada-de-trabajo\/#primaryimage"},"thumbnailUrl":"https:\/\/anam.org.gt\/inicio\/wp-content\/uploads\/2025\/08\/image-2.png","datePublished":"2025-07-16T16:57:17+00:00","dateModified":"2025-08-25T16:58:58+00:00","breadcrumb":{"@id":"https:\/\/anam.org.gt\/inicio\/alcaldes-de-solola-respaldan-gestion-de-anam-en-jornada-de-trabajo\/#breadcrumb"},"inLanguage":"es","potentialAction":[{"@type":"ReadAction","target":["https:\/\/anam.org.gt\/inicio\/alcaldes-de-solola-respaldan-gestion-de-anam-en-jornada-de-trabajo\/"]}]},{"@type":"ImageObject","inLanguage":"es","@id":"https:\/\/anam.org.gt\/inicio\/alcaldes-de-solola-respaldan-gestion-de-anam-en-jornada-de-trabajo\/#primaryimage","url":"https:\/\/anam.org.gt\/inicio\/wp-content\/uploads\/2025\/08\/image-2.png","contentUrl":"https:\/\/anam.org.gt\/inicio\/wp-content\/uploads\/2025\/08\/image-2.png","width":1440,"height":959},{"@type":"BreadcrumbList","@id":"https:\/\/anam.org.gt\/inicio\/alcaldes-de-solola-respaldan-gestion-de-anam-en-jornada-de-trabajo\/#breadcrumb","itemListElement":[{"@type":"ListItem","position":1,"name":"Portada","item":"https:\/\/anam.org.gt\/inicio\/"},{"@type":"ListItem","position":2,"name":"Alcaldes de Solol\u00e1 respaldan gesti\u00f3n de ANAM en jornada de trabajo."}]},{"@type":"WebSite","@id":"https:\/\/anam.org.gt\/inicio\/#website","url":"https:\/\/anam.org.gt\/inicio\/","name":"ANAM","description":"Asociaci\u00f3n Nacional de Municipalidades de la Rep\u00fablica de Guatemala","publisher":{"@id":"https:\/\/anam.org.gt\/inicio\/#organization"},"potentialAction":[{"@type":"SearchAction","target":{"@type":"EntryPoint","urlTemplate":"https:\/\/anam.org.gt\/inicio\/?s={search_term_string}"},"query-input":{"@type":"PropertyValueSpecification","valueRequired":true,"valueName":"search_term_string"}}],"inLanguage":"es"},{"@type":"Organization","@id":"https:\/\/anam.org.gt\/inicio\/#organization","name":"Asociaci\u00f3n Nacional de Municipalidades de la Rep\u00fablica de Guatemala","url":"https:\/\/anam.org.gt\/inicio\/","logo":{"@type":"ImageObject","inLanguage":"es","@id":"https:\/\/anam.org.gt\/inicio\/#\/schema\/logo\/image\/","url":"https:\/\/anam.org.gt\/inicio\/wp-content\/uploads\/2026\/02\/logo-anam-central-1.png","contentUrl":"https:\/\/anam.org.gt\/inicio\/wp-content\/uploads\/2026\/02\/logo-anam-central-1.png","width":600,"height":280,"caption":"Asociaci\u00f3n Nacional de Municipalidades de la Rep\u00fablica de Guatemala"},"image":{"@id":"https:\/\/anam.org.gt\/inicio\/#\/schema\/logo\/image\/"},"sameAs":["https:\/\/www.facebook.com\/ANAMGuatemala.org.gt","https:\/\/x.com\/ANAM_Guatemala","https:\/\/www.instagram.com\/anam_guatemala\/?hl=es"]},{"@type":"Person","@id":"https:\/\/anam.org.gt\/inicio\/#\/schema\/person\/568dcb3e3f73c87e66aedf646a399340","name":"admin","image":{"@type":"ImageObject","inLanguage":"es","@id":"https:\/\/anam.org.gt\/inicio\/#\/schema\/person\/image\/","url":"https:\/\/secure.gravatar.com\/avatar\/e28deb147a21fce7c80709f121c112cdeff455f99e5227e39053d3fdbf557402?s=96&d=mm&r=g","contentUrl":"https:\/\/secure.gravatar.com\/avatar\/e28deb147a21fce7c80709f121c112cdeff455f99e5227e39053d3fdbf557402?s=96&d=mm&r=g","caption":"admin"},"url":"https:\/\/anam.org.gt\/inicio\/author\/admin\/"}]}},"_links":{"self":[{"href":"https:\/\/anam.org.gt\/inicio\/wp-json\/wp\/v2\/posts\/4455","targetHints":{"allow":["GET"]}}],"collection":[{"href":"https:\/\/anam.org.gt\/inicio\/wp-json\/wp\/v2\/posts"}],"about":[{"href":"https:\/\/anam.org.gt\/inicio\/wp-json\/wp\/v2\/types\/post"}],"author":[{"embeddable":true,"href":"https:\/\/anam.org.gt\/inicio\/wp-json\/wp\/v2\/users\/4"}],"replies":[{"embeddable":true,"href":"https:\/\/anam.org.gt\/inicio\/wp-json\/wp\/v2\/comments?post=4455"}],"version-history":[{"count":1,"href":"https:\/\/anam.org.gt\/inicio\/wp-json\/wp\/v2\/posts\/4455\/revisions"}],"predecessor-version":[{"id":4457,"href":"https:\/\/anam.org.gt\/inicio\/wp-json\/wp\/v2\/posts\/4455\/revisions\/4457"}],"wp:featuredmedia":[{"embeddable":true,"href":"https:\/\/anam.org.gt\/inicio\/wp-json\/wp\/v2\/media\/4456"}],"wp:attachment":[{"href":"https:\/\/anam.org.gt\/inicio\/wp-json\/wp\/v2\/media?parent=4455"}],"wp:term":[{"taxonomy":"category","embeddable":true,"href":"https:\/\/anam.org.gt\/inicio\/wp-json\/wp\/v2\/categories?post=4455"},{"taxonomy":"post_tag","embeddable":true,"href":"https:\/\/anam.org.gt\/inicio\/wp-json\/wp\/v2\/tags?post=4455"}],"curies":[{"name":"wp","href":"https:\/\/api.w.org\/{rel}","templated":true}]}}