{"id":4458,"date":"2025-07-18T16:59:48","date_gmt":"2025-07-18T16:59:48","guid":{"rendered":"https:\/\/anam.org.gt\/inicio\/?p=4458"},"modified":"2025-08-25T17:00:58","modified_gmt":"2025-08-25T17:00:58","slug":"anam-fortalece-gestion-municipal-en-sansare-el-progreso","status":"publish","type":"post","link":"https:\/\/anam.org.gt\/inicio\/anam-fortalece-gestion-municipal-en-sansare-el-progreso\/","title":{"rendered":"ANAM fortalece gesti\u00f3n municipal en Sansare, El Progreso."},"content":{"rendered":"<p>El Director Ejecutivo de la Asociaci\u00f3n Nacional de Municipalidades de la Rep\u00fablica de Guatemala \u2013ANAM\u2013, Patric Gramajo, sostuvo una reuni\u00f3n con el alcalde de Sansare, El Progreso, Sebasti\u00e1n Morales, para abordar temas estrat\u00e9gicos que contribuyan al desarrollo y la autonom\u00eda municipal.<\/p><p>Durante el encuentro se discutieron iniciativas orientadas al fortalecimiento institucional y a la gesti\u00f3n municipal, en las cuales ANAM brinda acompa\u00f1amiento t\u00e9cnico y asesor\u00eda especializada para facilitar su implementaci\u00f3n en beneficio de la poblaci\u00f3n.<\/p><p>El alcalde Sebasti\u00e1n Morales expres\u00f3 su agradecimiento y reiter\u00f3 su total respaldo a la gesti\u00f3n que encabeza el presidente de ANAM, Sebasti\u00e1n Siero, destacando el papel de la instituci\u00f3n como aliada del desarrollo local.<\/p>","protected":false},"excerpt":{"rendered":"<p>El Director Ejecutivo de la Asociaci\u00f3n Nacional de Municipalidades de la Rep\u00fablica de Guatemala \u2013ANAM\u2013, Patric Gramajo, sostuvo una reuni\u00f3n con el alcalde de Sansare, El Progreso, Sebasti\u00e1n Morales, para abordar temas estrat\u00e9gicos que contribuyan al desarrollo y la autonom\u00eda municipal. Durante el encuentro se discutieron iniciativas orientadas al fortalecimiento institucional y a la gesti\u00f3n [&hellip;]<\/p>\n","protected":false},"author":4,"featured_media":4459,"comment_status":"open","ping_status":"open","sticky":false,"template":"","format":"standard","meta":{"footnotes":""},"categories":[1],"tags":[],"class_list":["post-4458","post","type-post","status-publish","format-standard","has-post-thumbnail","hentry","category-anam"],"yoast_head":"<!-- This site is optimized with the Yoast SEO plugin v27.0 - https:\/\/yoast.com\/product\/yoast-seo-wordpress\/ -->\n<title>ANAM fortalece gesti\u00f3n municipal en Sansare, El Progreso. - ANAM<\/title>\n<meta name=\"robots\" content=\"index, follow, max-snippet:-1, max-image-preview:large, max-video-preview:-1\" \/>\n<link rel=\"canonical\" href=\"https:\/\/anam.org.gt\/inicio\/anam-fortalece-gestion-municipal-en-sansare-el-progreso\/\" \/>\n<meta property=\"og:locale\" content=\"es_ES\" \/>\n<meta property=\"og:type\" content=\"article\" \/>\n<meta property=\"og:title\" content=\"ANAM fortalece gesti\u00f3n municipal en Sansare, El Progreso. - ANAM\" \/>\n<meta property=\"og:description\" content=\"El Director Ejecutivo de la Asociaci\u00f3n Nacional de Municipalidades de la Rep\u00fablica de Guatemala \u2013ANAM\u2013, Patric Gramajo, sostuvo una reuni\u00f3n con el alcalde de Sansare, El Progreso, Sebasti\u00e1n Morales, para abordar temas estrat\u00e9gicos que contribuyan al desarrollo y la autonom\u00eda municipal. Durante el encuentro se discutieron iniciativas orientadas al fortalecimiento institucional y a la gesti\u00f3n [&hellip;]\" \/>\n<meta property=\"og:url\" content=\"https:\/\/anam.org.gt\/inicio\/anam-fortalece-gestion-municipal-en-sansare-el-progreso\/\" \/>\n<meta property=\"og:site_name\" content=\"ANAM\" \/>\n<meta property=\"article:publisher\" content=\"https:\/\/www.facebook.com\/ANAMGuatemala.org.gt\" \/>\n<meta property=\"article:published_time\" content=\"2025-07-18T16:59:48+00:00\" \/>\n<meta property=\"article:modified_time\" content=\"2025-08-25T17:00:58+00:00\" \/>\n<meta property=\"og:image\" content=\"https:\/\/anam.org.gt\/inicio\/wp-content\/uploads\/2025\/08\/image-3.png\" \/>\n\t<meta property=\"og:image:width\" content=\"1440\" \/>\n\t<meta property=\"og:image:height\" content=\"960\" \/>\n\t<meta property=\"og:image:type\" content=\"image\/png\" \/>\n<meta name=\"author\" content=\"admin\" \/>\n<meta name=\"twitter:card\" content=\"summary_large_image\" \/>\n<meta name=\"twitter:creator\" content=\"@ANAM_Guatemala\" \/>\n<meta name=\"twitter:site\" content=\"@ANAM_Guatemala\" \/>\n<meta name=\"twitter:label1\" content=\"Escrito por\" \/>\n\t<meta name=\"twitter:data1\" content=\"admin\" \/>\n\t<meta name=\"twitter:label2\" content=\"Tiempo de lectura\" \/>\n\t<meta name=\"twitter:data2\" content=\"1 minuto\" \/>\n<script type=\"application\/ld+json\" class=\"yoast-schema-graph\">{\"@context\":\"https:\/\/schema.org\",\"@graph\":[{\"@type\":\"Article\",\"@id\":\"https:\/\/anam.org.gt\/inicio\/anam-fortalece-gestion-municipal-en-sansare-el-progreso\/#article\",\"isPartOf\":{\"@id\":\"https:\/\/anam.org.gt\/inicio\/anam-fortalece-gestion-municipal-en-sansare-el-progreso\/\"},\"author\":{\"name\":\"admin\",\"@id\":\"https:\/\/anam.org.gt\/inicio\/#\/schema\/person\/568dcb3e3f73c87e66aedf646a399340\"},\"headline\":\"ANAM fortalece gesti\u00f3n municipal en Sansare, El Progreso.\",\"datePublished\":\"2025-07-18T16:59:48+00:00\",\"dateModified\":\"2025-08-25T17:00:58+00:00\",\"mainEntityOfPage\":{\"@id\":\"https:\/\/anam.org.gt\/inicio\/anam-fortalece-gestion-municipal-en-sansare-el-progreso\/\"},\"wordCount\":134,\"commentCount\":0,\"publisher\":{\"@id\":\"https:\/\/anam.org.gt\/inicio\/#organization\"},\"image\":{\"@id\":\"https:\/\/anam.org.gt\/inicio\/anam-fortalece-gestion-municipal-en-sansare-el-progreso\/#primaryimage\"},\"thumbnailUrl\":\"https:\/\/anam.org.gt\/inicio\/wp-content\/uploads\/2025\/08\/image-3.png\",\"articleSection\":[\"ANAM\"],\"inLanguage\":\"es\",\"potentialAction\":[{\"@type\":\"CommentAction\",\"name\":\"Comment\",\"target\":[\"https:\/\/anam.org.gt\/inicio\/anam-fortalece-gestion-municipal-en-sansare-el-progreso\/#respond\"]}]},{\"@type\":\"WebPage\",\"@id\":\"https:\/\/anam.org.gt\/inicio\/anam-fortalece-gestion-municipal-en-sansare-el-progreso\/\",\"url\":\"https:\/\/anam.org.gt\/inicio\/anam-fortalece-gestion-municipal-en-sansare-el-progreso\/\",\"name\":\"ANAM fortalece gesti\u00f3n municipal en Sansare, El Progreso. - ANAM\",\"isPartOf\":{\"@id\":\"https:\/\/anam.org.gt\/inicio\/#website\"},\"primaryImageOfPage\":{\"@id\":\"https:\/\/anam.org.gt\/inicio\/anam-fortalece-gestion-municipal-en-sansare-el-progreso\/#primaryimage\"},\"image\":{\"@id\":\"https:\/\/anam.org.gt\/inicio\/anam-fortalece-gestion-municipal-en-sansare-el-progreso\/#primaryimage\"},\"thumbnailUrl\":\"https:\/\/anam.org.gt\/inicio\/wp-content\/uploads\/2025\/08\/image-3.png\",\"datePublished\":\"2025-07-18T16:59:48+00:00\",\"dateModified\":\"2025-08-25T17:00:58+00:00\",\"breadcrumb\":{\"@id\":\"https:\/\/anam.org.gt\/inicio\/anam-fortalece-gestion-municipal-en-sansare-el-progreso\/#breadcrumb\"},\"inLanguage\":\"es\",\"potentialAction\":[{\"@type\":\"ReadAction\",\"target\":[\"https:\/\/anam.org.gt\/inicio\/anam-fortalece-gestion-municipal-en-sansare-el-progreso\/\"]}]},{\"@type\":\"ImageObject\",\"inLanguage\":\"es\",\"@id\":\"https:\/\/anam.org.gt\/inicio\/anam-fortalece-gestion-municipal-en-sansare-el-progreso\/#primaryimage\",\"url\":\"https:\/\/anam.org.gt\/inicio\/wp-content\/uploads\/2025\/08\/image-3.png\",\"contentUrl\":\"https:\/\/anam.org.gt\/inicio\/wp-content\/uploads\/2025\/08\/image-3.png\",\"width\":1440,\"height\":960},{\"@type\":\"BreadcrumbList\",\"@id\":\"https:\/\/anam.org.gt\/inicio\/anam-fortalece-gestion-municipal-en-sansare-el-progreso\/#breadcrumb\",\"itemListElement\":[{\"@type\":\"ListItem\",\"position\":1,\"name\":\"Portada\",\"item\":\"https:\/\/anam.org.gt\/inicio\/\"},{\"@type\":\"ListItem\",\"position\":2,\"name\":\"ANAM fortalece gesti\u00f3n municipal en Sansare, El Progreso.\"}]},{\"@type\":\"WebSite\",\"@id\":\"https:\/\/anam.org.gt\/inicio\/#website\",\"url\":\"https:\/\/anam.org.gt\/inicio\/\",\"name\":\"ANAM\",\"description\":\"Asociaci\u00f3n Nacional de Municipalidades de la Rep\u00fablica de Guatemala\",\"publisher\":{\"@id\":\"https:\/\/anam.org.gt\/inicio\/#organization\"},\"potentialAction\":[{\"@type\":\"SearchAction\",\"target\":{\"@type\":\"EntryPoint\",\"urlTemplate\":\"https:\/\/anam.org.gt\/inicio\/?s={search_term_string}\"},\"query-input\":{\"@type\":\"PropertyValueSpecification\",\"valueRequired\":true,\"valueName\":\"search_term_string\"}}],\"inLanguage\":\"es\"},{\"@type\":\"Organization\",\"@id\":\"https:\/\/anam.org.gt\/inicio\/#organization\",\"name\":\"Asociaci\u00f3n Nacional de Municipalidades de la Rep\u00fablica de Guatemala\",\"url\":\"https:\/\/anam.org.gt\/inicio\/\",\"logo\":{\"@type\":\"ImageObject\",\"inLanguage\":\"es\",\"@id\":\"https:\/\/anam.org.gt\/inicio\/#\/schema\/logo\/image\/\",\"url\":\"https:\/\/anam.org.gt\/inicio\/wp-content\/uploads\/2026\/02\/logo-anam-central-1.png\",\"contentUrl\":\"https:\/\/anam.org.gt\/inicio\/wp-content\/uploads\/2026\/02\/logo-anam-central-1.png\",\"width\":600,\"height\":280,\"caption\":\"Asociaci\u00f3n Nacional de Municipalidades de la Rep\u00fablica de Guatemala\"},\"image\":{\"@id\":\"https:\/\/anam.org.gt\/inicio\/#\/schema\/logo\/image\/\"},\"sameAs\":[\"https:\/\/www.facebook.com\/ANAMGuatemala.org.gt\",\"https:\/\/x.com\/ANAM_Guatemala\",\"https:\/\/www.instagram.com\/anam_guatemala\/?hl=es\"]},{\"@type\":\"Person\",\"@id\":\"https:\/\/anam.org.gt\/inicio\/#\/schema\/person\/568dcb3e3f73c87e66aedf646a399340\",\"name\":\"admin\",\"image\":{\"@type\":\"ImageObject\",\"inLanguage\":\"es\",\"@id\":\"https:\/\/anam.org.gt\/inicio\/#\/schema\/person\/image\/\",\"url\":\"https:\/\/secure.gravatar.com\/avatar\/e28deb147a21fce7c80709f121c112cdeff455f99e5227e39053d3fdbf557402?s=96&d=mm&r=g\",\"contentUrl\":\"https:\/\/secure.gravatar.com\/avatar\/e28deb147a21fce7c80709f121c112cdeff455f99e5227e39053d3fdbf557402?s=96&d=mm&r=g\",\"caption\":\"admin\"},\"url\":\"https:\/\/anam.org.gt\/inicio\/author\/admin\/\"}]}<\/script>\n<!-- \/ Yoast SEO plugin. -->","yoast_head_json":{"title":"ANAM fortalece gesti\u00f3n municipal en Sansare, El Progreso. - ANAM","robots":{"index":"index","follow":"follow","max-snippet":"max-snippet:-1","max-image-preview":"max-image-preview:large","max-video-preview":"max-video-preview:-1"},"canonical":"https:\/\/anam.org.gt\/inicio\/anam-fortalece-gestion-municipal-en-sansare-el-progreso\/","og_locale":"es_ES","og_type":"article","og_title":"ANAM fortalece gesti\u00f3n municipal en Sansare, El Progreso. - ANAM","og_description":"El Director Ejecutivo de la Asociaci\u00f3n Nacional de Municipalidades de la Rep\u00fablica de Guatemala \u2013ANAM\u2013, Patric Gramajo, sostuvo una reuni\u00f3n con el alcalde de Sansare, El Progreso, Sebasti\u00e1n Morales, para abordar temas estrat\u00e9gicos que contribuyan al desarrollo y la autonom\u00eda municipal. Durante el encuentro se discutieron iniciativas orientadas al fortalecimiento institucional y a la gesti\u00f3n [&hellip;]","og_url":"https:\/\/anam.org.gt\/inicio\/anam-fortalece-gestion-municipal-en-sansare-el-progreso\/","og_site_name":"ANAM","article_publisher":"https:\/\/www.facebook.com\/ANAMGuatemala.org.gt","article_published_time":"2025-07-18T16:59:48+00:00","article_modified_time":"2025-08-25T17:00:58+00:00","og_image":[{"width":1440,"height":960,"url":"https:\/\/anam.org.gt\/inicio\/wp-content\/uploads\/2025\/08\/image-3.png","type":"image\/png"}],"author":"admin","twitter_card":"summary_large_image","twitter_creator":"@ANAM_Guatemala","twitter_site":"@ANAM_Guatemala","twitter_misc":{"Escrito por":"admin","Tiempo de lectura":"1 minuto"},"schema":{"@context":"https:\/\/schema.org","@graph":[{"@type":"Article","@id":"https:\/\/anam.org.gt\/inicio\/anam-fortalece-gestion-municipal-en-sansare-el-progreso\/#article","isPartOf":{"@id":"https:\/\/anam.org.gt\/inicio\/anam-fortalece-gestion-municipal-en-sansare-el-progreso\/"},"author":{"name":"admin","@id":"https:\/\/anam.org.gt\/inicio\/#\/schema\/person\/568dcb3e3f73c87e66aedf646a399340"},"headline":"ANAM fortalece gesti\u00f3n municipal en Sansare, El Progreso.","datePublished":"2025-07-18T16:59:48+00:00","dateModified":"2025-08-25T17:00:58+00:00","mainEntityOfPage":{"@id":"https:\/\/anam.org.gt\/inicio\/anam-fortalece-gestion-municipal-en-sansare-el-progreso\/"},"wordCount":134,"commentCount":0,"publisher":{"@id":"https:\/\/anam.org.gt\/inicio\/#organization"},"image":{"@id":"https:\/\/anam.org.gt\/inicio\/anam-fortalece-gestion-municipal-en-sansare-el-progreso\/#primaryimage"},"thumbnailUrl":"https:\/\/anam.org.gt\/inicio\/wp-content\/uploads\/2025\/08\/image-3.png","articleSection":["ANAM"],"inLanguage":"es","potentialAction":[{"@type":"CommentAction","name":"Comment","target":["https:\/\/anam.org.gt\/inicio\/anam-fortalece-gestion-municipal-en-sansare-el-progreso\/#respond"]}]},{"@type":"WebPage","@id":"https:\/\/anam.org.gt\/inicio\/anam-fortalece-gestion-municipal-en-sansare-el-progreso\/","url":"https:\/\/anam.org.gt\/inicio\/anam-fortalece-gestion-municipal-en-sansare-el-progreso\/","name":"ANAM fortalece gesti\u00f3n municipal en Sansare, El Progreso. - ANAM","isPartOf":{"@id":"https:\/\/anam.org.gt\/inicio\/#website"},"primaryImageOfPage":{"@id":"https:\/\/anam.org.gt\/inicio\/anam-fortalece-gestion-municipal-en-sansare-el-progreso\/#primaryimage"},"image":{"@id":"https:\/\/anam.org.gt\/inicio\/anam-fortalece-gestion-municipal-en-sansare-el-progreso\/#primaryimage"},"thumbnailUrl":"https:\/\/anam.org.gt\/inicio\/wp-content\/uploads\/2025\/08\/image-3.png","datePublished":"2025-07-18T16:59:48+00:00","dateModified":"2025-08-25T17:00:58+00:00","breadcrumb":{"@id":"https:\/\/anam.org.gt\/inicio\/anam-fortalece-gestion-municipal-en-sansare-el-progreso\/#breadcrumb"},"inLanguage":"es","potentialAction":[{"@type":"ReadAction","target":["https:\/\/anam.org.gt\/inicio\/anam-fortalece-gestion-municipal-en-sansare-el-progreso\/"]}]},{"@type":"ImageObject","inLanguage":"es","@id":"https:\/\/anam.org.gt\/inicio\/anam-fortalece-gestion-municipal-en-sansare-el-progreso\/#primaryimage","url":"https:\/\/anam.org.gt\/inicio\/wp-content\/uploads\/2025\/08\/image-3.png","contentUrl":"https:\/\/anam.org.gt\/inicio\/wp-content\/uploads\/2025\/08\/image-3.png","width":1440,"height":960},{"@type":"BreadcrumbList","@id":"https:\/\/anam.org.gt\/inicio\/anam-fortalece-gestion-municipal-en-sansare-el-progreso\/#breadcrumb","itemListElement":[{"@type":"ListItem","position":1,"name":"Portada","item":"https:\/\/anam.org.gt\/inicio\/"},{"@type":"ListItem","position":2,"name":"ANAM fortalece gesti\u00f3n municipal en Sansare, El Progreso."}]},{"@type":"WebSite","@id":"https:\/\/anam.org.gt\/inicio\/#website","url":"https:\/\/anam.org.gt\/inicio\/","name":"ANAM","description":"Asociaci\u00f3n Nacional de Municipalidades de la Rep\u00fablica de Guatemala","publisher":{"@id":"https:\/\/anam.org.gt\/inicio\/#organization"},"potentialAction":[{"@type":"SearchAction","target":{"@type":"EntryPoint","urlTemplate":"https:\/\/anam.org.gt\/inicio\/?s={search_term_string}"},"query-input":{"@type":"PropertyValueSpecification","valueRequired":true,"valueName":"search_term_string"}}],"inLanguage":"es"},{"@type":"Organization","@id":"https:\/\/anam.org.gt\/inicio\/#organization","name":"Asociaci\u00f3n Nacional de Municipalidades de la Rep\u00fablica de Guatemala","url":"https:\/\/anam.org.gt\/inicio\/","logo":{"@type":"ImageObject","inLanguage":"es","@id":"https:\/\/anam.org.gt\/inicio\/#\/schema\/logo\/image\/","url":"https:\/\/anam.org.gt\/inicio\/wp-content\/uploads\/2026\/02\/logo-anam-central-1.png","contentUrl":"https:\/\/anam.org.gt\/inicio\/wp-content\/uploads\/2026\/02\/logo-anam-central-1.png","width":600,"height":280,"caption":"Asociaci\u00f3n Nacional de Municipalidades de la Rep\u00fablica de Guatemala"},"image":{"@id":"https:\/\/anam.org.gt\/inicio\/#\/schema\/logo\/image\/"},"sameAs":["https:\/\/www.facebook.com\/ANAMGuatemala.org.gt","https:\/\/x.com\/ANAM_Guatemala","https:\/\/www.instagram.com\/anam_guatemala\/?hl=es"]},{"@type":"Person","@id":"https:\/\/anam.org.gt\/inicio\/#\/schema\/person\/568dcb3e3f73c87e66aedf646a399340","name":"admin","image":{"@type":"ImageObject","inLanguage":"es","@id":"https:\/\/anam.org.gt\/inicio\/#\/schema\/person\/image\/","url":"https:\/\/secure.gravatar.com\/avatar\/e28deb147a21fce7c80709f121c112cdeff455f99e5227e39053d3fdbf557402?s=96&d=mm&r=g","contentUrl":"https:\/\/secure.gravatar.com\/avatar\/e28deb147a21fce7c80709f121c112cdeff455f99e5227e39053d3fdbf557402?s=96&d=mm&r=g","caption":"admin"},"url":"https:\/\/anam.org.gt\/inicio\/author\/admin\/"}]}},"_links":{"self":[{"href":"https:\/\/anam.org.gt\/inicio\/wp-json\/wp\/v2\/posts\/4458","targetHints":{"allow":["GET"]}}],"collection":[{"href":"https:\/\/anam.org.gt\/inicio\/wp-json\/wp\/v2\/posts"}],"about":[{"href":"https:\/\/anam.org.gt\/inicio\/wp-json\/wp\/v2\/types\/post"}],"author":[{"embeddable":true,"href":"https:\/\/anam.org.gt\/inicio\/wp-json\/wp\/v2\/users\/4"}],"replies":[{"embeddable":true,"href":"https:\/\/anam.org.gt\/inicio\/wp-json\/wp\/v2\/comments?post=4458"}],"version-history":[{"count":1,"href":"https:\/\/anam.org.gt\/inicio\/wp-json\/wp\/v2\/posts\/4458\/revisions"}],"predecessor-version":[{"id":4460,"href":"https:\/\/anam.org.gt\/inicio\/wp-json\/wp\/v2\/posts\/4458\/revisions\/4460"}],"wp:featuredmedia":[{"embeddable":true,"href":"https:\/\/anam.org.gt\/inicio\/wp-json\/wp\/v2\/media\/4459"}],"wp:attachment":[{"href":"https:\/\/anam.org.gt\/inicio\/wp-json\/wp\/v2\/media?parent=4458"}],"wp:term":[{"taxonomy":"category","embeddable":true,"href":"https:\/\/anam.org.gt\/inicio\/wp-json\/wp\/v2\/categories?post=4458"},{"taxonomy":"post_tag","embeddable":true,"href":"https:\/\/anam.org.gt\/inicio\/wp-json\/wp\/v2\/tags?post=4458"}],"curies":[{"name":"wp","href":"https:\/\/api.w.org\/{rel}","templated":true}]}}