{"id":4461,"date":"2025-07-29T17:02:27","date_gmt":"2025-07-29T17:02:27","guid":{"rendered":"https:\/\/anam.org.gt\/inicio\/?p=4461"},"modified":"2025-08-25T17:03:19","modified_gmt":"2025-08-25T17:03:19","slug":"anam-y-municipalidad-de-san-jose-peten-coordinan-acciones-para-el-desarrollo-local","status":"publish","type":"post","link":"https:\/\/anam.org.gt\/inicio\/anam-y-municipalidad-de-san-jose-peten-coordinan-acciones-para-el-desarrollo-local\/","title":{"rendered":"ANAM y Municipalidad de San Jos\u00e9, Pet\u00e9n, coordinan acciones para el desarrollo local."},"content":{"rendered":"<p>El presidente de la Asociaci\u00f3n Nacional de Municipalidades de la Rep\u00fablica de Guatemala \u2013ANAM\u2013, Sebasti\u00e1n Siero, sostuvo una reuni\u00f3n con el alcalde de San Jos\u00e9, Pet\u00e9n, Juli\u00e1n Tesuc\u00fan, con el prop\u00f3sito de coordinar acciones estrat\u00e9gicas que fortalezcan el desarrollo integral del municipio y del departamento.<\/p><p>Durante el encuentro, se destac\u00f3 la importancia de continuar impulsando iniciativas a favor del municipalismo, orientadas a generar resultados concretos en beneficio de la poblaci\u00f3n.<\/p><p>El alcalde Juli\u00e1n Tesuc\u00fan reafirm\u00f3 su respaldo al presidente de ANAM y reiter\u00f3 su compromiso con una gesti\u00f3n municipal transparente y efectiva, enfocada en mejorar la calidad de vida de los vecinos.<\/p>","protected":false},"excerpt":{"rendered":"<p>El presidente de la Asociaci\u00f3n Nacional de Municipalidades de la Rep\u00fablica de Guatemala \u2013ANAM\u2013, Sebasti\u00e1n Siero, sostuvo una reuni\u00f3n con el alcalde de San Jos\u00e9, Pet\u00e9n, Juli\u00e1n Tesuc\u00fan, con el prop\u00f3sito de coordinar acciones estrat\u00e9gicas que fortalezcan el desarrollo integral del municipio y del departamento. Durante el encuentro, se destac\u00f3 la importancia de continuar impulsando [&hellip;]<\/p>\n","protected":false},"author":4,"featured_media":4462,"comment_status":"open","ping_status":"open","sticky":false,"template":"","format":"standard","meta":{"footnotes":""},"categories":[1],"tags":[],"class_list":["post-4461","post","type-post","status-publish","format-standard","has-post-thumbnail","hentry","category-anam"],"yoast_head":"<!-- This site is optimized with the Yoast SEO plugin v27.0 - https:\/\/yoast.com\/product\/yoast-seo-wordpress\/ -->\n<title>ANAM y Municipalidad de San Jos\u00e9, Pet\u00e9n, coordinan acciones para el desarrollo local. - ANAM<\/title>\n<meta name=\"robots\" content=\"index, follow, max-snippet:-1, max-image-preview:large, max-video-preview:-1\" \/>\n<link rel=\"canonical\" href=\"https:\/\/anam.org.gt\/inicio\/anam-y-municipalidad-de-san-jose-peten-coordinan-acciones-para-el-desarrollo-local\/\" \/>\n<meta property=\"og:locale\" content=\"es_ES\" \/>\n<meta property=\"og:type\" content=\"article\" \/>\n<meta property=\"og:title\" content=\"ANAM y Municipalidad de San Jos\u00e9, Pet\u00e9n, coordinan acciones para el desarrollo local. - ANAM\" \/>\n<meta property=\"og:description\" content=\"El presidente de la Asociaci\u00f3n Nacional de Municipalidades de la Rep\u00fablica de Guatemala \u2013ANAM\u2013, Sebasti\u00e1n Siero, sostuvo una reuni\u00f3n con el alcalde de San Jos\u00e9, Pet\u00e9n, Juli\u00e1n Tesuc\u00fan, con el prop\u00f3sito de coordinar acciones estrat\u00e9gicas que fortalezcan el desarrollo integral del municipio y del departamento. Durante el encuentro, se destac\u00f3 la importancia de continuar impulsando [&hellip;]\" \/>\n<meta property=\"og:url\" content=\"https:\/\/anam.org.gt\/inicio\/anam-y-municipalidad-de-san-jose-peten-coordinan-acciones-para-el-desarrollo-local\/\" \/>\n<meta property=\"og:site_name\" content=\"ANAM\" \/>\n<meta property=\"article:publisher\" content=\"https:\/\/www.facebook.com\/ANAMGuatemala.org.gt\" \/>\n<meta property=\"article:published_time\" content=\"2025-07-29T17:02:27+00:00\" \/>\n<meta property=\"article:modified_time\" content=\"2025-08-25T17:03:19+00:00\" \/>\n<meta property=\"og:image\" content=\"https:\/\/anam.org.gt\/inicio\/wp-content\/uploads\/2025\/08\/image-4.png\" \/>\n\t<meta property=\"og:image:width\" content=\"1080\" \/>\n\t<meta property=\"og:image:height\" content=\"1351\" \/>\n\t<meta property=\"og:image:type\" content=\"image\/png\" \/>\n<meta name=\"author\" content=\"admin\" \/>\n<meta name=\"twitter:card\" content=\"summary_large_image\" \/>\n<meta name=\"twitter:creator\" content=\"@ANAM_Guatemala\" \/>\n<meta name=\"twitter:site\" content=\"@ANAM_Guatemala\" \/>\n<meta name=\"twitter:label1\" content=\"Escrito por\" \/>\n\t<meta name=\"twitter:data1\" content=\"admin\" \/>\n\t<meta name=\"twitter:label2\" content=\"Tiempo de lectura\" \/>\n\t<meta name=\"twitter:data2\" content=\"1 minuto\" \/>\n<script type=\"application\/ld+json\" class=\"yoast-schema-graph\">{\"@context\":\"https:\/\/schema.org\",\"@graph\":[{\"@type\":\"Article\",\"@id\":\"https:\/\/anam.org.gt\/inicio\/anam-y-municipalidad-de-san-jose-peten-coordinan-acciones-para-el-desarrollo-local\/#article\",\"isPartOf\":{\"@id\":\"https:\/\/anam.org.gt\/inicio\/anam-y-municipalidad-de-san-jose-peten-coordinan-acciones-para-el-desarrollo-local\/\"},\"author\":{\"name\":\"admin\",\"@id\":\"https:\/\/anam.org.gt\/inicio\/#\/schema\/person\/568dcb3e3f73c87e66aedf646a399340\"},\"headline\":\"ANAM y Municipalidad de San Jos\u00e9, Pet\u00e9n, coordinan acciones para el desarrollo local.\",\"datePublished\":\"2025-07-29T17:02:27+00:00\",\"dateModified\":\"2025-08-25T17:03:19+00:00\",\"mainEntityOfPage\":{\"@id\":\"https:\/\/anam.org.gt\/inicio\/anam-y-municipalidad-de-san-jose-peten-coordinan-acciones-para-el-desarrollo-local\/\"},\"wordCount\":129,\"commentCount\":0,\"publisher\":{\"@id\":\"https:\/\/anam.org.gt\/inicio\/#organization\"},\"image\":{\"@id\":\"https:\/\/anam.org.gt\/inicio\/anam-y-municipalidad-de-san-jose-peten-coordinan-acciones-para-el-desarrollo-local\/#primaryimage\"},\"thumbnailUrl\":\"https:\/\/anam.org.gt\/inicio\/wp-content\/uploads\/2025\/08\/image-4.png\",\"articleSection\":[\"ANAM\"],\"inLanguage\":\"es\",\"potentialAction\":[{\"@type\":\"CommentAction\",\"name\":\"Comment\",\"target\":[\"https:\/\/anam.org.gt\/inicio\/anam-y-municipalidad-de-san-jose-peten-coordinan-acciones-para-el-desarrollo-local\/#respond\"]}]},{\"@type\":\"WebPage\",\"@id\":\"https:\/\/anam.org.gt\/inicio\/anam-y-municipalidad-de-san-jose-peten-coordinan-acciones-para-el-desarrollo-local\/\",\"url\":\"https:\/\/anam.org.gt\/inicio\/anam-y-municipalidad-de-san-jose-peten-coordinan-acciones-para-el-desarrollo-local\/\",\"name\":\"ANAM y Municipalidad de San Jos\u00e9, Pet\u00e9n, coordinan acciones para el desarrollo local. - ANAM\",\"isPartOf\":{\"@id\":\"https:\/\/anam.org.gt\/inicio\/#website\"},\"primaryImageOfPage\":{\"@id\":\"https:\/\/anam.org.gt\/inicio\/anam-y-municipalidad-de-san-jose-peten-coordinan-acciones-para-el-desarrollo-local\/#primaryimage\"},\"image\":{\"@id\":\"https:\/\/anam.org.gt\/inicio\/anam-y-municipalidad-de-san-jose-peten-coordinan-acciones-para-el-desarrollo-local\/#primaryimage\"},\"thumbnailUrl\":\"https:\/\/anam.org.gt\/inicio\/wp-content\/uploads\/2025\/08\/image-4.png\",\"datePublished\":\"2025-07-29T17:02:27+00:00\",\"dateModified\":\"2025-08-25T17:03:19+00:00\",\"breadcrumb\":{\"@id\":\"https:\/\/anam.org.gt\/inicio\/anam-y-municipalidad-de-san-jose-peten-coordinan-acciones-para-el-desarrollo-local\/#breadcrumb\"},\"inLanguage\":\"es\",\"potentialAction\":[{\"@type\":\"ReadAction\",\"target\":[\"https:\/\/anam.org.gt\/inicio\/anam-y-municipalidad-de-san-jose-peten-coordinan-acciones-para-el-desarrollo-local\/\"]}]},{\"@type\":\"ImageObject\",\"inLanguage\":\"es\",\"@id\":\"https:\/\/anam.org.gt\/inicio\/anam-y-municipalidad-de-san-jose-peten-coordinan-acciones-para-el-desarrollo-local\/#primaryimage\",\"url\":\"https:\/\/anam.org.gt\/inicio\/wp-content\/uploads\/2025\/08\/image-4.png\",\"contentUrl\":\"https:\/\/anam.org.gt\/inicio\/wp-content\/uploads\/2025\/08\/image-4.png\",\"width\":1080,\"height\":1351},{\"@type\":\"BreadcrumbList\",\"@id\":\"https:\/\/anam.org.gt\/inicio\/anam-y-municipalidad-de-san-jose-peten-coordinan-acciones-para-el-desarrollo-local\/#breadcrumb\",\"itemListElement\":[{\"@type\":\"ListItem\",\"position\":1,\"name\":\"Portada\",\"item\":\"https:\/\/anam.org.gt\/inicio\/\"},{\"@type\":\"ListItem\",\"position\":2,\"name\":\"ANAM y Municipalidad de San Jos\u00e9, Pet\u00e9n, coordinan acciones para el desarrollo local.\"}]},{\"@type\":\"WebSite\",\"@id\":\"https:\/\/anam.org.gt\/inicio\/#website\",\"url\":\"https:\/\/anam.org.gt\/inicio\/\",\"name\":\"ANAM\",\"description\":\"Asociaci\u00f3n Nacional de Municipalidades de la Rep\u00fablica de Guatemala\",\"publisher\":{\"@id\":\"https:\/\/anam.org.gt\/inicio\/#organization\"},\"potentialAction\":[{\"@type\":\"SearchAction\",\"target\":{\"@type\":\"EntryPoint\",\"urlTemplate\":\"https:\/\/anam.org.gt\/inicio\/?s={search_term_string}\"},\"query-input\":{\"@type\":\"PropertyValueSpecification\",\"valueRequired\":true,\"valueName\":\"search_term_string\"}}],\"inLanguage\":\"es\"},{\"@type\":\"Organization\",\"@id\":\"https:\/\/anam.org.gt\/inicio\/#organization\",\"name\":\"Asociaci\u00f3n Nacional de Municipalidades de la Rep\u00fablica de Guatemala\",\"url\":\"https:\/\/anam.org.gt\/inicio\/\",\"logo\":{\"@type\":\"ImageObject\",\"inLanguage\":\"es\",\"@id\":\"https:\/\/anam.org.gt\/inicio\/#\/schema\/logo\/image\/\",\"url\":\"https:\/\/anam.org.gt\/inicio\/wp-content\/uploads\/2026\/02\/logo-anam-central-1.png\",\"contentUrl\":\"https:\/\/anam.org.gt\/inicio\/wp-content\/uploads\/2026\/02\/logo-anam-central-1.png\",\"width\":600,\"height\":280,\"caption\":\"Asociaci\u00f3n Nacional de Municipalidades de la Rep\u00fablica de Guatemala\"},\"image\":{\"@id\":\"https:\/\/anam.org.gt\/inicio\/#\/schema\/logo\/image\/\"},\"sameAs\":[\"https:\/\/www.facebook.com\/ANAMGuatemala.org.gt\",\"https:\/\/x.com\/ANAM_Guatemala\",\"https:\/\/www.instagram.com\/anam_guatemala\/?hl=es\"]},{\"@type\":\"Person\",\"@id\":\"https:\/\/anam.org.gt\/inicio\/#\/schema\/person\/568dcb3e3f73c87e66aedf646a399340\",\"name\":\"admin\",\"image\":{\"@type\":\"ImageObject\",\"inLanguage\":\"es\",\"@id\":\"https:\/\/anam.org.gt\/inicio\/#\/schema\/person\/image\/\",\"url\":\"https:\/\/secure.gravatar.com\/avatar\/e28deb147a21fce7c80709f121c112cdeff455f99e5227e39053d3fdbf557402?s=96&d=mm&r=g\",\"contentUrl\":\"https:\/\/secure.gravatar.com\/avatar\/e28deb147a21fce7c80709f121c112cdeff455f99e5227e39053d3fdbf557402?s=96&d=mm&r=g\",\"caption\":\"admin\"},\"url\":\"https:\/\/anam.org.gt\/inicio\/author\/admin\/\"}]}<\/script>\n<!-- \/ Yoast SEO plugin. -->","yoast_head_json":{"title":"ANAM y Municipalidad de San Jos\u00e9, Pet\u00e9n, coordinan acciones para el desarrollo local. - ANAM","robots":{"index":"index","follow":"follow","max-snippet":"max-snippet:-1","max-image-preview":"max-image-preview:large","max-video-preview":"max-video-preview:-1"},"canonical":"https:\/\/anam.org.gt\/inicio\/anam-y-municipalidad-de-san-jose-peten-coordinan-acciones-para-el-desarrollo-local\/","og_locale":"es_ES","og_type":"article","og_title":"ANAM y Municipalidad de San Jos\u00e9, Pet\u00e9n, coordinan acciones para el desarrollo local. - ANAM","og_description":"El presidente de la Asociaci\u00f3n Nacional de Municipalidades de la Rep\u00fablica de Guatemala \u2013ANAM\u2013, Sebasti\u00e1n Siero, sostuvo una reuni\u00f3n con el alcalde de San Jos\u00e9, Pet\u00e9n, Juli\u00e1n Tesuc\u00fan, con el prop\u00f3sito de coordinar acciones estrat\u00e9gicas que fortalezcan el desarrollo integral del municipio y del departamento. Durante el encuentro, se destac\u00f3 la importancia de continuar impulsando [&hellip;]","og_url":"https:\/\/anam.org.gt\/inicio\/anam-y-municipalidad-de-san-jose-peten-coordinan-acciones-para-el-desarrollo-local\/","og_site_name":"ANAM","article_publisher":"https:\/\/www.facebook.com\/ANAMGuatemala.org.gt","article_published_time":"2025-07-29T17:02:27+00:00","article_modified_time":"2025-08-25T17:03:19+00:00","og_image":[{"width":1080,"height":1351,"url":"https:\/\/anam.org.gt\/inicio\/wp-content\/uploads\/2025\/08\/image-4.png","type":"image\/png"}],"author":"admin","twitter_card":"summary_large_image","twitter_creator":"@ANAM_Guatemala","twitter_site":"@ANAM_Guatemala","twitter_misc":{"Escrito por":"admin","Tiempo de lectura":"1 minuto"},"schema":{"@context":"https:\/\/schema.org","@graph":[{"@type":"Article","@id":"https:\/\/anam.org.gt\/inicio\/anam-y-municipalidad-de-san-jose-peten-coordinan-acciones-para-el-desarrollo-local\/#article","isPartOf":{"@id":"https:\/\/anam.org.gt\/inicio\/anam-y-municipalidad-de-san-jose-peten-coordinan-acciones-para-el-desarrollo-local\/"},"author":{"name":"admin","@id":"https:\/\/anam.org.gt\/inicio\/#\/schema\/person\/568dcb3e3f73c87e66aedf646a399340"},"headline":"ANAM y Municipalidad de San Jos\u00e9, Pet\u00e9n, coordinan acciones para el desarrollo local.","datePublished":"2025-07-29T17:02:27+00:00","dateModified":"2025-08-25T17:03:19+00:00","mainEntityOfPage":{"@id":"https:\/\/anam.org.gt\/inicio\/anam-y-municipalidad-de-san-jose-peten-coordinan-acciones-para-el-desarrollo-local\/"},"wordCount":129,"commentCount":0,"publisher":{"@id":"https:\/\/anam.org.gt\/inicio\/#organization"},"image":{"@id":"https:\/\/anam.org.gt\/inicio\/anam-y-municipalidad-de-san-jose-peten-coordinan-acciones-para-el-desarrollo-local\/#primaryimage"},"thumbnailUrl":"https:\/\/anam.org.gt\/inicio\/wp-content\/uploads\/2025\/08\/image-4.png","articleSection":["ANAM"],"inLanguage":"es","potentialAction":[{"@type":"CommentAction","name":"Comment","target":["https:\/\/anam.org.gt\/inicio\/anam-y-municipalidad-de-san-jose-peten-coordinan-acciones-para-el-desarrollo-local\/#respond"]}]},{"@type":"WebPage","@id":"https:\/\/anam.org.gt\/inicio\/anam-y-municipalidad-de-san-jose-peten-coordinan-acciones-para-el-desarrollo-local\/","url":"https:\/\/anam.org.gt\/inicio\/anam-y-municipalidad-de-san-jose-peten-coordinan-acciones-para-el-desarrollo-local\/","name":"ANAM y Municipalidad de San Jos\u00e9, Pet\u00e9n, coordinan acciones para el desarrollo local. - ANAM","isPartOf":{"@id":"https:\/\/anam.org.gt\/inicio\/#website"},"primaryImageOfPage":{"@id":"https:\/\/anam.org.gt\/inicio\/anam-y-municipalidad-de-san-jose-peten-coordinan-acciones-para-el-desarrollo-local\/#primaryimage"},"image":{"@id":"https:\/\/anam.org.gt\/inicio\/anam-y-municipalidad-de-san-jose-peten-coordinan-acciones-para-el-desarrollo-local\/#primaryimage"},"thumbnailUrl":"https:\/\/anam.org.gt\/inicio\/wp-content\/uploads\/2025\/08\/image-4.png","datePublished":"2025-07-29T17:02:27+00:00","dateModified":"2025-08-25T17:03:19+00:00","breadcrumb":{"@id":"https:\/\/anam.org.gt\/inicio\/anam-y-municipalidad-de-san-jose-peten-coordinan-acciones-para-el-desarrollo-local\/#breadcrumb"},"inLanguage":"es","potentialAction":[{"@type":"ReadAction","target":["https:\/\/anam.org.gt\/inicio\/anam-y-municipalidad-de-san-jose-peten-coordinan-acciones-para-el-desarrollo-local\/"]}]},{"@type":"ImageObject","inLanguage":"es","@id":"https:\/\/anam.org.gt\/inicio\/anam-y-municipalidad-de-san-jose-peten-coordinan-acciones-para-el-desarrollo-local\/#primaryimage","url":"https:\/\/anam.org.gt\/inicio\/wp-content\/uploads\/2025\/08\/image-4.png","contentUrl":"https:\/\/anam.org.gt\/inicio\/wp-content\/uploads\/2025\/08\/image-4.png","width":1080,"height":1351},{"@type":"BreadcrumbList","@id":"https:\/\/anam.org.gt\/inicio\/anam-y-municipalidad-de-san-jose-peten-coordinan-acciones-para-el-desarrollo-local\/#breadcrumb","itemListElement":[{"@type":"ListItem","position":1,"name":"Portada","item":"https:\/\/anam.org.gt\/inicio\/"},{"@type":"ListItem","position":2,"name":"ANAM y Municipalidad de San Jos\u00e9, Pet\u00e9n, coordinan acciones para el desarrollo local."}]},{"@type":"WebSite","@id":"https:\/\/anam.org.gt\/inicio\/#website","url":"https:\/\/anam.org.gt\/inicio\/","name":"ANAM","description":"Asociaci\u00f3n Nacional de Municipalidades de la Rep\u00fablica de Guatemala","publisher":{"@id":"https:\/\/anam.org.gt\/inicio\/#organization"},"potentialAction":[{"@type":"SearchAction","target":{"@type":"EntryPoint","urlTemplate":"https:\/\/anam.org.gt\/inicio\/?s={search_term_string}"},"query-input":{"@type":"PropertyValueSpecification","valueRequired":true,"valueName":"search_term_string"}}],"inLanguage":"es"},{"@type":"Organization","@id":"https:\/\/anam.org.gt\/inicio\/#organization","name":"Asociaci\u00f3n Nacional de Municipalidades de la Rep\u00fablica de Guatemala","url":"https:\/\/anam.org.gt\/inicio\/","logo":{"@type":"ImageObject","inLanguage":"es","@id":"https:\/\/anam.org.gt\/inicio\/#\/schema\/logo\/image\/","url":"https:\/\/anam.org.gt\/inicio\/wp-content\/uploads\/2026\/02\/logo-anam-central-1.png","contentUrl":"https:\/\/anam.org.gt\/inicio\/wp-content\/uploads\/2026\/02\/logo-anam-central-1.png","width":600,"height":280,"caption":"Asociaci\u00f3n Nacional de Municipalidades de la Rep\u00fablica de Guatemala"},"image":{"@id":"https:\/\/anam.org.gt\/inicio\/#\/schema\/logo\/image\/"},"sameAs":["https:\/\/www.facebook.com\/ANAMGuatemala.org.gt","https:\/\/x.com\/ANAM_Guatemala","https:\/\/www.instagram.com\/anam_guatemala\/?hl=es"]},{"@type":"Person","@id":"https:\/\/anam.org.gt\/inicio\/#\/schema\/person\/568dcb3e3f73c87e66aedf646a399340","name":"admin","image":{"@type":"ImageObject","inLanguage":"es","@id":"https:\/\/anam.org.gt\/inicio\/#\/schema\/person\/image\/","url":"https:\/\/secure.gravatar.com\/avatar\/e28deb147a21fce7c80709f121c112cdeff455f99e5227e39053d3fdbf557402?s=96&d=mm&r=g","contentUrl":"https:\/\/secure.gravatar.com\/avatar\/e28deb147a21fce7c80709f121c112cdeff455f99e5227e39053d3fdbf557402?s=96&d=mm&r=g","caption":"admin"},"url":"https:\/\/anam.org.gt\/inicio\/author\/admin\/"}]}},"_links":{"self":[{"href":"https:\/\/anam.org.gt\/inicio\/wp-json\/wp\/v2\/posts\/4461","targetHints":{"allow":["GET"]}}],"collection":[{"href":"https:\/\/anam.org.gt\/inicio\/wp-json\/wp\/v2\/posts"}],"about":[{"href":"https:\/\/anam.org.gt\/inicio\/wp-json\/wp\/v2\/types\/post"}],"author":[{"embeddable":true,"href":"https:\/\/anam.org.gt\/inicio\/wp-json\/wp\/v2\/users\/4"}],"replies":[{"embeddable":true,"href":"https:\/\/anam.org.gt\/inicio\/wp-json\/wp\/v2\/comments?post=4461"}],"version-history":[{"count":1,"href":"https:\/\/anam.org.gt\/inicio\/wp-json\/wp\/v2\/posts\/4461\/revisions"}],"predecessor-version":[{"id":4463,"href":"https:\/\/anam.org.gt\/inicio\/wp-json\/wp\/v2\/posts\/4461\/revisions\/4463"}],"wp:featuredmedia":[{"embeddable":true,"href":"https:\/\/anam.org.gt\/inicio\/wp-json\/wp\/v2\/media\/4462"}],"wp:attachment":[{"href":"https:\/\/anam.org.gt\/inicio\/wp-json\/wp\/v2\/media?parent=4461"}],"wp:term":[{"taxonomy":"category","embeddable":true,"href":"https:\/\/anam.org.gt\/inicio\/wp-json\/wp\/v2\/categories?post=4461"},{"taxonomy":"post_tag","embeddable":true,"href":"https:\/\/anam.org.gt\/inicio\/wp-json\/wp\/v2\/tags?post=4461"}],"curies":[{"name":"wp","href":"https:\/\/api.w.org\/{rel}","templated":true}]}}