{"id":4467,"date":"2025-07-31T17:06:07","date_gmt":"2025-07-31T17:06:07","guid":{"rendered":"https:\/\/anam.org.gt\/inicio\/?p=4467"},"modified":"2025-08-25T17:07:51","modified_gmt":"2025-08-25T17:07:51","slug":"anam-impulsa-premios-a-las-buenas-practicas-municipales-y-jornadas-de-salud-en-todo-el-pais","status":"publish","type":"post","link":"https:\/\/anam.org.gt\/inicio\/anam-impulsa-premios-a-las-buenas-practicas-municipales-y-jornadas-de-salud-en-todo-el-pais\/","title":{"rendered":"ANAM impulsa Premios a las Buenas Pr\u00e1cticas Municipales y jornadas de salud en todo el pa\u00eds."},"content":{"rendered":"<p>El presidente de la Asociaci\u00f3n Nacional de Municipalidades de la Rep\u00fablica de Guatemala \u2013ANAM\u2013, Sebasti\u00e1n Siero, junto con la Junta Directiva y el Consejo Consultivo, ultimaron detalles para el proceso de divulgaci\u00f3n de la segunda edici\u00f3n de los <strong>Premios a las Buenas Pr\u00e1cticas Municipales<\/strong>, resaltando la importancia de promover e incentivar la r\u00e9plica de experiencias exitosas a nivel nacional como una v\u00eda para fortalecer la gesti\u00f3n municipal.<\/p><p>Durante la reuni\u00f3n tambi\u00e9n se planific\u00f3 la realizaci\u00f3n de <strong>jornadas de salud en los 340 municipios<\/strong>, con el objetivo de acercar servicios m\u00e9dicos a la poblaci\u00f3n, fortalecer la prevenci\u00f3n y contribuir al bienestar de los vecinos.<\/p><p>Estas iniciativas forman parte del compromiso asumido por el presidente de ANAM, Sebasti\u00e1n Siero, de impulsar acciones concretas que mejoren la calidad de vida de los guatemaltecos y fortalezcan el trabajo de los gobiernos locales.<\/p>","protected":false},"excerpt":{"rendered":"<p>El presidente de la Asociaci\u00f3n Nacional de Municipalidades de la Rep\u00fablica de Guatemala \u2013ANAM\u2013, Sebasti\u00e1n Siero, junto con la Junta Directiva y el Consejo Consultivo, ultimaron detalles para el proceso de divulgaci\u00f3n de la segunda edici\u00f3n de los Premios a las Buenas Pr\u00e1cticas Municipales, resaltando la importancia de promover e incentivar la r\u00e9plica de experiencias [&hellip;]<\/p>\n","protected":false},"author":4,"featured_media":4469,"comment_status":"open","ping_status":"open","sticky":false,"template":"","format":"standard","meta":{"footnotes":""},"categories":[1],"tags":[],"class_list":["post-4467","post","type-post","status-publish","format-standard","has-post-thumbnail","hentry","category-anam"],"yoast_head":"<!-- This site is optimized with the Yoast SEO plugin v27.0 - https:\/\/yoast.com\/product\/yoast-seo-wordpress\/ -->\n<title>ANAM impulsa Premios a las Buenas Pr\u00e1cticas Municipales y jornadas de salud en todo el pa\u00eds. - ANAM<\/title>\n<meta name=\"robots\" content=\"index, follow, max-snippet:-1, max-image-preview:large, max-video-preview:-1\" \/>\n<link rel=\"canonical\" href=\"https:\/\/anam.org.gt\/inicio\/anam-impulsa-premios-a-las-buenas-practicas-municipales-y-jornadas-de-salud-en-todo-el-pais\/\" \/>\n<meta property=\"og:locale\" content=\"es_ES\" \/>\n<meta property=\"og:type\" content=\"article\" \/>\n<meta property=\"og:title\" content=\"ANAM impulsa Premios a las Buenas Pr\u00e1cticas Municipales y jornadas de salud en todo el pa\u00eds. - ANAM\" \/>\n<meta property=\"og:description\" content=\"El presidente de la Asociaci\u00f3n Nacional de Municipalidades de la Rep\u00fablica de Guatemala \u2013ANAM\u2013, Sebasti\u00e1n Siero, junto con la Junta Directiva y el Consejo Consultivo, ultimaron detalles para el proceso de divulgaci\u00f3n de la segunda edici\u00f3n de los Premios a las Buenas Pr\u00e1cticas Municipales, resaltando la importancia de promover e incentivar la r\u00e9plica de experiencias [&hellip;]\" \/>\n<meta property=\"og:url\" content=\"https:\/\/anam.org.gt\/inicio\/anam-impulsa-premios-a-las-buenas-practicas-municipales-y-jornadas-de-salud-en-todo-el-pais\/\" \/>\n<meta property=\"og:site_name\" content=\"ANAM\" \/>\n<meta property=\"article:publisher\" content=\"https:\/\/www.facebook.com\/ANAMGuatemala.org.gt\" \/>\n<meta property=\"article:published_time\" content=\"2025-07-31T17:06:07+00:00\" \/>\n<meta property=\"article:modified_time\" content=\"2025-08-25T17:07:51+00:00\" \/>\n<meta property=\"og:image\" content=\"https:\/\/anam.org.gt\/inicio\/wp-content\/uploads\/2025\/08\/image-7.png\" \/>\n\t<meta property=\"og:image:width\" content=\"960\" \/>\n\t<meta property=\"og:image:height\" content=\"1440\" \/>\n\t<meta property=\"og:image:type\" content=\"image\/png\" \/>\n<meta name=\"author\" content=\"admin\" \/>\n<meta name=\"twitter:card\" content=\"summary_large_image\" \/>\n<meta name=\"twitter:creator\" content=\"@ANAM_Guatemala\" \/>\n<meta name=\"twitter:site\" content=\"@ANAM_Guatemala\" \/>\n<meta name=\"twitter:label1\" content=\"Escrito por\" \/>\n\t<meta name=\"twitter:data1\" content=\"admin\" \/>\n\t<meta name=\"twitter:label2\" content=\"Tiempo de lectura\" \/>\n\t<meta name=\"twitter:data2\" content=\"1 minuto\" \/>\n<script type=\"application\/ld+json\" class=\"yoast-schema-graph\">{\"@context\":\"https:\/\/schema.org\",\"@graph\":[{\"@type\":\"Article\",\"@id\":\"https:\/\/anam.org.gt\/inicio\/anam-impulsa-premios-a-las-buenas-practicas-municipales-y-jornadas-de-salud-en-todo-el-pais\/#article\",\"isPartOf\":{\"@id\":\"https:\/\/anam.org.gt\/inicio\/anam-impulsa-premios-a-las-buenas-practicas-municipales-y-jornadas-de-salud-en-todo-el-pais\/\"},\"author\":{\"name\":\"admin\",\"@id\":\"https:\/\/anam.org.gt\/inicio\/#\/schema\/person\/568dcb3e3f73c87e66aedf646a399340\"},\"headline\":\"ANAM impulsa Premios a las Buenas Pr\u00e1cticas Municipales y jornadas de salud en todo el pa\u00eds.\",\"datePublished\":\"2025-07-31T17:06:07+00:00\",\"dateModified\":\"2025-08-25T17:07:51+00:00\",\"mainEntityOfPage\":{\"@id\":\"https:\/\/anam.org.gt\/inicio\/anam-impulsa-premios-a-las-buenas-practicas-municipales-y-jornadas-de-salud-en-todo-el-pais\/\"},\"wordCount\":171,\"commentCount\":0,\"publisher\":{\"@id\":\"https:\/\/anam.org.gt\/inicio\/#organization\"},\"image\":{\"@id\":\"https:\/\/anam.org.gt\/inicio\/anam-impulsa-premios-a-las-buenas-practicas-municipales-y-jornadas-de-salud-en-todo-el-pais\/#primaryimage\"},\"thumbnailUrl\":\"https:\/\/anam.org.gt\/inicio\/wp-content\/uploads\/2025\/08\/image-7.png\",\"articleSection\":[\"ANAM\"],\"inLanguage\":\"es\",\"potentialAction\":[{\"@type\":\"CommentAction\",\"name\":\"Comment\",\"target\":[\"https:\/\/anam.org.gt\/inicio\/anam-impulsa-premios-a-las-buenas-practicas-municipales-y-jornadas-de-salud-en-todo-el-pais\/#respond\"]}]},{\"@type\":\"WebPage\",\"@id\":\"https:\/\/anam.org.gt\/inicio\/anam-impulsa-premios-a-las-buenas-practicas-municipales-y-jornadas-de-salud-en-todo-el-pais\/\",\"url\":\"https:\/\/anam.org.gt\/inicio\/anam-impulsa-premios-a-las-buenas-practicas-municipales-y-jornadas-de-salud-en-todo-el-pais\/\",\"name\":\"ANAM impulsa Premios a las Buenas Pr\u00e1cticas Municipales y jornadas de salud en todo el pa\u00eds. - ANAM\",\"isPartOf\":{\"@id\":\"https:\/\/anam.org.gt\/inicio\/#website\"},\"primaryImageOfPage\":{\"@id\":\"https:\/\/anam.org.gt\/inicio\/anam-impulsa-premios-a-las-buenas-practicas-municipales-y-jornadas-de-salud-en-todo-el-pais\/#primaryimage\"},\"image\":{\"@id\":\"https:\/\/anam.org.gt\/inicio\/anam-impulsa-premios-a-las-buenas-practicas-municipales-y-jornadas-de-salud-en-todo-el-pais\/#primaryimage\"},\"thumbnailUrl\":\"https:\/\/anam.org.gt\/inicio\/wp-content\/uploads\/2025\/08\/image-7.png\",\"datePublished\":\"2025-07-31T17:06:07+00:00\",\"dateModified\":\"2025-08-25T17:07:51+00:00\",\"breadcrumb\":{\"@id\":\"https:\/\/anam.org.gt\/inicio\/anam-impulsa-premios-a-las-buenas-practicas-municipales-y-jornadas-de-salud-en-todo-el-pais\/#breadcrumb\"},\"inLanguage\":\"es\",\"potentialAction\":[{\"@type\":\"ReadAction\",\"target\":[\"https:\/\/anam.org.gt\/inicio\/anam-impulsa-premios-a-las-buenas-practicas-municipales-y-jornadas-de-salud-en-todo-el-pais\/\"]}]},{\"@type\":\"ImageObject\",\"inLanguage\":\"es\",\"@id\":\"https:\/\/anam.org.gt\/inicio\/anam-impulsa-premios-a-las-buenas-practicas-municipales-y-jornadas-de-salud-en-todo-el-pais\/#primaryimage\",\"url\":\"https:\/\/anam.org.gt\/inicio\/wp-content\/uploads\/2025\/08\/image-7.png\",\"contentUrl\":\"https:\/\/anam.org.gt\/inicio\/wp-content\/uploads\/2025\/08\/image-7.png\",\"width\":960,\"height\":1440},{\"@type\":\"BreadcrumbList\",\"@id\":\"https:\/\/anam.org.gt\/inicio\/anam-impulsa-premios-a-las-buenas-practicas-municipales-y-jornadas-de-salud-en-todo-el-pais\/#breadcrumb\",\"itemListElement\":[{\"@type\":\"ListItem\",\"position\":1,\"name\":\"Portada\",\"item\":\"https:\/\/anam.org.gt\/inicio\/\"},{\"@type\":\"ListItem\",\"position\":2,\"name\":\"ANAM impulsa Premios a las Buenas Pr\u00e1cticas Municipales y jornadas de salud en todo el pa\u00eds.\"}]},{\"@type\":\"WebSite\",\"@id\":\"https:\/\/anam.org.gt\/inicio\/#website\",\"url\":\"https:\/\/anam.org.gt\/inicio\/\",\"name\":\"ANAM\",\"description\":\"Asociaci\u00f3n Nacional de Municipalidades de la Rep\u00fablica de Guatemala\",\"publisher\":{\"@id\":\"https:\/\/anam.org.gt\/inicio\/#organization\"},\"potentialAction\":[{\"@type\":\"SearchAction\",\"target\":{\"@type\":\"EntryPoint\",\"urlTemplate\":\"https:\/\/anam.org.gt\/inicio\/?s={search_term_string}\"},\"query-input\":{\"@type\":\"PropertyValueSpecification\",\"valueRequired\":true,\"valueName\":\"search_term_string\"}}],\"inLanguage\":\"es\"},{\"@type\":\"Organization\",\"@id\":\"https:\/\/anam.org.gt\/inicio\/#organization\",\"name\":\"Asociaci\u00f3n Nacional de Municipalidades de la Rep\u00fablica de Guatemala\",\"url\":\"https:\/\/anam.org.gt\/inicio\/\",\"logo\":{\"@type\":\"ImageObject\",\"inLanguage\":\"es\",\"@id\":\"https:\/\/anam.org.gt\/inicio\/#\/schema\/logo\/image\/\",\"url\":\"https:\/\/anam.org.gt\/inicio\/wp-content\/uploads\/2026\/02\/logo-anam-central-1.png\",\"contentUrl\":\"https:\/\/anam.org.gt\/inicio\/wp-content\/uploads\/2026\/02\/logo-anam-central-1.png\",\"width\":600,\"height\":280,\"caption\":\"Asociaci\u00f3n Nacional de Municipalidades de la Rep\u00fablica de Guatemala\"},\"image\":{\"@id\":\"https:\/\/anam.org.gt\/inicio\/#\/schema\/logo\/image\/\"},\"sameAs\":[\"https:\/\/www.facebook.com\/ANAMGuatemala.org.gt\",\"https:\/\/x.com\/ANAM_Guatemala\",\"https:\/\/www.instagram.com\/anam_guatemala\/?hl=es\"]},{\"@type\":\"Person\",\"@id\":\"https:\/\/anam.org.gt\/inicio\/#\/schema\/person\/568dcb3e3f73c87e66aedf646a399340\",\"name\":\"admin\",\"image\":{\"@type\":\"ImageObject\",\"inLanguage\":\"es\",\"@id\":\"https:\/\/anam.org.gt\/inicio\/#\/schema\/person\/image\/\",\"url\":\"https:\/\/secure.gravatar.com\/avatar\/e28deb147a21fce7c80709f121c112cdeff455f99e5227e39053d3fdbf557402?s=96&d=mm&r=g\",\"contentUrl\":\"https:\/\/secure.gravatar.com\/avatar\/e28deb147a21fce7c80709f121c112cdeff455f99e5227e39053d3fdbf557402?s=96&d=mm&r=g\",\"caption\":\"admin\"},\"url\":\"https:\/\/anam.org.gt\/inicio\/author\/admin\/\"}]}<\/script>\n<!-- \/ Yoast SEO plugin. -->","yoast_head_json":{"title":"ANAM impulsa Premios a las Buenas Pr\u00e1cticas Municipales y jornadas de salud en todo el pa\u00eds. - ANAM","robots":{"index":"index","follow":"follow","max-snippet":"max-snippet:-1","max-image-preview":"max-image-preview:large","max-video-preview":"max-video-preview:-1"},"canonical":"https:\/\/anam.org.gt\/inicio\/anam-impulsa-premios-a-las-buenas-practicas-municipales-y-jornadas-de-salud-en-todo-el-pais\/","og_locale":"es_ES","og_type":"article","og_title":"ANAM impulsa Premios a las Buenas Pr\u00e1cticas Municipales y jornadas de salud en todo el pa\u00eds. - ANAM","og_description":"El presidente de la Asociaci\u00f3n Nacional de Municipalidades de la Rep\u00fablica de Guatemala \u2013ANAM\u2013, Sebasti\u00e1n Siero, junto con la Junta Directiva y el Consejo Consultivo, ultimaron detalles para el proceso de divulgaci\u00f3n de la segunda edici\u00f3n de los Premios a las Buenas Pr\u00e1cticas Municipales, resaltando la importancia de promover e incentivar la r\u00e9plica de experiencias [&hellip;]","og_url":"https:\/\/anam.org.gt\/inicio\/anam-impulsa-premios-a-las-buenas-practicas-municipales-y-jornadas-de-salud-en-todo-el-pais\/","og_site_name":"ANAM","article_publisher":"https:\/\/www.facebook.com\/ANAMGuatemala.org.gt","article_published_time":"2025-07-31T17:06:07+00:00","article_modified_time":"2025-08-25T17:07:51+00:00","og_image":[{"width":960,"height":1440,"url":"https:\/\/anam.org.gt\/inicio\/wp-content\/uploads\/2025\/08\/image-7.png","type":"image\/png"}],"author":"admin","twitter_card":"summary_large_image","twitter_creator":"@ANAM_Guatemala","twitter_site":"@ANAM_Guatemala","twitter_misc":{"Escrito por":"admin","Tiempo de lectura":"1 minuto"},"schema":{"@context":"https:\/\/schema.org","@graph":[{"@type":"Article","@id":"https:\/\/anam.org.gt\/inicio\/anam-impulsa-premios-a-las-buenas-practicas-municipales-y-jornadas-de-salud-en-todo-el-pais\/#article","isPartOf":{"@id":"https:\/\/anam.org.gt\/inicio\/anam-impulsa-premios-a-las-buenas-practicas-municipales-y-jornadas-de-salud-en-todo-el-pais\/"},"author":{"name":"admin","@id":"https:\/\/anam.org.gt\/inicio\/#\/schema\/person\/568dcb3e3f73c87e66aedf646a399340"},"headline":"ANAM impulsa Premios a las Buenas Pr\u00e1cticas Municipales y jornadas de salud en todo el pa\u00eds.","datePublished":"2025-07-31T17:06:07+00:00","dateModified":"2025-08-25T17:07:51+00:00","mainEntityOfPage":{"@id":"https:\/\/anam.org.gt\/inicio\/anam-impulsa-premios-a-las-buenas-practicas-municipales-y-jornadas-de-salud-en-todo-el-pais\/"},"wordCount":171,"commentCount":0,"publisher":{"@id":"https:\/\/anam.org.gt\/inicio\/#organization"},"image":{"@id":"https:\/\/anam.org.gt\/inicio\/anam-impulsa-premios-a-las-buenas-practicas-municipales-y-jornadas-de-salud-en-todo-el-pais\/#primaryimage"},"thumbnailUrl":"https:\/\/anam.org.gt\/inicio\/wp-content\/uploads\/2025\/08\/image-7.png","articleSection":["ANAM"],"inLanguage":"es","potentialAction":[{"@type":"CommentAction","name":"Comment","target":["https:\/\/anam.org.gt\/inicio\/anam-impulsa-premios-a-las-buenas-practicas-municipales-y-jornadas-de-salud-en-todo-el-pais\/#respond"]}]},{"@type":"WebPage","@id":"https:\/\/anam.org.gt\/inicio\/anam-impulsa-premios-a-las-buenas-practicas-municipales-y-jornadas-de-salud-en-todo-el-pais\/","url":"https:\/\/anam.org.gt\/inicio\/anam-impulsa-premios-a-las-buenas-practicas-municipales-y-jornadas-de-salud-en-todo-el-pais\/","name":"ANAM impulsa Premios a las Buenas Pr\u00e1cticas Municipales y jornadas de salud en todo el pa\u00eds. - ANAM","isPartOf":{"@id":"https:\/\/anam.org.gt\/inicio\/#website"},"primaryImageOfPage":{"@id":"https:\/\/anam.org.gt\/inicio\/anam-impulsa-premios-a-las-buenas-practicas-municipales-y-jornadas-de-salud-en-todo-el-pais\/#primaryimage"},"image":{"@id":"https:\/\/anam.org.gt\/inicio\/anam-impulsa-premios-a-las-buenas-practicas-municipales-y-jornadas-de-salud-en-todo-el-pais\/#primaryimage"},"thumbnailUrl":"https:\/\/anam.org.gt\/inicio\/wp-content\/uploads\/2025\/08\/image-7.png","datePublished":"2025-07-31T17:06:07+00:00","dateModified":"2025-08-25T17:07:51+00:00","breadcrumb":{"@id":"https:\/\/anam.org.gt\/inicio\/anam-impulsa-premios-a-las-buenas-practicas-municipales-y-jornadas-de-salud-en-todo-el-pais\/#breadcrumb"},"inLanguage":"es","potentialAction":[{"@type":"ReadAction","target":["https:\/\/anam.org.gt\/inicio\/anam-impulsa-premios-a-las-buenas-practicas-municipales-y-jornadas-de-salud-en-todo-el-pais\/"]}]},{"@type":"ImageObject","inLanguage":"es","@id":"https:\/\/anam.org.gt\/inicio\/anam-impulsa-premios-a-las-buenas-practicas-municipales-y-jornadas-de-salud-en-todo-el-pais\/#primaryimage","url":"https:\/\/anam.org.gt\/inicio\/wp-content\/uploads\/2025\/08\/image-7.png","contentUrl":"https:\/\/anam.org.gt\/inicio\/wp-content\/uploads\/2025\/08\/image-7.png","width":960,"height":1440},{"@type":"BreadcrumbList","@id":"https:\/\/anam.org.gt\/inicio\/anam-impulsa-premios-a-las-buenas-practicas-municipales-y-jornadas-de-salud-en-todo-el-pais\/#breadcrumb","itemListElement":[{"@type":"ListItem","position":1,"name":"Portada","item":"https:\/\/anam.org.gt\/inicio\/"},{"@type":"ListItem","position":2,"name":"ANAM impulsa Premios a las Buenas Pr\u00e1cticas Municipales y jornadas de salud en todo el pa\u00eds."}]},{"@type":"WebSite","@id":"https:\/\/anam.org.gt\/inicio\/#website","url":"https:\/\/anam.org.gt\/inicio\/","name":"ANAM","description":"Asociaci\u00f3n Nacional de Municipalidades de la Rep\u00fablica de Guatemala","publisher":{"@id":"https:\/\/anam.org.gt\/inicio\/#organization"},"potentialAction":[{"@type":"SearchAction","target":{"@type":"EntryPoint","urlTemplate":"https:\/\/anam.org.gt\/inicio\/?s={search_term_string}"},"query-input":{"@type":"PropertyValueSpecification","valueRequired":true,"valueName":"search_term_string"}}],"inLanguage":"es"},{"@type":"Organization","@id":"https:\/\/anam.org.gt\/inicio\/#organization","name":"Asociaci\u00f3n Nacional de Municipalidades de la Rep\u00fablica de Guatemala","url":"https:\/\/anam.org.gt\/inicio\/","logo":{"@type":"ImageObject","inLanguage":"es","@id":"https:\/\/anam.org.gt\/inicio\/#\/schema\/logo\/image\/","url":"https:\/\/anam.org.gt\/inicio\/wp-content\/uploads\/2026\/02\/logo-anam-central-1.png","contentUrl":"https:\/\/anam.org.gt\/inicio\/wp-content\/uploads\/2026\/02\/logo-anam-central-1.png","width":600,"height":280,"caption":"Asociaci\u00f3n Nacional de Municipalidades de la Rep\u00fablica de Guatemala"},"image":{"@id":"https:\/\/anam.org.gt\/inicio\/#\/schema\/logo\/image\/"},"sameAs":["https:\/\/www.facebook.com\/ANAMGuatemala.org.gt","https:\/\/x.com\/ANAM_Guatemala","https:\/\/www.instagram.com\/anam_guatemala\/?hl=es"]},{"@type":"Person","@id":"https:\/\/anam.org.gt\/inicio\/#\/schema\/person\/568dcb3e3f73c87e66aedf646a399340","name":"admin","image":{"@type":"ImageObject","inLanguage":"es","@id":"https:\/\/anam.org.gt\/inicio\/#\/schema\/person\/image\/","url":"https:\/\/secure.gravatar.com\/avatar\/e28deb147a21fce7c80709f121c112cdeff455f99e5227e39053d3fdbf557402?s=96&d=mm&r=g","contentUrl":"https:\/\/secure.gravatar.com\/avatar\/e28deb147a21fce7c80709f121c112cdeff455f99e5227e39053d3fdbf557402?s=96&d=mm&r=g","caption":"admin"},"url":"https:\/\/anam.org.gt\/inicio\/author\/admin\/"}]}},"_links":{"self":[{"href":"https:\/\/anam.org.gt\/inicio\/wp-json\/wp\/v2\/posts\/4467","targetHints":{"allow":["GET"]}}],"collection":[{"href":"https:\/\/anam.org.gt\/inicio\/wp-json\/wp\/v2\/posts"}],"about":[{"href":"https:\/\/anam.org.gt\/inicio\/wp-json\/wp\/v2\/types\/post"}],"author":[{"embeddable":true,"href":"https:\/\/anam.org.gt\/inicio\/wp-json\/wp\/v2\/users\/4"}],"replies":[{"embeddable":true,"href":"https:\/\/anam.org.gt\/inicio\/wp-json\/wp\/v2\/comments?post=4467"}],"version-history":[{"count":1,"href":"https:\/\/anam.org.gt\/inicio\/wp-json\/wp\/v2\/posts\/4467\/revisions"}],"predecessor-version":[{"id":4470,"href":"https:\/\/anam.org.gt\/inicio\/wp-json\/wp\/v2\/posts\/4467\/revisions\/4470"}],"wp:featuredmedia":[{"embeddable":true,"href":"https:\/\/anam.org.gt\/inicio\/wp-json\/wp\/v2\/media\/4469"}],"wp:attachment":[{"href":"https:\/\/anam.org.gt\/inicio\/wp-json\/wp\/v2\/media?parent=4467"}],"wp:term":[{"taxonomy":"category","embeddable":true,"href":"https:\/\/anam.org.gt\/inicio\/wp-json\/wp\/v2\/categories?post=4467"},{"taxonomy":"post_tag","embeddable":true,"href":"https:\/\/anam.org.gt\/inicio\/wp-json\/wp\/v2\/tags?post=4467"}],"curies":[{"name":"wp","href":"https:\/\/api.w.org\/{rel}","templated":true}]}}