{"id":4475,"date":"2025-08-13T17:12:47","date_gmt":"2025-08-13T17:12:47","guid":{"rendered":"https:\/\/anam.org.gt\/inicio\/?p=4475"},"modified":"2025-08-25T17:13:45","modified_gmt":"2025-08-25T17:13:45","slug":"anam-y-segeplan-coordinan-acciones-para-impulsar-proyectos-del-ejercicio-fiscal-2025","status":"publish","type":"post","link":"https:\/\/anam.org.gt\/inicio\/anam-y-segeplan-coordinan-acciones-para-impulsar-proyectos-del-ejercicio-fiscal-2025\/","title":{"rendered":"ANAM y SEGEPLAN coordinan acciones para impulsar proyectos del ejercicio fiscal 2025."},"content":{"rendered":"<p>El Director Ejecutivo de la Asociaci\u00f3n Nacional de Municipalidades de la Rep\u00fablica de Guatemala \u2013ANAM\u2013, Patric Gramajo Matsui, acompa\u00f1ado por varios alcaldes, sostuvo una reuni\u00f3n con el Subsecretario de SEGEPLAN, Enrique Estuardo Maldonado, para solicitar apoyo en la verificaci\u00f3n de los expedientes de los proyectos ordinarios financiados con fondos del CODEDE, correspondientes al ejercicio fiscal 2025.<\/p><p>El encuentro interinstitucional tuvo como prop\u00f3sito garantizar que dichos expedientes sean evaluados oportunamente y puedan ejecutarse en beneficio de los vecinos.<\/p><p>Este acto fortalece la coordinaci\u00f3n y el trabajo conjunto entre SEGEPLAN y ANAM, impulsando acciones que contribuyen al desarrollo local y al fortalecimiento de la gesti\u00f3n municipal.<\/p>","protected":false},"excerpt":{"rendered":"<p>El Director Ejecutivo de la Asociaci\u00f3n Nacional de Municipalidades de la Rep\u00fablica de Guatemala \u2013ANAM\u2013, Patric Gramajo Matsui, acompa\u00f1ado por varios alcaldes, sostuvo una reuni\u00f3n con el Subsecretario de SEGEPLAN, Enrique Estuardo Maldonado, para solicitar apoyo en la verificaci\u00f3n de los expedientes de los proyectos ordinarios financiados con fondos del CODEDE, correspondientes al ejercicio fiscal [&hellip;]<\/p>\n","protected":false},"author":4,"featured_media":4476,"comment_status":"open","ping_status":"open","sticky":false,"template":"","format":"standard","meta":{"footnotes":""},"categories":[1],"tags":[],"class_list":["post-4475","post","type-post","status-publish","format-standard","has-post-thumbnail","hentry","category-anam"],"yoast_head":"<!-- This site is optimized with the Yoast SEO plugin v27.0 - https:\/\/yoast.com\/product\/yoast-seo-wordpress\/ -->\n<title>ANAM y SEGEPLAN coordinan acciones para impulsar proyectos del ejercicio fiscal 2025. - ANAM<\/title>\n<meta name=\"robots\" content=\"index, follow, max-snippet:-1, max-image-preview:large, max-video-preview:-1\" \/>\n<link rel=\"canonical\" href=\"https:\/\/anam.org.gt\/inicio\/anam-y-segeplan-coordinan-acciones-para-impulsar-proyectos-del-ejercicio-fiscal-2025\/\" \/>\n<meta property=\"og:locale\" content=\"es_ES\" \/>\n<meta property=\"og:type\" content=\"article\" \/>\n<meta property=\"og:title\" content=\"ANAM y SEGEPLAN coordinan acciones para impulsar proyectos del ejercicio fiscal 2025. - ANAM\" \/>\n<meta property=\"og:description\" content=\"El Director Ejecutivo de la Asociaci\u00f3n Nacional de Municipalidades de la Rep\u00fablica de Guatemala \u2013ANAM\u2013, Patric Gramajo Matsui, acompa\u00f1ado por varios alcaldes, sostuvo una reuni\u00f3n con el Subsecretario de SEGEPLAN, Enrique Estuardo Maldonado, para solicitar apoyo en la verificaci\u00f3n de los expedientes de los proyectos ordinarios financiados con fondos del CODEDE, correspondientes al ejercicio fiscal [&hellip;]\" \/>\n<meta property=\"og:url\" content=\"https:\/\/anam.org.gt\/inicio\/anam-y-segeplan-coordinan-acciones-para-impulsar-proyectos-del-ejercicio-fiscal-2025\/\" \/>\n<meta property=\"og:site_name\" content=\"ANAM\" \/>\n<meta property=\"article:publisher\" content=\"https:\/\/www.facebook.com\/ANAMGuatemala.org.gt\" \/>\n<meta property=\"article:published_time\" content=\"2025-08-13T17:12:47+00:00\" \/>\n<meta property=\"article:modified_time\" content=\"2025-08-25T17:13:45+00:00\" \/>\n<meta property=\"og:image\" content=\"https:\/\/anam.org.gt\/inicio\/wp-content\/uploads\/2025\/08\/image-9.png\" \/>\n\t<meta property=\"og:image:width\" content=\"1440\" \/>\n\t<meta property=\"og:image:height\" content=\"959\" \/>\n\t<meta property=\"og:image:type\" content=\"image\/png\" \/>\n<meta name=\"author\" content=\"admin\" \/>\n<meta name=\"twitter:card\" content=\"summary_large_image\" \/>\n<meta name=\"twitter:creator\" content=\"@ANAM_Guatemala\" \/>\n<meta name=\"twitter:site\" content=\"@ANAM_Guatemala\" \/>\n<meta name=\"twitter:label1\" content=\"Escrito por\" \/>\n\t<meta name=\"twitter:data1\" content=\"admin\" \/>\n\t<meta name=\"twitter:label2\" content=\"Tiempo de lectura\" \/>\n\t<meta name=\"twitter:data2\" content=\"1 minuto\" \/>\n<script type=\"application\/ld+json\" class=\"yoast-schema-graph\">{\"@context\":\"https:\/\/schema.org\",\"@graph\":[{\"@type\":\"Article\",\"@id\":\"https:\/\/anam.org.gt\/inicio\/anam-y-segeplan-coordinan-acciones-para-impulsar-proyectos-del-ejercicio-fiscal-2025\/#article\",\"isPartOf\":{\"@id\":\"https:\/\/anam.org.gt\/inicio\/anam-y-segeplan-coordinan-acciones-para-impulsar-proyectos-del-ejercicio-fiscal-2025\/\"},\"author\":{\"name\":\"admin\",\"@id\":\"https:\/\/anam.org.gt\/inicio\/#\/schema\/person\/568dcb3e3f73c87e66aedf646a399340\"},\"headline\":\"ANAM y SEGEPLAN coordinan acciones para impulsar proyectos del ejercicio fiscal 2025.\",\"datePublished\":\"2025-08-13T17:12:47+00:00\",\"dateModified\":\"2025-08-25T17:13:45+00:00\",\"mainEntityOfPage\":{\"@id\":\"https:\/\/anam.org.gt\/inicio\/anam-y-segeplan-coordinan-acciones-para-impulsar-proyectos-del-ejercicio-fiscal-2025\/\"},\"wordCount\":122,\"commentCount\":0,\"publisher\":{\"@id\":\"https:\/\/anam.org.gt\/inicio\/#organization\"},\"image\":{\"@id\":\"https:\/\/anam.org.gt\/inicio\/anam-y-segeplan-coordinan-acciones-para-impulsar-proyectos-del-ejercicio-fiscal-2025\/#primaryimage\"},\"thumbnailUrl\":\"https:\/\/anam.org.gt\/inicio\/wp-content\/uploads\/2025\/08\/image-9.png\",\"articleSection\":[\"ANAM\"],\"inLanguage\":\"es\",\"potentialAction\":[{\"@type\":\"CommentAction\",\"name\":\"Comment\",\"target\":[\"https:\/\/anam.org.gt\/inicio\/anam-y-segeplan-coordinan-acciones-para-impulsar-proyectos-del-ejercicio-fiscal-2025\/#respond\"]}]},{\"@type\":\"WebPage\",\"@id\":\"https:\/\/anam.org.gt\/inicio\/anam-y-segeplan-coordinan-acciones-para-impulsar-proyectos-del-ejercicio-fiscal-2025\/\",\"url\":\"https:\/\/anam.org.gt\/inicio\/anam-y-segeplan-coordinan-acciones-para-impulsar-proyectos-del-ejercicio-fiscal-2025\/\",\"name\":\"ANAM y SEGEPLAN coordinan acciones para impulsar proyectos del ejercicio fiscal 2025. - ANAM\",\"isPartOf\":{\"@id\":\"https:\/\/anam.org.gt\/inicio\/#website\"},\"primaryImageOfPage\":{\"@id\":\"https:\/\/anam.org.gt\/inicio\/anam-y-segeplan-coordinan-acciones-para-impulsar-proyectos-del-ejercicio-fiscal-2025\/#primaryimage\"},\"image\":{\"@id\":\"https:\/\/anam.org.gt\/inicio\/anam-y-segeplan-coordinan-acciones-para-impulsar-proyectos-del-ejercicio-fiscal-2025\/#primaryimage\"},\"thumbnailUrl\":\"https:\/\/anam.org.gt\/inicio\/wp-content\/uploads\/2025\/08\/image-9.png\",\"datePublished\":\"2025-08-13T17:12:47+00:00\",\"dateModified\":\"2025-08-25T17:13:45+00:00\",\"breadcrumb\":{\"@id\":\"https:\/\/anam.org.gt\/inicio\/anam-y-segeplan-coordinan-acciones-para-impulsar-proyectos-del-ejercicio-fiscal-2025\/#breadcrumb\"},\"inLanguage\":\"es\",\"potentialAction\":[{\"@type\":\"ReadAction\",\"target\":[\"https:\/\/anam.org.gt\/inicio\/anam-y-segeplan-coordinan-acciones-para-impulsar-proyectos-del-ejercicio-fiscal-2025\/\"]}]},{\"@type\":\"ImageObject\",\"inLanguage\":\"es\",\"@id\":\"https:\/\/anam.org.gt\/inicio\/anam-y-segeplan-coordinan-acciones-para-impulsar-proyectos-del-ejercicio-fiscal-2025\/#primaryimage\",\"url\":\"https:\/\/anam.org.gt\/inicio\/wp-content\/uploads\/2025\/08\/image-9.png\",\"contentUrl\":\"https:\/\/anam.org.gt\/inicio\/wp-content\/uploads\/2025\/08\/image-9.png\",\"width\":1440,\"height\":959},{\"@type\":\"BreadcrumbList\",\"@id\":\"https:\/\/anam.org.gt\/inicio\/anam-y-segeplan-coordinan-acciones-para-impulsar-proyectos-del-ejercicio-fiscal-2025\/#breadcrumb\",\"itemListElement\":[{\"@type\":\"ListItem\",\"position\":1,\"name\":\"Portada\",\"item\":\"https:\/\/anam.org.gt\/inicio\/\"},{\"@type\":\"ListItem\",\"position\":2,\"name\":\"ANAM y SEGEPLAN coordinan acciones para impulsar proyectos del ejercicio fiscal 2025.\"}]},{\"@type\":\"WebSite\",\"@id\":\"https:\/\/anam.org.gt\/inicio\/#website\",\"url\":\"https:\/\/anam.org.gt\/inicio\/\",\"name\":\"ANAM\",\"description\":\"Asociaci\u00f3n Nacional de Municipalidades de la Rep\u00fablica de Guatemala\",\"publisher\":{\"@id\":\"https:\/\/anam.org.gt\/inicio\/#organization\"},\"potentialAction\":[{\"@type\":\"SearchAction\",\"target\":{\"@type\":\"EntryPoint\",\"urlTemplate\":\"https:\/\/anam.org.gt\/inicio\/?s={search_term_string}\"},\"query-input\":{\"@type\":\"PropertyValueSpecification\",\"valueRequired\":true,\"valueName\":\"search_term_string\"}}],\"inLanguage\":\"es\"},{\"@type\":\"Organization\",\"@id\":\"https:\/\/anam.org.gt\/inicio\/#organization\",\"name\":\"Asociaci\u00f3n Nacional de Municipalidades de la Rep\u00fablica de Guatemala\",\"url\":\"https:\/\/anam.org.gt\/inicio\/\",\"logo\":{\"@type\":\"ImageObject\",\"inLanguage\":\"es\",\"@id\":\"https:\/\/anam.org.gt\/inicio\/#\/schema\/logo\/image\/\",\"url\":\"https:\/\/anam.org.gt\/inicio\/wp-content\/uploads\/2026\/02\/logo-anam-central-1.png\",\"contentUrl\":\"https:\/\/anam.org.gt\/inicio\/wp-content\/uploads\/2026\/02\/logo-anam-central-1.png\",\"width\":600,\"height\":280,\"caption\":\"Asociaci\u00f3n Nacional de Municipalidades de la Rep\u00fablica de Guatemala\"},\"image\":{\"@id\":\"https:\/\/anam.org.gt\/inicio\/#\/schema\/logo\/image\/\"},\"sameAs\":[\"https:\/\/www.facebook.com\/ANAMGuatemala.org.gt\",\"https:\/\/x.com\/ANAM_Guatemala\",\"https:\/\/www.instagram.com\/anam_guatemala\/?hl=es\"]},{\"@type\":\"Person\",\"@id\":\"https:\/\/anam.org.gt\/inicio\/#\/schema\/person\/568dcb3e3f73c87e66aedf646a399340\",\"name\":\"admin\",\"image\":{\"@type\":\"ImageObject\",\"inLanguage\":\"es\",\"@id\":\"https:\/\/anam.org.gt\/inicio\/#\/schema\/person\/image\/\",\"url\":\"https:\/\/secure.gravatar.com\/avatar\/e28deb147a21fce7c80709f121c112cdeff455f99e5227e39053d3fdbf557402?s=96&d=mm&r=g\",\"contentUrl\":\"https:\/\/secure.gravatar.com\/avatar\/e28deb147a21fce7c80709f121c112cdeff455f99e5227e39053d3fdbf557402?s=96&d=mm&r=g\",\"caption\":\"admin\"},\"url\":\"https:\/\/anam.org.gt\/inicio\/author\/admin\/\"}]}<\/script>\n<!-- \/ Yoast SEO plugin. -->","yoast_head_json":{"title":"ANAM y SEGEPLAN coordinan acciones para impulsar proyectos del ejercicio fiscal 2025. - ANAM","robots":{"index":"index","follow":"follow","max-snippet":"max-snippet:-1","max-image-preview":"max-image-preview:large","max-video-preview":"max-video-preview:-1"},"canonical":"https:\/\/anam.org.gt\/inicio\/anam-y-segeplan-coordinan-acciones-para-impulsar-proyectos-del-ejercicio-fiscal-2025\/","og_locale":"es_ES","og_type":"article","og_title":"ANAM y SEGEPLAN coordinan acciones para impulsar proyectos del ejercicio fiscal 2025. - ANAM","og_description":"El Director Ejecutivo de la Asociaci\u00f3n Nacional de Municipalidades de la Rep\u00fablica de Guatemala \u2013ANAM\u2013, Patric Gramajo Matsui, acompa\u00f1ado por varios alcaldes, sostuvo una reuni\u00f3n con el Subsecretario de SEGEPLAN, Enrique Estuardo Maldonado, para solicitar apoyo en la verificaci\u00f3n de los expedientes de los proyectos ordinarios financiados con fondos del CODEDE, correspondientes al ejercicio fiscal [&hellip;]","og_url":"https:\/\/anam.org.gt\/inicio\/anam-y-segeplan-coordinan-acciones-para-impulsar-proyectos-del-ejercicio-fiscal-2025\/","og_site_name":"ANAM","article_publisher":"https:\/\/www.facebook.com\/ANAMGuatemala.org.gt","article_published_time":"2025-08-13T17:12:47+00:00","article_modified_time":"2025-08-25T17:13:45+00:00","og_image":[{"width":1440,"height":959,"url":"https:\/\/anam.org.gt\/inicio\/wp-content\/uploads\/2025\/08\/image-9.png","type":"image\/png"}],"author":"admin","twitter_card":"summary_large_image","twitter_creator":"@ANAM_Guatemala","twitter_site":"@ANAM_Guatemala","twitter_misc":{"Escrito por":"admin","Tiempo de lectura":"1 minuto"},"schema":{"@context":"https:\/\/schema.org","@graph":[{"@type":"Article","@id":"https:\/\/anam.org.gt\/inicio\/anam-y-segeplan-coordinan-acciones-para-impulsar-proyectos-del-ejercicio-fiscal-2025\/#article","isPartOf":{"@id":"https:\/\/anam.org.gt\/inicio\/anam-y-segeplan-coordinan-acciones-para-impulsar-proyectos-del-ejercicio-fiscal-2025\/"},"author":{"name":"admin","@id":"https:\/\/anam.org.gt\/inicio\/#\/schema\/person\/568dcb3e3f73c87e66aedf646a399340"},"headline":"ANAM y SEGEPLAN coordinan acciones para impulsar proyectos del ejercicio fiscal 2025.","datePublished":"2025-08-13T17:12:47+00:00","dateModified":"2025-08-25T17:13:45+00:00","mainEntityOfPage":{"@id":"https:\/\/anam.org.gt\/inicio\/anam-y-segeplan-coordinan-acciones-para-impulsar-proyectos-del-ejercicio-fiscal-2025\/"},"wordCount":122,"commentCount":0,"publisher":{"@id":"https:\/\/anam.org.gt\/inicio\/#organization"},"image":{"@id":"https:\/\/anam.org.gt\/inicio\/anam-y-segeplan-coordinan-acciones-para-impulsar-proyectos-del-ejercicio-fiscal-2025\/#primaryimage"},"thumbnailUrl":"https:\/\/anam.org.gt\/inicio\/wp-content\/uploads\/2025\/08\/image-9.png","articleSection":["ANAM"],"inLanguage":"es","potentialAction":[{"@type":"CommentAction","name":"Comment","target":["https:\/\/anam.org.gt\/inicio\/anam-y-segeplan-coordinan-acciones-para-impulsar-proyectos-del-ejercicio-fiscal-2025\/#respond"]}]},{"@type":"WebPage","@id":"https:\/\/anam.org.gt\/inicio\/anam-y-segeplan-coordinan-acciones-para-impulsar-proyectos-del-ejercicio-fiscal-2025\/","url":"https:\/\/anam.org.gt\/inicio\/anam-y-segeplan-coordinan-acciones-para-impulsar-proyectos-del-ejercicio-fiscal-2025\/","name":"ANAM y SEGEPLAN coordinan acciones para impulsar proyectos del ejercicio fiscal 2025. - ANAM","isPartOf":{"@id":"https:\/\/anam.org.gt\/inicio\/#website"},"primaryImageOfPage":{"@id":"https:\/\/anam.org.gt\/inicio\/anam-y-segeplan-coordinan-acciones-para-impulsar-proyectos-del-ejercicio-fiscal-2025\/#primaryimage"},"image":{"@id":"https:\/\/anam.org.gt\/inicio\/anam-y-segeplan-coordinan-acciones-para-impulsar-proyectos-del-ejercicio-fiscal-2025\/#primaryimage"},"thumbnailUrl":"https:\/\/anam.org.gt\/inicio\/wp-content\/uploads\/2025\/08\/image-9.png","datePublished":"2025-08-13T17:12:47+00:00","dateModified":"2025-08-25T17:13:45+00:00","breadcrumb":{"@id":"https:\/\/anam.org.gt\/inicio\/anam-y-segeplan-coordinan-acciones-para-impulsar-proyectos-del-ejercicio-fiscal-2025\/#breadcrumb"},"inLanguage":"es","potentialAction":[{"@type":"ReadAction","target":["https:\/\/anam.org.gt\/inicio\/anam-y-segeplan-coordinan-acciones-para-impulsar-proyectos-del-ejercicio-fiscal-2025\/"]}]},{"@type":"ImageObject","inLanguage":"es","@id":"https:\/\/anam.org.gt\/inicio\/anam-y-segeplan-coordinan-acciones-para-impulsar-proyectos-del-ejercicio-fiscal-2025\/#primaryimage","url":"https:\/\/anam.org.gt\/inicio\/wp-content\/uploads\/2025\/08\/image-9.png","contentUrl":"https:\/\/anam.org.gt\/inicio\/wp-content\/uploads\/2025\/08\/image-9.png","width":1440,"height":959},{"@type":"BreadcrumbList","@id":"https:\/\/anam.org.gt\/inicio\/anam-y-segeplan-coordinan-acciones-para-impulsar-proyectos-del-ejercicio-fiscal-2025\/#breadcrumb","itemListElement":[{"@type":"ListItem","position":1,"name":"Portada","item":"https:\/\/anam.org.gt\/inicio\/"},{"@type":"ListItem","position":2,"name":"ANAM y SEGEPLAN coordinan acciones para impulsar proyectos del ejercicio fiscal 2025."}]},{"@type":"WebSite","@id":"https:\/\/anam.org.gt\/inicio\/#website","url":"https:\/\/anam.org.gt\/inicio\/","name":"ANAM","description":"Asociaci\u00f3n Nacional de Municipalidades de la Rep\u00fablica de Guatemala","publisher":{"@id":"https:\/\/anam.org.gt\/inicio\/#organization"},"potentialAction":[{"@type":"SearchAction","target":{"@type":"EntryPoint","urlTemplate":"https:\/\/anam.org.gt\/inicio\/?s={search_term_string}"},"query-input":{"@type":"PropertyValueSpecification","valueRequired":true,"valueName":"search_term_string"}}],"inLanguage":"es"},{"@type":"Organization","@id":"https:\/\/anam.org.gt\/inicio\/#organization","name":"Asociaci\u00f3n Nacional de Municipalidades de la Rep\u00fablica de Guatemala","url":"https:\/\/anam.org.gt\/inicio\/","logo":{"@type":"ImageObject","inLanguage":"es","@id":"https:\/\/anam.org.gt\/inicio\/#\/schema\/logo\/image\/","url":"https:\/\/anam.org.gt\/inicio\/wp-content\/uploads\/2026\/02\/logo-anam-central-1.png","contentUrl":"https:\/\/anam.org.gt\/inicio\/wp-content\/uploads\/2026\/02\/logo-anam-central-1.png","width":600,"height":280,"caption":"Asociaci\u00f3n Nacional de Municipalidades de la Rep\u00fablica de Guatemala"},"image":{"@id":"https:\/\/anam.org.gt\/inicio\/#\/schema\/logo\/image\/"},"sameAs":["https:\/\/www.facebook.com\/ANAMGuatemala.org.gt","https:\/\/x.com\/ANAM_Guatemala","https:\/\/www.instagram.com\/anam_guatemala\/?hl=es"]},{"@type":"Person","@id":"https:\/\/anam.org.gt\/inicio\/#\/schema\/person\/568dcb3e3f73c87e66aedf646a399340","name":"admin","image":{"@type":"ImageObject","inLanguage":"es","@id":"https:\/\/anam.org.gt\/inicio\/#\/schema\/person\/image\/","url":"https:\/\/secure.gravatar.com\/avatar\/e28deb147a21fce7c80709f121c112cdeff455f99e5227e39053d3fdbf557402?s=96&d=mm&r=g","contentUrl":"https:\/\/secure.gravatar.com\/avatar\/e28deb147a21fce7c80709f121c112cdeff455f99e5227e39053d3fdbf557402?s=96&d=mm&r=g","caption":"admin"},"url":"https:\/\/anam.org.gt\/inicio\/author\/admin\/"}]}},"_links":{"self":[{"href":"https:\/\/anam.org.gt\/inicio\/wp-json\/wp\/v2\/posts\/4475","targetHints":{"allow":["GET"]}}],"collection":[{"href":"https:\/\/anam.org.gt\/inicio\/wp-json\/wp\/v2\/posts"}],"about":[{"href":"https:\/\/anam.org.gt\/inicio\/wp-json\/wp\/v2\/types\/post"}],"author":[{"embeddable":true,"href":"https:\/\/anam.org.gt\/inicio\/wp-json\/wp\/v2\/users\/4"}],"replies":[{"embeddable":true,"href":"https:\/\/anam.org.gt\/inicio\/wp-json\/wp\/v2\/comments?post=4475"}],"version-history":[{"count":1,"href":"https:\/\/anam.org.gt\/inicio\/wp-json\/wp\/v2\/posts\/4475\/revisions"}],"predecessor-version":[{"id":4477,"href":"https:\/\/anam.org.gt\/inicio\/wp-json\/wp\/v2\/posts\/4475\/revisions\/4477"}],"wp:featuredmedia":[{"embeddable":true,"href":"https:\/\/anam.org.gt\/inicio\/wp-json\/wp\/v2\/media\/4476"}],"wp:attachment":[{"href":"https:\/\/anam.org.gt\/inicio\/wp-json\/wp\/v2\/media?parent=4475"}],"wp:term":[{"taxonomy":"category","embeddable":true,"href":"https:\/\/anam.org.gt\/inicio\/wp-json\/wp\/v2\/categories?post=4475"},{"taxonomy":"post_tag","embeddable":true,"href":"https:\/\/anam.org.gt\/inicio\/wp-json\/wp\/v2\/tags?post=4475"}],"curies":[{"name":"wp","href":"https:\/\/api.w.org\/{rel}","templated":true}]}}