{"id":4487,"date":"2025-08-19T17:20:17","date_gmt":"2025-08-19T17:20:17","guid":{"rendered":"https:\/\/anam.org.gt\/inicio\/?p=4487"},"modified":"2025-08-25T17:21:09","modified_gmt":"2025-08-25T17:21:09","slug":"anam-y-colegio-de-psicologos-firman-convenio-para-fortalecer-a-las-direcciones-municipales-de-la-mujer","status":"publish","type":"post","link":"https:\/\/anam.org.gt\/inicio\/anam-y-colegio-de-psicologos-firman-convenio-para-fortalecer-a-las-direcciones-municipales-de-la-mujer\/","title":{"rendered":"ANAM y Colegio de Psic\u00f3logos firman convenio para fortalecer a las Direcciones Municipales de la Mujer."},"content":{"rendered":"<p>Comprometidos con el desarrollo de las 340 municipalidades del pa\u00eds, la Asociaci\u00f3n Nacional de Municipalidades de la Rep\u00fablica de Guatemala \u2013ANAM\u2013 firm\u00f3 un convenio con el Colegio de Psic\u00f3logos de Guatemala, con el prop\u00f3sito de fortalecer el trabajo de las <strong>Direcciones Municipales de la Mujer (DMM)<\/strong>.<\/p><p>El acuerdo busca potenciar la capacidad de gesti\u00f3n y el acompa\u00f1amiento comunitario en cada municipio, brindando herramientas que permitan atender de manera integral las necesidades de las mujeres y promover su participaci\u00f3n activa en el desarrollo local.<\/p><p>Esta alianza reafirma el compromiso de ANAM de impulsar pol\u00edticas p\u00fablicas inclusivas y acciones concretas que fortalezcan el tejido social y el bienestar de las comunidades.<\/p>","protected":false},"excerpt":{"rendered":"<p>Comprometidos con el desarrollo de las 340 municipalidades del pa\u00eds, la Asociaci\u00f3n Nacional de Municipalidades de la Rep\u00fablica de Guatemala \u2013ANAM\u2013 firm\u00f3 un convenio con el Colegio de Psic\u00f3logos de Guatemala, con el prop\u00f3sito de fortalecer el trabajo de las Direcciones Municipales de la Mujer (DMM). El acuerdo busca potenciar la capacidad de gesti\u00f3n y [&hellip;]<\/p>\n","protected":false},"author":4,"featured_media":4488,"comment_status":"open","ping_status":"open","sticky":false,"template":"","format":"standard","meta":{"footnotes":""},"categories":[1],"tags":[],"class_list":["post-4487","post","type-post","status-publish","format-standard","has-post-thumbnail","hentry","category-anam"],"yoast_head":"<!-- This site is optimized with the Yoast SEO plugin v27.0 - https:\/\/yoast.com\/product\/yoast-seo-wordpress\/ -->\n<title>ANAM y Colegio de Psic\u00f3logos firman convenio para fortalecer a las Direcciones Municipales de la Mujer. - ANAM<\/title>\n<meta name=\"robots\" content=\"index, follow, max-snippet:-1, max-image-preview:large, max-video-preview:-1\" \/>\n<link rel=\"canonical\" href=\"https:\/\/anam.org.gt\/inicio\/anam-y-colegio-de-psicologos-firman-convenio-para-fortalecer-a-las-direcciones-municipales-de-la-mujer\/\" \/>\n<meta property=\"og:locale\" content=\"es_ES\" \/>\n<meta property=\"og:type\" content=\"article\" \/>\n<meta property=\"og:title\" content=\"ANAM y Colegio de Psic\u00f3logos firman convenio para fortalecer a las Direcciones Municipales de la Mujer. - ANAM\" \/>\n<meta property=\"og:description\" content=\"Comprometidos con el desarrollo de las 340 municipalidades del pa\u00eds, la Asociaci\u00f3n Nacional de Municipalidades de la Rep\u00fablica de Guatemala \u2013ANAM\u2013 firm\u00f3 un convenio con el Colegio de Psic\u00f3logos de Guatemala, con el prop\u00f3sito de fortalecer el trabajo de las Direcciones Municipales de la Mujer (DMM). El acuerdo busca potenciar la capacidad de gesti\u00f3n y [&hellip;]\" \/>\n<meta property=\"og:url\" content=\"https:\/\/anam.org.gt\/inicio\/anam-y-colegio-de-psicologos-firman-convenio-para-fortalecer-a-las-direcciones-municipales-de-la-mujer\/\" \/>\n<meta property=\"og:site_name\" content=\"ANAM\" \/>\n<meta property=\"article:publisher\" content=\"https:\/\/www.facebook.com\/ANAMGuatemala.org.gt\" \/>\n<meta property=\"article:published_time\" content=\"2025-08-19T17:20:17+00:00\" \/>\n<meta property=\"article:modified_time\" content=\"2025-08-25T17:21:09+00:00\" \/>\n<meta property=\"og:image\" content=\"https:\/\/anam.org.gt\/inicio\/wp-content\/uploads\/2025\/08\/image-13-1024x683.png\" \/>\n\t<meta property=\"og:image:width\" content=\"1024\" \/>\n\t<meta property=\"og:image:height\" content=\"683\" \/>\n\t<meta property=\"og:image:type\" content=\"image\/png\" \/>\n<meta name=\"author\" content=\"admin\" \/>\n<meta name=\"twitter:card\" content=\"summary_large_image\" \/>\n<meta name=\"twitter:creator\" content=\"@ANAM_Guatemala\" \/>\n<meta name=\"twitter:site\" content=\"@ANAM_Guatemala\" \/>\n<meta name=\"twitter:label1\" content=\"Escrito por\" \/>\n\t<meta name=\"twitter:data1\" content=\"admin\" \/>\n\t<meta name=\"twitter:label2\" content=\"Tiempo de lectura\" \/>\n\t<meta name=\"twitter:data2\" content=\"1 minuto\" \/>\n<script type=\"application\/ld+json\" class=\"yoast-schema-graph\">{\"@context\":\"https:\/\/schema.org\",\"@graph\":[{\"@type\":\"Article\",\"@id\":\"https:\/\/anam.org.gt\/inicio\/anam-y-colegio-de-psicologos-firman-convenio-para-fortalecer-a-las-direcciones-municipales-de-la-mujer\/#article\",\"isPartOf\":{\"@id\":\"https:\/\/anam.org.gt\/inicio\/anam-y-colegio-de-psicologos-firman-convenio-para-fortalecer-a-las-direcciones-municipales-de-la-mujer\/\"},\"author\":{\"name\":\"admin\",\"@id\":\"https:\/\/anam.org.gt\/inicio\/#\/schema\/person\/568dcb3e3f73c87e66aedf646a399340\"},\"headline\":\"ANAM y Colegio de Psic\u00f3logos firman convenio para fortalecer a las Direcciones Municipales de la Mujer.\",\"datePublished\":\"2025-08-19T17:20:17+00:00\",\"dateModified\":\"2025-08-25T17:21:09+00:00\",\"mainEntityOfPage\":{\"@id\":\"https:\/\/anam.org.gt\/inicio\/anam-y-colegio-de-psicologos-firman-convenio-para-fortalecer-a-las-direcciones-municipales-de-la-mujer\/\"},\"wordCount\":135,\"commentCount\":0,\"publisher\":{\"@id\":\"https:\/\/anam.org.gt\/inicio\/#organization\"},\"image\":{\"@id\":\"https:\/\/anam.org.gt\/inicio\/anam-y-colegio-de-psicologos-firman-convenio-para-fortalecer-a-las-direcciones-municipales-de-la-mujer\/#primaryimage\"},\"thumbnailUrl\":\"https:\/\/anam.org.gt\/inicio\/wp-content\/uploads\/2025\/08\/image-13.png\",\"articleSection\":[\"ANAM\"],\"inLanguage\":\"es\",\"potentialAction\":[{\"@type\":\"CommentAction\",\"name\":\"Comment\",\"target\":[\"https:\/\/anam.org.gt\/inicio\/anam-y-colegio-de-psicologos-firman-convenio-para-fortalecer-a-las-direcciones-municipales-de-la-mujer\/#respond\"]}]},{\"@type\":\"WebPage\",\"@id\":\"https:\/\/anam.org.gt\/inicio\/anam-y-colegio-de-psicologos-firman-convenio-para-fortalecer-a-las-direcciones-municipales-de-la-mujer\/\",\"url\":\"https:\/\/anam.org.gt\/inicio\/anam-y-colegio-de-psicologos-firman-convenio-para-fortalecer-a-las-direcciones-municipales-de-la-mujer\/\",\"name\":\"ANAM y Colegio de Psic\u00f3logos firman convenio para fortalecer a las Direcciones Municipales de la Mujer. - ANAM\",\"isPartOf\":{\"@id\":\"https:\/\/anam.org.gt\/inicio\/#website\"},\"primaryImageOfPage\":{\"@id\":\"https:\/\/anam.org.gt\/inicio\/anam-y-colegio-de-psicologos-firman-convenio-para-fortalecer-a-las-direcciones-municipales-de-la-mujer\/#primaryimage\"},\"image\":{\"@id\":\"https:\/\/anam.org.gt\/inicio\/anam-y-colegio-de-psicologos-firman-convenio-para-fortalecer-a-las-direcciones-municipales-de-la-mujer\/#primaryimage\"},\"thumbnailUrl\":\"https:\/\/anam.org.gt\/inicio\/wp-content\/uploads\/2025\/08\/image-13.png\",\"datePublished\":\"2025-08-19T17:20:17+00:00\",\"dateModified\":\"2025-08-25T17:21:09+00:00\",\"breadcrumb\":{\"@id\":\"https:\/\/anam.org.gt\/inicio\/anam-y-colegio-de-psicologos-firman-convenio-para-fortalecer-a-las-direcciones-municipales-de-la-mujer\/#breadcrumb\"},\"inLanguage\":\"es\",\"potentialAction\":[{\"@type\":\"ReadAction\",\"target\":[\"https:\/\/anam.org.gt\/inicio\/anam-y-colegio-de-psicologos-firman-convenio-para-fortalecer-a-las-direcciones-municipales-de-la-mujer\/\"]}]},{\"@type\":\"ImageObject\",\"inLanguage\":\"es\",\"@id\":\"https:\/\/anam.org.gt\/inicio\/anam-y-colegio-de-psicologos-firman-convenio-para-fortalecer-a-las-direcciones-municipales-de-la-mujer\/#primaryimage\",\"url\":\"https:\/\/anam.org.gt\/inicio\/wp-content\/uploads\/2025\/08\/image-13.png\",\"contentUrl\":\"https:\/\/anam.org.gt\/inicio\/wp-content\/uploads\/2025\/08\/image-13.png\",\"width\":2048,\"height\":1366},{\"@type\":\"BreadcrumbList\",\"@id\":\"https:\/\/anam.org.gt\/inicio\/anam-y-colegio-de-psicologos-firman-convenio-para-fortalecer-a-las-direcciones-municipales-de-la-mujer\/#breadcrumb\",\"itemListElement\":[{\"@type\":\"ListItem\",\"position\":1,\"name\":\"Portada\",\"item\":\"https:\/\/anam.org.gt\/inicio\/\"},{\"@type\":\"ListItem\",\"position\":2,\"name\":\"ANAM y Colegio de Psic\u00f3logos firman convenio para fortalecer a las Direcciones Municipales de la Mujer.\"}]},{\"@type\":\"WebSite\",\"@id\":\"https:\/\/anam.org.gt\/inicio\/#website\",\"url\":\"https:\/\/anam.org.gt\/inicio\/\",\"name\":\"ANAM\",\"description\":\"Asociaci\u00f3n Nacional de Municipalidades de la Rep\u00fablica de Guatemala\",\"publisher\":{\"@id\":\"https:\/\/anam.org.gt\/inicio\/#organization\"},\"potentialAction\":[{\"@type\":\"SearchAction\",\"target\":{\"@type\":\"EntryPoint\",\"urlTemplate\":\"https:\/\/anam.org.gt\/inicio\/?s={search_term_string}\"},\"query-input\":{\"@type\":\"PropertyValueSpecification\",\"valueRequired\":true,\"valueName\":\"search_term_string\"}}],\"inLanguage\":\"es\"},{\"@type\":\"Organization\",\"@id\":\"https:\/\/anam.org.gt\/inicio\/#organization\",\"name\":\"Asociaci\u00f3n Nacional de Municipalidades de la Rep\u00fablica de Guatemala\",\"url\":\"https:\/\/anam.org.gt\/inicio\/\",\"logo\":{\"@type\":\"ImageObject\",\"inLanguage\":\"es\",\"@id\":\"https:\/\/anam.org.gt\/inicio\/#\/schema\/logo\/image\/\",\"url\":\"https:\/\/anam.org.gt\/inicio\/wp-content\/uploads\/2026\/02\/logo-anam-central-1.png\",\"contentUrl\":\"https:\/\/anam.org.gt\/inicio\/wp-content\/uploads\/2026\/02\/logo-anam-central-1.png\",\"width\":600,\"height\":280,\"caption\":\"Asociaci\u00f3n Nacional de Municipalidades de la Rep\u00fablica de Guatemala\"},\"image\":{\"@id\":\"https:\/\/anam.org.gt\/inicio\/#\/schema\/logo\/image\/\"},\"sameAs\":[\"https:\/\/www.facebook.com\/ANAMGuatemala.org.gt\",\"https:\/\/x.com\/ANAM_Guatemala\",\"https:\/\/www.instagram.com\/anam_guatemala\/?hl=es\"]},{\"@type\":\"Person\",\"@id\":\"https:\/\/anam.org.gt\/inicio\/#\/schema\/person\/568dcb3e3f73c87e66aedf646a399340\",\"name\":\"admin\",\"image\":{\"@type\":\"ImageObject\",\"inLanguage\":\"es\",\"@id\":\"https:\/\/anam.org.gt\/inicio\/#\/schema\/person\/image\/\",\"url\":\"https:\/\/secure.gravatar.com\/avatar\/e28deb147a21fce7c80709f121c112cdeff455f99e5227e39053d3fdbf557402?s=96&d=mm&r=g\",\"contentUrl\":\"https:\/\/secure.gravatar.com\/avatar\/e28deb147a21fce7c80709f121c112cdeff455f99e5227e39053d3fdbf557402?s=96&d=mm&r=g\",\"caption\":\"admin\"},\"url\":\"https:\/\/anam.org.gt\/inicio\/author\/admin\/\"}]}<\/script>\n<!-- \/ Yoast SEO plugin. -->","yoast_head_json":{"title":"ANAM y Colegio de Psic\u00f3logos firman convenio para fortalecer a las Direcciones Municipales de la Mujer. - ANAM","robots":{"index":"index","follow":"follow","max-snippet":"max-snippet:-1","max-image-preview":"max-image-preview:large","max-video-preview":"max-video-preview:-1"},"canonical":"https:\/\/anam.org.gt\/inicio\/anam-y-colegio-de-psicologos-firman-convenio-para-fortalecer-a-las-direcciones-municipales-de-la-mujer\/","og_locale":"es_ES","og_type":"article","og_title":"ANAM y Colegio de Psic\u00f3logos firman convenio para fortalecer a las Direcciones Municipales de la Mujer. - ANAM","og_description":"Comprometidos con el desarrollo de las 340 municipalidades del pa\u00eds, la Asociaci\u00f3n Nacional de Municipalidades de la Rep\u00fablica de Guatemala \u2013ANAM\u2013 firm\u00f3 un convenio con el Colegio de Psic\u00f3logos de Guatemala, con el prop\u00f3sito de fortalecer el trabajo de las Direcciones Municipales de la Mujer (DMM). El acuerdo busca potenciar la capacidad de gesti\u00f3n y [&hellip;]","og_url":"https:\/\/anam.org.gt\/inicio\/anam-y-colegio-de-psicologos-firman-convenio-para-fortalecer-a-las-direcciones-municipales-de-la-mujer\/","og_site_name":"ANAM","article_publisher":"https:\/\/www.facebook.com\/ANAMGuatemala.org.gt","article_published_time":"2025-08-19T17:20:17+00:00","article_modified_time":"2025-08-25T17:21:09+00:00","og_image":[{"width":1024,"height":683,"url":"https:\/\/anam.org.gt\/inicio\/wp-content\/uploads\/2025\/08\/image-13-1024x683.png","type":"image\/png"}],"author":"admin","twitter_card":"summary_large_image","twitter_creator":"@ANAM_Guatemala","twitter_site":"@ANAM_Guatemala","twitter_misc":{"Escrito por":"admin","Tiempo de lectura":"1 minuto"},"schema":{"@context":"https:\/\/schema.org","@graph":[{"@type":"Article","@id":"https:\/\/anam.org.gt\/inicio\/anam-y-colegio-de-psicologos-firman-convenio-para-fortalecer-a-las-direcciones-municipales-de-la-mujer\/#article","isPartOf":{"@id":"https:\/\/anam.org.gt\/inicio\/anam-y-colegio-de-psicologos-firman-convenio-para-fortalecer-a-las-direcciones-municipales-de-la-mujer\/"},"author":{"name":"admin","@id":"https:\/\/anam.org.gt\/inicio\/#\/schema\/person\/568dcb3e3f73c87e66aedf646a399340"},"headline":"ANAM y Colegio de Psic\u00f3logos firman convenio para fortalecer a las Direcciones Municipales de la Mujer.","datePublished":"2025-08-19T17:20:17+00:00","dateModified":"2025-08-25T17:21:09+00:00","mainEntityOfPage":{"@id":"https:\/\/anam.org.gt\/inicio\/anam-y-colegio-de-psicologos-firman-convenio-para-fortalecer-a-las-direcciones-municipales-de-la-mujer\/"},"wordCount":135,"commentCount":0,"publisher":{"@id":"https:\/\/anam.org.gt\/inicio\/#organization"},"image":{"@id":"https:\/\/anam.org.gt\/inicio\/anam-y-colegio-de-psicologos-firman-convenio-para-fortalecer-a-las-direcciones-municipales-de-la-mujer\/#primaryimage"},"thumbnailUrl":"https:\/\/anam.org.gt\/inicio\/wp-content\/uploads\/2025\/08\/image-13.png","articleSection":["ANAM"],"inLanguage":"es","potentialAction":[{"@type":"CommentAction","name":"Comment","target":["https:\/\/anam.org.gt\/inicio\/anam-y-colegio-de-psicologos-firman-convenio-para-fortalecer-a-las-direcciones-municipales-de-la-mujer\/#respond"]}]},{"@type":"WebPage","@id":"https:\/\/anam.org.gt\/inicio\/anam-y-colegio-de-psicologos-firman-convenio-para-fortalecer-a-las-direcciones-municipales-de-la-mujer\/","url":"https:\/\/anam.org.gt\/inicio\/anam-y-colegio-de-psicologos-firman-convenio-para-fortalecer-a-las-direcciones-municipales-de-la-mujer\/","name":"ANAM y Colegio de Psic\u00f3logos firman convenio para fortalecer a las Direcciones Municipales de la Mujer. - ANAM","isPartOf":{"@id":"https:\/\/anam.org.gt\/inicio\/#website"},"primaryImageOfPage":{"@id":"https:\/\/anam.org.gt\/inicio\/anam-y-colegio-de-psicologos-firman-convenio-para-fortalecer-a-las-direcciones-municipales-de-la-mujer\/#primaryimage"},"image":{"@id":"https:\/\/anam.org.gt\/inicio\/anam-y-colegio-de-psicologos-firman-convenio-para-fortalecer-a-las-direcciones-municipales-de-la-mujer\/#primaryimage"},"thumbnailUrl":"https:\/\/anam.org.gt\/inicio\/wp-content\/uploads\/2025\/08\/image-13.png","datePublished":"2025-08-19T17:20:17+00:00","dateModified":"2025-08-25T17:21:09+00:00","breadcrumb":{"@id":"https:\/\/anam.org.gt\/inicio\/anam-y-colegio-de-psicologos-firman-convenio-para-fortalecer-a-las-direcciones-municipales-de-la-mujer\/#breadcrumb"},"inLanguage":"es","potentialAction":[{"@type":"ReadAction","target":["https:\/\/anam.org.gt\/inicio\/anam-y-colegio-de-psicologos-firman-convenio-para-fortalecer-a-las-direcciones-municipales-de-la-mujer\/"]}]},{"@type":"ImageObject","inLanguage":"es","@id":"https:\/\/anam.org.gt\/inicio\/anam-y-colegio-de-psicologos-firman-convenio-para-fortalecer-a-las-direcciones-municipales-de-la-mujer\/#primaryimage","url":"https:\/\/anam.org.gt\/inicio\/wp-content\/uploads\/2025\/08\/image-13.png","contentUrl":"https:\/\/anam.org.gt\/inicio\/wp-content\/uploads\/2025\/08\/image-13.png","width":2048,"height":1366},{"@type":"BreadcrumbList","@id":"https:\/\/anam.org.gt\/inicio\/anam-y-colegio-de-psicologos-firman-convenio-para-fortalecer-a-las-direcciones-municipales-de-la-mujer\/#breadcrumb","itemListElement":[{"@type":"ListItem","position":1,"name":"Portada","item":"https:\/\/anam.org.gt\/inicio\/"},{"@type":"ListItem","position":2,"name":"ANAM y Colegio de Psic\u00f3logos firman convenio para fortalecer a las Direcciones Municipales de la Mujer."}]},{"@type":"WebSite","@id":"https:\/\/anam.org.gt\/inicio\/#website","url":"https:\/\/anam.org.gt\/inicio\/","name":"ANAM","description":"Asociaci\u00f3n Nacional de Municipalidades de la Rep\u00fablica de Guatemala","publisher":{"@id":"https:\/\/anam.org.gt\/inicio\/#organization"},"potentialAction":[{"@type":"SearchAction","target":{"@type":"EntryPoint","urlTemplate":"https:\/\/anam.org.gt\/inicio\/?s={search_term_string}"},"query-input":{"@type":"PropertyValueSpecification","valueRequired":true,"valueName":"search_term_string"}}],"inLanguage":"es"},{"@type":"Organization","@id":"https:\/\/anam.org.gt\/inicio\/#organization","name":"Asociaci\u00f3n Nacional de Municipalidades de la Rep\u00fablica de Guatemala","url":"https:\/\/anam.org.gt\/inicio\/","logo":{"@type":"ImageObject","inLanguage":"es","@id":"https:\/\/anam.org.gt\/inicio\/#\/schema\/logo\/image\/","url":"https:\/\/anam.org.gt\/inicio\/wp-content\/uploads\/2026\/02\/logo-anam-central-1.png","contentUrl":"https:\/\/anam.org.gt\/inicio\/wp-content\/uploads\/2026\/02\/logo-anam-central-1.png","width":600,"height":280,"caption":"Asociaci\u00f3n Nacional de Municipalidades de la Rep\u00fablica de Guatemala"},"image":{"@id":"https:\/\/anam.org.gt\/inicio\/#\/schema\/logo\/image\/"},"sameAs":["https:\/\/www.facebook.com\/ANAMGuatemala.org.gt","https:\/\/x.com\/ANAM_Guatemala","https:\/\/www.instagram.com\/anam_guatemala\/?hl=es"]},{"@type":"Person","@id":"https:\/\/anam.org.gt\/inicio\/#\/schema\/person\/568dcb3e3f73c87e66aedf646a399340","name":"admin","image":{"@type":"ImageObject","inLanguage":"es","@id":"https:\/\/anam.org.gt\/inicio\/#\/schema\/person\/image\/","url":"https:\/\/secure.gravatar.com\/avatar\/e28deb147a21fce7c80709f121c112cdeff455f99e5227e39053d3fdbf557402?s=96&d=mm&r=g","contentUrl":"https:\/\/secure.gravatar.com\/avatar\/e28deb147a21fce7c80709f121c112cdeff455f99e5227e39053d3fdbf557402?s=96&d=mm&r=g","caption":"admin"},"url":"https:\/\/anam.org.gt\/inicio\/author\/admin\/"}]}},"_links":{"self":[{"href":"https:\/\/anam.org.gt\/inicio\/wp-json\/wp\/v2\/posts\/4487","targetHints":{"allow":["GET"]}}],"collection":[{"href":"https:\/\/anam.org.gt\/inicio\/wp-json\/wp\/v2\/posts"}],"about":[{"href":"https:\/\/anam.org.gt\/inicio\/wp-json\/wp\/v2\/types\/post"}],"author":[{"embeddable":true,"href":"https:\/\/anam.org.gt\/inicio\/wp-json\/wp\/v2\/users\/4"}],"replies":[{"embeddable":true,"href":"https:\/\/anam.org.gt\/inicio\/wp-json\/wp\/v2\/comments?post=4487"}],"version-history":[{"count":1,"href":"https:\/\/anam.org.gt\/inicio\/wp-json\/wp\/v2\/posts\/4487\/revisions"}],"predecessor-version":[{"id":4489,"href":"https:\/\/anam.org.gt\/inicio\/wp-json\/wp\/v2\/posts\/4487\/revisions\/4489"}],"wp:featuredmedia":[{"embeddable":true,"href":"https:\/\/anam.org.gt\/inicio\/wp-json\/wp\/v2\/media\/4488"}],"wp:attachment":[{"href":"https:\/\/anam.org.gt\/inicio\/wp-json\/wp\/v2\/media?parent=4487"}],"wp:term":[{"taxonomy":"category","embeddable":true,"href":"https:\/\/anam.org.gt\/inicio\/wp-json\/wp\/v2\/categories?post=4487"},{"taxonomy":"post_tag","embeddable":true,"href":"https:\/\/anam.org.gt\/inicio\/wp-json\/wp\/v2\/tags?post=4487"}],"curies":[{"name":"wp","href":"https:\/\/api.w.org\/{rel}","templated":true}]}}