{"id":4745,"date":"2025-08-28T16:36:43","date_gmt":"2025-08-28T16:36:43","guid":{"rendered":"https:\/\/anam.org.gt\/inicio\/?p=4745"},"modified":"2025-09-24T16:38:13","modified_gmt":"2025-09-24T16:38:13","slug":"anam-fortalece-capacidades-municipales-en-baja-verapaz-con-jornada-sobre-normas-legales-y-financieras","status":"publish","type":"post","link":"https:\/\/anam.org.gt\/inicio\/anam-fortalece-capacidades-municipales-en-baja-verapaz-con-jornada-sobre-normas-legales-y-financieras\/","title":{"rendered":"ANAM fortalece capacidades municipales en Baja Verapaz con jornada sobre normas legales y financieras"},"content":{"rendered":"<p>El Director Ejecutivo de la Asociaci\u00f3n Nacional de Municipalidades (ANAM), <strong>Patric Gramajo<\/strong>, junto al equipo t\u00e9cnico institucional, encabez\u00f3 una jornada de capacitaci\u00f3n dirigida a las municipalidades de Baja Verapaz con el prop\u00f3sito de fortalecer las competencias del personal en <strong>Normas de Inter\u00e9s Legal y Financiero en materia presupuestaria<\/strong>.<\/p><p>Durante la actividad se abordaron herramientas pr\u00e1cticas para la <strong>planificaci\u00f3n, ejecuci\u00f3n y control de los recursos<\/strong>, con \u00e9nfasis en la correcta aplicaci\u00f3n de la normativa vigente y en la mejora de los procesos internos de gesti\u00f3n p\u00fablica.<\/p><p>La iniciativa reafirma el compromiso del <strong>Presidente de ANAM, Sebasti\u00e1n Siero<\/strong>, de trabajar de la mano con los alcaldes para <strong>promover asistencia t\u00e9cnica y capacitaci\u00f3n especializada<\/strong> que contribuyan al <strong>fortalecimiento institucional y a la autonom\u00eda municipal<\/strong>. Desde ANAM se destac\u00f3 que estas acciones buscan elevar los est\u00e1ndares de transparencia y eficiencia en el uso de los fondos, impactando de forma directa en la calidad de los servicios que reciben los vecinos.<\/p><p>Con este esfuerzo, ANAM contin\u00faa consolidando una agenda de apoyo t\u00e9cnico permanente para que las corporaciones municipales cuenten con <strong>capacidades actualizadas<\/strong>, mejores <strong>mecanismos de control presupuestario<\/strong> y una gesti\u00f3n alineada a la ley y a los resultados.<\/p>","protected":false},"excerpt":{"rendered":"<p>El Director Ejecutivo de la Asociaci\u00f3n Nacional de Municipalidades (ANAM), Patric Gramajo, junto al equipo t\u00e9cnico institucional, encabez\u00f3 una jornada de capacitaci\u00f3n dirigida a las municipalidades de Baja Verapaz con el prop\u00f3sito de fortalecer las competencias del personal en Normas de Inter\u00e9s Legal y Financiero en materia presupuestaria. Durante la actividad se abordaron herramientas pr\u00e1cticas [&hellip;]<\/p>\n","protected":false},"author":4,"featured_media":4746,"comment_status":"open","ping_status":"open","sticky":false,"template":"","format":"standard","meta":{"footnotes":""},"categories":[1],"tags":[],"class_list":["post-4745","post","type-post","status-publish","format-standard","has-post-thumbnail","hentry","category-anam"],"yoast_head":"<!-- This site is optimized with the Yoast SEO plugin v27.0 - https:\/\/yoast.com\/product\/yoast-seo-wordpress\/ -->\n<title>ANAM fortalece capacidades municipales en Baja Verapaz con jornada sobre normas legales y financieras - ANAM<\/title>\n<meta name=\"robots\" content=\"index, follow, max-snippet:-1, max-image-preview:large, max-video-preview:-1\" \/>\n<link rel=\"canonical\" href=\"https:\/\/anam.org.gt\/inicio\/anam-fortalece-capacidades-municipales-en-baja-verapaz-con-jornada-sobre-normas-legales-y-financieras\/\" \/>\n<meta property=\"og:locale\" content=\"es_ES\" \/>\n<meta property=\"og:type\" content=\"article\" \/>\n<meta property=\"og:title\" content=\"ANAM fortalece capacidades municipales en Baja Verapaz con jornada sobre normas legales y financieras - ANAM\" \/>\n<meta property=\"og:description\" content=\"El Director Ejecutivo de la Asociaci\u00f3n Nacional de Municipalidades (ANAM), Patric Gramajo, junto al equipo t\u00e9cnico institucional, encabez\u00f3 una jornada de capacitaci\u00f3n dirigida a las municipalidades de Baja Verapaz con el prop\u00f3sito de fortalecer las competencias del personal en Normas de Inter\u00e9s Legal y Financiero en materia presupuestaria. Durante la actividad se abordaron herramientas pr\u00e1cticas [&hellip;]\" \/>\n<meta property=\"og:url\" content=\"https:\/\/anam.org.gt\/inicio\/anam-fortalece-capacidades-municipales-en-baja-verapaz-con-jornada-sobre-normas-legales-y-financieras\/\" \/>\n<meta property=\"og:site_name\" content=\"ANAM\" \/>\n<meta property=\"article:publisher\" content=\"https:\/\/www.facebook.com\/ANAMGuatemala.org.gt\" \/>\n<meta property=\"article:published_time\" content=\"2025-08-28T16:36:43+00:00\" \/>\n<meta property=\"article:modified_time\" content=\"2025-09-24T16:38:13+00:00\" \/>\n<meta property=\"og:image\" content=\"https:\/\/anam.org.gt\/inicio\/wp-content\/uploads\/2025\/09\/image.png\" \/>\n\t<meta property=\"og:image:width\" content=\"1440\" \/>\n\t<meta property=\"og:image:height\" content=\"960\" \/>\n\t<meta property=\"og:image:type\" content=\"image\/png\" \/>\n<meta name=\"author\" content=\"admin\" \/>\n<meta name=\"twitter:card\" content=\"summary_large_image\" \/>\n<meta name=\"twitter:creator\" content=\"@ANAM_Guatemala\" \/>\n<meta name=\"twitter:site\" content=\"@ANAM_Guatemala\" \/>\n<meta name=\"twitter:label1\" content=\"Escrito por\" \/>\n\t<meta name=\"twitter:data1\" content=\"admin\" \/>\n\t<meta name=\"twitter:label2\" content=\"Tiempo de lectura\" \/>\n\t<meta name=\"twitter:data2\" content=\"1 minuto\" \/>\n<script type=\"application\/ld+json\" class=\"yoast-schema-graph\">{\"@context\":\"https:\/\/schema.org\",\"@graph\":[{\"@type\":\"Article\",\"@id\":\"https:\/\/anam.org.gt\/inicio\/anam-fortalece-capacidades-municipales-en-baja-verapaz-con-jornada-sobre-normas-legales-y-financieras\/#article\",\"isPartOf\":{\"@id\":\"https:\/\/anam.org.gt\/inicio\/anam-fortalece-capacidades-municipales-en-baja-verapaz-con-jornada-sobre-normas-legales-y-financieras\/\"},\"author\":{\"name\":\"admin\",\"@id\":\"https:\/\/anam.org.gt\/inicio\/#\/schema\/person\/568dcb3e3f73c87e66aedf646a399340\"},\"headline\":\"ANAM fortalece capacidades municipales en Baja Verapaz con jornada sobre normas legales y financieras\",\"datePublished\":\"2025-08-28T16:36:43+00:00\",\"dateModified\":\"2025-09-24T16:38:13+00:00\",\"mainEntityOfPage\":{\"@id\":\"https:\/\/anam.org.gt\/inicio\/anam-fortalece-capacidades-municipales-en-baja-verapaz-con-jornada-sobre-normas-legales-y-financieras\/\"},\"wordCount\":226,\"commentCount\":0,\"publisher\":{\"@id\":\"https:\/\/anam.org.gt\/inicio\/#organization\"},\"image\":{\"@id\":\"https:\/\/anam.org.gt\/inicio\/anam-fortalece-capacidades-municipales-en-baja-verapaz-con-jornada-sobre-normas-legales-y-financieras\/#primaryimage\"},\"thumbnailUrl\":\"https:\/\/anam.org.gt\/inicio\/wp-content\/uploads\/2025\/09\/image.png\",\"articleSection\":[\"ANAM\"],\"inLanguage\":\"es\",\"potentialAction\":[{\"@type\":\"CommentAction\",\"name\":\"Comment\",\"target\":[\"https:\/\/anam.org.gt\/inicio\/anam-fortalece-capacidades-municipales-en-baja-verapaz-con-jornada-sobre-normas-legales-y-financieras\/#respond\"]}]},{\"@type\":\"WebPage\",\"@id\":\"https:\/\/anam.org.gt\/inicio\/anam-fortalece-capacidades-municipales-en-baja-verapaz-con-jornada-sobre-normas-legales-y-financieras\/\",\"url\":\"https:\/\/anam.org.gt\/inicio\/anam-fortalece-capacidades-municipales-en-baja-verapaz-con-jornada-sobre-normas-legales-y-financieras\/\",\"name\":\"ANAM fortalece capacidades municipales en Baja Verapaz con jornada sobre normas legales y financieras - ANAM\",\"isPartOf\":{\"@id\":\"https:\/\/anam.org.gt\/inicio\/#website\"},\"primaryImageOfPage\":{\"@id\":\"https:\/\/anam.org.gt\/inicio\/anam-fortalece-capacidades-municipales-en-baja-verapaz-con-jornada-sobre-normas-legales-y-financieras\/#primaryimage\"},\"image\":{\"@id\":\"https:\/\/anam.org.gt\/inicio\/anam-fortalece-capacidades-municipales-en-baja-verapaz-con-jornada-sobre-normas-legales-y-financieras\/#primaryimage\"},\"thumbnailUrl\":\"https:\/\/anam.org.gt\/inicio\/wp-content\/uploads\/2025\/09\/image.png\",\"datePublished\":\"2025-08-28T16:36:43+00:00\",\"dateModified\":\"2025-09-24T16:38:13+00:00\",\"breadcrumb\":{\"@id\":\"https:\/\/anam.org.gt\/inicio\/anam-fortalece-capacidades-municipales-en-baja-verapaz-con-jornada-sobre-normas-legales-y-financieras\/#breadcrumb\"},\"inLanguage\":\"es\",\"potentialAction\":[{\"@type\":\"ReadAction\",\"target\":[\"https:\/\/anam.org.gt\/inicio\/anam-fortalece-capacidades-municipales-en-baja-verapaz-con-jornada-sobre-normas-legales-y-financieras\/\"]}]},{\"@type\":\"ImageObject\",\"inLanguage\":\"es\",\"@id\":\"https:\/\/anam.org.gt\/inicio\/anam-fortalece-capacidades-municipales-en-baja-verapaz-con-jornada-sobre-normas-legales-y-financieras\/#primaryimage\",\"url\":\"https:\/\/anam.org.gt\/inicio\/wp-content\/uploads\/2025\/09\/image.png\",\"contentUrl\":\"https:\/\/anam.org.gt\/inicio\/wp-content\/uploads\/2025\/09\/image.png\",\"width\":1440,\"height\":960},{\"@type\":\"BreadcrumbList\",\"@id\":\"https:\/\/anam.org.gt\/inicio\/anam-fortalece-capacidades-municipales-en-baja-verapaz-con-jornada-sobre-normas-legales-y-financieras\/#breadcrumb\",\"itemListElement\":[{\"@type\":\"ListItem\",\"position\":1,\"name\":\"Portada\",\"item\":\"https:\/\/anam.org.gt\/inicio\/\"},{\"@type\":\"ListItem\",\"position\":2,\"name\":\"ANAM fortalece capacidades municipales en Baja Verapaz con jornada sobre normas legales y financieras\"}]},{\"@type\":\"WebSite\",\"@id\":\"https:\/\/anam.org.gt\/inicio\/#website\",\"url\":\"https:\/\/anam.org.gt\/inicio\/\",\"name\":\"ANAM\",\"description\":\"Asociaci\u00f3n Nacional de Municipalidades de la Rep\u00fablica de Guatemala\",\"publisher\":{\"@id\":\"https:\/\/anam.org.gt\/inicio\/#organization\"},\"potentialAction\":[{\"@type\":\"SearchAction\",\"target\":{\"@type\":\"EntryPoint\",\"urlTemplate\":\"https:\/\/anam.org.gt\/inicio\/?s={search_term_string}\"},\"query-input\":{\"@type\":\"PropertyValueSpecification\",\"valueRequired\":true,\"valueName\":\"search_term_string\"}}],\"inLanguage\":\"es\"},{\"@type\":\"Organization\",\"@id\":\"https:\/\/anam.org.gt\/inicio\/#organization\",\"name\":\"Asociaci\u00f3n Nacional de Municipalidades de la Rep\u00fablica de Guatemala\",\"url\":\"https:\/\/anam.org.gt\/inicio\/\",\"logo\":{\"@type\":\"ImageObject\",\"inLanguage\":\"es\",\"@id\":\"https:\/\/anam.org.gt\/inicio\/#\/schema\/logo\/image\/\",\"url\":\"https:\/\/anam.org.gt\/inicio\/wp-content\/uploads\/2026\/02\/logo-anam-central-1.png\",\"contentUrl\":\"https:\/\/anam.org.gt\/inicio\/wp-content\/uploads\/2026\/02\/logo-anam-central-1.png\",\"width\":600,\"height\":280,\"caption\":\"Asociaci\u00f3n Nacional de Municipalidades de la Rep\u00fablica de Guatemala\"},\"image\":{\"@id\":\"https:\/\/anam.org.gt\/inicio\/#\/schema\/logo\/image\/\"},\"sameAs\":[\"https:\/\/www.facebook.com\/ANAMGuatemala.org.gt\",\"https:\/\/x.com\/ANAM_Guatemala\",\"https:\/\/www.instagram.com\/anam_guatemala\/?hl=es\"]},{\"@type\":\"Person\",\"@id\":\"https:\/\/anam.org.gt\/inicio\/#\/schema\/person\/568dcb3e3f73c87e66aedf646a399340\",\"name\":\"admin\",\"image\":{\"@type\":\"ImageObject\",\"inLanguage\":\"es\",\"@id\":\"https:\/\/anam.org.gt\/inicio\/#\/schema\/person\/image\/\",\"url\":\"https:\/\/secure.gravatar.com\/avatar\/e28deb147a21fce7c80709f121c112cdeff455f99e5227e39053d3fdbf557402?s=96&d=mm&r=g\",\"contentUrl\":\"https:\/\/secure.gravatar.com\/avatar\/e28deb147a21fce7c80709f121c112cdeff455f99e5227e39053d3fdbf557402?s=96&d=mm&r=g\",\"caption\":\"admin\"},\"url\":\"https:\/\/anam.org.gt\/inicio\/author\/admin\/\"}]}<\/script>\n<!-- \/ Yoast SEO plugin. -->","yoast_head_json":{"title":"ANAM fortalece capacidades municipales en Baja Verapaz con jornada sobre normas legales y financieras - ANAM","robots":{"index":"index","follow":"follow","max-snippet":"max-snippet:-1","max-image-preview":"max-image-preview:large","max-video-preview":"max-video-preview:-1"},"canonical":"https:\/\/anam.org.gt\/inicio\/anam-fortalece-capacidades-municipales-en-baja-verapaz-con-jornada-sobre-normas-legales-y-financieras\/","og_locale":"es_ES","og_type":"article","og_title":"ANAM fortalece capacidades municipales en Baja Verapaz con jornada sobre normas legales y financieras - ANAM","og_description":"El Director Ejecutivo de la Asociaci\u00f3n Nacional de Municipalidades (ANAM), Patric Gramajo, junto al equipo t\u00e9cnico institucional, encabez\u00f3 una jornada de capacitaci\u00f3n dirigida a las municipalidades de Baja Verapaz con el prop\u00f3sito de fortalecer las competencias del personal en Normas de Inter\u00e9s Legal y Financiero en materia presupuestaria. Durante la actividad se abordaron herramientas pr\u00e1cticas [&hellip;]","og_url":"https:\/\/anam.org.gt\/inicio\/anam-fortalece-capacidades-municipales-en-baja-verapaz-con-jornada-sobre-normas-legales-y-financieras\/","og_site_name":"ANAM","article_publisher":"https:\/\/www.facebook.com\/ANAMGuatemala.org.gt","article_published_time":"2025-08-28T16:36:43+00:00","article_modified_time":"2025-09-24T16:38:13+00:00","og_image":[{"width":1440,"height":960,"url":"https:\/\/anam.org.gt\/inicio\/wp-content\/uploads\/2025\/09\/image.png","type":"image\/png"}],"author":"admin","twitter_card":"summary_large_image","twitter_creator":"@ANAM_Guatemala","twitter_site":"@ANAM_Guatemala","twitter_misc":{"Escrito por":"admin","Tiempo de lectura":"1 minuto"},"schema":{"@context":"https:\/\/schema.org","@graph":[{"@type":"Article","@id":"https:\/\/anam.org.gt\/inicio\/anam-fortalece-capacidades-municipales-en-baja-verapaz-con-jornada-sobre-normas-legales-y-financieras\/#article","isPartOf":{"@id":"https:\/\/anam.org.gt\/inicio\/anam-fortalece-capacidades-municipales-en-baja-verapaz-con-jornada-sobre-normas-legales-y-financieras\/"},"author":{"name":"admin","@id":"https:\/\/anam.org.gt\/inicio\/#\/schema\/person\/568dcb3e3f73c87e66aedf646a399340"},"headline":"ANAM fortalece capacidades municipales en Baja Verapaz con jornada sobre normas legales y financieras","datePublished":"2025-08-28T16:36:43+00:00","dateModified":"2025-09-24T16:38:13+00:00","mainEntityOfPage":{"@id":"https:\/\/anam.org.gt\/inicio\/anam-fortalece-capacidades-municipales-en-baja-verapaz-con-jornada-sobre-normas-legales-y-financieras\/"},"wordCount":226,"commentCount":0,"publisher":{"@id":"https:\/\/anam.org.gt\/inicio\/#organization"},"image":{"@id":"https:\/\/anam.org.gt\/inicio\/anam-fortalece-capacidades-municipales-en-baja-verapaz-con-jornada-sobre-normas-legales-y-financieras\/#primaryimage"},"thumbnailUrl":"https:\/\/anam.org.gt\/inicio\/wp-content\/uploads\/2025\/09\/image.png","articleSection":["ANAM"],"inLanguage":"es","potentialAction":[{"@type":"CommentAction","name":"Comment","target":["https:\/\/anam.org.gt\/inicio\/anam-fortalece-capacidades-municipales-en-baja-verapaz-con-jornada-sobre-normas-legales-y-financieras\/#respond"]}]},{"@type":"WebPage","@id":"https:\/\/anam.org.gt\/inicio\/anam-fortalece-capacidades-municipales-en-baja-verapaz-con-jornada-sobre-normas-legales-y-financieras\/","url":"https:\/\/anam.org.gt\/inicio\/anam-fortalece-capacidades-municipales-en-baja-verapaz-con-jornada-sobre-normas-legales-y-financieras\/","name":"ANAM fortalece capacidades municipales en Baja Verapaz con jornada sobre normas legales y financieras - ANAM","isPartOf":{"@id":"https:\/\/anam.org.gt\/inicio\/#website"},"primaryImageOfPage":{"@id":"https:\/\/anam.org.gt\/inicio\/anam-fortalece-capacidades-municipales-en-baja-verapaz-con-jornada-sobre-normas-legales-y-financieras\/#primaryimage"},"image":{"@id":"https:\/\/anam.org.gt\/inicio\/anam-fortalece-capacidades-municipales-en-baja-verapaz-con-jornada-sobre-normas-legales-y-financieras\/#primaryimage"},"thumbnailUrl":"https:\/\/anam.org.gt\/inicio\/wp-content\/uploads\/2025\/09\/image.png","datePublished":"2025-08-28T16:36:43+00:00","dateModified":"2025-09-24T16:38:13+00:00","breadcrumb":{"@id":"https:\/\/anam.org.gt\/inicio\/anam-fortalece-capacidades-municipales-en-baja-verapaz-con-jornada-sobre-normas-legales-y-financieras\/#breadcrumb"},"inLanguage":"es","potentialAction":[{"@type":"ReadAction","target":["https:\/\/anam.org.gt\/inicio\/anam-fortalece-capacidades-municipales-en-baja-verapaz-con-jornada-sobre-normas-legales-y-financieras\/"]}]},{"@type":"ImageObject","inLanguage":"es","@id":"https:\/\/anam.org.gt\/inicio\/anam-fortalece-capacidades-municipales-en-baja-verapaz-con-jornada-sobre-normas-legales-y-financieras\/#primaryimage","url":"https:\/\/anam.org.gt\/inicio\/wp-content\/uploads\/2025\/09\/image.png","contentUrl":"https:\/\/anam.org.gt\/inicio\/wp-content\/uploads\/2025\/09\/image.png","width":1440,"height":960},{"@type":"BreadcrumbList","@id":"https:\/\/anam.org.gt\/inicio\/anam-fortalece-capacidades-municipales-en-baja-verapaz-con-jornada-sobre-normas-legales-y-financieras\/#breadcrumb","itemListElement":[{"@type":"ListItem","position":1,"name":"Portada","item":"https:\/\/anam.org.gt\/inicio\/"},{"@type":"ListItem","position":2,"name":"ANAM fortalece capacidades municipales en Baja Verapaz con jornada sobre normas legales y financieras"}]},{"@type":"WebSite","@id":"https:\/\/anam.org.gt\/inicio\/#website","url":"https:\/\/anam.org.gt\/inicio\/","name":"ANAM","description":"Asociaci\u00f3n Nacional de Municipalidades de la Rep\u00fablica de Guatemala","publisher":{"@id":"https:\/\/anam.org.gt\/inicio\/#organization"},"potentialAction":[{"@type":"SearchAction","target":{"@type":"EntryPoint","urlTemplate":"https:\/\/anam.org.gt\/inicio\/?s={search_term_string}"},"query-input":{"@type":"PropertyValueSpecification","valueRequired":true,"valueName":"search_term_string"}}],"inLanguage":"es"},{"@type":"Organization","@id":"https:\/\/anam.org.gt\/inicio\/#organization","name":"Asociaci\u00f3n Nacional de Municipalidades de la Rep\u00fablica de Guatemala","url":"https:\/\/anam.org.gt\/inicio\/","logo":{"@type":"ImageObject","inLanguage":"es","@id":"https:\/\/anam.org.gt\/inicio\/#\/schema\/logo\/image\/","url":"https:\/\/anam.org.gt\/inicio\/wp-content\/uploads\/2026\/02\/logo-anam-central-1.png","contentUrl":"https:\/\/anam.org.gt\/inicio\/wp-content\/uploads\/2026\/02\/logo-anam-central-1.png","width":600,"height":280,"caption":"Asociaci\u00f3n Nacional de Municipalidades de la Rep\u00fablica de Guatemala"},"image":{"@id":"https:\/\/anam.org.gt\/inicio\/#\/schema\/logo\/image\/"},"sameAs":["https:\/\/www.facebook.com\/ANAMGuatemala.org.gt","https:\/\/x.com\/ANAM_Guatemala","https:\/\/www.instagram.com\/anam_guatemala\/?hl=es"]},{"@type":"Person","@id":"https:\/\/anam.org.gt\/inicio\/#\/schema\/person\/568dcb3e3f73c87e66aedf646a399340","name":"admin","image":{"@type":"ImageObject","inLanguage":"es","@id":"https:\/\/anam.org.gt\/inicio\/#\/schema\/person\/image\/","url":"https:\/\/secure.gravatar.com\/avatar\/e28deb147a21fce7c80709f121c112cdeff455f99e5227e39053d3fdbf557402?s=96&d=mm&r=g","contentUrl":"https:\/\/secure.gravatar.com\/avatar\/e28deb147a21fce7c80709f121c112cdeff455f99e5227e39053d3fdbf557402?s=96&d=mm&r=g","caption":"admin"},"url":"https:\/\/anam.org.gt\/inicio\/author\/admin\/"}]}},"_links":{"self":[{"href":"https:\/\/anam.org.gt\/inicio\/wp-json\/wp\/v2\/posts\/4745","targetHints":{"allow":["GET"]}}],"collection":[{"href":"https:\/\/anam.org.gt\/inicio\/wp-json\/wp\/v2\/posts"}],"about":[{"href":"https:\/\/anam.org.gt\/inicio\/wp-json\/wp\/v2\/types\/post"}],"author":[{"embeddable":true,"href":"https:\/\/anam.org.gt\/inicio\/wp-json\/wp\/v2\/users\/4"}],"replies":[{"embeddable":true,"href":"https:\/\/anam.org.gt\/inicio\/wp-json\/wp\/v2\/comments?post=4745"}],"version-history":[{"count":1,"href":"https:\/\/anam.org.gt\/inicio\/wp-json\/wp\/v2\/posts\/4745\/revisions"}],"predecessor-version":[{"id":4747,"href":"https:\/\/anam.org.gt\/inicio\/wp-json\/wp\/v2\/posts\/4745\/revisions\/4747"}],"wp:featuredmedia":[{"embeddable":true,"href":"https:\/\/anam.org.gt\/inicio\/wp-json\/wp\/v2\/media\/4746"}],"wp:attachment":[{"href":"https:\/\/anam.org.gt\/inicio\/wp-json\/wp\/v2\/media?parent=4745"}],"wp:term":[{"taxonomy":"category","embeddable":true,"href":"https:\/\/anam.org.gt\/inicio\/wp-json\/wp\/v2\/categories?post=4745"},{"taxonomy":"post_tag","embeddable":true,"href":"https:\/\/anam.org.gt\/inicio\/wp-json\/wp\/v2\/tags?post=4745"}],"curies":[{"name":"wp","href":"https:\/\/api.w.org\/{rel}","templated":true}]}}