{"id":4751,"date":"2025-09-10T16:42:55","date_gmt":"2025-09-10T16:42:55","guid":{"rendered":"https:\/\/anam.org.gt\/inicio\/?p=4751"},"modified":"2025-09-24T16:43:41","modified_gmt":"2025-09-24T16:43:41","slug":"alcalde-de-usumatlan-respalda-a-anam-en-agenda-de-desarrollo-y-autonomia-municipal","status":"publish","type":"post","link":"https:\/\/anam.org.gt\/inicio\/alcalde-de-usumatlan-respalda-a-anam-en-agenda-de-desarrollo-y-autonomia-municipal\/","title":{"rendered":"Alcalde de Usumatl\u00e1n respalda a ANAM en agenda de desarrollo y autonom\u00eda municipal"},"content":{"rendered":"<p>El presidente de la Asociaci\u00f3n Nacional de Municipalidades (ANAM), <strong>Sebasti\u00e1n Siero<\/strong>, sostuvo una reuni\u00f3n de trabajo con el alcalde de Usumatl\u00e1n, <strong>Andi Natanael Pacheco V\u00e1squez<\/strong>. Durante el encuentro se identificaron oportunidades para <strong>impulsar el desarrollo local y fortalecer la autonom\u00eda municipal<\/strong>, ejes prioritarios de la agenda que encabezan el Presidente de ANAM y la Junta Directiva.<\/p><p>El jefe edil <strong>expres\u00f3 su total respaldo<\/strong> a la gesti\u00f3n del presidente Siero y a las iniciativas que promueven <strong>asistencia t\u00e9cnica, articulaci\u00f3n interinstitucional y mejora de la gesti\u00f3n municipal<\/strong> con impacto directo en los vecinos. ANAM reiter\u00f3 su compromiso de continuar acompa\u00f1ando a las corporaciones municipales con acciones que <strong>eleven la eficiencia administrativa, la transparencia y la calidad de los servicios p\u00fablicos<\/strong>.<\/p><p><\/p>","protected":false},"excerpt":{"rendered":"<p>El presidente de la Asociaci\u00f3n Nacional de Municipalidades (ANAM), Sebasti\u00e1n Siero, sostuvo una reuni\u00f3n de trabajo con el alcalde de Usumatl\u00e1n, Andi Natanael Pacheco V\u00e1squez. Durante el encuentro se identificaron oportunidades para impulsar el desarrollo local y fortalecer la autonom\u00eda municipal, ejes prioritarios de la agenda que encabezan el Presidente de ANAM y la Junta [&hellip;]<\/p>\n","protected":false},"author":4,"featured_media":4752,"comment_status":"open","ping_status":"open","sticky":false,"template":"","format":"standard","meta":{"footnotes":""},"categories":[1],"tags":[],"class_list":["post-4751","post","type-post","status-publish","format-standard","has-post-thumbnail","hentry","category-anam"],"yoast_head":"<!-- This site is optimized with the Yoast SEO plugin v27.0 - https:\/\/yoast.com\/product\/yoast-seo-wordpress\/ -->\n<title>Alcalde de Usumatl\u00e1n respalda a ANAM en agenda de desarrollo y autonom\u00eda municipal - ANAM<\/title>\n<meta name=\"robots\" content=\"index, follow, max-snippet:-1, max-image-preview:large, max-video-preview:-1\" \/>\n<link rel=\"canonical\" href=\"https:\/\/anam.org.gt\/inicio\/alcalde-de-usumatlan-respalda-a-anam-en-agenda-de-desarrollo-y-autonomia-municipal\/\" \/>\n<meta property=\"og:locale\" content=\"es_ES\" \/>\n<meta property=\"og:type\" content=\"article\" \/>\n<meta property=\"og:title\" content=\"Alcalde de Usumatl\u00e1n respalda a ANAM en agenda de desarrollo y autonom\u00eda municipal - ANAM\" \/>\n<meta property=\"og:description\" content=\"El presidente de la Asociaci\u00f3n Nacional de Municipalidades (ANAM), Sebasti\u00e1n Siero, sostuvo una reuni\u00f3n de trabajo con el alcalde de Usumatl\u00e1n, Andi Natanael Pacheco V\u00e1squez. Durante el encuentro se identificaron oportunidades para impulsar el desarrollo local y fortalecer la autonom\u00eda municipal, ejes prioritarios de la agenda que encabezan el Presidente de ANAM y la Junta [&hellip;]\" \/>\n<meta property=\"og:url\" content=\"https:\/\/anam.org.gt\/inicio\/alcalde-de-usumatlan-respalda-a-anam-en-agenda-de-desarrollo-y-autonomia-municipal\/\" \/>\n<meta property=\"og:site_name\" content=\"ANAM\" \/>\n<meta property=\"article:publisher\" content=\"https:\/\/www.facebook.com\/ANAMGuatemala.org.gt\" \/>\n<meta property=\"article:published_time\" content=\"2025-09-10T16:42:55+00:00\" \/>\n<meta property=\"article:modified_time\" content=\"2025-09-24T16:43:41+00:00\" \/>\n<meta property=\"og:image\" content=\"https:\/\/anam.org.gt\/inicio\/wp-content\/uploads\/2025\/09\/image-2.png\" \/>\n\t<meta property=\"og:image:width\" content=\"1440\" \/>\n\t<meta property=\"og:image:height\" content=\"1080\" \/>\n\t<meta property=\"og:image:type\" content=\"image\/png\" \/>\n<meta name=\"author\" content=\"admin\" \/>\n<meta name=\"twitter:card\" content=\"summary_large_image\" \/>\n<meta name=\"twitter:creator\" content=\"@ANAM_Guatemala\" \/>\n<meta name=\"twitter:site\" content=\"@ANAM_Guatemala\" \/>\n<meta name=\"twitter:label1\" content=\"Escrito por\" \/>\n\t<meta name=\"twitter:data1\" content=\"admin\" \/>\n\t<meta name=\"twitter:label2\" content=\"Tiempo de lectura\" \/>\n\t<meta name=\"twitter:data2\" content=\"1 minuto\" \/>\n<script type=\"application\/ld+json\" class=\"yoast-schema-graph\">{\"@context\":\"https:\/\/schema.org\",\"@graph\":[{\"@type\":\"Article\",\"@id\":\"https:\/\/anam.org.gt\/inicio\/alcalde-de-usumatlan-respalda-a-anam-en-agenda-de-desarrollo-y-autonomia-municipal\/#article\",\"isPartOf\":{\"@id\":\"https:\/\/anam.org.gt\/inicio\/alcalde-de-usumatlan-respalda-a-anam-en-agenda-de-desarrollo-y-autonomia-municipal\/\"},\"author\":{\"name\":\"admin\",\"@id\":\"https:\/\/anam.org.gt\/inicio\/#\/schema\/person\/568dcb3e3f73c87e66aedf646a399340\"},\"headline\":\"Alcalde de Usumatl\u00e1n respalda a ANAM en agenda de desarrollo y autonom\u00eda municipal\",\"datePublished\":\"2025-09-10T16:42:55+00:00\",\"dateModified\":\"2025-09-24T16:43:41+00:00\",\"mainEntityOfPage\":{\"@id\":\"https:\/\/anam.org.gt\/inicio\/alcalde-de-usumatlan-respalda-a-anam-en-agenda-de-desarrollo-y-autonomia-municipal\/\"},\"wordCount\":145,\"commentCount\":0,\"publisher\":{\"@id\":\"https:\/\/anam.org.gt\/inicio\/#organization\"},\"image\":{\"@id\":\"https:\/\/anam.org.gt\/inicio\/alcalde-de-usumatlan-respalda-a-anam-en-agenda-de-desarrollo-y-autonomia-municipal\/#primaryimage\"},\"thumbnailUrl\":\"https:\/\/anam.org.gt\/inicio\/wp-content\/uploads\/2025\/09\/image-2.png\",\"articleSection\":[\"ANAM\"],\"inLanguage\":\"es\",\"potentialAction\":[{\"@type\":\"CommentAction\",\"name\":\"Comment\",\"target\":[\"https:\/\/anam.org.gt\/inicio\/alcalde-de-usumatlan-respalda-a-anam-en-agenda-de-desarrollo-y-autonomia-municipal\/#respond\"]}]},{\"@type\":\"WebPage\",\"@id\":\"https:\/\/anam.org.gt\/inicio\/alcalde-de-usumatlan-respalda-a-anam-en-agenda-de-desarrollo-y-autonomia-municipal\/\",\"url\":\"https:\/\/anam.org.gt\/inicio\/alcalde-de-usumatlan-respalda-a-anam-en-agenda-de-desarrollo-y-autonomia-municipal\/\",\"name\":\"Alcalde de Usumatl\u00e1n respalda a ANAM en agenda de desarrollo y autonom\u00eda municipal - ANAM\",\"isPartOf\":{\"@id\":\"https:\/\/anam.org.gt\/inicio\/#website\"},\"primaryImageOfPage\":{\"@id\":\"https:\/\/anam.org.gt\/inicio\/alcalde-de-usumatlan-respalda-a-anam-en-agenda-de-desarrollo-y-autonomia-municipal\/#primaryimage\"},\"image\":{\"@id\":\"https:\/\/anam.org.gt\/inicio\/alcalde-de-usumatlan-respalda-a-anam-en-agenda-de-desarrollo-y-autonomia-municipal\/#primaryimage\"},\"thumbnailUrl\":\"https:\/\/anam.org.gt\/inicio\/wp-content\/uploads\/2025\/09\/image-2.png\",\"datePublished\":\"2025-09-10T16:42:55+00:00\",\"dateModified\":\"2025-09-24T16:43:41+00:00\",\"breadcrumb\":{\"@id\":\"https:\/\/anam.org.gt\/inicio\/alcalde-de-usumatlan-respalda-a-anam-en-agenda-de-desarrollo-y-autonomia-municipal\/#breadcrumb\"},\"inLanguage\":\"es\",\"potentialAction\":[{\"@type\":\"ReadAction\",\"target\":[\"https:\/\/anam.org.gt\/inicio\/alcalde-de-usumatlan-respalda-a-anam-en-agenda-de-desarrollo-y-autonomia-municipal\/\"]}]},{\"@type\":\"ImageObject\",\"inLanguage\":\"es\",\"@id\":\"https:\/\/anam.org.gt\/inicio\/alcalde-de-usumatlan-respalda-a-anam-en-agenda-de-desarrollo-y-autonomia-municipal\/#primaryimage\",\"url\":\"https:\/\/anam.org.gt\/inicio\/wp-content\/uploads\/2025\/09\/image-2.png\",\"contentUrl\":\"https:\/\/anam.org.gt\/inicio\/wp-content\/uploads\/2025\/09\/image-2.png\",\"width\":1440,\"height\":1080},{\"@type\":\"BreadcrumbList\",\"@id\":\"https:\/\/anam.org.gt\/inicio\/alcalde-de-usumatlan-respalda-a-anam-en-agenda-de-desarrollo-y-autonomia-municipal\/#breadcrumb\",\"itemListElement\":[{\"@type\":\"ListItem\",\"position\":1,\"name\":\"Portada\",\"item\":\"https:\/\/anam.org.gt\/inicio\/\"},{\"@type\":\"ListItem\",\"position\":2,\"name\":\"Alcalde de Usumatl\u00e1n respalda a ANAM en agenda de desarrollo y autonom\u00eda municipal\"}]},{\"@type\":\"WebSite\",\"@id\":\"https:\/\/anam.org.gt\/inicio\/#website\",\"url\":\"https:\/\/anam.org.gt\/inicio\/\",\"name\":\"ANAM\",\"description\":\"Asociaci\u00f3n Nacional de Municipalidades de la Rep\u00fablica de Guatemala\",\"publisher\":{\"@id\":\"https:\/\/anam.org.gt\/inicio\/#organization\"},\"potentialAction\":[{\"@type\":\"SearchAction\",\"target\":{\"@type\":\"EntryPoint\",\"urlTemplate\":\"https:\/\/anam.org.gt\/inicio\/?s={search_term_string}\"},\"query-input\":{\"@type\":\"PropertyValueSpecification\",\"valueRequired\":true,\"valueName\":\"search_term_string\"}}],\"inLanguage\":\"es\"},{\"@type\":\"Organization\",\"@id\":\"https:\/\/anam.org.gt\/inicio\/#organization\",\"name\":\"Asociaci\u00f3n Nacional de Municipalidades de la Rep\u00fablica de Guatemala\",\"url\":\"https:\/\/anam.org.gt\/inicio\/\",\"logo\":{\"@type\":\"ImageObject\",\"inLanguage\":\"es\",\"@id\":\"https:\/\/anam.org.gt\/inicio\/#\/schema\/logo\/image\/\",\"url\":\"https:\/\/anam.org.gt\/inicio\/wp-content\/uploads\/2026\/02\/logo-anam-central-1.png\",\"contentUrl\":\"https:\/\/anam.org.gt\/inicio\/wp-content\/uploads\/2026\/02\/logo-anam-central-1.png\",\"width\":600,\"height\":280,\"caption\":\"Asociaci\u00f3n Nacional de Municipalidades de la Rep\u00fablica de Guatemala\"},\"image\":{\"@id\":\"https:\/\/anam.org.gt\/inicio\/#\/schema\/logo\/image\/\"},\"sameAs\":[\"https:\/\/www.facebook.com\/ANAMGuatemala.org.gt\",\"https:\/\/x.com\/ANAM_Guatemala\",\"https:\/\/www.instagram.com\/anam_guatemala\/?hl=es\"]},{\"@type\":\"Person\",\"@id\":\"https:\/\/anam.org.gt\/inicio\/#\/schema\/person\/568dcb3e3f73c87e66aedf646a399340\",\"name\":\"admin\",\"image\":{\"@type\":\"ImageObject\",\"inLanguage\":\"es\",\"@id\":\"https:\/\/anam.org.gt\/inicio\/#\/schema\/person\/image\/\",\"url\":\"https:\/\/secure.gravatar.com\/avatar\/e28deb147a21fce7c80709f121c112cdeff455f99e5227e39053d3fdbf557402?s=96&d=mm&r=g\",\"contentUrl\":\"https:\/\/secure.gravatar.com\/avatar\/e28deb147a21fce7c80709f121c112cdeff455f99e5227e39053d3fdbf557402?s=96&d=mm&r=g\",\"caption\":\"admin\"},\"url\":\"https:\/\/anam.org.gt\/inicio\/author\/admin\/\"}]}<\/script>\n<!-- \/ Yoast SEO plugin. -->","yoast_head_json":{"title":"Alcalde de Usumatl\u00e1n respalda a ANAM en agenda de desarrollo y autonom\u00eda municipal - ANAM","robots":{"index":"index","follow":"follow","max-snippet":"max-snippet:-1","max-image-preview":"max-image-preview:large","max-video-preview":"max-video-preview:-1"},"canonical":"https:\/\/anam.org.gt\/inicio\/alcalde-de-usumatlan-respalda-a-anam-en-agenda-de-desarrollo-y-autonomia-municipal\/","og_locale":"es_ES","og_type":"article","og_title":"Alcalde de Usumatl\u00e1n respalda a ANAM en agenda de desarrollo y autonom\u00eda municipal - ANAM","og_description":"El presidente de la Asociaci\u00f3n Nacional de Municipalidades (ANAM), Sebasti\u00e1n Siero, sostuvo una reuni\u00f3n de trabajo con el alcalde de Usumatl\u00e1n, Andi Natanael Pacheco V\u00e1squez. Durante el encuentro se identificaron oportunidades para impulsar el desarrollo local y fortalecer la autonom\u00eda municipal, ejes prioritarios de la agenda que encabezan el Presidente de ANAM y la Junta [&hellip;]","og_url":"https:\/\/anam.org.gt\/inicio\/alcalde-de-usumatlan-respalda-a-anam-en-agenda-de-desarrollo-y-autonomia-municipal\/","og_site_name":"ANAM","article_publisher":"https:\/\/www.facebook.com\/ANAMGuatemala.org.gt","article_published_time":"2025-09-10T16:42:55+00:00","article_modified_time":"2025-09-24T16:43:41+00:00","og_image":[{"width":1440,"height":1080,"url":"https:\/\/anam.org.gt\/inicio\/wp-content\/uploads\/2025\/09\/image-2.png","type":"image\/png"}],"author":"admin","twitter_card":"summary_large_image","twitter_creator":"@ANAM_Guatemala","twitter_site":"@ANAM_Guatemala","twitter_misc":{"Escrito por":"admin","Tiempo de lectura":"1 minuto"},"schema":{"@context":"https:\/\/schema.org","@graph":[{"@type":"Article","@id":"https:\/\/anam.org.gt\/inicio\/alcalde-de-usumatlan-respalda-a-anam-en-agenda-de-desarrollo-y-autonomia-municipal\/#article","isPartOf":{"@id":"https:\/\/anam.org.gt\/inicio\/alcalde-de-usumatlan-respalda-a-anam-en-agenda-de-desarrollo-y-autonomia-municipal\/"},"author":{"name":"admin","@id":"https:\/\/anam.org.gt\/inicio\/#\/schema\/person\/568dcb3e3f73c87e66aedf646a399340"},"headline":"Alcalde de Usumatl\u00e1n respalda a ANAM en agenda de desarrollo y autonom\u00eda municipal","datePublished":"2025-09-10T16:42:55+00:00","dateModified":"2025-09-24T16:43:41+00:00","mainEntityOfPage":{"@id":"https:\/\/anam.org.gt\/inicio\/alcalde-de-usumatlan-respalda-a-anam-en-agenda-de-desarrollo-y-autonomia-municipal\/"},"wordCount":145,"commentCount":0,"publisher":{"@id":"https:\/\/anam.org.gt\/inicio\/#organization"},"image":{"@id":"https:\/\/anam.org.gt\/inicio\/alcalde-de-usumatlan-respalda-a-anam-en-agenda-de-desarrollo-y-autonomia-municipal\/#primaryimage"},"thumbnailUrl":"https:\/\/anam.org.gt\/inicio\/wp-content\/uploads\/2025\/09\/image-2.png","articleSection":["ANAM"],"inLanguage":"es","potentialAction":[{"@type":"CommentAction","name":"Comment","target":["https:\/\/anam.org.gt\/inicio\/alcalde-de-usumatlan-respalda-a-anam-en-agenda-de-desarrollo-y-autonomia-municipal\/#respond"]}]},{"@type":"WebPage","@id":"https:\/\/anam.org.gt\/inicio\/alcalde-de-usumatlan-respalda-a-anam-en-agenda-de-desarrollo-y-autonomia-municipal\/","url":"https:\/\/anam.org.gt\/inicio\/alcalde-de-usumatlan-respalda-a-anam-en-agenda-de-desarrollo-y-autonomia-municipal\/","name":"Alcalde de Usumatl\u00e1n respalda a ANAM en agenda de desarrollo y autonom\u00eda municipal - ANAM","isPartOf":{"@id":"https:\/\/anam.org.gt\/inicio\/#website"},"primaryImageOfPage":{"@id":"https:\/\/anam.org.gt\/inicio\/alcalde-de-usumatlan-respalda-a-anam-en-agenda-de-desarrollo-y-autonomia-municipal\/#primaryimage"},"image":{"@id":"https:\/\/anam.org.gt\/inicio\/alcalde-de-usumatlan-respalda-a-anam-en-agenda-de-desarrollo-y-autonomia-municipal\/#primaryimage"},"thumbnailUrl":"https:\/\/anam.org.gt\/inicio\/wp-content\/uploads\/2025\/09\/image-2.png","datePublished":"2025-09-10T16:42:55+00:00","dateModified":"2025-09-24T16:43:41+00:00","breadcrumb":{"@id":"https:\/\/anam.org.gt\/inicio\/alcalde-de-usumatlan-respalda-a-anam-en-agenda-de-desarrollo-y-autonomia-municipal\/#breadcrumb"},"inLanguage":"es","potentialAction":[{"@type":"ReadAction","target":["https:\/\/anam.org.gt\/inicio\/alcalde-de-usumatlan-respalda-a-anam-en-agenda-de-desarrollo-y-autonomia-municipal\/"]}]},{"@type":"ImageObject","inLanguage":"es","@id":"https:\/\/anam.org.gt\/inicio\/alcalde-de-usumatlan-respalda-a-anam-en-agenda-de-desarrollo-y-autonomia-municipal\/#primaryimage","url":"https:\/\/anam.org.gt\/inicio\/wp-content\/uploads\/2025\/09\/image-2.png","contentUrl":"https:\/\/anam.org.gt\/inicio\/wp-content\/uploads\/2025\/09\/image-2.png","width":1440,"height":1080},{"@type":"BreadcrumbList","@id":"https:\/\/anam.org.gt\/inicio\/alcalde-de-usumatlan-respalda-a-anam-en-agenda-de-desarrollo-y-autonomia-municipal\/#breadcrumb","itemListElement":[{"@type":"ListItem","position":1,"name":"Portada","item":"https:\/\/anam.org.gt\/inicio\/"},{"@type":"ListItem","position":2,"name":"Alcalde de Usumatl\u00e1n respalda a ANAM en agenda de desarrollo y autonom\u00eda municipal"}]},{"@type":"WebSite","@id":"https:\/\/anam.org.gt\/inicio\/#website","url":"https:\/\/anam.org.gt\/inicio\/","name":"ANAM","description":"Asociaci\u00f3n Nacional de Municipalidades de la Rep\u00fablica de Guatemala","publisher":{"@id":"https:\/\/anam.org.gt\/inicio\/#organization"},"potentialAction":[{"@type":"SearchAction","target":{"@type":"EntryPoint","urlTemplate":"https:\/\/anam.org.gt\/inicio\/?s={search_term_string}"},"query-input":{"@type":"PropertyValueSpecification","valueRequired":true,"valueName":"search_term_string"}}],"inLanguage":"es"},{"@type":"Organization","@id":"https:\/\/anam.org.gt\/inicio\/#organization","name":"Asociaci\u00f3n Nacional de Municipalidades de la Rep\u00fablica de Guatemala","url":"https:\/\/anam.org.gt\/inicio\/","logo":{"@type":"ImageObject","inLanguage":"es","@id":"https:\/\/anam.org.gt\/inicio\/#\/schema\/logo\/image\/","url":"https:\/\/anam.org.gt\/inicio\/wp-content\/uploads\/2026\/02\/logo-anam-central-1.png","contentUrl":"https:\/\/anam.org.gt\/inicio\/wp-content\/uploads\/2026\/02\/logo-anam-central-1.png","width":600,"height":280,"caption":"Asociaci\u00f3n Nacional de Municipalidades de la Rep\u00fablica de Guatemala"},"image":{"@id":"https:\/\/anam.org.gt\/inicio\/#\/schema\/logo\/image\/"},"sameAs":["https:\/\/www.facebook.com\/ANAMGuatemala.org.gt","https:\/\/x.com\/ANAM_Guatemala","https:\/\/www.instagram.com\/anam_guatemala\/?hl=es"]},{"@type":"Person","@id":"https:\/\/anam.org.gt\/inicio\/#\/schema\/person\/568dcb3e3f73c87e66aedf646a399340","name":"admin","image":{"@type":"ImageObject","inLanguage":"es","@id":"https:\/\/anam.org.gt\/inicio\/#\/schema\/person\/image\/","url":"https:\/\/secure.gravatar.com\/avatar\/e28deb147a21fce7c80709f121c112cdeff455f99e5227e39053d3fdbf557402?s=96&d=mm&r=g","contentUrl":"https:\/\/secure.gravatar.com\/avatar\/e28deb147a21fce7c80709f121c112cdeff455f99e5227e39053d3fdbf557402?s=96&d=mm&r=g","caption":"admin"},"url":"https:\/\/anam.org.gt\/inicio\/author\/admin\/"}]}},"_links":{"self":[{"href":"https:\/\/anam.org.gt\/inicio\/wp-json\/wp\/v2\/posts\/4751","targetHints":{"allow":["GET"]}}],"collection":[{"href":"https:\/\/anam.org.gt\/inicio\/wp-json\/wp\/v2\/posts"}],"about":[{"href":"https:\/\/anam.org.gt\/inicio\/wp-json\/wp\/v2\/types\/post"}],"author":[{"embeddable":true,"href":"https:\/\/anam.org.gt\/inicio\/wp-json\/wp\/v2\/users\/4"}],"replies":[{"embeddable":true,"href":"https:\/\/anam.org.gt\/inicio\/wp-json\/wp\/v2\/comments?post=4751"}],"version-history":[{"count":1,"href":"https:\/\/anam.org.gt\/inicio\/wp-json\/wp\/v2\/posts\/4751\/revisions"}],"predecessor-version":[{"id":4753,"href":"https:\/\/anam.org.gt\/inicio\/wp-json\/wp\/v2\/posts\/4751\/revisions\/4753"}],"wp:featuredmedia":[{"embeddable":true,"href":"https:\/\/anam.org.gt\/inicio\/wp-json\/wp\/v2\/media\/4752"}],"wp:attachment":[{"href":"https:\/\/anam.org.gt\/inicio\/wp-json\/wp\/v2\/media?parent=4751"}],"wp:term":[{"taxonomy":"category","embeddable":true,"href":"https:\/\/anam.org.gt\/inicio\/wp-json\/wp\/v2\/categories?post=4751"},{"taxonomy":"post_tag","embeddable":true,"href":"https:\/\/anam.org.gt\/inicio\/wp-json\/wp\/v2\/tags?post=4751"}],"curies":[{"name":"wp","href":"https:\/\/api.w.org\/{rel}","templated":true}]}}