{"id":5075,"date":"2025-11-07T21:29:23","date_gmt":"2025-11-07T21:29:23","guid":{"rendered":"https:\/\/anam.org.gt\/inicio\/?p=5075"},"modified":"2025-11-18T21:30:31","modified_gmt":"2025-11-18T21:30:31","slug":"reconocemos-a-alcaldes-que-transforman-sus-municipios-con-buenas-practicas-municipales","status":"publish","type":"post","link":"https:\/\/anam.org.gt\/inicio\/reconocemos-a-alcaldes-que-transforman-sus-municipios-con-buenas-practicas-municipales\/","title":{"rendered":"Reconocemos a alcaldes que transforman sus municipios con Buenas Pr\u00e1cticas Municipales."},"content":{"rendered":"<p>Hoy, desde la Asociaci\u00f3n Nacional de Municipalidades de la Rep\u00fablica de Guatemala \u2013ANAM\u2013, reconocimos las <em>Buenas Pr\u00e1cticas Municipales<\/em> de alcaldes que, con dedicaci\u00f3n, planificaci\u00f3n y esfuerzo diario, est\u00e1n transformando sus municipios y mejorando la calidad de vida de sus vecinos.<\/p><p>En la ceremonia de reconocimiento, destacamos el liderazgo de cada uno de los galardonados, quienes han impulsado proyectos en \u00e1reas como desarrollo social, infraestructura, transparencia, participaci\u00f3n ciudadana y desarrollo econ\u00f3mico local. Estas experiencias demuestran que, cuando se trabaja con visi\u00f3n y compromiso, es posible generar cambios concretos en el territorio.<\/p><p>Como ANAM, felicitamos a cada alcalde y su equipo municipal por su vocaci\u00f3n de servicio y por asumir con responsabilidad el desaf\u00edo de gobernar para el bienestar de sus comunidades.<\/p><p>Reafirmamos nuestro compromiso de seguir acompa\u00f1ando y visibilizando estas Buenas Pr\u00e1cticas Municipales, porque estamos convencidos de que el intercambio de experiencias exitosas fortalece al municipalismo y contribuye al desarrollo integral de los 22 departamentos del pa\u00eds<\/p>","protected":false},"excerpt":{"rendered":"<p>Hoy, desde la Asociaci\u00f3n Nacional de Municipalidades de la Rep\u00fablica de Guatemala \u2013ANAM\u2013, reconocimos las Buenas Pr\u00e1cticas Municipales de alcaldes que, con dedicaci\u00f3n, planificaci\u00f3n y esfuerzo diario, est\u00e1n transformando sus municipios y mejorando la calidad de vida de sus vecinos. En la ceremonia de reconocimiento, destacamos el liderazgo de cada uno de los galardonados, quienes [&hellip;]<\/p>\n","protected":false},"author":4,"featured_media":5076,"comment_status":"open","ping_status":"open","sticky":false,"template":"","format":"standard","meta":{"footnotes":""},"categories":[1],"tags":[],"class_list":["post-5075","post","type-post","status-publish","format-standard","has-post-thumbnail","hentry","category-anam"],"yoast_head":"<!-- This site is optimized with the Yoast SEO plugin v27.0 - https:\/\/yoast.com\/product\/yoast-seo-wordpress\/ -->\n<title>Reconocemos a alcaldes que transforman sus municipios con Buenas Pr\u00e1cticas Municipales. - ANAM<\/title>\n<meta name=\"robots\" content=\"index, follow, max-snippet:-1, max-image-preview:large, max-video-preview:-1\" \/>\n<link rel=\"canonical\" href=\"https:\/\/anam.org.gt\/inicio\/reconocemos-a-alcaldes-que-transforman-sus-municipios-con-buenas-practicas-municipales\/\" \/>\n<meta property=\"og:locale\" content=\"es_ES\" \/>\n<meta property=\"og:type\" content=\"article\" \/>\n<meta property=\"og:title\" content=\"Reconocemos a alcaldes que transforman sus municipios con Buenas Pr\u00e1cticas Municipales. - ANAM\" \/>\n<meta property=\"og:description\" content=\"Hoy, desde la Asociaci\u00f3n Nacional de Municipalidades de la Rep\u00fablica de Guatemala \u2013ANAM\u2013, reconocimos las Buenas Pr\u00e1cticas Municipales de alcaldes que, con dedicaci\u00f3n, planificaci\u00f3n y esfuerzo diario, est\u00e1n transformando sus municipios y mejorando la calidad de vida de sus vecinos. En la ceremonia de reconocimiento, destacamos el liderazgo de cada uno de los galardonados, quienes [&hellip;]\" \/>\n<meta property=\"og:url\" content=\"https:\/\/anam.org.gt\/inicio\/reconocemos-a-alcaldes-que-transforman-sus-municipios-con-buenas-practicas-municipales\/\" \/>\n<meta property=\"og:site_name\" content=\"ANAM\" \/>\n<meta property=\"article:publisher\" content=\"https:\/\/www.facebook.com\/ANAMGuatemala.org.gt\" \/>\n<meta property=\"article:published_time\" content=\"2025-11-07T21:29:23+00:00\" \/>\n<meta property=\"article:modified_time\" content=\"2025-11-18T21:30:31+00:00\" \/>\n<meta property=\"og:image\" content=\"https:\/\/anam.org.gt\/inicio\/wp-content\/uploads\/2025\/11\/image-4-1024x682.png\" \/>\n\t<meta property=\"og:image:width\" content=\"1024\" \/>\n\t<meta property=\"og:image:height\" content=\"682\" \/>\n\t<meta property=\"og:image:type\" content=\"image\/png\" \/>\n<meta name=\"author\" content=\"admin\" \/>\n<meta name=\"twitter:card\" content=\"summary_large_image\" \/>\n<meta name=\"twitter:creator\" content=\"@ANAM_Guatemala\" \/>\n<meta name=\"twitter:site\" content=\"@ANAM_Guatemala\" \/>\n<meta name=\"twitter:label1\" content=\"Escrito por\" \/>\n\t<meta name=\"twitter:data1\" content=\"admin\" \/>\n\t<meta name=\"twitter:label2\" content=\"Tiempo de lectura\" \/>\n\t<meta name=\"twitter:data2\" content=\"1 minuto\" \/>\n<script type=\"application\/ld+json\" class=\"yoast-schema-graph\">{\"@context\":\"https:\/\/schema.org\",\"@graph\":[{\"@type\":\"Article\",\"@id\":\"https:\/\/anam.org.gt\/inicio\/reconocemos-a-alcaldes-que-transforman-sus-municipios-con-buenas-practicas-municipales\/#article\",\"isPartOf\":{\"@id\":\"https:\/\/anam.org.gt\/inicio\/reconocemos-a-alcaldes-que-transforman-sus-municipios-con-buenas-practicas-municipales\/\"},\"author\":{\"name\":\"admin\",\"@id\":\"https:\/\/anam.org.gt\/inicio\/#\/schema\/person\/568dcb3e3f73c87e66aedf646a399340\"},\"headline\":\"Reconocemos a alcaldes que transforman sus municipios con Buenas Pr\u00e1cticas Municipales.\",\"datePublished\":\"2025-11-07T21:29:23+00:00\",\"dateModified\":\"2025-11-18T21:30:31+00:00\",\"mainEntityOfPage\":{\"@id\":\"https:\/\/anam.org.gt\/inicio\/reconocemos-a-alcaldes-que-transforman-sus-municipios-con-buenas-practicas-municipales\/\"},\"wordCount\":181,\"commentCount\":0,\"publisher\":{\"@id\":\"https:\/\/anam.org.gt\/inicio\/#organization\"},\"image\":{\"@id\":\"https:\/\/anam.org.gt\/inicio\/reconocemos-a-alcaldes-que-transforman-sus-municipios-con-buenas-practicas-municipales\/#primaryimage\"},\"thumbnailUrl\":\"https:\/\/anam.org.gt\/inicio\/wp-content\/uploads\/2025\/11\/image-4.png\",\"articleSection\":[\"ANAM\"],\"inLanguage\":\"es\",\"potentialAction\":[{\"@type\":\"CommentAction\",\"name\":\"Comment\",\"target\":[\"https:\/\/anam.org.gt\/inicio\/reconocemos-a-alcaldes-que-transforman-sus-municipios-con-buenas-practicas-municipales\/#respond\"]}]},{\"@type\":\"WebPage\",\"@id\":\"https:\/\/anam.org.gt\/inicio\/reconocemos-a-alcaldes-que-transforman-sus-municipios-con-buenas-practicas-municipales\/\",\"url\":\"https:\/\/anam.org.gt\/inicio\/reconocemos-a-alcaldes-que-transforman-sus-municipios-con-buenas-practicas-municipales\/\",\"name\":\"Reconocemos a alcaldes que transforman sus municipios con Buenas Pr\u00e1cticas Municipales. - ANAM\",\"isPartOf\":{\"@id\":\"https:\/\/anam.org.gt\/inicio\/#website\"},\"primaryImageOfPage\":{\"@id\":\"https:\/\/anam.org.gt\/inicio\/reconocemos-a-alcaldes-que-transforman-sus-municipios-con-buenas-practicas-municipales\/#primaryimage\"},\"image\":{\"@id\":\"https:\/\/anam.org.gt\/inicio\/reconocemos-a-alcaldes-que-transforman-sus-municipios-con-buenas-practicas-municipales\/#primaryimage\"},\"thumbnailUrl\":\"https:\/\/anam.org.gt\/inicio\/wp-content\/uploads\/2025\/11\/image-4.png\",\"datePublished\":\"2025-11-07T21:29:23+00:00\",\"dateModified\":\"2025-11-18T21:30:31+00:00\",\"breadcrumb\":{\"@id\":\"https:\/\/anam.org.gt\/inicio\/reconocemos-a-alcaldes-que-transforman-sus-municipios-con-buenas-practicas-municipales\/#breadcrumb\"},\"inLanguage\":\"es\",\"potentialAction\":[{\"@type\":\"ReadAction\",\"target\":[\"https:\/\/anam.org.gt\/inicio\/reconocemos-a-alcaldes-que-transforman-sus-municipios-con-buenas-practicas-municipales\/\"]}]},{\"@type\":\"ImageObject\",\"inLanguage\":\"es\",\"@id\":\"https:\/\/anam.org.gt\/inicio\/reconocemos-a-alcaldes-que-transforman-sus-municipios-con-buenas-practicas-municipales\/#primaryimage\",\"url\":\"https:\/\/anam.org.gt\/inicio\/wp-content\/uploads\/2025\/11\/image-4.png\",\"contentUrl\":\"https:\/\/anam.org.gt\/inicio\/wp-content\/uploads\/2025\/11\/image-4.png\",\"width\":1600,\"height\":1066},{\"@type\":\"BreadcrumbList\",\"@id\":\"https:\/\/anam.org.gt\/inicio\/reconocemos-a-alcaldes-que-transforman-sus-municipios-con-buenas-practicas-municipales\/#breadcrumb\",\"itemListElement\":[{\"@type\":\"ListItem\",\"position\":1,\"name\":\"Portada\",\"item\":\"https:\/\/anam.org.gt\/inicio\/\"},{\"@type\":\"ListItem\",\"position\":2,\"name\":\"Reconocemos a alcaldes que transforman sus municipios con Buenas Pr\u00e1cticas Municipales.\"}]},{\"@type\":\"WebSite\",\"@id\":\"https:\/\/anam.org.gt\/inicio\/#website\",\"url\":\"https:\/\/anam.org.gt\/inicio\/\",\"name\":\"ANAM\",\"description\":\"Asociaci\u00f3n Nacional de Municipalidades de la Rep\u00fablica de Guatemala\",\"publisher\":{\"@id\":\"https:\/\/anam.org.gt\/inicio\/#organization\"},\"potentialAction\":[{\"@type\":\"SearchAction\",\"target\":{\"@type\":\"EntryPoint\",\"urlTemplate\":\"https:\/\/anam.org.gt\/inicio\/?s={search_term_string}\"},\"query-input\":{\"@type\":\"PropertyValueSpecification\",\"valueRequired\":true,\"valueName\":\"search_term_string\"}}],\"inLanguage\":\"es\"},{\"@type\":\"Organization\",\"@id\":\"https:\/\/anam.org.gt\/inicio\/#organization\",\"name\":\"Asociaci\u00f3n Nacional de Municipalidades de la Rep\u00fablica de Guatemala\",\"url\":\"https:\/\/anam.org.gt\/inicio\/\",\"logo\":{\"@type\":\"ImageObject\",\"inLanguage\":\"es\",\"@id\":\"https:\/\/anam.org.gt\/inicio\/#\/schema\/logo\/image\/\",\"url\":\"https:\/\/anam.org.gt\/inicio\/wp-content\/uploads\/2026\/02\/logo-anam-central-1.png\",\"contentUrl\":\"https:\/\/anam.org.gt\/inicio\/wp-content\/uploads\/2026\/02\/logo-anam-central-1.png\",\"width\":600,\"height\":280,\"caption\":\"Asociaci\u00f3n Nacional de Municipalidades de la Rep\u00fablica de Guatemala\"},\"image\":{\"@id\":\"https:\/\/anam.org.gt\/inicio\/#\/schema\/logo\/image\/\"},\"sameAs\":[\"https:\/\/www.facebook.com\/ANAMGuatemala.org.gt\",\"https:\/\/x.com\/ANAM_Guatemala\",\"https:\/\/www.instagram.com\/anam_guatemala\/?hl=es\"]},{\"@type\":\"Person\",\"@id\":\"https:\/\/anam.org.gt\/inicio\/#\/schema\/person\/568dcb3e3f73c87e66aedf646a399340\",\"name\":\"admin\",\"image\":{\"@type\":\"ImageObject\",\"inLanguage\":\"es\",\"@id\":\"https:\/\/anam.org.gt\/inicio\/#\/schema\/person\/image\/\",\"url\":\"https:\/\/secure.gravatar.com\/avatar\/e28deb147a21fce7c80709f121c112cdeff455f99e5227e39053d3fdbf557402?s=96&d=mm&r=g\",\"contentUrl\":\"https:\/\/secure.gravatar.com\/avatar\/e28deb147a21fce7c80709f121c112cdeff455f99e5227e39053d3fdbf557402?s=96&d=mm&r=g\",\"caption\":\"admin\"},\"url\":\"https:\/\/anam.org.gt\/inicio\/author\/admin\/\"}]}<\/script>\n<!-- \/ Yoast SEO plugin. -->","yoast_head_json":{"title":"Reconocemos a alcaldes que transforman sus municipios con Buenas Pr\u00e1cticas Municipales. - ANAM","robots":{"index":"index","follow":"follow","max-snippet":"max-snippet:-1","max-image-preview":"max-image-preview:large","max-video-preview":"max-video-preview:-1"},"canonical":"https:\/\/anam.org.gt\/inicio\/reconocemos-a-alcaldes-que-transforman-sus-municipios-con-buenas-practicas-municipales\/","og_locale":"es_ES","og_type":"article","og_title":"Reconocemos a alcaldes que transforman sus municipios con Buenas Pr\u00e1cticas Municipales. - ANAM","og_description":"Hoy, desde la Asociaci\u00f3n Nacional de Municipalidades de la Rep\u00fablica de Guatemala \u2013ANAM\u2013, reconocimos las Buenas Pr\u00e1cticas Municipales de alcaldes que, con dedicaci\u00f3n, planificaci\u00f3n y esfuerzo diario, est\u00e1n transformando sus municipios y mejorando la calidad de vida de sus vecinos. En la ceremonia de reconocimiento, destacamos el liderazgo de cada uno de los galardonados, quienes [&hellip;]","og_url":"https:\/\/anam.org.gt\/inicio\/reconocemos-a-alcaldes-que-transforman-sus-municipios-con-buenas-practicas-municipales\/","og_site_name":"ANAM","article_publisher":"https:\/\/www.facebook.com\/ANAMGuatemala.org.gt","article_published_time":"2025-11-07T21:29:23+00:00","article_modified_time":"2025-11-18T21:30:31+00:00","og_image":[{"width":1024,"height":682,"url":"https:\/\/anam.org.gt\/inicio\/wp-content\/uploads\/2025\/11\/image-4-1024x682.png","type":"image\/png"}],"author":"admin","twitter_card":"summary_large_image","twitter_creator":"@ANAM_Guatemala","twitter_site":"@ANAM_Guatemala","twitter_misc":{"Escrito por":"admin","Tiempo de lectura":"1 minuto"},"schema":{"@context":"https:\/\/schema.org","@graph":[{"@type":"Article","@id":"https:\/\/anam.org.gt\/inicio\/reconocemos-a-alcaldes-que-transforman-sus-municipios-con-buenas-practicas-municipales\/#article","isPartOf":{"@id":"https:\/\/anam.org.gt\/inicio\/reconocemos-a-alcaldes-que-transforman-sus-municipios-con-buenas-practicas-municipales\/"},"author":{"name":"admin","@id":"https:\/\/anam.org.gt\/inicio\/#\/schema\/person\/568dcb3e3f73c87e66aedf646a399340"},"headline":"Reconocemos a alcaldes que transforman sus municipios con Buenas Pr\u00e1cticas Municipales.","datePublished":"2025-11-07T21:29:23+00:00","dateModified":"2025-11-18T21:30:31+00:00","mainEntityOfPage":{"@id":"https:\/\/anam.org.gt\/inicio\/reconocemos-a-alcaldes-que-transforman-sus-municipios-con-buenas-practicas-municipales\/"},"wordCount":181,"commentCount":0,"publisher":{"@id":"https:\/\/anam.org.gt\/inicio\/#organization"},"image":{"@id":"https:\/\/anam.org.gt\/inicio\/reconocemos-a-alcaldes-que-transforman-sus-municipios-con-buenas-practicas-municipales\/#primaryimage"},"thumbnailUrl":"https:\/\/anam.org.gt\/inicio\/wp-content\/uploads\/2025\/11\/image-4.png","articleSection":["ANAM"],"inLanguage":"es","potentialAction":[{"@type":"CommentAction","name":"Comment","target":["https:\/\/anam.org.gt\/inicio\/reconocemos-a-alcaldes-que-transforman-sus-municipios-con-buenas-practicas-municipales\/#respond"]}]},{"@type":"WebPage","@id":"https:\/\/anam.org.gt\/inicio\/reconocemos-a-alcaldes-que-transforman-sus-municipios-con-buenas-practicas-municipales\/","url":"https:\/\/anam.org.gt\/inicio\/reconocemos-a-alcaldes-que-transforman-sus-municipios-con-buenas-practicas-municipales\/","name":"Reconocemos a alcaldes que transforman sus municipios con Buenas Pr\u00e1cticas Municipales. - ANAM","isPartOf":{"@id":"https:\/\/anam.org.gt\/inicio\/#website"},"primaryImageOfPage":{"@id":"https:\/\/anam.org.gt\/inicio\/reconocemos-a-alcaldes-que-transforman-sus-municipios-con-buenas-practicas-municipales\/#primaryimage"},"image":{"@id":"https:\/\/anam.org.gt\/inicio\/reconocemos-a-alcaldes-que-transforman-sus-municipios-con-buenas-practicas-municipales\/#primaryimage"},"thumbnailUrl":"https:\/\/anam.org.gt\/inicio\/wp-content\/uploads\/2025\/11\/image-4.png","datePublished":"2025-11-07T21:29:23+00:00","dateModified":"2025-11-18T21:30:31+00:00","breadcrumb":{"@id":"https:\/\/anam.org.gt\/inicio\/reconocemos-a-alcaldes-que-transforman-sus-municipios-con-buenas-practicas-municipales\/#breadcrumb"},"inLanguage":"es","potentialAction":[{"@type":"ReadAction","target":["https:\/\/anam.org.gt\/inicio\/reconocemos-a-alcaldes-que-transforman-sus-municipios-con-buenas-practicas-municipales\/"]}]},{"@type":"ImageObject","inLanguage":"es","@id":"https:\/\/anam.org.gt\/inicio\/reconocemos-a-alcaldes-que-transforman-sus-municipios-con-buenas-practicas-municipales\/#primaryimage","url":"https:\/\/anam.org.gt\/inicio\/wp-content\/uploads\/2025\/11\/image-4.png","contentUrl":"https:\/\/anam.org.gt\/inicio\/wp-content\/uploads\/2025\/11\/image-4.png","width":1600,"height":1066},{"@type":"BreadcrumbList","@id":"https:\/\/anam.org.gt\/inicio\/reconocemos-a-alcaldes-que-transforman-sus-municipios-con-buenas-practicas-municipales\/#breadcrumb","itemListElement":[{"@type":"ListItem","position":1,"name":"Portada","item":"https:\/\/anam.org.gt\/inicio\/"},{"@type":"ListItem","position":2,"name":"Reconocemos a alcaldes que transforman sus municipios con Buenas Pr\u00e1cticas Municipales."}]},{"@type":"WebSite","@id":"https:\/\/anam.org.gt\/inicio\/#website","url":"https:\/\/anam.org.gt\/inicio\/","name":"ANAM","description":"Asociaci\u00f3n Nacional de Municipalidades de la Rep\u00fablica de Guatemala","publisher":{"@id":"https:\/\/anam.org.gt\/inicio\/#organization"},"potentialAction":[{"@type":"SearchAction","target":{"@type":"EntryPoint","urlTemplate":"https:\/\/anam.org.gt\/inicio\/?s={search_term_string}"},"query-input":{"@type":"PropertyValueSpecification","valueRequired":true,"valueName":"search_term_string"}}],"inLanguage":"es"},{"@type":"Organization","@id":"https:\/\/anam.org.gt\/inicio\/#organization","name":"Asociaci\u00f3n Nacional de Municipalidades de la Rep\u00fablica de Guatemala","url":"https:\/\/anam.org.gt\/inicio\/","logo":{"@type":"ImageObject","inLanguage":"es","@id":"https:\/\/anam.org.gt\/inicio\/#\/schema\/logo\/image\/","url":"https:\/\/anam.org.gt\/inicio\/wp-content\/uploads\/2026\/02\/logo-anam-central-1.png","contentUrl":"https:\/\/anam.org.gt\/inicio\/wp-content\/uploads\/2026\/02\/logo-anam-central-1.png","width":600,"height":280,"caption":"Asociaci\u00f3n Nacional de Municipalidades de la Rep\u00fablica de Guatemala"},"image":{"@id":"https:\/\/anam.org.gt\/inicio\/#\/schema\/logo\/image\/"},"sameAs":["https:\/\/www.facebook.com\/ANAMGuatemala.org.gt","https:\/\/x.com\/ANAM_Guatemala","https:\/\/www.instagram.com\/anam_guatemala\/?hl=es"]},{"@type":"Person","@id":"https:\/\/anam.org.gt\/inicio\/#\/schema\/person\/568dcb3e3f73c87e66aedf646a399340","name":"admin","image":{"@type":"ImageObject","inLanguage":"es","@id":"https:\/\/anam.org.gt\/inicio\/#\/schema\/person\/image\/","url":"https:\/\/secure.gravatar.com\/avatar\/e28deb147a21fce7c80709f121c112cdeff455f99e5227e39053d3fdbf557402?s=96&d=mm&r=g","contentUrl":"https:\/\/secure.gravatar.com\/avatar\/e28deb147a21fce7c80709f121c112cdeff455f99e5227e39053d3fdbf557402?s=96&d=mm&r=g","caption":"admin"},"url":"https:\/\/anam.org.gt\/inicio\/author\/admin\/"}]}},"_links":{"self":[{"href":"https:\/\/anam.org.gt\/inicio\/wp-json\/wp\/v2\/posts\/5075","targetHints":{"allow":["GET"]}}],"collection":[{"href":"https:\/\/anam.org.gt\/inicio\/wp-json\/wp\/v2\/posts"}],"about":[{"href":"https:\/\/anam.org.gt\/inicio\/wp-json\/wp\/v2\/types\/post"}],"author":[{"embeddable":true,"href":"https:\/\/anam.org.gt\/inicio\/wp-json\/wp\/v2\/users\/4"}],"replies":[{"embeddable":true,"href":"https:\/\/anam.org.gt\/inicio\/wp-json\/wp\/v2\/comments?post=5075"}],"version-history":[{"count":1,"href":"https:\/\/anam.org.gt\/inicio\/wp-json\/wp\/v2\/posts\/5075\/revisions"}],"predecessor-version":[{"id":5077,"href":"https:\/\/anam.org.gt\/inicio\/wp-json\/wp\/v2\/posts\/5075\/revisions\/5077"}],"wp:featuredmedia":[{"embeddable":true,"href":"https:\/\/anam.org.gt\/inicio\/wp-json\/wp\/v2\/media\/5076"}],"wp:attachment":[{"href":"https:\/\/anam.org.gt\/inicio\/wp-json\/wp\/v2\/media?parent=5075"}],"wp:term":[{"taxonomy":"category","embeddable":true,"href":"https:\/\/anam.org.gt\/inicio\/wp-json\/wp\/v2\/categories?post=5075"},{"taxonomy":"post_tag","embeddable":true,"href":"https:\/\/anam.org.gt\/inicio\/wp-json\/wp\/v2\/tags?post=5075"}],"curies":[{"name":"wp","href":"https:\/\/api.w.org\/{rel}","templated":true}]}}