{"id":5917,"date":"2026-02-20T14:20:00","date_gmt":"2026-02-20T14:20:00","guid":{"rendered":"https:\/\/anam.org.gt\/inicio\/?p=5917"},"modified":"2026-04-21T14:22:38","modified_gmt":"2026-04-21T14:22:38","slug":"liderazgo-estrategico-que-impulsa-resultados-para-el-municipalismo","status":"publish","type":"post","link":"https:\/\/anam.org.gt\/inicio\/liderazgo-estrategico-que-impulsa-resultados-para-el-municipalismo\/","title":{"rendered":"Liderazgo estrat\u00e9gico que impulsa resultados para el municipalismo"},"content":{"rendered":"<p>El logro alcanzado es resultado de un proceso sostenido de articulaci\u00f3n institucional liderado por la <strong>Asociaci\u00f3n Nacional de Municipalidades de la Rep\u00fablica de Guatemala<\/strong>, bajo la conducci\u00f3n de su presidente, Sebasti\u00e1n Siero Asturias, quien ha impulsado una agenda enfocada en el fortalecimiento integral de las municipalidades del pa\u00eds.<\/p><p>Desde su gesti\u00f3n, se ha promovido un enfoque t\u00e9cnico y estrat\u00e9gico orientado a resolver problem\u00e1ticas estructurales que hist\u00f3ricamente han limitado la capacidad operativa y financiera de los gobiernos locales. En este contexto, la exoneraci\u00f3n de multas, recargos e intereses del IGSS representa un paso decisivo para ordenar las finanzas municipales y generar condiciones m\u00e1s sostenibles para su funcionamiento.<\/p><p>El liderazgo de Siero Asturias ha sido determinante para posicionar las necesidades de las 340 municipalidades en la agenda nacional, promoviendo el di\u00e1logo interinstitucional y la b\u00fasqueda de soluciones concretas en beneficio de los territorios. A trav\u00e9s de ANAM, se ha fortalecido la representaci\u00f3n del municipalismo como un actor clave en el desarrollo del pa\u00eds, consolidando espacios de coordinaci\u00f3n, asesor\u00eda t\u00e9cnica y acompa\u00f1amiento a los gobiernos locales.<\/p><p>Asimismo, este resultado refleja una visi\u00f3n de gesti\u00f3n basada en la eficiencia, la transparencia y la responsabilidad administrativa, elementos fundamentales para garantizar que los recursos p\u00fablicos se traduzcan en obras, servicios y oportunidades para la poblaci\u00f3n.<\/p><p>Este avance no solo representa un alivio financiero inmediato, sino que tambi\u00e9n sienta las bases para una administraci\u00f3n municipal m\u00e1s ordenada, fortalecida y orientada al desarrollo sostenible, reafirmando el papel de ANAM como un aliado estrat\u00e9gico de las municipalidades de Guatemala.<\/p>","protected":false},"excerpt":{"rendered":"<p>El logro alcanzado es resultado de un proceso sostenido de articulaci\u00f3n institucional liderado por la Asociaci\u00f3n Nacional de Municipalidades de la Rep\u00fablica de Guatemala, bajo la conducci\u00f3n de su presidente, Sebasti\u00e1n Siero Asturias, quien ha impulsado una agenda enfocada en el fortalecimiento integral de las municipalidades del pa\u00eds. Desde su gesti\u00f3n, se ha promovido un [&hellip;]<\/p>\n","protected":false},"author":4,"featured_media":5918,"comment_status":"open","ping_status":"open","sticky":false,"template":"","format":"standard","meta":{"footnotes":""},"categories":[1],"tags":[],"class_list":["post-5917","post","type-post","status-publish","format-standard","has-post-thumbnail","hentry","category-anam"],"yoast_head":"<!-- This site is optimized with the Yoast SEO plugin v27.0 - https:\/\/yoast.com\/product\/yoast-seo-wordpress\/ -->\n<title>Liderazgo estrat\u00e9gico que impulsa resultados para el municipalismo - ANAM<\/title>\n<meta name=\"robots\" content=\"index, follow, max-snippet:-1, max-image-preview:large, max-video-preview:-1\" \/>\n<link rel=\"canonical\" href=\"https:\/\/anam.org.gt\/inicio\/liderazgo-estrategico-que-impulsa-resultados-para-el-municipalismo\/\" \/>\n<meta property=\"og:locale\" content=\"es_ES\" \/>\n<meta property=\"og:type\" content=\"article\" \/>\n<meta property=\"og:title\" content=\"Liderazgo estrat\u00e9gico que impulsa resultados para el municipalismo - ANAM\" \/>\n<meta property=\"og:description\" content=\"El logro alcanzado es resultado de un proceso sostenido de articulaci\u00f3n institucional liderado por la Asociaci\u00f3n Nacional de Municipalidades de la Rep\u00fablica de Guatemala, bajo la conducci\u00f3n de su presidente, Sebasti\u00e1n Siero Asturias, quien ha impulsado una agenda enfocada en el fortalecimiento integral de las municipalidades del pa\u00eds. Desde su gesti\u00f3n, se ha promovido un [&hellip;]\" \/>\n<meta property=\"og:url\" content=\"https:\/\/anam.org.gt\/inicio\/liderazgo-estrategico-que-impulsa-resultados-para-el-municipalismo\/\" \/>\n<meta property=\"og:site_name\" content=\"ANAM\" \/>\n<meta property=\"article:publisher\" content=\"https:\/\/www.facebook.com\/ANAMGuatemala.org.gt\" \/>\n<meta property=\"article:published_time\" content=\"2026-02-20T14:20:00+00:00\" \/>\n<meta property=\"article:modified_time\" content=\"2026-04-21T14:22:38+00:00\" \/>\n<meta property=\"og:image\" content=\"https:\/\/anam.org.gt\/inicio\/wp-content\/uploads\/2026\/04\/image-1024x802.png\" \/>\n\t<meta property=\"og:image:width\" content=\"1024\" \/>\n\t<meta property=\"og:image:height\" content=\"802\" \/>\n\t<meta property=\"og:image:type\" content=\"image\/png\" \/>\n<meta name=\"author\" content=\"admin\" \/>\n<meta name=\"twitter:card\" content=\"summary_large_image\" \/>\n<meta name=\"twitter:creator\" content=\"@ANAM_Guatemala\" \/>\n<meta name=\"twitter:site\" content=\"@ANAM_Guatemala\" \/>\n<meta name=\"twitter:label1\" content=\"Escrito por\" \/>\n\t<meta name=\"twitter:data1\" content=\"admin\" \/>\n\t<meta name=\"twitter:label2\" content=\"Tiempo de lectura\" \/>\n\t<meta name=\"twitter:data2\" content=\"2 minutos\" \/>\n<script type=\"application\/ld+json\" class=\"yoast-schema-graph\">{\"@context\":\"https:\/\/schema.org\",\"@graph\":[{\"@type\":\"Article\",\"@id\":\"https:\/\/anam.org.gt\/inicio\/liderazgo-estrategico-que-impulsa-resultados-para-el-municipalismo\/#article\",\"isPartOf\":{\"@id\":\"https:\/\/anam.org.gt\/inicio\/liderazgo-estrategico-que-impulsa-resultados-para-el-municipalismo\/\"},\"author\":{\"name\":\"admin\",\"@id\":\"https:\/\/anam.org.gt\/inicio\/#\/schema\/person\/568dcb3e3f73c87e66aedf646a399340\"},\"headline\":\"Liderazgo estrat\u00e9gico que impulsa resultados para el municipalismo\",\"datePublished\":\"2026-02-20T14:20:00+00:00\",\"dateModified\":\"2026-04-21T14:22:38+00:00\",\"mainEntityOfPage\":{\"@id\":\"https:\/\/anam.org.gt\/inicio\/liderazgo-estrategico-que-impulsa-resultados-para-el-municipalismo\/\"},\"wordCount\":288,\"commentCount\":0,\"publisher\":{\"@id\":\"https:\/\/anam.org.gt\/inicio\/#organization\"},\"image\":{\"@id\":\"https:\/\/anam.org.gt\/inicio\/liderazgo-estrategico-que-impulsa-resultados-para-el-municipalismo\/#primaryimage\"},\"thumbnailUrl\":\"https:\/\/anam.org.gt\/inicio\/wp-content\/uploads\/2026\/04\/image.png\",\"articleSection\":[\"ANAM\"],\"inLanguage\":\"es\",\"potentialAction\":[{\"@type\":\"CommentAction\",\"name\":\"Comment\",\"target\":[\"https:\/\/anam.org.gt\/inicio\/liderazgo-estrategico-que-impulsa-resultados-para-el-municipalismo\/#respond\"]}]},{\"@type\":\"WebPage\",\"@id\":\"https:\/\/anam.org.gt\/inicio\/liderazgo-estrategico-que-impulsa-resultados-para-el-municipalismo\/\",\"url\":\"https:\/\/anam.org.gt\/inicio\/liderazgo-estrategico-que-impulsa-resultados-para-el-municipalismo\/\",\"name\":\"Liderazgo estrat\u00e9gico que impulsa resultados para el municipalismo - ANAM\",\"isPartOf\":{\"@id\":\"https:\/\/anam.org.gt\/inicio\/#website\"},\"primaryImageOfPage\":{\"@id\":\"https:\/\/anam.org.gt\/inicio\/liderazgo-estrategico-que-impulsa-resultados-para-el-municipalismo\/#primaryimage\"},\"image\":{\"@id\":\"https:\/\/anam.org.gt\/inicio\/liderazgo-estrategico-que-impulsa-resultados-para-el-municipalismo\/#primaryimage\"},\"thumbnailUrl\":\"https:\/\/anam.org.gt\/inicio\/wp-content\/uploads\/2026\/04\/image.png\",\"datePublished\":\"2026-02-20T14:20:00+00:00\",\"dateModified\":\"2026-04-21T14:22:38+00:00\",\"breadcrumb\":{\"@id\":\"https:\/\/anam.org.gt\/inicio\/liderazgo-estrategico-que-impulsa-resultados-para-el-municipalismo\/#breadcrumb\"},\"inLanguage\":\"es\",\"potentialAction\":[{\"@type\":\"ReadAction\",\"target\":[\"https:\/\/anam.org.gt\/inicio\/liderazgo-estrategico-que-impulsa-resultados-para-el-municipalismo\/\"]}]},{\"@type\":\"ImageObject\",\"inLanguage\":\"es\",\"@id\":\"https:\/\/anam.org.gt\/inicio\/liderazgo-estrategico-que-impulsa-resultados-para-el-municipalismo\/#primaryimage\",\"url\":\"https:\/\/anam.org.gt\/inicio\/wp-content\/uploads\/2026\/04\/image.png\",\"contentUrl\":\"https:\/\/anam.org.gt\/inicio\/wp-content\/uploads\/2026\/04\/image.png\",\"width\":1440,\"height\":1128},{\"@type\":\"BreadcrumbList\",\"@id\":\"https:\/\/anam.org.gt\/inicio\/liderazgo-estrategico-que-impulsa-resultados-para-el-municipalismo\/#breadcrumb\",\"itemListElement\":[{\"@type\":\"ListItem\",\"position\":1,\"name\":\"Portada\",\"item\":\"https:\/\/anam.org.gt\/inicio\/\"},{\"@type\":\"ListItem\",\"position\":2,\"name\":\"Liderazgo estrat\u00e9gico que impulsa resultados para el municipalismo\"}]},{\"@type\":\"WebSite\",\"@id\":\"https:\/\/anam.org.gt\/inicio\/#website\",\"url\":\"https:\/\/anam.org.gt\/inicio\/\",\"name\":\"ANAM\",\"description\":\"Asociaci\u00f3n Nacional de Municipalidades de la Rep\u00fablica de Guatemala\",\"publisher\":{\"@id\":\"https:\/\/anam.org.gt\/inicio\/#organization\"},\"potentialAction\":[{\"@type\":\"SearchAction\",\"target\":{\"@type\":\"EntryPoint\",\"urlTemplate\":\"https:\/\/anam.org.gt\/inicio\/?s={search_term_string}\"},\"query-input\":{\"@type\":\"PropertyValueSpecification\",\"valueRequired\":true,\"valueName\":\"search_term_string\"}}],\"inLanguage\":\"es\"},{\"@type\":\"Organization\",\"@id\":\"https:\/\/anam.org.gt\/inicio\/#organization\",\"name\":\"Asociaci\u00f3n Nacional de Municipalidades de la Rep\u00fablica de Guatemala\",\"url\":\"https:\/\/anam.org.gt\/inicio\/\",\"logo\":{\"@type\":\"ImageObject\",\"inLanguage\":\"es\",\"@id\":\"https:\/\/anam.org.gt\/inicio\/#\/schema\/logo\/image\/\",\"url\":\"https:\/\/anam.org.gt\/inicio\/wp-content\/uploads\/2026\/02\/logo-anam-central-1.png\",\"contentUrl\":\"https:\/\/anam.org.gt\/inicio\/wp-content\/uploads\/2026\/02\/logo-anam-central-1.png\",\"width\":600,\"height\":280,\"caption\":\"Asociaci\u00f3n Nacional de Municipalidades de la Rep\u00fablica de Guatemala\"},\"image\":{\"@id\":\"https:\/\/anam.org.gt\/inicio\/#\/schema\/logo\/image\/\"},\"sameAs\":[\"https:\/\/www.facebook.com\/ANAMGuatemala.org.gt\",\"https:\/\/x.com\/ANAM_Guatemala\",\"https:\/\/www.instagram.com\/anam_guatemala\/?hl=es\"]},{\"@type\":\"Person\",\"@id\":\"https:\/\/anam.org.gt\/inicio\/#\/schema\/person\/568dcb3e3f73c87e66aedf646a399340\",\"name\":\"admin\",\"image\":{\"@type\":\"ImageObject\",\"inLanguage\":\"es\",\"@id\":\"https:\/\/anam.org.gt\/inicio\/#\/schema\/person\/image\/\",\"url\":\"https:\/\/secure.gravatar.com\/avatar\/e28deb147a21fce7c80709f121c112cdeff455f99e5227e39053d3fdbf557402?s=96&d=mm&r=g\",\"contentUrl\":\"https:\/\/secure.gravatar.com\/avatar\/e28deb147a21fce7c80709f121c112cdeff455f99e5227e39053d3fdbf557402?s=96&d=mm&r=g\",\"caption\":\"admin\"},\"url\":\"https:\/\/anam.org.gt\/inicio\/author\/admin\/\"}]}<\/script>\n<!-- \/ Yoast SEO plugin. -->","yoast_head_json":{"title":"Liderazgo estrat\u00e9gico que impulsa resultados para el municipalismo - ANAM","robots":{"index":"index","follow":"follow","max-snippet":"max-snippet:-1","max-image-preview":"max-image-preview:large","max-video-preview":"max-video-preview:-1"},"canonical":"https:\/\/anam.org.gt\/inicio\/liderazgo-estrategico-que-impulsa-resultados-para-el-municipalismo\/","og_locale":"es_ES","og_type":"article","og_title":"Liderazgo estrat\u00e9gico que impulsa resultados para el municipalismo - ANAM","og_description":"El logro alcanzado es resultado de un proceso sostenido de articulaci\u00f3n institucional liderado por la Asociaci\u00f3n Nacional de Municipalidades de la Rep\u00fablica de Guatemala, bajo la conducci\u00f3n de su presidente, Sebasti\u00e1n Siero Asturias, quien ha impulsado una agenda enfocada en el fortalecimiento integral de las municipalidades del pa\u00eds. Desde su gesti\u00f3n, se ha promovido un [&hellip;]","og_url":"https:\/\/anam.org.gt\/inicio\/liderazgo-estrategico-que-impulsa-resultados-para-el-municipalismo\/","og_site_name":"ANAM","article_publisher":"https:\/\/www.facebook.com\/ANAMGuatemala.org.gt","article_published_time":"2026-02-20T14:20:00+00:00","article_modified_time":"2026-04-21T14:22:38+00:00","og_image":[{"width":1024,"height":802,"url":"https:\/\/anam.org.gt\/inicio\/wp-content\/uploads\/2026\/04\/image-1024x802.png","type":"image\/png"}],"author":"admin","twitter_card":"summary_large_image","twitter_creator":"@ANAM_Guatemala","twitter_site":"@ANAM_Guatemala","twitter_misc":{"Escrito por":"admin","Tiempo de lectura":"2 minutos"},"schema":{"@context":"https:\/\/schema.org","@graph":[{"@type":"Article","@id":"https:\/\/anam.org.gt\/inicio\/liderazgo-estrategico-que-impulsa-resultados-para-el-municipalismo\/#article","isPartOf":{"@id":"https:\/\/anam.org.gt\/inicio\/liderazgo-estrategico-que-impulsa-resultados-para-el-municipalismo\/"},"author":{"name":"admin","@id":"https:\/\/anam.org.gt\/inicio\/#\/schema\/person\/568dcb3e3f73c87e66aedf646a399340"},"headline":"Liderazgo estrat\u00e9gico que impulsa resultados para el municipalismo","datePublished":"2026-02-20T14:20:00+00:00","dateModified":"2026-04-21T14:22:38+00:00","mainEntityOfPage":{"@id":"https:\/\/anam.org.gt\/inicio\/liderazgo-estrategico-que-impulsa-resultados-para-el-municipalismo\/"},"wordCount":288,"commentCount":0,"publisher":{"@id":"https:\/\/anam.org.gt\/inicio\/#organization"},"image":{"@id":"https:\/\/anam.org.gt\/inicio\/liderazgo-estrategico-que-impulsa-resultados-para-el-municipalismo\/#primaryimage"},"thumbnailUrl":"https:\/\/anam.org.gt\/inicio\/wp-content\/uploads\/2026\/04\/image.png","articleSection":["ANAM"],"inLanguage":"es","potentialAction":[{"@type":"CommentAction","name":"Comment","target":["https:\/\/anam.org.gt\/inicio\/liderazgo-estrategico-que-impulsa-resultados-para-el-municipalismo\/#respond"]}]},{"@type":"WebPage","@id":"https:\/\/anam.org.gt\/inicio\/liderazgo-estrategico-que-impulsa-resultados-para-el-municipalismo\/","url":"https:\/\/anam.org.gt\/inicio\/liderazgo-estrategico-que-impulsa-resultados-para-el-municipalismo\/","name":"Liderazgo estrat\u00e9gico que impulsa resultados para el municipalismo - ANAM","isPartOf":{"@id":"https:\/\/anam.org.gt\/inicio\/#website"},"primaryImageOfPage":{"@id":"https:\/\/anam.org.gt\/inicio\/liderazgo-estrategico-que-impulsa-resultados-para-el-municipalismo\/#primaryimage"},"image":{"@id":"https:\/\/anam.org.gt\/inicio\/liderazgo-estrategico-que-impulsa-resultados-para-el-municipalismo\/#primaryimage"},"thumbnailUrl":"https:\/\/anam.org.gt\/inicio\/wp-content\/uploads\/2026\/04\/image.png","datePublished":"2026-02-20T14:20:00+00:00","dateModified":"2026-04-21T14:22:38+00:00","breadcrumb":{"@id":"https:\/\/anam.org.gt\/inicio\/liderazgo-estrategico-que-impulsa-resultados-para-el-municipalismo\/#breadcrumb"},"inLanguage":"es","potentialAction":[{"@type":"ReadAction","target":["https:\/\/anam.org.gt\/inicio\/liderazgo-estrategico-que-impulsa-resultados-para-el-municipalismo\/"]}]},{"@type":"ImageObject","inLanguage":"es","@id":"https:\/\/anam.org.gt\/inicio\/liderazgo-estrategico-que-impulsa-resultados-para-el-municipalismo\/#primaryimage","url":"https:\/\/anam.org.gt\/inicio\/wp-content\/uploads\/2026\/04\/image.png","contentUrl":"https:\/\/anam.org.gt\/inicio\/wp-content\/uploads\/2026\/04\/image.png","width":1440,"height":1128},{"@type":"BreadcrumbList","@id":"https:\/\/anam.org.gt\/inicio\/liderazgo-estrategico-que-impulsa-resultados-para-el-municipalismo\/#breadcrumb","itemListElement":[{"@type":"ListItem","position":1,"name":"Portada","item":"https:\/\/anam.org.gt\/inicio\/"},{"@type":"ListItem","position":2,"name":"Liderazgo estrat\u00e9gico que impulsa resultados para el municipalismo"}]},{"@type":"WebSite","@id":"https:\/\/anam.org.gt\/inicio\/#website","url":"https:\/\/anam.org.gt\/inicio\/","name":"ANAM","description":"Asociaci\u00f3n Nacional de Municipalidades de la Rep\u00fablica de Guatemala","publisher":{"@id":"https:\/\/anam.org.gt\/inicio\/#organization"},"potentialAction":[{"@type":"SearchAction","target":{"@type":"EntryPoint","urlTemplate":"https:\/\/anam.org.gt\/inicio\/?s={search_term_string}"},"query-input":{"@type":"PropertyValueSpecification","valueRequired":true,"valueName":"search_term_string"}}],"inLanguage":"es"},{"@type":"Organization","@id":"https:\/\/anam.org.gt\/inicio\/#organization","name":"Asociaci\u00f3n Nacional de Municipalidades de la Rep\u00fablica de Guatemala","url":"https:\/\/anam.org.gt\/inicio\/","logo":{"@type":"ImageObject","inLanguage":"es","@id":"https:\/\/anam.org.gt\/inicio\/#\/schema\/logo\/image\/","url":"https:\/\/anam.org.gt\/inicio\/wp-content\/uploads\/2026\/02\/logo-anam-central-1.png","contentUrl":"https:\/\/anam.org.gt\/inicio\/wp-content\/uploads\/2026\/02\/logo-anam-central-1.png","width":600,"height":280,"caption":"Asociaci\u00f3n Nacional de Municipalidades de la Rep\u00fablica de Guatemala"},"image":{"@id":"https:\/\/anam.org.gt\/inicio\/#\/schema\/logo\/image\/"},"sameAs":["https:\/\/www.facebook.com\/ANAMGuatemala.org.gt","https:\/\/x.com\/ANAM_Guatemala","https:\/\/www.instagram.com\/anam_guatemala\/?hl=es"]},{"@type":"Person","@id":"https:\/\/anam.org.gt\/inicio\/#\/schema\/person\/568dcb3e3f73c87e66aedf646a399340","name":"admin","image":{"@type":"ImageObject","inLanguage":"es","@id":"https:\/\/anam.org.gt\/inicio\/#\/schema\/person\/image\/","url":"https:\/\/secure.gravatar.com\/avatar\/e28deb147a21fce7c80709f121c112cdeff455f99e5227e39053d3fdbf557402?s=96&d=mm&r=g","contentUrl":"https:\/\/secure.gravatar.com\/avatar\/e28deb147a21fce7c80709f121c112cdeff455f99e5227e39053d3fdbf557402?s=96&d=mm&r=g","caption":"admin"},"url":"https:\/\/anam.org.gt\/inicio\/author\/admin\/"}]}},"_links":{"self":[{"href":"https:\/\/anam.org.gt\/inicio\/wp-json\/wp\/v2\/posts\/5917","targetHints":{"allow":["GET"]}}],"collection":[{"href":"https:\/\/anam.org.gt\/inicio\/wp-json\/wp\/v2\/posts"}],"about":[{"href":"https:\/\/anam.org.gt\/inicio\/wp-json\/wp\/v2\/types\/post"}],"author":[{"embeddable":true,"href":"https:\/\/anam.org.gt\/inicio\/wp-json\/wp\/v2\/users\/4"}],"replies":[{"embeddable":true,"href":"https:\/\/anam.org.gt\/inicio\/wp-json\/wp\/v2\/comments?post=5917"}],"version-history":[{"count":1,"href":"https:\/\/anam.org.gt\/inicio\/wp-json\/wp\/v2\/posts\/5917\/revisions"}],"predecessor-version":[{"id":5919,"href":"https:\/\/anam.org.gt\/inicio\/wp-json\/wp\/v2\/posts\/5917\/revisions\/5919"}],"wp:featuredmedia":[{"embeddable":true,"href":"https:\/\/anam.org.gt\/inicio\/wp-json\/wp\/v2\/media\/5918"}],"wp:attachment":[{"href":"https:\/\/anam.org.gt\/inicio\/wp-json\/wp\/v2\/media?parent=5917"}],"wp:term":[{"taxonomy":"category","embeddable":true,"href":"https:\/\/anam.org.gt\/inicio\/wp-json\/wp\/v2\/categories?post=5917"},{"taxonomy":"post_tag","embeddable":true,"href":"https:\/\/anam.org.gt\/inicio\/wp-json\/wp\/v2\/tags?post=5917"}],"curies":[{"name":"wp","href":"https:\/\/api.w.org\/{rel}","templated":true}]}}